{"id":28271,"date":"2026-01-18T18:18:07","date_gmt":"2026-01-18T17:18:07","guid":{"rendered":"https:\/\/veritasinfo.org\/?p=28271"},"modified":"2026-01-18T18:18:22","modified_gmt":"2026-01-18T17:18:22","slug":"keqperdorimi-i-votave-ne-prizren-prokuroria-autorizon-policine-per-mbledhjen-provave","status":"publish","type":"post","link":"https:\/\/veritasinfo.org\/?p=28271","title":{"rendered":"Keqp\u00ebrdorimi i votave n\u00eb Prizren, Prokuroria autorizon Policin\u00eb p\u00ebr mbledhjen provave"},"content":{"rendered":"<p>Prishtin\u00eb, 18 janar 2026 18:17<\/p>\n<p>Kryeprokurori i Prokuroris\u00eb Themelore n\u00eb Prizren, Petrit Kryeziu ka njoftuar se ka l\u00ebshuar autorizim p\u00ebr Policin\u00eb e Kosov\u00ebs q\u00eb t\u00eb identifikoj\u00eb personat p\u00ebrgjegj\u00ebs lidhur me manipulimin e num\u00ebrimit t\u00eb votave\u00a0 p\u00ebr kandidat\u00ebt p\u00ebr deputet\u00ebt n\u00eb k\u00ebt\u00eb komun\u00eb.<\/p>\n<p>Ai p\u00ebr teve1.info ka th\u00ebn\u00eb se jan\u00eb evidentuar keqp\u00ebrdorime.<\/p>\n<div class=\"jeg_ad jeg_ad_article jnews_content_inline_ads \">\n<div class=\"ads-wrapper align-center \">\u201cSi institucion i Prokurorit t\u00eb Shtetit, kemi monitoruar nga jasht\u00eb procesin e rinum\u00ebrimit t\u00eb rezultateve zgjedhore. Tani q\u00eb rinum\u00ebrimi po i afrohet fundit, jan\u00eb evidentuar keqp\u00ebrdorime t\u00eb dukshme t\u00eb votave gjat\u00eb num\u00ebrimit brenda subjekteve politike n\u00eb rajonin e Prizrenit. N\u00eb k\u00ebt\u00eb drejtim, sot, n\u00eb cil\u00ebsin\u00eb e kryeprokurorit me vetiniciative kam l\u00ebshuar autorizim me shkrim p\u00ebr Policin\u00eb e Kosov\u00ebs q\u00eb t\u00eb identifikojn\u00eb personat p\u00ebrgjegj\u00ebs, t\u00eb sigurojn\u00eb prova relevante, p\u00ebrfshir\u00eb procesverbalet dhe n\u00ebnshkrimet\u201d, tha Kryeziu, tha ai p\u00ebr teve1.info.<\/div>\n<\/div>\n<p>Ai ka th\u00ebn\u00eb se personat p\u00ebrgjegj\u00ebs p\u00ebr k\u00ebto veprime do t\u00eb mbajn\u00eb p\u00ebrgjegj\u00ebsi penale.<\/p>\n<p>\u201c\u00c7do person q\u00eb ka vendosur n\u00ebnshkrimin e tij duke falsifikuar rezultatet zgjedhore dhe duke ndryshuar vullnetin e qytetarit, nuk duhet t\u00eb q\u00ebndroj i qet\u00eb, do t\u00eb mbaj\u00eb p\u00ebrgjegj\u00ebsi t\u00eb plot\u00eb penale. Manipulimi i vot\u00ebs dhe falsifikimi i dokumenteve zgjedhore jan\u00eb krim dhe do t\u00eb nd\u00ebshkohen pa kompromis\u201d, ka th\u00ebn\u00eb Kryeziu.<\/p>\n<p>Nga rinum\u00ebrimi i votave n\u00eb disa komuna, n\u00eb Prizren \u00ebsht\u00eb evidentuar num\u00ebr i shperputhjeve t\u00eb votave nga num\u00ebrimi i par\u00eb p\u00ebr disa kandidat p\u00ebr deputet\u00eb.<\/p>\n<p>Nga rinum\u00ebrimi i deritash\u00ebm, kandidatit t\u00eb PDK-s\u00eb, Fetah Pa\u00e7arizi ka \u2013 5,898 vota.<\/p>\n","protected":false},"excerpt":{"rendered":"<p>Prishtin\u00eb, 18 janar 2026 18:17 Kryeprokurori i Prokuroris\u00eb Themelore n\u00eb Prizren, Petrit Kryeziu ka njoftuar se ka l\u00ebshuar autorizim p\u00ebr Policin\u00eb e Kosov\u00ebs q\u00eb t\u00eb<\/p>\n","protected":false},"author":7,"featured_media":28272,"comment_status":"open","ping_status":"open","sticky":false,"template":"","format":"standard","meta":{"footnotes":""},"categories":[8],"tags":[],"class_list":["post-28271","post","type-post","status-publish","format-standard","has-post-thumbnail","hentry","category-blog-sq"],"yoast_head":"<!-- This site is optimized with the Yoast SEO plugin v25.3.1 - https:\/\/yoast.com\/wordpress\/plugins\/seo\/ -->\n<title>Keqp\u00ebrdorimi i votave n\u00eb Prizren, Prokuroria autorizon Policin\u00eb p\u00ebr mbledhjen provave -<\/title>\n<meta name=\"robots\" content=\"index, follow, max-snippet:-1, max-image-preview:large, max-video-preview:-1\" \/>\n<link rel=\"canonical\" href=\"https:\/\/veritasinfo.org\/?p=28271\" \/>\n<meta property=\"og:locale\" content=\"en_US\" \/>\n<meta property=\"og:type\" content=\"article\" \/>\n<meta property=\"og:title\" content=\"Keqp\u00ebrdorimi i votave n\u00eb Prizren, Prokuroria autorizon Policin\u00eb p\u00ebr mbledhjen provave -\" \/>\n<meta property=\"og:description\" content=\"Prishtin\u00eb, 18 janar 2026 18:17 Kryeprokurori i Prokuroris\u00eb Themelore n\u00eb Prizren, Petrit Kryeziu ka njoftuar se ka l\u00ebshuar autorizim p\u00ebr Policin\u00eb e Kosov\u00ebs q\u00eb t\u00eb\" \/>\n<meta property=\"og:url\" content=\"https:\/\/veritasinfo.org\/?p=28271\" \/>\n<meta property=\"article:published_time\" content=\"2026-01-18T17:18:07+00:00\" \/>\n<meta property=\"article:modified_time\" content=\"2026-01-18T17:18:22+00:00\" \/>\n<meta property=\"og:image\" content=\"https:\/\/veritasinfo.org\/wp-content\/uploads\/2026\/01\/1-57.jpg\" \/>\n\t<meta property=\"og:image:width\" content=\"879\" \/>\n\t<meta property=\"og:image:height\" content=\"533\" \/>\n\t<meta property=\"og:image:type\" content=\"image\/jpeg\" \/>\n<meta name=\"author\" content=\"US6\" \/>\n<meta name=\"twitter:card\" content=\"summary_large_image\" \/>\n<meta name=\"twitter:label1\" content=\"Written by\" \/>\n\t<meta name=\"twitter:data1\" content=\"US6\" \/>\n\t<meta name=\"twitter:label2\" content=\"Est. reading time\" \/>\n\t<meta name=\"twitter:data2\" content=\"2 minutes\" \/>\n<script type=\"application\/ld+json\" class=\"yoast-schema-graph\">{\"@context\":\"https:\/\/schema.org\",\"@graph\":[{\"@type\":\"WebPage\",\"@id\":\"https:\/\/veritasinfo.org\/?p=28271\",\"url\":\"https:\/\/veritasinfo.org\/?p=28271\",\"name\":\"Keqp\u00ebrdorimi i votave n\u00eb Prizren, Prokuroria autorizon Policin\u00eb p\u00ebr mbledhjen provave -\",\"isPartOf\":{\"@id\":\"https:\/\/veritasinfo.org\/#website\"},\"primaryImageOfPage\":{\"@id\":\"https:\/\/veritasinfo.org\/?p=28271#primaryimage\"},\"image\":{\"@id\":\"https:\/\/veritasinfo.org\/?p=28271#primaryimage\"},\"thumbnailUrl\":\"https:\/\/veritasinfo.org\/wp-content\/uploads\/2026\/01\/1-57.jpg\",\"datePublished\":\"2026-01-18T17:18:07+00:00\",\"dateModified\":\"2026-01-18T17:18:22+00:00\",\"author\":{\"@id\":\"https:\/\/veritasinfo.org\/#\/schema\/person\/fe199eede04c3937362892b7444747cc\"},\"breadcrumb\":{\"@id\":\"https:\/\/veritasinfo.org\/?p=28271#breadcrumb\"},\"inLanguage\":\"en-US\",\"potentialAction\":[{\"@type\":\"ReadAction\",\"target\":[\"https:\/\/veritasinfo.org\/?p=28271\"]}]},{\"@type\":\"ImageObject\",\"inLanguage\":\"en-US\",\"@id\":\"https:\/\/veritasinfo.org\/?p=28271#primaryimage\",\"url\":\"https:\/\/veritasinfo.org\/wp-content\/uploads\/2026\/01\/1-57.jpg\",\"contentUrl\":\"https:\/\/veritasinfo.org\/wp-content\/uploads\/2026\/01\/1-57.jpg\",\"width\":879,\"height\":533},{\"@type\":\"BreadcrumbList\",\"@id\":\"https:\/\/veritasinfo.org\/?p=28271#breadcrumb\",\"itemListElement\":[{\"@type\":\"ListItem\",\"position\":1,\"name\":\"Home\",\"item\":\"https:\/\/veritasinfo.org\/\"},{\"@type\":\"ListItem\",\"position\":2,\"name\":\"Keqp\u00ebrdorimi i votave n\u00eb Prizren, Prokuroria autorizon Policin\u00eb p\u00ebr mbledhjen provave\"}]},{\"@type\":\"WebSite\",\"@id\":\"https:\/\/veritasinfo.org\/#website\",\"url\":\"https:\/\/veritasinfo.org\/\",\"name\":\"\",\"description\":\"\",\"potentialAction\":[{\"@type\":\"SearchAction\",\"target\":{\"@type\":\"EntryPoint\",\"urlTemplate\":\"https:\/\/veritasinfo.org\/?s={search_term_string}\"},\"query-input\":{\"@type\":\"PropertyValueSpecification\",\"valueRequired\":true,\"valueName\":\"search_term_string\"}}],\"inLanguage\":\"en-US\"},{\"@type\":\"Person\",\"@id\":\"https:\/\/veritasinfo.org\/#\/schema\/person\/fe199eede04c3937362892b7444747cc\",\"name\":\"US6\",\"image\":{\"@type\":\"ImageObject\",\"inLanguage\":\"en-US\",\"@id\":\"https:\/\/veritasinfo.org\/#\/schema\/person\/image\/\",\"url\":\"https:\/\/secure.gravatar.com\/avatar\/cb16c3c31c9d23b9b8c705964598220b3014e42ff51eb540ff23cefa3ae8c15f?s=96&d=mm&r=g\",\"contentUrl\":\"https:\/\/secure.gravatar.com\/avatar\/cb16c3c31c9d23b9b8c705964598220b3014e42ff51eb540ff23cefa3ae8c15f?s=96&d=mm&r=g\",\"caption\":\"US6\"},\"url\":\"https:\/\/veritasinfo.org\/?author=7\"}]}<\/script>\n<!-- \/ Yoast SEO plugin. -->","yoast_head_json":{"title":"Keqp\u00ebrdorimi i votave n\u00eb Prizren, Prokuroria autorizon Policin\u00eb p\u00ebr mbledhjen provave -","robots":{"index":"index","follow":"follow","max-snippet":"max-snippet:-1","max-image-preview":"max-image-preview:large","max-video-preview":"max-video-preview:-1"},"canonical":"https:\/\/veritasinfo.org\/?p=28271","og_locale":"en_US","og_type":"article","og_title":"Keqp\u00ebrdorimi i votave n\u00eb Prizren, Prokuroria autorizon Policin\u00eb p\u00ebr mbledhjen provave -","og_description":"Prishtin\u00eb, 18 janar 2026 18:17 Kryeprokurori i Prokuroris\u00eb Themelore n\u00eb Prizren, Petrit Kryeziu ka njoftuar se ka l\u00ebshuar autorizim p\u00ebr Policin\u00eb e Kosov\u00ebs q\u00eb t\u00eb","og_url":"https:\/\/veritasinfo.org\/?p=28271","article_published_time":"2026-01-18T17:18:07+00:00","article_modified_time":"2026-01-18T17:18:22+00:00","og_image":[{"width":879,"height":533,"url":"https:\/\/veritasinfo.org\/wp-content\/uploads\/2026\/01\/1-57.jpg","type":"image\/jpeg"}],"author":"US6","twitter_card":"summary_large_image","twitter_misc":{"Written by":"US6","Est. reading time":"2 minutes"},"schema":{"@context":"https:\/\/schema.org","@graph":[{"@type":"WebPage","@id":"https:\/\/veritasinfo.org\/?p=28271","url":"https:\/\/veritasinfo.org\/?p=28271","name":"Keqp\u00ebrdorimi i votave n\u00eb Prizren, Prokuroria autorizon Policin\u00eb p\u00ebr mbledhjen provave -","isPartOf":{"@id":"https:\/\/veritasinfo.org\/#website"},"primaryImageOfPage":{"@id":"https:\/\/veritasinfo.org\/?p=28271#primaryimage"},"image":{"@id":"https:\/\/veritasinfo.org\/?p=28271#primaryimage"},"thumbnailUrl":"https:\/\/veritasinfo.org\/wp-content\/uploads\/2026\/01\/1-57.jpg","datePublished":"2026-01-18T17:18:07+00:00","dateModified":"2026-01-18T17:18:22+00:00","author":{"@id":"https:\/\/veritasinfo.org\/#\/schema\/person\/fe199eede04c3937362892b7444747cc"},"breadcrumb":{"@id":"https:\/\/veritasinfo.org\/?p=28271#breadcrumb"},"inLanguage":"en-US","potentialAction":[{"@type":"ReadAction","target":["https:\/\/veritasinfo.org\/?p=28271"]}]},{"@type":"ImageObject","inLanguage":"en-US","@id":"https:\/\/veritasinfo.org\/?p=28271#primaryimage","url":"https:\/\/veritasinfo.org\/wp-content\/uploads\/2026\/01\/1-57.jpg","contentUrl":"https:\/\/veritasinfo.org\/wp-content\/uploads\/2026\/01\/1-57.jpg","width":879,"height":533},{"@type":"BreadcrumbList","@id":"https:\/\/veritasinfo.org\/?p=28271#breadcrumb","itemListElement":[{"@type":"ListItem","position":1,"name":"Home","item":"https:\/\/veritasinfo.org\/"},{"@type":"ListItem","position":2,"name":"Keqp\u00ebrdorimi i votave n\u00eb Prizren, Prokuroria autorizon Policin\u00eb p\u00ebr mbledhjen provave"}]},{"@type":"WebSite","@id":"https:\/\/veritasinfo.org\/#website","url":"https:\/\/veritasinfo.org\/","name":"","description":"","potentialAction":[{"@type":"SearchAction","target":{"@type":"EntryPoint","urlTemplate":"https:\/\/veritasinfo.org\/?s={search_term_string}"},"query-input":{"@type":"PropertyValueSpecification","valueRequired":true,"valueName":"search_term_string"}}],"inLanguage":"en-US"},{"@type":"Person","@id":"https:\/\/veritasinfo.org\/#\/schema\/person\/fe199eede04c3937362892b7444747cc","name":"US6","image":{"@type":"ImageObject","inLanguage":"en-US","@id":"https:\/\/veritasinfo.org\/#\/schema\/person\/image\/","url":"https:\/\/secure.gravatar.com\/avatar\/cb16c3c31c9d23b9b8c705964598220b3014e42ff51eb540ff23cefa3ae8c15f?s=96&d=mm&r=g","contentUrl":"https:\/\/secure.gravatar.com\/avatar\/cb16c3c31c9d23b9b8c705964598220b3014e42ff51eb540ff23cefa3ae8c15f?s=96&d=mm&r=g","caption":"US6"},"url":"https:\/\/veritasinfo.org\/?author=7"}]}},"featured_image_urls":{"full":["https:\/\/veritasinfo.org\/wp-content\/uploads\/2026\/01\/1-57.jpg",879,533,false],"thumbnail":["https:\/\/veritasinfo.org\/wp-content\/uploads\/2026\/01\/1-57-150x150.jpg",150,150,true],"medium":["https:\/\/veritasinfo.org\/wp-content\/uploads\/2026\/01\/1-57-300x182.jpg",300,182,true],"medium_large":["https:\/\/veritasinfo.org\/wp-content\/uploads\/2026\/01\/1-57-768x466.jpg",640,388,true],"large":["https:\/\/veritasinfo.org\/wp-content\/uploads\/2026\/01\/1-57.jpg",640,388,false],"1536x1536":["https:\/\/veritasinfo.org\/wp-content\/uploads\/2026\/01\/1-57.jpg",879,533,false],"2048x2048":["https:\/\/veritasinfo.org\/wp-content\/uploads\/2026\/01\/1-57.jpg",879,533,false],"kreeti-slider-full":["https:\/\/veritasinfo.org\/wp-content\/uploads\/2026\/01\/1-57.jpg",879,533,false],"kreeti-featured":["https:\/\/veritasinfo.org\/wp-content\/uploads\/2026\/01\/1-57.jpg",879,533,false],"kreeti-medium":["https:\/\/veritasinfo.org\/wp-content\/uploads\/2026\/01\/1-57.jpg",720,437,false],"kreeti-medium-square":["https:\/\/veritasinfo.org\/wp-content\/uploads\/2026\/01\/1-57.jpg",350,212,false]},"author_info":{"info":["US6"]},"category_info":"<a href=\"https:\/\/veritasinfo.org\/?cat=8\" rel=\"category\">Zgjedhjet parlamentare 2025<\/a>","tag_info":"Zgjedhjet parlamentare 2025","comment_count":"0","_links":{"self":[{"href":"https:\/\/veritasinfo.org\/index.php?rest_route=\/wp\/v2\/posts\/28271","targetHints":{"allow":["GET"]}}],"collection":[{"href":"https:\/\/veritasinfo.org\/index.php?rest_route=\/wp\/v2\/posts"}],"about":[{"href":"https:\/\/veritasinfo.org\/index.php?rest_route=\/wp\/v2\/types\/post"}],"author":[{"embeddable":true,"href":"https:\/\/veritasinfo.org\/index.php?rest_route=\/wp\/v2\/users\/7"}],"replies":[{"embeddable":true,"href":"https:\/\/veritasinfo.org\/index.php?rest_route=%2Fwp%2Fv2%2Fcomments&post=28271"}],"version-history":[{"count":2,"href":"https:\/\/veritasinfo.org\/index.php?rest_route=\/wp\/v2\/posts\/28271\/revisions"}],"predecessor-version":[{"id":28274,"href":"https:\/\/veritasinfo.org\/index.php?rest_route=\/wp\/v2\/posts\/28271\/revisions\/28274"}],"wp:featuredmedia":[{"embeddable":true,"href":"https:\/\/veritasinfo.org\/index.php?rest_route=\/wp\/v2\/media\/28272"}],"wp:attachment":[{"href":"https:\/\/veritasinfo.org\/index.php?rest_route=%2Fwp%2Fv2%2Fmedia&parent=28271"}],"wp:term":[{"taxonomy":"category","embeddable":true,"href":"https:\/\/veritasinfo.org\/index.php?rest_route=%2Fwp%2Fv2%2Fcategories&post=28271"},{"taxonomy":"post_tag","embeddable":true,"href":"https:\/\/veritasinfo.org\/index.php?rest_route=%2Fwp%2Fv2%2Ftags&post=28271"}],"curies":[{"name":"wp","href":"https:\/\/api.w.org\/{rel}","templated":true}]}}