{"id":28251,"date":"2026-01-18T15:11:40","date_gmt":"2026-01-18T14:11:40","guid":{"rendered":"https:\/\/veritasinfo.org\/?p=28251"},"modified":"2026-01-18T15:11:40","modified_gmt":"2026-01-18T14:11:40","slug":"deklaratat-e-vuciqit-per-fsk-ne-cilesohen-propagande-ekspertet-paralajmerojne-lufte-hibride-ndaj-kosoves","status":"publish","type":"post","link":"https:\/\/veritasinfo.org\/?p=28251","title":{"rendered":"Deklaratat e Vu\u00e7iqit p\u00ebr FSK-n\u00eb cil\u00ebsohen propagand\u00eb, ekspert\u00ebt paralajm\u00ebrojn\u00eb luft\u00eb hibride ndaj Kosov\u00ebs"},"content":{"rendered":"<p>Prishtin\u00eb, 18 janar 2026 15:09<\/p>\n<p>Pas mbledhjes s\u00eb jasht\u00ebzakonshme t\u00eb K\u00ebshillit p\u00ebr Siguri Komb\u00ebtare n\u00eb Serbi, mbajtur m\u00eb 4 janar 2026, presidenti i Serbis\u00eb Alleksandar Vu\u00e7iq ka pretenduar se Forca e Siguris\u00eb s\u00eb Kosov\u00ebs, po armatoset n\u00eb kund\u00ebrshtim me t\u00eb drejt\u00ebn nd\u00ebrkomb\u00ebtare dhe se aleanca Kroaci- Shqip\u00ebri- Kosov\u00eb, sipas tij, cenon drejtp\u00ebrdrejt interesat dhe sigurin\u00eb e Serbis\u00eb.<\/p>\n<p>Vu\u00e7iq e ka cil\u00ebsuar k\u00ebt\u00eb situat\u00eb si nj\u00eb k\u00ebrc\u00ebnim p\u00ebr vendin e tij, duke theksuar se Serbia tashm\u00eb po p\u00ebrgatitet p\u00ebr t\u2019u mbrojtur.<\/p>\n<div class=\"jeg_ad jeg_ad_article jnews_content_inline_ads  \">\n<div class=\"ads-wrapper align-center \">K\u00ebto deklarata, vet\u00ebm sa e kan\u00eb pasuruar at\u00eb q\u00eb njoh\u00ebsit e siguris\u00eb dhe lajmeve t\u00eb rreme e shohin si propagand\u00eb serbe.<\/div>\n<\/div>\n<p>Hulumtuesi nga instituti \u201cOctopus\u201d, Guraku\u00e7 Ku\u00e7i tha p\u00ebr KosovaPress se ankesat e presidentit serb jan\u00eb pjes\u00eb e nj\u00eb strategjie psiko-propagandistike.<\/p>\n<p>Edhe pse Vu\u00e7iq, sipas Ku\u00e7it e di se Kosova \u00ebsht\u00eb n\u00eb forcimin e ushtris\u00eb s\u00eb saj n\u00eb kuad\u00ebr t\u00eb NATO-s, ai e prezanton at\u00eb si k\u00ebrc\u00ebnim ndaj Serbis\u00eb.<\/p>\n<p>\u201cAleksand\u00ebr Vu\u00e7iqi \u00ebsht\u00eb prej atyre njer\u00ebzve q\u00eb bashk\u00eb me propagand\u00ebn serbe nuk l\u00eb \u00e7do lloj mjeti q\u00eb s\u2019ta p\u00ebrdor kundrejt Kosov\u00ebs. Ai e di mjaft mir\u00eb q\u00eb Kosova \u00ebsht\u00eb n\u00eb forcimin e ushtris\u00eb s\u00eb saj n\u00eb kuad\u00ebr t\u00eb NATO-s dhe vet\u00eb ka pasur deklarata nga NATO-ja dhe SHBA-ja q\u00eb armatosja e Kosov\u00ebs \u00ebsht\u00eb ka b\u00ebhet konform rregullave dhe deri n\u00eb 2028-\u00ebn q\u00eb \u00ebsht\u00eb edhe e planifikuar transformimi n\u00eb ushtri operacionale. Por megjithat\u00eb ata e p\u00ebrdorin k\u00ebt\u00eb \u00e7\u00ebshtje duke u p\u00ebrfshir\u00eb edhe elementet e tjera q\u00eb po ndodhin koh\u00ebve t\u00eb fundit si nj\u00eb lloj strategjie, si nj\u00eb lloj operacioni psiko-strategjik q\u00eb e b\u00ebn Vu\u00e7i\u00e7i\u201d, ka th\u00ebn\u00eb Ku\u00e7i.<\/p>\n<p>Ku\u00e7i ka theksuar se institucionet e Kosov\u00ebs duhet t\u00eb jen\u00eb t\u00eb p\u00ebrgatitura p\u00ebr t\u2019u p\u00ebrballur me k\u00ebt\u00eb lloj komunikimi strategjik nga Serbia.<\/p>\n<p>Si nevoj\u00eb imediate p\u00ebr t\u00eb nd\u00ebrhyr\u00eb, Ku\u00e7i ka par\u00eb \u00e7\u00ebshtjen e rrjeteve sociale dhe mediave, ku po manipulohet me publikun.<\/p>\n<p>\u201cOrganet e siguris\u00eb n\u00eb Kosov\u00eb bashk\u00eb me t\u00eb gjitha institucionet e tjera duhet t\u00eb ken\u00eb nj\u00eb strategji e cila e ka parasysh se si funksionon STRATCOM-i ose strategjia e komunikimit t\u00eb Serbis\u00eb dhe n\u00eb k\u00ebt\u00eb m\u00ebnyr\u00eb duke pasur parasysh strategjin\u00eb e tyre, at\u00ebher\u00eb t\u00eb krijohet nj\u00eb lloj kund\u00ebr-strategjie e cila n\u00eb bashk\u00ebpunim me shoq\u00ebrin\u00eb civile, mediat dhe po ashtu akter\u00eb t\u00eb cil\u00ebt jan\u00eb me interes n\u00eb Kosov\u00eb, ta mbajn\u00eb mas\u00ebn e paprekshme nga kjo lloj propagande dhe nga kjo lloj lufte hibride q\u00eb \u00ebsht\u00eb duke ndodhur. Ndoshta nevoja imediate q\u00eb duhet t\u00eb nd\u00ebrhyhet \u00ebsht\u00eb \u00e7\u00ebshtja e rrjeteve sociale dhe \u00e7\u00ebshtja e mediave ku shum\u00eb media t\u00eb paidentifikuara apo pa pronar\u00eb dhe po ashtu rrjete sociale t\u00eb ndryshme, jan\u00eb duke manipuluar publikun dhe ne i kemi v\u00ebrejtur k\u00ebto q\u00eb ka jasht\u00ebzakonisht shum\u00eb shp\u00ebrndarje, like dhe komente t\u00eb cilat jan\u00eb duke p\u00ebr\u00e7ar\u00eb mas\u00ebn dhe duke e shtyr\u00eb p\u00ebrpara interesat e Serbis\u00eb kundrejt Kosov\u00ebs\u201d, ka shtuar ai.<\/p>\n<p>Edhe hulumtuesi n\u00eb Hibrid Info, Festim Rizanaj, ka vler\u00ebsuar se deklaratat e Vu\u00e7iqit kan\u00eb ndikuar n\u00eb p\u00ebrhapjen e narrativave t\u00eb rrezikshme.<\/p>\n<p>K\u00ebto deklarata, sipas tij, krijojn\u00eb panik te komuniteti serb n\u00eb Kosov\u00eb, t\u00eb cil\u00ebt Rizanaj i k\u00ebshiloonn q\u00eb k\u00ebto narrativa t\u2019i verifikojn\u00eb dhe t\u00eb p\u00ebrdorin m\u00eb shum\u00eb burime t\u00eb besueshme t\u00eb informacionit.<\/p>\n<p>\u201cN\u00eb momentin q\u00eb Vu\u00e7i\u00e7 \u00ebsht\u00eb deklaruar se Kosova po armatoset p\u00ebr ta sulmuar Serbin\u00eb, k\u00ebto narrative jan\u00eb amplifikuar edhe nga personalitete t\u00eb tjera, nj\u00ebkoh\u00ebsisht edhe media t\u00eb tjera, me q\u00ebllim q\u00eb n\u00eb nj\u00eb far\u00eb forme kjo ndikon n\u00eb konsumin e brendsh\u00ebm, krijon nj\u00eb lloj viktimizimi se Kosova po armatoset me q\u00ebllim. Nj\u00ebkoh\u00ebsisht ka qarkulluar edhe narrative se kjo e d\u00ebmton edhe sigurin\u00eb e serb\u00ebve n\u00eb Kosov\u00eb\u2026 1:25 K\u00ebto jan\u00eb t\u00eb rrezikshme sepse krijojn\u00eb panik, kryesisht te komuniteti serb n\u00eb Kosov\u00eb sepse ata n\u00eb baz\u00eb t\u00eb informacioneve q\u00eb kemi kryesisht informohen nga mediat n\u00eb Serbi dhe nuk i p\u00ebrdorin mediat kredibile q\u00eb jan\u00eb n\u00eb Kosov\u00eb. kjo mund t\u00eb krijoj\u00eb te ta nj\u00eb lloj panike, nj\u00ebkoh\u00ebsisht edhe mund t\u2019i dezinformoj\u00eb serb\u00ebt n\u00eb Serbi lidhur me zhvillimet n\u00eb Kosov\u00eb\u20262:02 Duhet t\u2019i verifikojn\u00eb k\u00ebto narrativa, nj\u00ebkoh\u00ebsisht duhet t\u00eb p\u00ebrdorin edhe m\u00eb shum\u00eb burime t\u00eb informacionit t\u00eb lidhur me tema t\u00eb tilla t\u00eb siguris\u00eb\u201d, ka th\u00ebn\u00eb Rizanaj.<\/p>\n<p>Nd\u00ebrkoh\u00eb, Ministria e Mbrojtje i ka cil\u00ebsuar deklaratat e presidentit serb si t\u00eb pav\u00ebrteta dhe tendencioze. Z\u00ebdh\u00ebn\u00ebsja e k\u00ebsaj ministrie, Liridona Gashi, n\u00eb nj\u00eb p\u00ebrgjigje p\u00ebr KosovaPress ka theksuar se zhvillimi i FSK-s\u00eb nuk ka plane k\u00ebrc\u00ebnuese.<\/p>\n<p>\u201cForca e Siguris\u00eb s\u00eb Kosov\u00ebs po zhvillon kapacitetet e saj p\u00ebr q\u00ebllime mbrojt\u00ebse, n\u00eb p\u00ebrputhje me Kushtetut\u00ebn e Republik\u00ebs s\u00eb Kosov\u00ebs dhe standardet e NATO-s, si dhe n\u00eb koordinim t\u00eb plot\u00eb me partner\u00ebt tan\u00eb nd\u00ebrkomb\u00ebtar\u00eb. FSK-ja nuk \u00ebsht\u00eb dhe nuk do t\u00eb jet\u00eb e orientuar ndaj k\u00ebrc\u00ebnimit apo sulmit ndaj asnj\u00eb shteti. P\u00ebrkushtimi yn\u00eb ndaj vlerave per\u00ebndimore dhe paqes d\u00ebshmohet edhe nga fakti se t\u00eb gjitha prokurimet ushtarake realizohen n\u00eb m\u00ebnyr\u00eb transparente me shtetet an\u00ebtare t\u00eb NATO-s p\u00ebr dallim nga Serbia\u201d, \u00ebsht\u00eb shprehur ajo.<\/p>\n<p>N\u00eb K\u00ebshillin p\u00ebr Siguri Komb\u00ebtare n\u00eb Serbi, presidenti Vu\u00e7iq ka th\u00ebn\u00eb se procesi i transformimit t\u00eb FSK-s\u00eb po zhvillohet me mb\u00ebshtetje nga fuqi t\u00eb m\u00ebdha per\u00ebndimore dhe Turqia, sipas tij n\u00eb shkelje t\u00eb Rezolut\u00ebs 1244 t\u00eb K\u00ebshillit t\u00eb Siguris\u00eb t\u00eb OKB-s\u00eb.<\/p>\n<p>\u201cNeve na shqet\u00ebson ve\u00e7an\u00ebrisht armatosja e m\u00ebtejme e Prishtin\u00ebs, n\u00eb kund\u00ebrshtim me Kart\u00ebn e OKB-s\u00eb, Rezoluta 1244 \u00ebsht\u00eb pezulluar de facto, edhe pse jo de jure; de facto ajo \u00ebsht\u00eb pezulluar nga fuqit\u00eb e m\u00ebdha per\u00ebndimore dhe nga disa aktor\u00eb rajonal\u00eb si Turqia. Ata po e armatosin Prishtin\u00ebn me shpejt\u00ebsi, nd\u00ebrsa nj\u00eb k\u00ebrc\u00ebnim t\u00eb ve\u00e7ant\u00eb p\u00ebr sigurin\u00eb, integritetin territorial dhe sovranitetin e Serbis\u00eb p\u00ebrb\u00ebn aleanca apo koalicioni i sapokrijuar i Prishtin\u00ebs, Tiran\u00ebs dhe Zagrebit, i cila p\u00ebrfshin edhe prodhimin e p\u00ebrbashk\u00ebt t\u00eb sistemeve komplekse luftarake, nga automjete me kat\u00ebr rrota aktive deri te idet\u00eb p\u00ebr mjete dhe arm\u00eb m\u00eb t\u00eb fuqishme n\u00eb t\u00eb ardhmen\u201d, ka th\u00ebn\u00eb Vu\u00e7iq.<\/p>\n<p>Institucionet e Kosov\u00ebs theksojn\u00eb se Rezoluta 1244 nuk ndalon krijimin apo zhvillimin e Forc\u00ebs s\u00eb Siguris\u00eb s\u00eb Kosov\u00ebs, nd\u00ebrsa zhvillimi i saj po b\u00ebhet n\u00eb p\u00ebrputhje me Kushtetut\u00ebn e Republik\u00ebs s\u00eb Kosov\u00ebs dhe n\u00eb koordinim me partner\u00ebt nd\u00ebrkomb\u00ebtar\u00eb, p\u00ebrfshir\u00eb NATO-n.<\/p>\n<p>N\u00eb an\u00ebn tjet\u00ebr, Serbia vazhdon ta konsideroj\u00eb Rezolut\u00ebn e K\u00ebshillit t\u00eb Sigurimit si dokument juridik ende n\u00eb fuqi, duke e p\u00ebrdorur at\u00eb si baz\u00eb p\u00ebr t\u00eb kund\u00ebrshtuar shtet\u00ebsin\u00eb e Kosov\u00ebs dhe p\u00ebr t\u00eb argumentuar se transformimi i Forc\u00ebs s\u00eb Siguris\u00eb s\u00eb Kosov\u00ebs n\u00eb ushtri bie ndesh me k\u00ebt\u00eb rezolut\u00eb.<\/p>\n","protected":false},"excerpt":{"rendered":"<p>Prishtin\u00eb, 18 janar 2026 15:09 Pas mbledhjes s\u00eb jasht\u00ebzakonshme t\u00eb K\u00ebshillit p\u00ebr Siguri Komb\u00ebtare n\u00eb Serbi, mbajtur m\u00eb 4 janar 2026, presidenti i Serbis\u00eb Alleksandar<\/p>\n","protected":false},"author":7,"featured_media":28252,"comment_status":"open","ping_status":"open","sticky":false,"template":"","format":"standard","meta":{"footnotes":""},"categories":[93],"tags":[],"class_list":["post-28251","post","type-post","status-publish","format-standard","has-post-thumbnail","hentry","category-politika-sq"],"yoast_head":"<!-- This site is optimized with the Yoast SEO plugin v25.3.1 - https:\/\/yoast.com\/wordpress\/plugins\/seo\/ -->\n<title>Deklaratat e Vu\u00e7iqit p\u00ebr FSK-n\u00eb cil\u00ebsohen propagand\u00eb, ekspert\u00ebt paralajm\u00ebrojn\u00eb luft\u00eb hibride ndaj Kosov\u00ebs -<\/title>\n<meta name=\"robots\" content=\"index, follow, max-snippet:-1, max-image-preview:large, max-video-preview:-1\" \/>\n<link rel=\"canonical\" href=\"https:\/\/veritasinfo.org\/?p=28251\" \/>\n<meta property=\"og:locale\" content=\"en_US\" \/>\n<meta property=\"og:type\" content=\"article\" \/>\n<meta property=\"og:title\" content=\"Deklaratat e Vu\u00e7iqit p\u00ebr FSK-n\u00eb cil\u00ebsohen propagand\u00eb, ekspert\u00ebt paralajm\u00ebrojn\u00eb luft\u00eb hibride ndaj Kosov\u00ebs -\" \/>\n<meta property=\"og:description\" content=\"Prishtin\u00eb, 18 janar 2026 15:09 Pas mbledhjes s\u00eb jasht\u00ebzakonshme t\u00eb K\u00ebshillit p\u00ebr Siguri Komb\u00ebtare n\u00eb Serbi, mbajtur m\u00eb 4 janar 2026, presidenti i Serbis\u00eb Alleksandar\" \/>\n<meta property=\"og:url\" content=\"https:\/\/veritasinfo.org\/?p=28251\" \/>\n<meta property=\"article:published_time\" content=\"2026-01-18T14:11:40+00:00\" \/>\n<meta property=\"og:image\" content=\"https:\/\/veritasinfo.org\/wp-content\/uploads\/2026\/01\/1-54.jpg\" \/>\n\t<meta property=\"og:image:width\" content=\"591\" \/>\n\t<meta property=\"og:image:height\" content=\"396\" \/>\n\t<meta property=\"og:image:type\" content=\"image\/jpeg\" \/>\n<meta name=\"author\" content=\"US6\" \/>\n<meta name=\"twitter:card\" content=\"summary_large_image\" \/>\n<meta name=\"twitter:label1\" content=\"Written by\" \/>\n\t<meta name=\"twitter:data1\" content=\"US6\" \/>\n\t<meta name=\"twitter:label2\" content=\"Est. reading time\" \/>\n\t<meta name=\"twitter:data2\" content=\"5 minutes\" \/>\n<script type=\"application\/ld+json\" class=\"yoast-schema-graph\">{\"@context\":\"https:\/\/schema.org\",\"@graph\":[{\"@type\":\"WebPage\",\"@id\":\"https:\/\/veritasinfo.org\/?p=28251\",\"url\":\"https:\/\/veritasinfo.org\/?p=28251\",\"name\":\"Deklaratat e Vu\u00e7iqit p\u00ebr FSK-n\u00eb cil\u00ebsohen propagand\u00eb, ekspert\u00ebt paralajm\u00ebrojn\u00eb luft\u00eb hibride ndaj Kosov\u00ebs -\",\"isPartOf\":{\"@id\":\"https:\/\/veritasinfo.org\/#website\"},\"primaryImageOfPage\":{\"@id\":\"https:\/\/veritasinfo.org\/?p=28251#primaryimage\"},\"image\":{\"@id\":\"https:\/\/veritasinfo.org\/?p=28251#primaryimage\"},\"thumbnailUrl\":\"https:\/\/veritasinfo.org\/wp-content\/uploads\/2026\/01\/1-54.jpg\",\"datePublished\":\"2026-01-18T14:11:40+00:00\",\"author\":{\"@id\":\"https:\/\/veritasinfo.org\/#\/schema\/person\/fe199eede04c3937362892b7444747cc\"},\"breadcrumb\":{\"@id\":\"https:\/\/veritasinfo.org\/?p=28251#breadcrumb\"},\"inLanguage\":\"en-US\",\"potentialAction\":[{\"@type\":\"ReadAction\",\"target\":[\"https:\/\/veritasinfo.org\/?p=28251\"]}]},{\"@type\":\"ImageObject\",\"inLanguage\":\"en-US\",\"@id\":\"https:\/\/veritasinfo.org\/?p=28251#primaryimage\",\"url\":\"https:\/\/veritasinfo.org\/wp-content\/uploads\/2026\/01\/1-54.jpg\",\"contentUrl\":\"https:\/\/veritasinfo.org\/wp-content\/uploads\/2026\/01\/1-54.jpg\",\"width\":591,\"height\":396},{\"@type\":\"BreadcrumbList\",\"@id\":\"https:\/\/veritasinfo.org\/?p=28251#breadcrumb\",\"itemListElement\":[{\"@type\":\"ListItem\",\"position\":1,\"name\":\"Home\",\"item\":\"https:\/\/veritasinfo.org\/\"},{\"@type\":\"ListItem\",\"position\":2,\"name\":\"Deklaratat e Vu\u00e7iqit p\u00ebr FSK-n\u00eb cil\u00ebsohen propagand\u00eb, ekspert\u00ebt paralajm\u00ebrojn\u00eb luft\u00eb hibride ndaj Kosov\u00ebs\"}]},{\"@type\":\"WebSite\",\"@id\":\"https:\/\/veritasinfo.org\/#website\",\"url\":\"https:\/\/veritasinfo.org\/\",\"name\":\"\",\"description\":\"\",\"potentialAction\":[{\"@type\":\"SearchAction\",\"target\":{\"@type\":\"EntryPoint\",\"urlTemplate\":\"https:\/\/veritasinfo.org\/?s={search_term_string}\"},\"query-input\":{\"@type\":\"PropertyValueSpecification\",\"valueRequired\":true,\"valueName\":\"search_term_string\"}}],\"inLanguage\":\"en-US\"},{\"@type\":\"Person\",\"@id\":\"https:\/\/veritasinfo.org\/#\/schema\/person\/fe199eede04c3937362892b7444747cc\",\"name\":\"US6\",\"image\":{\"@type\":\"ImageObject\",\"inLanguage\":\"en-US\",\"@id\":\"https:\/\/veritasinfo.org\/#\/schema\/person\/image\/\",\"url\":\"https:\/\/secure.gravatar.com\/avatar\/cb16c3c31c9d23b9b8c705964598220b3014e42ff51eb540ff23cefa3ae8c15f?s=96&d=mm&r=g\",\"contentUrl\":\"https:\/\/secure.gravatar.com\/avatar\/cb16c3c31c9d23b9b8c705964598220b3014e42ff51eb540ff23cefa3ae8c15f?s=96&d=mm&r=g\",\"caption\":\"US6\"},\"url\":\"https:\/\/veritasinfo.org\/?author=7\"}]}<\/script>\n<!-- \/ Yoast SEO plugin. -->","yoast_head_json":{"title":"Deklaratat e Vu\u00e7iqit p\u00ebr FSK-n\u00eb cil\u00ebsohen propagand\u00eb, ekspert\u00ebt paralajm\u00ebrojn\u00eb luft\u00eb hibride ndaj Kosov\u00ebs -","robots":{"index":"index","follow":"follow","max-snippet":"max-snippet:-1","max-image-preview":"max-image-preview:large","max-video-preview":"max-video-preview:-1"},"canonical":"https:\/\/veritasinfo.org\/?p=28251","og_locale":"en_US","og_type":"article","og_title":"Deklaratat e Vu\u00e7iqit p\u00ebr FSK-n\u00eb cil\u00ebsohen propagand\u00eb, ekspert\u00ebt paralajm\u00ebrojn\u00eb luft\u00eb hibride ndaj Kosov\u00ebs -","og_description":"Prishtin\u00eb, 18 janar 2026 15:09 Pas mbledhjes s\u00eb jasht\u00ebzakonshme t\u00eb K\u00ebshillit p\u00ebr Siguri Komb\u00ebtare n\u00eb Serbi, mbajtur m\u00eb 4 janar 2026, presidenti i Serbis\u00eb Alleksandar","og_url":"https:\/\/veritasinfo.org\/?p=28251","article_published_time":"2026-01-18T14:11:40+00:00","og_image":[{"width":591,"height":396,"url":"https:\/\/veritasinfo.org\/wp-content\/uploads\/2026\/01\/1-54.jpg","type":"image\/jpeg"}],"author":"US6","twitter_card":"summary_large_image","twitter_misc":{"Written by":"US6","Est. reading time":"5 minutes"},"schema":{"@context":"https:\/\/schema.org","@graph":[{"@type":"WebPage","@id":"https:\/\/veritasinfo.org\/?p=28251","url":"https:\/\/veritasinfo.org\/?p=28251","name":"Deklaratat e Vu\u00e7iqit p\u00ebr FSK-n\u00eb cil\u00ebsohen propagand\u00eb, ekspert\u00ebt paralajm\u00ebrojn\u00eb luft\u00eb hibride ndaj Kosov\u00ebs -","isPartOf":{"@id":"https:\/\/veritasinfo.org\/#website"},"primaryImageOfPage":{"@id":"https:\/\/veritasinfo.org\/?p=28251#primaryimage"},"image":{"@id":"https:\/\/veritasinfo.org\/?p=28251#primaryimage"},"thumbnailUrl":"https:\/\/veritasinfo.org\/wp-content\/uploads\/2026\/01\/1-54.jpg","datePublished":"2026-01-18T14:11:40+00:00","author":{"@id":"https:\/\/veritasinfo.org\/#\/schema\/person\/fe199eede04c3937362892b7444747cc"},"breadcrumb":{"@id":"https:\/\/veritasinfo.org\/?p=28251#breadcrumb"},"inLanguage":"en-US","potentialAction":[{"@type":"ReadAction","target":["https:\/\/veritasinfo.org\/?p=28251"]}]},{"@type":"ImageObject","inLanguage":"en-US","@id":"https:\/\/veritasinfo.org\/?p=28251#primaryimage","url":"https:\/\/veritasinfo.org\/wp-content\/uploads\/2026\/01\/1-54.jpg","contentUrl":"https:\/\/veritasinfo.org\/wp-content\/uploads\/2026\/01\/1-54.jpg","width":591,"height":396},{"@type":"BreadcrumbList","@id":"https:\/\/veritasinfo.org\/?p=28251#breadcrumb","itemListElement":[{"@type":"ListItem","position":1,"name":"Home","item":"https:\/\/veritasinfo.org\/"},{"@type":"ListItem","position":2,"name":"Deklaratat e Vu\u00e7iqit p\u00ebr FSK-n\u00eb cil\u00ebsohen propagand\u00eb, ekspert\u00ebt paralajm\u00ebrojn\u00eb luft\u00eb hibride ndaj Kosov\u00ebs"}]},{"@type":"WebSite","@id":"https:\/\/veritasinfo.org\/#website","url":"https:\/\/veritasinfo.org\/","name":"","description":"","potentialAction":[{"@type":"SearchAction","target":{"@type":"EntryPoint","urlTemplate":"https:\/\/veritasinfo.org\/?s={search_term_string}"},"query-input":{"@type":"PropertyValueSpecification","valueRequired":true,"valueName":"search_term_string"}}],"inLanguage":"en-US"},{"@type":"Person","@id":"https:\/\/veritasinfo.org\/#\/schema\/person\/fe199eede04c3937362892b7444747cc","name":"US6","image":{"@type":"ImageObject","inLanguage":"en-US","@id":"https:\/\/veritasinfo.org\/#\/schema\/person\/image\/","url":"https:\/\/secure.gravatar.com\/avatar\/cb16c3c31c9d23b9b8c705964598220b3014e42ff51eb540ff23cefa3ae8c15f?s=96&d=mm&r=g","contentUrl":"https:\/\/secure.gravatar.com\/avatar\/cb16c3c31c9d23b9b8c705964598220b3014e42ff51eb540ff23cefa3ae8c15f?s=96&d=mm&r=g","caption":"US6"},"url":"https:\/\/veritasinfo.org\/?author=7"}]}},"featured_image_urls":{"full":["https:\/\/veritasinfo.org\/wp-content\/uploads\/2026\/01\/1-54.jpg",591,396,false],"thumbnail":["https:\/\/veritasinfo.org\/wp-content\/uploads\/2026\/01\/1-54-150x150.jpg",150,150,true],"medium":["https:\/\/veritasinfo.org\/wp-content\/uploads\/2026\/01\/1-54-300x201.jpg",300,201,true],"medium_large":["https:\/\/veritasinfo.org\/wp-content\/uploads\/2026\/01\/1-54.jpg",591,396,false],"large":["https:\/\/veritasinfo.org\/wp-content\/uploads\/2026\/01\/1-54.jpg",591,396,false],"1536x1536":["https:\/\/veritasinfo.org\/wp-content\/uploads\/2026\/01\/1-54.jpg",591,396,false],"2048x2048":["https:\/\/veritasinfo.org\/wp-content\/uploads\/2026\/01\/1-54.jpg",591,396,false],"kreeti-slider-full":["https:\/\/veritasinfo.org\/wp-content\/uploads\/2026\/01\/1-54.jpg",591,396,false],"kreeti-featured":["https:\/\/veritasinfo.org\/wp-content\/uploads\/2026\/01\/1-54.jpg",591,396,false],"kreeti-medium":["https:\/\/veritasinfo.org\/wp-content\/uploads\/2026\/01\/1-54.jpg",591,396,false],"kreeti-medium-square":["https:\/\/veritasinfo.org\/wp-content\/uploads\/2026\/01\/1-54.jpg",350,235,false]},"author_info":{"info":["US6"]},"category_info":"<a href=\"https:\/\/veritasinfo.org\/?cat=93\" rel=\"category\">Politika<\/a>","tag_info":"Politika","comment_count":"0","_links":{"self":[{"href":"https:\/\/veritasinfo.org\/index.php?rest_route=\/wp\/v2\/posts\/28251","targetHints":{"allow":["GET"]}}],"collection":[{"href":"https:\/\/veritasinfo.org\/index.php?rest_route=\/wp\/v2\/posts"}],"about":[{"href":"https:\/\/veritasinfo.org\/index.php?rest_route=\/wp\/v2\/types\/post"}],"author":[{"embeddable":true,"href":"https:\/\/veritasinfo.org\/index.php?rest_route=\/wp\/v2\/users\/7"}],"replies":[{"embeddable":true,"href":"https:\/\/veritasinfo.org\/index.php?rest_route=%2Fwp%2Fv2%2Fcomments&post=28251"}],"version-history":[{"count":1,"href":"https:\/\/veritasinfo.org\/index.php?rest_route=\/wp\/v2\/posts\/28251\/revisions"}],"predecessor-version":[{"id":28253,"href":"https:\/\/veritasinfo.org\/index.php?rest_route=\/wp\/v2\/posts\/28251\/revisions\/28253"}],"wp:featuredmedia":[{"embeddable":true,"href":"https:\/\/veritasinfo.org\/index.php?rest_route=\/wp\/v2\/media\/28252"}],"wp:attachment":[{"href":"https:\/\/veritasinfo.org\/index.php?rest_route=%2Fwp%2Fv2%2Fmedia&parent=28251"}],"wp:term":[{"taxonomy":"category","embeddable":true,"href":"https:\/\/veritasinfo.org\/index.php?rest_route=%2Fwp%2Fv2%2Fcategories&post=28251"},{"taxonomy":"post_tag","embeddable":true,"href":"https:\/\/veritasinfo.org\/index.php?rest_route=%2Fwp%2Fv2%2Ftags&post=28251"}],"curies":[{"name":"wp","href":"https:\/\/api.w.org\/{rel}","templated":true}]}}