{"id":28202,"date":"2026-01-17T21:12:54","date_gmt":"2026-01-17T20:12:54","guid":{"rendered":"https:\/\/veritasinfo.org\/?p=28202"},"modified":"2026-01-17T21:19:43","modified_gmt":"2026-01-17T20:19:43","slug":"vizita-e-jasharit-ne-iowas-cilesohet-sinjal-i-mbeshtetjes-amerikane-per-fsk-ne-drejt-nato-s","status":"publish","type":"post","link":"https:\/\/veritasinfo.org\/?p=28202","title":{"rendered":"Vizita e Jasharit n\u00eb Ajova, cil\u00ebsohet sinjal i mb\u00ebshtetjes amerikane p\u00ebr FSK-n\u00eb drejt NATO-s"},"content":{"rendered":"<p>Prishtin\u00eb, 17 janar 2026 21:13<\/p>\n<p>Gjenerallejt\u00ebnant Bashkim Jashari u prit me nderime t\u00eb larta n\u00eb gard\u00ebn e Ajovas. Njoh\u00ebsit e siguris\u00eb thon\u00eb se SHBA-ja do jet\u00eb krah Kosov\u00ebs vazhdimisht, q\u00eb ajo t\u00eb b\u00ebhet pjes\u00eb e NATO-s.<\/p>\n<p>Fillimisht u b\u00eb prezantimi.<\/p>\n<p>M\u00eb pas u b\u00eb edhe thirrja.<\/p>\n<p>Me entuziaz\u00ebm t\u00eb lart\u00eb e duartrokitje, k\u00ebshtu u prit n\u00eb selin\u00eb e Gard\u00ebs Komb\u00ebtare t\u00eb Ajovas, komandanti i Forc\u00ebs s\u00eb Siguris\u00eb s\u00eb Kosov\u00ebs, Bashkim Jashari, i cili po q\u00ebndronte n\u00eb shtetin e Ajova, tash e disa dit\u00eb duke ndjekur programe ushtarake.<\/p>\n<p>Atje, Jashari zhvilloi edhe disa takime, e nd\u00ebr t\u00eb tjerash vizitoi edhe baz\u00ebn e aviacionit ku pa nga af\u00ebr helikopter\u00ebt, Black Hawk.<\/p>\n<p>\u201cGjeneral Jashari pati rastin t\u00eb takoi Guvernatoren e shteti t\u00eb Ajov\u00ebs si dhe kongresmen\u00ebt dhe senatorit e shtetit t\u00eb Ajov\u00ebs, t\u00eb cil\u00ebt i falenderoi p\u00ebr mb\u00ebshtetjen e vazhdueshme dhe t\u00eb pakursyer t\u00eb SHBA-s\u00eb p\u00ebr Republik\u00ebn e Kosov\u00ebs\u201d, thuhet nga FSK-ja.<\/p>\n<p>Nj\u00eb reagim rreth k\u00ebsaj vizite pati ministri n\u00eb detyr\u00eb i Mbrojtjes, Ejup Maqedonci.<\/p>\n<p>\u201cForca e Siguris\u00eb s\u00eb Kosov\u00ebs g\u00ebzon marr\u00ebdh\u00ebnie t\u00eb shk\u00eblqyera bashk\u00ebpunimi me Iowa National Guard, partneritet i nd\u00ebrtuar nd\u00ebr vite mbi besim, profesionaliz\u00ebm dhe mb\u00ebshtetje t\u00eb vazhdueshme, i cili ka kontribuar n\u00eb zhvillimin dhe ngritjen e kapaciteteve t\u00eb FSK-s\u00eb\u201d.<\/p>\n<p>Njoh\u00ebsi i siguris\u00eb, Nuredin Ibishi thot\u00eb se kjo vizit\u00eb tregon mb\u00ebshtetjen e pal\u00ebkundur t\u00eb SHBA-s\u00eb p\u00ebr FSK-n\u00eb, q\u00eb t\u00eb b\u00ebhet pjes\u00eb e NATO-s.<\/p>\n<p>\u201cE gjith\u00eb kjo tregon edhe deklarata e Gjeneral Majorit, Osborn ishte Forca e Siguris\u00eb s\u00eb Kosov\u00ebs, shkon drejt nj\u00eb force t\u00eb armatosur nj\u00eb ushtrie q\u00eb do t\u00eb jet\u00eb n\u00eb baza territoriale krah\u00eb apo nd\u00ebrveprim me NATO-n\u00eb. Kjo tregon nj\u00eb perspektiv\u00eb t\u00eb theksuar p\u00ebr an\u00ebtar\u00ebsim t\u00eb shpejt t\u00eb Forc\u00ebs s\u00eb Siguris\u00eb s\u00eb Kosov\u00ebs q\u00eb kalon faz\u00ebn e tranzicionit, pra n\u00eb vitin 2028\u201d, tha Ibishi.<\/p>\n<p>Sipas tij, Forca e Siguris\u00eb s\u00eb Kosov\u00ebs, do t\u00eb pajiset s\u00eb shpejti me pajisje t\u00eb tjera ushtarake<\/p>\n<p>\u201c\u00c7far\u00eb pritet k\u00ebt\u00eb vit, pra \u00ebsht\u00eb d\u00ebrgesa tashm\u00eb e realizuar q\u00eb do t\u00eb bart\u00ebn, Javelin\u00ebt kontingjenti i par\u00eb, edhe normal ato t\u00eb antiblind\u00ebs q\u00eb po vijon n\u00eb faz\u00ebn e d\u00ebrges\u00ebs, por sigurisht edhe topat 105mm\u201d.<\/p>\n<p>Forca e Siguris\u00eb s\u00eb Kosov\u00ebs \u00ebsht\u00eb n\u00eb faz\u00ebn e tranzicionit q\u00eb deri m\u00eb 2028 t\u00eb kaloj\u00eb n\u00eb Forc\u00eb Ushtarake, ku pritet t\u00eb ket\u00eb 7.500 trupa, prej t\u00eb cil\u00ebve 5.000 ushtar\u00eb t\u00eb rregullt, 2.500 rezervist\u00eb.<\/p>\n","protected":false},"excerpt":{"rendered":"<p>Prishtin\u00eb, 17 janar 2026 21:13 Gjenerallejt\u00ebnant Bashkim Jashari u prit me nderime t\u00eb larta n\u00eb gard\u00ebn e Ajovas. Njoh\u00ebsit e siguris\u00eb thon\u00eb se SHBA-ja do<\/p>\n","protected":false},"author":7,"featured_media":28203,"comment_status":"open","ping_status":"open","sticky":false,"template":"","format":"standard","meta":{"footnotes":""},"categories":[60],"tags":[],"class_list":["post-28202","post","type-post","status-publish","format-standard","has-post-thumbnail","hentry","category-shoqerore-sq"],"yoast_head":"<!-- This site is optimized with the Yoast SEO plugin v25.3.1 - https:\/\/yoast.com\/wordpress\/plugins\/seo\/ -->\n<title>Vizita e Jasharit n\u00eb Ajova, cil\u00ebsohet sinjal i mb\u00ebshtetjes amerikane p\u00ebr FSK-n\u00eb drejt NATO-s -<\/title>\n<meta name=\"robots\" content=\"index, follow, max-snippet:-1, max-image-preview:large, max-video-preview:-1\" \/>\n<link rel=\"canonical\" href=\"https:\/\/veritasinfo.org\/?p=28202\" \/>\n<meta property=\"og:locale\" content=\"en_US\" \/>\n<meta property=\"og:type\" content=\"article\" \/>\n<meta property=\"og:title\" content=\"Vizita e Jasharit n\u00eb Ajova, cil\u00ebsohet sinjal i mb\u00ebshtetjes amerikane p\u00ebr FSK-n\u00eb drejt NATO-s -\" \/>\n<meta property=\"og:description\" content=\"Prishtin\u00eb, 17 janar 2026 21:13 Gjenerallejt\u00ebnant Bashkim Jashari u prit me nderime t\u00eb larta n\u00eb gard\u00ebn e Ajovas. Njoh\u00ebsit e siguris\u00eb thon\u00eb se SHBA-ja do\" \/>\n<meta property=\"og:url\" content=\"https:\/\/veritasinfo.org\/?p=28202\" \/>\n<meta property=\"article:published_time\" content=\"2026-01-17T20:12:54+00:00\" \/>\n<meta property=\"article:modified_time\" content=\"2026-01-17T20:19:43+00:00\" \/>\n<meta property=\"og:image\" content=\"https:\/\/veritasinfo.org\/wp-content\/uploads\/2026\/01\/auto_616287762_1258433713132867_1955736803170585245_n1768663430.jpg\" \/>\n\t<meta property=\"og:image:width\" content=\"850\" \/>\n\t<meta property=\"og:image:height\" content=\"573\" \/>\n\t<meta property=\"og:image:type\" content=\"image\/jpeg\" \/>\n<meta name=\"author\" content=\"US6\" \/>\n<meta name=\"twitter:card\" content=\"summary_large_image\" \/>\n<meta name=\"twitter:label1\" content=\"Written by\" \/>\n\t<meta name=\"twitter:data1\" content=\"US6\" \/>\n\t<meta name=\"twitter:label2\" content=\"Est. reading time\" \/>\n\t<meta name=\"twitter:data2\" content=\"2 minutes\" \/>\n<script type=\"application\/ld+json\" class=\"yoast-schema-graph\">{\"@context\":\"https:\/\/schema.org\",\"@graph\":[{\"@type\":\"WebPage\",\"@id\":\"https:\/\/veritasinfo.org\/?p=28202\",\"url\":\"https:\/\/veritasinfo.org\/?p=28202\",\"name\":\"Vizita e Jasharit n\u00eb Ajova, cil\u00ebsohet sinjal i mb\u00ebshtetjes amerikane p\u00ebr FSK-n\u00eb drejt NATO-s -\",\"isPartOf\":{\"@id\":\"https:\/\/veritasinfo.org\/#website\"},\"primaryImageOfPage\":{\"@id\":\"https:\/\/veritasinfo.org\/?p=28202#primaryimage\"},\"image\":{\"@id\":\"https:\/\/veritasinfo.org\/?p=28202#primaryimage\"},\"thumbnailUrl\":\"https:\/\/veritasinfo.org\/wp-content\/uploads\/2026\/01\/auto_616287762_1258433713132867_1955736803170585245_n1768663430.jpg\",\"datePublished\":\"2026-01-17T20:12:54+00:00\",\"dateModified\":\"2026-01-17T20:19:43+00:00\",\"author\":{\"@id\":\"https:\/\/veritasinfo.org\/#\/schema\/person\/fe199eede04c3937362892b7444747cc\"},\"breadcrumb\":{\"@id\":\"https:\/\/veritasinfo.org\/?p=28202#breadcrumb\"},\"inLanguage\":\"en-US\",\"potentialAction\":[{\"@type\":\"ReadAction\",\"target\":[\"https:\/\/veritasinfo.org\/?p=28202\"]}]},{\"@type\":\"ImageObject\",\"inLanguage\":\"en-US\",\"@id\":\"https:\/\/veritasinfo.org\/?p=28202#primaryimage\",\"url\":\"https:\/\/veritasinfo.org\/wp-content\/uploads\/2026\/01\/auto_616287762_1258433713132867_1955736803170585245_n1768663430.jpg\",\"contentUrl\":\"https:\/\/veritasinfo.org\/wp-content\/uploads\/2026\/01\/auto_616287762_1258433713132867_1955736803170585245_n1768663430.jpg\",\"width\":850,\"height\":573},{\"@type\":\"BreadcrumbList\",\"@id\":\"https:\/\/veritasinfo.org\/?p=28202#breadcrumb\",\"itemListElement\":[{\"@type\":\"ListItem\",\"position\":1,\"name\":\"Home\",\"item\":\"https:\/\/veritasinfo.org\/\"},{\"@type\":\"ListItem\",\"position\":2,\"name\":\"Vizita e Jasharit n\u00eb Ajova, cil\u00ebsohet sinjal i mb\u00ebshtetjes amerikane p\u00ebr FSK-n\u00eb drejt NATO-s\"}]},{\"@type\":\"WebSite\",\"@id\":\"https:\/\/veritasinfo.org\/#website\",\"url\":\"https:\/\/veritasinfo.org\/\",\"name\":\"\",\"description\":\"\",\"potentialAction\":[{\"@type\":\"SearchAction\",\"target\":{\"@type\":\"EntryPoint\",\"urlTemplate\":\"https:\/\/veritasinfo.org\/?s={search_term_string}\"},\"query-input\":{\"@type\":\"PropertyValueSpecification\",\"valueRequired\":true,\"valueName\":\"search_term_string\"}}],\"inLanguage\":\"en-US\"},{\"@type\":\"Person\",\"@id\":\"https:\/\/veritasinfo.org\/#\/schema\/person\/fe199eede04c3937362892b7444747cc\",\"name\":\"US6\",\"image\":{\"@type\":\"ImageObject\",\"inLanguage\":\"en-US\",\"@id\":\"https:\/\/veritasinfo.org\/#\/schema\/person\/image\/\",\"url\":\"https:\/\/secure.gravatar.com\/avatar\/cb16c3c31c9d23b9b8c705964598220b3014e42ff51eb540ff23cefa3ae8c15f?s=96&d=mm&r=g\",\"contentUrl\":\"https:\/\/secure.gravatar.com\/avatar\/cb16c3c31c9d23b9b8c705964598220b3014e42ff51eb540ff23cefa3ae8c15f?s=96&d=mm&r=g\",\"caption\":\"US6\"},\"url\":\"https:\/\/veritasinfo.org\/?author=7\"}]}<\/script>\n<!-- \/ Yoast SEO plugin. -->","yoast_head_json":{"title":"Vizita e Jasharit n\u00eb Ajova, cil\u00ebsohet sinjal i mb\u00ebshtetjes amerikane p\u00ebr FSK-n\u00eb drejt NATO-s -","robots":{"index":"index","follow":"follow","max-snippet":"max-snippet:-1","max-image-preview":"max-image-preview:large","max-video-preview":"max-video-preview:-1"},"canonical":"https:\/\/veritasinfo.org\/?p=28202","og_locale":"en_US","og_type":"article","og_title":"Vizita e Jasharit n\u00eb Ajova, cil\u00ebsohet sinjal i mb\u00ebshtetjes amerikane p\u00ebr FSK-n\u00eb drejt NATO-s -","og_description":"Prishtin\u00eb, 17 janar 2026 21:13 Gjenerallejt\u00ebnant Bashkim Jashari u prit me nderime t\u00eb larta n\u00eb gard\u00ebn e Ajovas. Njoh\u00ebsit e siguris\u00eb thon\u00eb se SHBA-ja do","og_url":"https:\/\/veritasinfo.org\/?p=28202","article_published_time":"2026-01-17T20:12:54+00:00","article_modified_time":"2026-01-17T20:19:43+00:00","og_image":[{"width":850,"height":573,"url":"https:\/\/veritasinfo.org\/wp-content\/uploads\/2026\/01\/auto_616287762_1258433713132867_1955736803170585245_n1768663430.jpg","type":"image\/jpeg"}],"author":"US6","twitter_card":"summary_large_image","twitter_misc":{"Written by":"US6","Est. reading time":"2 minutes"},"schema":{"@context":"https:\/\/schema.org","@graph":[{"@type":"WebPage","@id":"https:\/\/veritasinfo.org\/?p=28202","url":"https:\/\/veritasinfo.org\/?p=28202","name":"Vizita e Jasharit n\u00eb Ajova, cil\u00ebsohet sinjal i mb\u00ebshtetjes amerikane p\u00ebr FSK-n\u00eb drejt NATO-s -","isPartOf":{"@id":"https:\/\/veritasinfo.org\/#website"},"primaryImageOfPage":{"@id":"https:\/\/veritasinfo.org\/?p=28202#primaryimage"},"image":{"@id":"https:\/\/veritasinfo.org\/?p=28202#primaryimage"},"thumbnailUrl":"https:\/\/veritasinfo.org\/wp-content\/uploads\/2026\/01\/auto_616287762_1258433713132867_1955736803170585245_n1768663430.jpg","datePublished":"2026-01-17T20:12:54+00:00","dateModified":"2026-01-17T20:19:43+00:00","author":{"@id":"https:\/\/veritasinfo.org\/#\/schema\/person\/fe199eede04c3937362892b7444747cc"},"breadcrumb":{"@id":"https:\/\/veritasinfo.org\/?p=28202#breadcrumb"},"inLanguage":"en-US","potentialAction":[{"@type":"ReadAction","target":["https:\/\/veritasinfo.org\/?p=28202"]}]},{"@type":"ImageObject","inLanguage":"en-US","@id":"https:\/\/veritasinfo.org\/?p=28202#primaryimage","url":"https:\/\/veritasinfo.org\/wp-content\/uploads\/2026\/01\/auto_616287762_1258433713132867_1955736803170585245_n1768663430.jpg","contentUrl":"https:\/\/veritasinfo.org\/wp-content\/uploads\/2026\/01\/auto_616287762_1258433713132867_1955736803170585245_n1768663430.jpg","width":850,"height":573},{"@type":"BreadcrumbList","@id":"https:\/\/veritasinfo.org\/?p=28202#breadcrumb","itemListElement":[{"@type":"ListItem","position":1,"name":"Home","item":"https:\/\/veritasinfo.org\/"},{"@type":"ListItem","position":2,"name":"Vizita e Jasharit n\u00eb Ajova, cil\u00ebsohet sinjal i mb\u00ebshtetjes amerikane p\u00ebr FSK-n\u00eb drejt NATO-s"}]},{"@type":"WebSite","@id":"https:\/\/veritasinfo.org\/#website","url":"https:\/\/veritasinfo.org\/","name":"","description":"","potentialAction":[{"@type":"SearchAction","target":{"@type":"EntryPoint","urlTemplate":"https:\/\/veritasinfo.org\/?s={search_term_string}"},"query-input":{"@type":"PropertyValueSpecification","valueRequired":true,"valueName":"search_term_string"}}],"inLanguage":"en-US"},{"@type":"Person","@id":"https:\/\/veritasinfo.org\/#\/schema\/person\/fe199eede04c3937362892b7444747cc","name":"US6","image":{"@type":"ImageObject","inLanguage":"en-US","@id":"https:\/\/veritasinfo.org\/#\/schema\/person\/image\/","url":"https:\/\/secure.gravatar.com\/avatar\/cb16c3c31c9d23b9b8c705964598220b3014e42ff51eb540ff23cefa3ae8c15f?s=96&d=mm&r=g","contentUrl":"https:\/\/secure.gravatar.com\/avatar\/cb16c3c31c9d23b9b8c705964598220b3014e42ff51eb540ff23cefa3ae8c15f?s=96&d=mm&r=g","caption":"US6"},"url":"https:\/\/veritasinfo.org\/?author=7"}]}},"featured_image_urls":{"full":["https:\/\/veritasinfo.org\/wp-content\/uploads\/2026\/01\/auto_616287762_1258433713132867_1955736803170585245_n1768663430.jpg",850,573,false],"thumbnail":["https:\/\/veritasinfo.org\/wp-content\/uploads\/2026\/01\/auto_616287762_1258433713132867_1955736803170585245_n1768663430-150x150.jpg",150,150,true],"medium":["https:\/\/veritasinfo.org\/wp-content\/uploads\/2026\/01\/auto_616287762_1258433713132867_1955736803170585245_n1768663430-300x202.jpg",300,202,true],"medium_large":["https:\/\/veritasinfo.org\/wp-content\/uploads\/2026\/01\/auto_616287762_1258433713132867_1955736803170585245_n1768663430-768x518.jpg",640,432,true],"large":["https:\/\/veritasinfo.org\/wp-content\/uploads\/2026\/01\/auto_616287762_1258433713132867_1955736803170585245_n1768663430.jpg",640,431,false],"1536x1536":["https:\/\/veritasinfo.org\/wp-content\/uploads\/2026\/01\/auto_616287762_1258433713132867_1955736803170585245_n1768663430.jpg",850,573,false],"2048x2048":["https:\/\/veritasinfo.org\/wp-content\/uploads\/2026\/01\/auto_616287762_1258433713132867_1955736803170585245_n1768663430.jpg",850,573,false],"kreeti-slider-full":["https:\/\/veritasinfo.org\/wp-content\/uploads\/2026\/01\/auto_616287762_1258433713132867_1955736803170585245_n1768663430.jpg",850,573,false],"kreeti-featured":["https:\/\/veritasinfo.org\/wp-content\/uploads\/2026\/01\/auto_616287762_1258433713132867_1955736803170585245_n1768663430.jpg",850,573,false],"kreeti-medium":["https:\/\/veritasinfo.org\/wp-content\/uploads\/2026\/01\/auto_616287762_1258433713132867_1955736803170585245_n1768663430.jpg",720,485,false],"kreeti-medium-square":["https:\/\/veritasinfo.org\/wp-content\/uploads\/2026\/01\/auto_616287762_1258433713132867_1955736803170585245_n1768663430.jpg",350,236,false]},"author_info":{"info":["US6"]},"category_info":"<a href=\"https:\/\/veritasinfo.org\/?cat=60\" rel=\"category\">Shoq\u00ebrore<\/a>","tag_info":"Shoq\u00ebrore","comment_count":"0","_links":{"self":[{"href":"https:\/\/veritasinfo.org\/index.php?rest_route=\/wp\/v2\/posts\/28202","targetHints":{"allow":["GET"]}}],"collection":[{"href":"https:\/\/veritasinfo.org\/index.php?rest_route=\/wp\/v2\/posts"}],"about":[{"href":"https:\/\/veritasinfo.org\/index.php?rest_route=\/wp\/v2\/types\/post"}],"author":[{"embeddable":true,"href":"https:\/\/veritasinfo.org\/index.php?rest_route=\/wp\/v2\/users\/7"}],"replies":[{"embeddable":true,"href":"https:\/\/veritasinfo.org\/index.php?rest_route=%2Fwp%2Fv2%2Fcomments&post=28202"}],"version-history":[{"count":2,"href":"https:\/\/veritasinfo.org\/index.php?rest_route=\/wp\/v2\/posts\/28202\/revisions"}],"predecessor-version":[{"id":28207,"href":"https:\/\/veritasinfo.org\/index.php?rest_route=\/wp\/v2\/posts\/28202\/revisions\/28207"}],"wp:featuredmedia":[{"embeddable":true,"href":"https:\/\/veritasinfo.org\/index.php?rest_route=\/wp\/v2\/media\/28203"}],"wp:attachment":[{"href":"https:\/\/veritasinfo.org\/index.php?rest_route=%2Fwp%2Fv2%2Fmedia&parent=28202"}],"wp:term":[{"taxonomy":"category","embeddable":true,"href":"https:\/\/veritasinfo.org\/index.php?rest_route=%2Fwp%2Fv2%2Fcategories&post=28202"},{"taxonomy":"post_tag","embeddable":true,"href":"https:\/\/veritasinfo.org\/index.php?rest_route=%2Fwp%2Fv2%2Ftags&post=28202"}],"curies":[{"name":"wp","href":"https:\/\/api.w.org\/{rel}","templated":true}]}}