{"id":28197,"date":"2026-01-17T19:35:57","date_gmt":"2026-01-17T18:35:57","guid":{"rendered":"https:\/\/veritasinfo.org\/?p=28197"},"modified":"2026-01-17T19:35:57","modified_gmt":"2026-01-17T18:35:57","slug":"arsim-e-zanate-per-57-nxenes-me-nevoja-te-vecanta-ne-qendren-nena-tereze-ne-mitrovice","status":"publish","type":"post","link":"https:\/\/veritasinfo.org\/?p=28197","title":{"rendered":"Arsim e zanate p\u00ebr 57 nx\u00ebn\u00ebs me nevoja t\u00eb ve\u00e7anta n\u00eb Qendr\u00ebn \u201cN\u00ebna Terez\u00eb\u201d n\u00eb Mitrovic\u00eb"},"content":{"rendered":"<p>Mitrovic\u00eb, 17 janar 2026 19:35<\/p>\n<p>57 nx\u00ebn\u00ebs me nevoja t\u00eb ve\u00e7anta p\u00ebrfitojn\u00eb arsim, rehabilitim dhe aft\u00ebsim profesional n\u00eb Qendr\u00ebn Burimore \u201cN\u00ebna Terez\u00eb\u201d n\u00eb Mitrovic\u00eb. N\u00eb k\u00ebt\u00eb qend\u00ebr nj\u00eb prej institucioneve kryesore edukativo-arsimore dhe rehabilituese p\u00ebr f\u00ebmij\u00ebt me nevoja t\u00eb ve\u00e7anta, funksionojn\u00eb programet dhe ekipet mobile profesionale.<\/p>\n<p>Drejtori i Qendr\u00ebs Burimore \u201cN\u00ebna Terez\u201d, Skender Avdiu n\u00eb nj\u00eb prononcim p\u00ebr KosovaPress thekson se kjo qend\u00ebr \u00ebsht\u00eb institucion edukativ-arsimor, q\u00eb \u00e7do dit\u00eb sipas tij, zhvillohen aktivitete m\u00ebsimore dhe rehabilituese p\u00ebr nx\u00ebn\u00ebs me nevoja t\u00eb ve\u00e7anta.<\/p>\n<p>Skender Avdiu, tregon se k\u00ebta nx\u00ebn\u00ebs p\u00ebrfshihen n\u00eb programe nga intervenimi i hersh\u00ebm deri te aft\u00ebsimi profesional, ku punojn\u00eb n\u00eb profilet e zdrukth\u00ebtaris\u00eb dhe rrobaqep\u00ebsis\u00eb.<\/p>\n<p>\u201cN\u00eb qend\u00ebr vijojn\u00eb m\u00ebsimin gjithsej 57 nx\u00ebn\u00ebs, duke p\u00ebrfshir\u00eb t\u00eb gjitha nivelet e arsimit parauniversitar, duke filluar prej intervenimit t\u00eb hersh\u00ebm, nivelit 1 (klasat 1-5), nivelit 2 (klasat 6-9) dhe nivelit 3 q\u00eb \u00ebsht\u00eb arsimi dhe aft\u00ebsimi profesional n\u00eb dy drejtime apo profile profesionale, profili i zdrukth\u00ebtaris\u00eb dhe profili i rrobaqep\u00ebsis\u00eb\u201d, tha drejtori i k\u00ebsaj qendre.<\/p>\n<p>Avdiu tha se krahas pun\u00ebs q\u00eb b\u00ebhet brenda institucionit, n\u00eb Qendr\u00ebn Burimore \u201cN\u00ebna Terez\u00eb\u201d funksionon edhe ekipi mobil profesional.<\/p>\n<p>P\u00ebrve\u00e7 mb\u00ebshtetjes profesionale q\u00eb zhvillohet n\u00eb qend\u00ebr, n\u00eb qend\u00ebr \u00ebsht\u00eb funksional edhe ekipi mobil profesional, i cili jo vet\u00ebm q\u00eb ofron sh\u00ebrbime n\u00eb qend\u00ebr por ofron edhe sh\u00ebrbime profesionale p\u00ebr m\u00ebsuesit, nx\u00ebn\u00ebsit dhe prind\u00ebrit q\u00eb i ndjekin shkollat e rregullta n\u00eb 9-t\u00eb komunat e Republik\u00ebs s\u00eb Kosov\u00ebs, duke filluar nga Peja, Istogu, Klina, Vushtrri, Skenderaj, Leposaviqi, Zubin Potoku dhe Mitrovica\u201d-tha ai.<\/p>\n<p>Drejtori Avdiu tha po ashtu se procesi m\u00ebsimor n\u00eb Qendr\u00ebn Burimore \u201cN\u00ebna Terez\u00eb\u201d zhvillohet sipas korniz\u00ebs kurrikulare t\u00eb Kosov\u00ebs. Ai shtoi se m\u00ebsimi realizohet n\u00eb tre nivele dhe p\u00ebrmes planit individual t\u00eb arsimit.<\/p>\n<p>\u201cProcesi m\u00ebsimor zhvillohet sipas korniz\u00ebs kurrikulare t\u00eb Kosov\u00ebs dhe kurrikulave b\u00ebrtham\u00eb t\u00eb tri niveleve dhe realizohet p\u00ebrmes planit individual t\u00eb arsimit dhe programit t\u00eb \u00a0m\u00ebsimdh\u00ebnies n\u00eb fushat e aktiviteteve\u201d, p\u00ebrfundoi Avdiu.<\/p>\n<p>Nd\u00ebrsa, Labinot Dervishaj, psikolog n\u00eb Qendr\u00ebn Burimore \u201cN\u00ebna Terez\u00eb\u201d, ka th\u00ebn\u00eb p\u00ebr KosovaPress se aktiviteti i tij kryesor \u00ebsht\u00eb vler\u00ebsimi dhe interpretimi i nevojave t\u00eb nx\u00ebn\u00ebsve.<\/p>\n<p>Psikologu i k\u00eb saj Qendre Burimore \u201cN\u00ebna Terez\u00eb\u201d, tha se n\u00eb k\u00ebt\u00eb qend\u00ebr p\u00ebrfshihen zakonisht nx\u00ebn\u00ebsit q\u00eb nuk mund t\u00eb integrohen n\u00eb shkollat gjith\u00ebp\u00ebrfshir\u00ebse p\u00ebr shkak t\u00eb specifikave t\u00eb tyre t\u00eb ve\u00e7anta.<\/p>\n<p>\u201cN\u00eb qendr\u00ebn burimore p\u00ebrfshihen zakonisht nx\u00ebn\u00ebsit q\u00eb nuk mund t\u00eb p\u00ebrfshihen n\u00eb shkollat gjith\u00eb p\u00ebrfshir\u00eb se p\u00ebr shkak t\u00eb specifikave t\u00eb tyre te theksuara. Por paraprakisht, para se t\u00eb regjistrohen n\u00eb Qendr\u00ebn Burimore ata duhet t\u00eb vler\u00ebsohen nga ekipi vler\u00ebsues komunal, pra ekipi pedagogjik q\u00eb \u00ebsht\u00eb atje; ai e vler\u00ebson n\u00eb se ai nx\u00ebn\u00ebs \u00ebsht\u00eb p\u00ebr Qendr\u00ebn Burimore. N\u00eb momentin q\u00eb b\u00ebhet ky vler\u00ebsim at\u00ebher\u00eb ne e pranojm\u00eb, dhe fillimisht \u00ebsht\u00eb nj\u00eb periudh\u00eb tre mujore observuese apo v\u00ebzhguese t\u00eb cil\u00ebn e b\u00ebjm\u00eb me secilin nx\u00ebn\u00ebs q\u00eb regjistrohet s\u00eb pari. Pastaj p\u00ebrcaktohen aft\u00ebsit\u00eb apo objektivat t\u00eb cilat duhet t\u00eb punohen me at\u00eb nx\u00ebn\u00ebs m\u00eb tutje, edhe vler\u00ebsohet n\u00ebse \u00ebsht\u00eb p\u00ebr l\u00ebnd\u00eb te individualizuara apo p\u00ebr m\u00ebsimin sipas fushave dhe aktiviteteve\u201d- tha ai.<\/p>\n<p>&nbsp;<\/p>\n","protected":false},"excerpt":{"rendered":"<p>Mitrovic\u00eb, 17 janar 2026 19:35 57 nx\u00ebn\u00ebs me nevoja t\u00eb ve\u00e7anta p\u00ebrfitojn\u00eb arsim, rehabilitim dhe aft\u00ebsim profesional n\u00eb Qendr\u00ebn Burimore \u201cN\u00ebna Terez\u00eb\u201d n\u00eb Mitrovic\u00eb. N\u00eb<\/p>\n","protected":false},"author":7,"featured_media":28198,"comment_status":"open","ping_status":"open","sticky":false,"template":"","format":"standard","meta":{"footnotes":""},"categories":[60],"tags":[],"class_list":["post-28197","post","type-post","status-publish","format-standard","has-post-thumbnail","hentry","category-shoqerore-sq"],"yoast_head":"<!-- This site is optimized with the Yoast SEO plugin v25.3.1 - https:\/\/yoast.com\/wordpress\/plugins\/seo\/ -->\n<title>Arsim e zanate p\u00ebr 57 nx\u00ebn\u00ebs me nevoja t\u00eb ve\u00e7anta n\u00eb Qendr\u00ebn \u201cN\u00ebna Terez\u00eb\u201d n\u00eb Mitrovic\u00eb -<\/title>\n<meta name=\"robots\" content=\"index, follow, max-snippet:-1, max-image-preview:large, max-video-preview:-1\" \/>\n<link rel=\"canonical\" href=\"https:\/\/veritasinfo.org\/?p=28197\" \/>\n<meta property=\"og:locale\" content=\"en_US\" \/>\n<meta property=\"og:type\" content=\"article\" \/>\n<meta property=\"og:title\" content=\"Arsim e zanate p\u00ebr 57 nx\u00ebn\u00ebs me nevoja t\u00eb ve\u00e7anta n\u00eb Qendr\u00ebn \u201cN\u00ebna Terez\u00eb\u201d n\u00eb Mitrovic\u00eb -\" \/>\n<meta property=\"og:description\" content=\"Mitrovic\u00eb, 17 janar 2026 19:35 57 nx\u00ebn\u00ebs me nevoja t\u00eb ve\u00e7anta p\u00ebrfitojn\u00eb arsim, rehabilitim dhe aft\u00ebsim profesional n\u00eb Qendr\u00ebn Burimore \u201cN\u00ebna Terez\u00eb\u201d n\u00eb Mitrovic\u00eb. N\u00eb\" \/>\n<meta property=\"og:url\" content=\"https:\/\/veritasinfo.org\/?p=28197\" \/>\n<meta property=\"article:published_time\" content=\"2026-01-17T18:35:57+00:00\" \/>\n<meta property=\"og:image\" content=\"https:\/\/veritasinfo.org\/wp-content\/uploads\/2026\/01\/1-52.jpg\" \/>\n\t<meta property=\"og:image:width\" content=\"2048\" \/>\n\t<meta property=\"og:image:height\" content=\"1536\" \/>\n\t<meta property=\"og:image:type\" content=\"image\/jpeg\" \/>\n<meta name=\"author\" content=\"US6\" \/>\n<meta name=\"twitter:card\" content=\"summary_large_image\" \/>\n<meta name=\"twitter:label1\" content=\"Written by\" \/>\n\t<meta name=\"twitter:data1\" content=\"US6\" \/>\n\t<meta name=\"twitter:label2\" content=\"Est. reading time\" \/>\n\t<meta name=\"twitter:data2\" content=\"3 minutes\" \/>\n<script type=\"application\/ld+json\" class=\"yoast-schema-graph\">{\"@context\":\"https:\/\/schema.org\",\"@graph\":[{\"@type\":\"WebPage\",\"@id\":\"https:\/\/veritasinfo.org\/?p=28197\",\"url\":\"https:\/\/veritasinfo.org\/?p=28197\",\"name\":\"Arsim e zanate p\u00ebr 57 nx\u00ebn\u00ebs me nevoja t\u00eb ve\u00e7anta n\u00eb Qendr\u00ebn \u201cN\u00ebna Terez\u00eb\u201d n\u00eb Mitrovic\u00eb -\",\"isPartOf\":{\"@id\":\"https:\/\/veritasinfo.org\/#website\"},\"primaryImageOfPage\":{\"@id\":\"https:\/\/veritasinfo.org\/?p=28197#primaryimage\"},\"image\":{\"@id\":\"https:\/\/veritasinfo.org\/?p=28197#primaryimage\"},\"thumbnailUrl\":\"https:\/\/veritasinfo.org\/wp-content\/uploads\/2026\/01\/1-52.jpg\",\"datePublished\":\"2026-01-17T18:35:57+00:00\",\"author\":{\"@id\":\"https:\/\/veritasinfo.org\/#\/schema\/person\/fe199eede04c3937362892b7444747cc\"},\"breadcrumb\":{\"@id\":\"https:\/\/veritasinfo.org\/?p=28197#breadcrumb\"},\"inLanguage\":\"en-US\",\"potentialAction\":[{\"@type\":\"ReadAction\",\"target\":[\"https:\/\/veritasinfo.org\/?p=28197\"]}]},{\"@type\":\"ImageObject\",\"inLanguage\":\"en-US\",\"@id\":\"https:\/\/veritasinfo.org\/?p=28197#primaryimage\",\"url\":\"https:\/\/veritasinfo.org\/wp-content\/uploads\/2026\/01\/1-52.jpg\",\"contentUrl\":\"https:\/\/veritasinfo.org\/wp-content\/uploads\/2026\/01\/1-52.jpg\",\"width\":2048,\"height\":1536},{\"@type\":\"BreadcrumbList\",\"@id\":\"https:\/\/veritasinfo.org\/?p=28197#breadcrumb\",\"itemListElement\":[{\"@type\":\"ListItem\",\"position\":1,\"name\":\"Home\",\"item\":\"https:\/\/veritasinfo.org\/\"},{\"@type\":\"ListItem\",\"position\":2,\"name\":\"Arsim e zanate p\u00ebr 57 nx\u00ebn\u00ebs me nevoja t\u00eb ve\u00e7anta n\u00eb Qendr\u00ebn \u201cN\u00ebna Terez\u00eb\u201d n\u00eb Mitrovic\u00eb\"}]},{\"@type\":\"WebSite\",\"@id\":\"https:\/\/veritasinfo.org\/#website\",\"url\":\"https:\/\/veritasinfo.org\/\",\"name\":\"\",\"description\":\"\",\"potentialAction\":[{\"@type\":\"SearchAction\",\"target\":{\"@type\":\"EntryPoint\",\"urlTemplate\":\"https:\/\/veritasinfo.org\/?s={search_term_string}\"},\"query-input\":{\"@type\":\"PropertyValueSpecification\",\"valueRequired\":true,\"valueName\":\"search_term_string\"}}],\"inLanguage\":\"en-US\"},{\"@type\":\"Person\",\"@id\":\"https:\/\/veritasinfo.org\/#\/schema\/person\/fe199eede04c3937362892b7444747cc\",\"name\":\"US6\",\"image\":{\"@type\":\"ImageObject\",\"inLanguage\":\"en-US\",\"@id\":\"https:\/\/veritasinfo.org\/#\/schema\/person\/image\/\",\"url\":\"https:\/\/secure.gravatar.com\/avatar\/cb16c3c31c9d23b9b8c705964598220b3014e42ff51eb540ff23cefa3ae8c15f?s=96&d=mm&r=g\",\"contentUrl\":\"https:\/\/secure.gravatar.com\/avatar\/cb16c3c31c9d23b9b8c705964598220b3014e42ff51eb540ff23cefa3ae8c15f?s=96&d=mm&r=g\",\"caption\":\"US6\"},\"url\":\"https:\/\/veritasinfo.org\/?author=7\"}]}<\/script>\n<!-- \/ Yoast SEO plugin. -->","yoast_head_json":{"title":"Arsim e zanate p\u00ebr 57 nx\u00ebn\u00ebs me nevoja t\u00eb ve\u00e7anta n\u00eb Qendr\u00ebn \u201cN\u00ebna Terez\u00eb\u201d n\u00eb Mitrovic\u00eb -","robots":{"index":"index","follow":"follow","max-snippet":"max-snippet:-1","max-image-preview":"max-image-preview:large","max-video-preview":"max-video-preview:-1"},"canonical":"https:\/\/veritasinfo.org\/?p=28197","og_locale":"en_US","og_type":"article","og_title":"Arsim e zanate p\u00ebr 57 nx\u00ebn\u00ebs me nevoja t\u00eb ve\u00e7anta n\u00eb Qendr\u00ebn \u201cN\u00ebna Terez\u00eb\u201d n\u00eb Mitrovic\u00eb -","og_description":"Mitrovic\u00eb, 17 janar 2026 19:35 57 nx\u00ebn\u00ebs me nevoja t\u00eb ve\u00e7anta p\u00ebrfitojn\u00eb arsim, rehabilitim dhe aft\u00ebsim profesional n\u00eb Qendr\u00ebn Burimore \u201cN\u00ebna Terez\u00eb\u201d n\u00eb Mitrovic\u00eb. N\u00eb","og_url":"https:\/\/veritasinfo.org\/?p=28197","article_published_time":"2026-01-17T18:35:57+00:00","og_image":[{"width":2048,"height":1536,"url":"https:\/\/veritasinfo.org\/wp-content\/uploads\/2026\/01\/1-52.jpg","type":"image\/jpeg"}],"author":"US6","twitter_card":"summary_large_image","twitter_misc":{"Written by":"US6","Est. reading time":"3 minutes"},"schema":{"@context":"https:\/\/schema.org","@graph":[{"@type":"WebPage","@id":"https:\/\/veritasinfo.org\/?p=28197","url":"https:\/\/veritasinfo.org\/?p=28197","name":"Arsim e zanate p\u00ebr 57 nx\u00ebn\u00ebs me nevoja t\u00eb ve\u00e7anta n\u00eb Qendr\u00ebn \u201cN\u00ebna Terez\u00eb\u201d n\u00eb Mitrovic\u00eb -","isPartOf":{"@id":"https:\/\/veritasinfo.org\/#website"},"primaryImageOfPage":{"@id":"https:\/\/veritasinfo.org\/?p=28197#primaryimage"},"image":{"@id":"https:\/\/veritasinfo.org\/?p=28197#primaryimage"},"thumbnailUrl":"https:\/\/veritasinfo.org\/wp-content\/uploads\/2026\/01\/1-52.jpg","datePublished":"2026-01-17T18:35:57+00:00","author":{"@id":"https:\/\/veritasinfo.org\/#\/schema\/person\/fe199eede04c3937362892b7444747cc"},"breadcrumb":{"@id":"https:\/\/veritasinfo.org\/?p=28197#breadcrumb"},"inLanguage":"en-US","potentialAction":[{"@type":"ReadAction","target":["https:\/\/veritasinfo.org\/?p=28197"]}]},{"@type":"ImageObject","inLanguage":"en-US","@id":"https:\/\/veritasinfo.org\/?p=28197#primaryimage","url":"https:\/\/veritasinfo.org\/wp-content\/uploads\/2026\/01\/1-52.jpg","contentUrl":"https:\/\/veritasinfo.org\/wp-content\/uploads\/2026\/01\/1-52.jpg","width":2048,"height":1536},{"@type":"BreadcrumbList","@id":"https:\/\/veritasinfo.org\/?p=28197#breadcrumb","itemListElement":[{"@type":"ListItem","position":1,"name":"Home","item":"https:\/\/veritasinfo.org\/"},{"@type":"ListItem","position":2,"name":"Arsim e zanate p\u00ebr 57 nx\u00ebn\u00ebs me nevoja t\u00eb ve\u00e7anta n\u00eb Qendr\u00ebn \u201cN\u00ebna Terez\u00eb\u201d n\u00eb Mitrovic\u00eb"}]},{"@type":"WebSite","@id":"https:\/\/veritasinfo.org\/#website","url":"https:\/\/veritasinfo.org\/","name":"","description":"","potentialAction":[{"@type":"SearchAction","target":{"@type":"EntryPoint","urlTemplate":"https:\/\/veritasinfo.org\/?s={search_term_string}"},"query-input":{"@type":"PropertyValueSpecification","valueRequired":true,"valueName":"search_term_string"}}],"inLanguage":"en-US"},{"@type":"Person","@id":"https:\/\/veritasinfo.org\/#\/schema\/person\/fe199eede04c3937362892b7444747cc","name":"US6","image":{"@type":"ImageObject","inLanguage":"en-US","@id":"https:\/\/veritasinfo.org\/#\/schema\/person\/image\/","url":"https:\/\/secure.gravatar.com\/avatar\/cb16c3c31c9d23b9b8c705964598220b3014e42ff51eb540ff23cefa3ae8c15f?s=96&d=mm&r=g","contentUrl":"https:\/\/secure.gravatar.com\/avatar\/cb16c3c31c9d23b9b8c705964598220b3014e42ff51eb540ff23cefa3ae8c15f?s=96&d=mm&r=g","caption":"US6"},"url":"https:\/\/veritasinfo.org\/?author=7"}]}},"featured_image_urls":{"full":["https:\/\/veritasinfo.org\/wp-content\/uploads\/2026\/01\/1-52.jpg",2048,1536,false],"thumbnail":["https:\/\/veritasinfo.org\/wp-content\/uploads\/2026\/01\/1-52-150x150.jpg",150,150,true],"medium":["https:\/\/veritasinfo.org\/wp-content\/uploads\/2026\/01\/1-52-300x225.jpg",300,225,true],"medium_large":["https:\/\/veritasinfo.org\/wp-content\/uploads\/2026\/01\/1-52-768x576.jpg",640,480,true],"large":["https:\/\/veritasinfo.org\/wp-content\/uploads\/2026\/01\/1-52-1024x768.jpg",640,480,true],"1536x1536":["https:\/\/veritasinfo.org\/wp-content\/uploads\/2026\/01\/1-52-1536x1152.jpg",1536,1152,true],"2048x2048":["https:\/\/veritasinfo.org\/wp-content\/uploads\/2026\/01\/1-52.jpg",2048,1536,false],"kreeti-slider-full":["https:\/\/veritasinfo.org\/wp-content\/uploads\/2026\/01\/1-52.jpg",960,720,false],"kreeti-featured":["https:\/\/veritasinfo.org\/wp-content\/uploads\/2026\/01\/1-52.jpg",1024,768,false],"kreeti-medium":["https:\/\/veritasinfo.org\/wp-content\/uploads\/2026\/01\/1-52.jpg",707,530,false],"kreeti-medium-square":["https:\/\/veritasinfo.org\/wp-content\/uploads\/2026\/01\/1-52.jpg",350,263,false]},"author_info":{"info":["US6"]},"category_info":"<a href=\"https:\/\/veritasinfo.org\/?cat=60\" rel=\"category\">Shoq\u00ebrore<\/a>","tag_info":"Shoq\u00ebrore","comment_count":"0","_links":{"self":[{"href":"https:\/\/veritasinfo.org\/index.php?rest_route=\/wp\/v2\/posts\/28197","targetHints":{"allow":["GET"]}}],"collection":[{"href":"https:\/\/veritasinfo.org\/index.php?rest_route=\/wp\/v2\/posts"}],"about":[{"href":"https:\/\/veritasinfo.org\/index.php?rest_route=\/wp\/v2\/types\/post"}],"author":[{"embeddable":true,"href":"https:\/\/veritasinfo.org\/index.php?rest_route=\/wp\/v2\/users\/7"}],"replies":[{"embeddable":true,"href":"https:\/\/veritasinfo.org\/index.php?rest_route=%2Fwp%2Fv2%2Fcomments&post=28197"}],"version-history":[{"count":1,"href":"https:\/\/veritasinfo.org\/index.php?rest_route=\/wp\/v2\/posts\/28197\/revisions"}],"predecessor-version":[{"id":28199,"href":"https:\/\/veritasinfo.org\/index.php?rest_route=\/wp\/v2\/posts\/28197\/revisions\/28199"}],"wp:featuredmedia":[{"embeddable":true,"href":"https:\/\/veritasinfo.org\/index.php?rest_route=\/wp\/v2\/media\/28198"}],"wp:attachment":[{"href":"https:\/\/veritasinfo.org\/index.php?rest_route=%2Fwp%2Fv2%2Fmedia&parent=28197"}],"wp:term":[{"taxonomy":"category","embeddable":true,"href":"https:\/\/veritasinfo.org\/index.php?rest_route=%2Fwp%2Fv2%2Fcategories&post=28197"},{"taxonomy":"post_tag","embeddable":true,"href":"https:\/\/veritasinfo.org\/index.php?rest_route=%2Fwp%2Fv2%2Ftags&post=28197"}],"curies":[{"name":"wp","href":"https:\/\/api.w.org\/{rel}","templated":true}]}}