{"id":2810,"date":"2025-07-07T16:23:37","date_gmt":"2025-07-07T14:23:37","guid":{"rendered":"https:\/\/veritasinfo.org\/?p=2810"},"modified":"2025-07-07T16:23:37","modified_gmt":"2025-07-07T14:23:37","slug":"igli-tare-ardon-jasari-zeli-da-predje-u-milan-nasa-ponuda-je-veoma-dobra","status":"publish","type":"post","link":"https:\/\/veritasinfo.org\/?p=2810&lang=sr","title":{"rendered":"Igli Tare: Ardon Ja\u0161ari \u017eeli da pre\u0111e u Milan, na\u0161a ponuda je veoma dobra"},"content":{"rendered":"<p>Sportski direktor Milana, Igli Tare, govorio je za medije tokom predstavljanja trenera Masimilijana Alegrija. Tare je izjavio da Ardon Ja\u0161ari, fudbaler Club Bruggea, \u017eeli da se pridru\u017ei crveno-crnima i da je Milan ve\u0107 dostavio veoma dobru ponudu belgijskom klubu.<\/p>\n<p>&gt; \u201e\u017delim da iskoristim ovu priliku da zahvalim Alegri i njegovom stru\u010dnom \u0161tabu na entuzijazmu koji su doneli na po\u010detku ove nove avanture. Njegov dolazak u Milano odmah je prihva\u0107en \u2013 u njemu smo videli va\u017enu figuru koja \u0107e uneti iskustvo, jasne ideje i, pre svega, pobedni\u010dki mentalitet u tim\u201c, rekao je Tare.<\/p>\n<p>Na pitanje novinara o Ardon Ja\u0161ariju iz Club Bruggea, Tare je dodao:<\/p>\n<p>&gt; \u201eNe mislim da je prikladno da govorimo o tome na konferenciji za \u0161tampu vezanoj za transfere. To je situacija koju ve\u0107 poznajete i za koju smo zainteresovani, \u010dinjenica je da on \u017eeli da igra za Milan.<\/p>\n<p>Ipak, u ovom trenutku moramo po\u0161tovati dinamiku drugog kluba s kojim on ima ugovor. Verujemo da smo dali odli\u010dnu ponudu, tako\u0111e u znak po\u0161tovanja prema istoriji kluba i belgijskom fudbalu. Nadam se da \u0107e se ova pri\u010da zavr\u0161iti sre\u0107no \u2013 i za Milan i za igra\u010da\u201c, poru\u010dio je Tare.<\/p>\n<p>&nbsp;<\/p>\n<p>&nbsp;<\/p>\n<p>&nbsp;<\/p>\n<p>&nbsp;<\/p>\n","protected":false},"excerpt":{"rendered":"<p>Sportski direktor Milana, Igli Tare, govorio je za medije tokom predstavljanja trenera Masimilijana Alegrija. Tare je izjavio da Ardon Ja\u0161ari, fudbaler Club Bruggea, \u017eeli da<\/p>\n","protected":false},"author":1,"featured_media":2811,"comment_status":"open","ping_status":"open","sticky":false,"template":"","format":"standard","meta":{"footnotes":""},"categories":[36],"tags":[],"class_list":["post-2810","post","type-post","status-publish","format-standard","has-post-thumbnail","hentry","category-sport-sr"],"yoast_head":"<!-- This site is optimized with the Yoast SEO plugin v25.3.1 - https:\/\/yoast.com\/wordpress\/plugins\/seo\/ -->\n<title>Igli Tare: Ardon Ja\u0161ari \u017eeli da pre\u0111e u Milan, na\u0161a ponuda je veoma dobra -<\/title>\n<meta name=\"robots\" content=\"index, follow, max-snippet:-1, max-image-preview:large, max-video-preview:-1\" \/>\n<link rel=\"canonical\" href=\"https:\/\/veritasinfo.org\/?p=2810&lang=sr\" \/>\n<meta property=\"og:locale\" content=\"en_US\" \/>\n<meta property=\"og:type\" content=\"article\" \/>\n<meta property=\"og:title\" content=\"Igli Tare: Ardon Ja\u0161ari \u017eeli da pre\u0111e u Milan, na\u0161a ponuda je veoma dobra -\" \/>\n<meta property=\"og:description\" content=\"Sportski direktor Milana, Igli Tare, govorio je za medije tokom predstavljanja trenera Masimilijana Alegrija. Tare je izjavio da Ardon Ja\u0161ari, fudbaler Club Bruggea, \u017eeli da\" \/>\n<meta property=\"og:url\" content=\"https:\/\/veritasinfo.org\/?p=2810&amp;lang=sr\" \/>\n<meta property=\"article:published_time\" content=\"2025-07-07T14:23:37+00:00\" \/>\n<meta property=\"og:image\" content=\"https:\/\/veritasinfo.org\/wp-content\/uploads\/2025\/07\/1751896901_iglitare-1.jpg\" \/>\n\t<meta property=\"og:image:width\" content=\"780\" \/>\n\t<meta property=\"og:image:height\" content=\"440\" \/>\n\t<meta property=\"og:image:type\" content=\"image\/jpeg\" \/>\n<meta name=\"author\" content=\"admin\" \/>\n<meta name=\"twitter:card\" content=\"summary_large_image\" \/>\n<meta name=\"twitter:label1\" content=\"Written by\" \/>\n\t<meta name=\"twitter:data1\" content=\"admin\" \/>\n\t<meta name=\"twitter:label2\" content=\"Est. reading time\" \/>\n\t<meta name=\"twitter:data2\" content=\"2 minutes\" \/>\n<script type=\"application\/ld+json\" class=\"yoast-schema-graph\">{\"@context\":\"https:\/\/schema.org\",\"@graph\":[{\"@type\":\"WebPage\",\"@id\":\"https:\/\/veritasinfo.org\/?p=2810&lang=sr\",\"url\":\"https:\/\/veritasinfo.org\/?p=2810&lang=sr\",\"name\":\"Igli Tare: Ardon Ja\u0161ari \u017eeli da pre\u0111e u Milan, na\u0161a ponuda je veoma dobra -\",\"isPartOf\":{\"@id\":\"https:\/\/veritasinfo.org\/#website\"},\"primaryImageOfPage\":{\"@id\":\"https:\/\/veritasinfo.org\/?p=2810&lang=sr#primaryimage\"},\"image\":{\"@id\":\"https:\/\/veritasinfo.org\/?p=2810&lang=sr#primaryimage\"},\"thumbnailUrl\":\"https:\/\/veritasinfo.org\/wp-content\/uploads\/2025\/07\/1751896901_iglitare-1.jpg\",\"datePublished\":\"2025-07-07T14:23:37+00:00\",\"author\":{\"@id\":\"https:\/\/veritasinfo.org\/#\/schema\/person\/7701f8c088bece422266b100a712374f\"},\"breadcrumb\":{\"@id\":\"https:\/\/veritasinfo.org\/?p=2810&lang=sr#breadcrumb\"},\"inLanguage\":\"en-US\",\"potentialAction\":[{\"@type\":\"ReadAction\",\"target\":[\"https:\/\/veritasinfo.org\/?p=2810&lang=sr\"]}]},{\"@type\":\"ImageObject\",\"inLanguage\":\"en-US\",\"@id\":\"https:\/\/veritasinfo.org\/?p=2810&lang=sr#primaryimage\",\"url\":\"https:\/\/veritasinfo.org\/wp-content\/uploads\/2025\/07\/1751896901_iglitare-1.jpg\",\"contentUrl\":\"https:\/\/veritasinfo.org\/wp-content\/uploads\/2025\/07\/1751896901_iglitare-1.jpg\",\"width\":780,\"height\":440},{\"@type\":\"BreadcrumbList\",\"@id\":\"https:\/\/veritasinfo.org\/?p=2810&lang=sr#breadcrumb\",\"itemListElement\":[{\"@type\":\"ListItem\",\"position\":1,\"name\":\"Home\",\"item\":\"https:\/\/veritasinfo.org\/\"},{\"@type\":\"ListItem\",\"position\":2,\"name\":\"Igli Tare: Ardon Ja\u0161ari \u017eeli da pre\u0111e u Milan, na\u0161a ponuda je veoma dobra\"}]},{\"@type\":\"WebSite\",\"@id\":\"https:\/\/veritasinfo.org\/#website\",\"url\":\"https:\/\/veritasinfo.org\/\",\"name\":\"\",\"description\":\"\",\"potentialAction\":[{\"@type\":\"SearchAction\",\"target\":{\"@type\":\"EntryPoint\",\"urlTemplate\":\"https:\/\/veritasinfo.org\/?s={search_term_string}\"},\"query-input\":{\"@type\":\"PropertyValueSpecification\",\"valueRequired\":true,\"valueName\":\"search_term_string\"}}],\"inLanguage\":\"en-US\"},{\"@type\":\"Person\",\"@id\":\"https:\/\/veritasinfo.org\/#\/schema\/person\/7701f8c088bece422266b100a712374f\",\"name\":\"admin\",\"image\":{\"@type\":\"ImageObject\",\"inLanguage\":\"en-US\",\"@id\":\"https:\/\/veritasinfo.org\/#\/schema\/person\/image\/\",\"url\":\"https:\/\/secure.gravatar.com\/avatar\/ea53aa3bf6c9a12d5fde8ce4deff43fef3885ae33cf60184161a50d6987cfd2f?s=96&d=mm&r=g\",\"contentUrl\":\"https:\/\/secure.gravatar.com\/avatar\/ea53aa3bf6c9a12d5fde8ce4deff43fef3885ae33cf60184161a50d6987cfd2f?s=96&d=mm&r=g\",\"caption\":\"admin\"},\"sameAs\":[\"https:\/\/veritasinfo.org\"],\"url\":\"https:\/\/veritasinfo.org\/?author=1\"}]}<\/script>\n<!-- \/ Yoast SEO plugin. -->","yoast_head_json":{"title":"Igli Tare: Ardon Ja\u0161ari \u017eeli da pre\u0111e u Milan, na\u0161a ponuda je veoma dobra -","robots":{"index":"index","follow":"follow","max-snippet":"max-snippet:-1","max-image-preview":"max-image-preview:large","max-video-preview":"max-video-preview:-1"},"canonical":"https:\/\/veritasinfo.org\/?p=2810&lang=sr","og_locale":"en_US","og_type":"article","og_title":"Igli Tare: Ardon Ja\u0161ari \u017eeli da pre\u0111e u Milan, na\u0161a ponuda je veoma dobra -","og_description":"Sportski direktor Milana, Igli Tare, govorio je za medije tokom predstavljanja trenera Masimilijana Alegrija. Tare je izjavio da Ardon Ja\u0161ari, fudbaler Club Bruggea, \u017eeli da","og_url":"https:\/\/veritasinfo.org\/?p=2810&lang=sr","article_published_time":"2025-07-07T14:23:37+00:00","og_image":[{"width":780,"height":440,"url":"https:\/\/veritasinfo.org\/wp-content\/uploads\/2025\/07\/1751896901_iglitare-1.jpg","type":"image\/jpeg"}],"author":"admin","twitter_card":"summary_large_image","twitter_misc":{"Written by":"admin","Est. reading time":"2 minutes"},"schema":{"@context":"https:\/\/schema.org","@graph":[{"@type":"WebPage","@id":"https:\/\/veritasinfo.org\/?p=2810&lang=sr","url":"https:\/\/veritasinfo.org\/?p=2810&lang=sr","name":"Igli Tare: Ardon Ja\u0161ari \u017eeli da pre\u0111e u Milan, na\u0161a ponuda je veoma dobra -","isPartOf":{"@id":"https:\/\/veritasinfo.org\/#website"},"primaryImageOfPage":{"@id":"https:\/\/veritasinfo.org\/?p=2810&lang=sr#primaryimage"},"image":{"@id":"https:\/\/veritasinfo.org\/?p=2810&lang=sr#primaryimage"},"thumbnailUrl":"https:\/\/veritasinfo.org\/wp-content\/uploads\/2025\/07\/1751896901_iglitare-1.jpg","datePublished":"2025-07-07T14:23:37+00:00","author":{"@id":"https:\/\/veritasinfo.org\/#\/schema\/person\/7701f8c088bece422266b100a712374f"},"breadcrumb":{"@id":"https:\/\/veritasinfo.org\/?p=2810&lang=sr#breadcrumb"},"inLanguage":"en-US","potentialAction":[{"@type":"ReadAction","target":["https:\/\/veritasinfo.org\/?p=2810&lang=sr"]}]},{"@type":"ImageObject","inLanguage":"en-US","@id":"https:\/\/veritasinfo.org\/?p=2810&lang=sr#primaryimage","url":"https:\/\/veritasinfo.org\/wp-content\/uploads\/2025\/07\/1751896901_iglitare-1.jpg","contentUrl":"https:\/\/veritasinfo.org\/wp-content\/uploads\/2025\/07\/1751896901_iglitare-1.jpg","width":780,"height":440},{"@type":"BreadcrumbList","@id":"https:\/\/veritasinfo.org\/?p=2810&lang=sr#breadcrumb","itemListElement":[{"@type":"ListItem","position":1,"name":"Home","item":"https:\/\/veritasinfo.org\/"},{"@type":"ListItem","position":2,"name":"Igli Tare: Ardon Ja\u0161ari \u017eeli da pre\u0111e u Milan, na\u0161a ponuda je veoma dobra"}]},{"@type":"WebSite","@id":"https:\/\/veritasinfo.org\/#website","url":"https:\/\/veritasinfo.org\/","name":"","description":"","potentialAction":[{"@type":"SearchAction","target":{"@type":"EntryPoint","urlTemplate":"https:\/\/veritasinfo.org\/?s={search_term_string}"},"query-input":{"@type":"PropertyValueSpecification","valueRequired":true,"valueName":"search_term_string"}}],"inLanguage":"en-US"},{"@type":"Person","@id":"https:\/\/veritasinfo.org\/#\/schema\/person\/7701f8c088bece422266b100a712374f","name":"admin","image":{"@type":"ImageObject","inLanguage":"en-US","@id":"https:\/\/veritasinfo.org\/#\/schema\/person\/image\/","url":"https:\/\/secure.gravatar.com\/avatar\/ea53aa3bf6c9a12d5fde8ce4deff43fef3885ae33cf60184161a50d6987cfd2f?s=96&d=mm&r=g","contentUrl":"https:\/\/secure.gravatar.com\/avatar\/ea53aa3bf6c9a12d5fde8ce4deff43fef3885ae33cf60184161a50d6987cfd2f?s=96&d=mm&r=g","caption":"admin"},"sameAs":["https:\/\/veritasinfo.org"],"url":"https:\/\/veritasinfo.org\/?author=1"}]}},"featured_image_urls":{"full":["https:\/\/veritasinfo.org\/wp-content\/uploads\/2025\/07\/1751896901_iglitare-1.jpg",780,440,false],"thumbnail":["https:\/\/veritasinfo.org\/wp-content\/uploads\/2025\/07\/1751896901_iglitare-1-150x150.jpg",150,150,true],"medium":["https:\/\/veritasinfo.org\/wp-content\/uploads\/2025\/07\/1751896901_iglitare-1-300x169.jpg",300,169,true],"medium_large":["https:\/\/veritasinfo.org\/wp-content\/uploads\/2025\/07\/1751896901_iglitare-1-768x433.jpg",640,361,true],"large":["https:\/\/veritasinfo.org\/wp-content\/uploads\/2025\/07\/1751896901_iglitare-1.jpg",640,361,false],"1536x1536":["https:\/\/veritasinfo.org\/wp-content\/uploads\/2025\/07\/1751896901_iglitare-1.jpg",780,440,false],"2048x2048":["https:\/\/veritasinfo.org\/wp-content\/uploads\/2025\/07\/1751896901_iglitare-1.jpg",780,440,false],"kreeti-slider-full":["https:\/\/veritasinfo.org\/wp-content\/uploads\/2025\/07\/1751896901_iglitare-1.jpg",780,440,false],"kreeti-featured":["https:\/\/veritasinfo.org\/wp-content\/uploads\/2025\/07\/1751896901_iglitare-1.jpg",780,440,false],"kreeti-medium":["https:\/\/veritasinfo.org\/wp-content\/uploads\/2025\/07\/1751896901_iglitare-1.jpg",720,406,false],"kreeti-medium-square":["https:\/\/veritasinfo.org\/wp-content\/uploads\/2025\/07\/1751896901_iglitare-1.jpg",350,197,false]},"author_info":{"info":["admin"]},"category_info":"<a href=\"https:\/\/veritasinfo.org\/?cat=36&#038;lang=sr\" rel=\"category\">Sport<\/a>","tag_info":"Sport","comment_count":"0","_links":{"self":[{"href":"https:\/\/veritasinfo.org\/index.php?rest_route=\/wp\/v2\/posts\/2810","targetHints":{"allow":["GET"]}}],"collection":[{"href":"https:\/\/veritasinfo.org\/index.php?rest_route=\/wp\/v2\/posts"}],"about":[{"href":"https:\/\/veritasinfo.org\/index.php?rest_route=\/wp\/v2\/types\/post"}],"author":[{"embeddable":true,"href":"https:\/\/veritasinfo.org\/index.php?rest_route=\/wp\/v2\/users\/1"}],"replies":[{"embeddable":true,"href":"https:\/\/veritasinfo.org\/index.php?rest_route=%2Fwp%2Fv2%2Fcomments&post=2810"}],"version-history":[{"count":1,"href":"https:\/\/veritasinfo.org\/index.php?rest_route=\/wp\/v2\/posts\/2810\/revisions"}],"predecessor-version":[{"id":2812,"href":"https:\/\/veritasinfo.org\/index.php?rest_route=\/wp\/v2\/posts\/2810\/revisions\/2812"}],"wp:featuredmedia":[{"embeddable":true,"href":"https:\/\/veritasinfo.org\/index.php?rest_route=\/wp\/v2\/media\/2811"}],"wp:attachment":[{"href":"https:\/\/veritasinfo.org\/index.php?rest_route=%2Fwp%2Fv2%2Fmedia&parent=2810"}],"wp:term":[{"taxonomy":"category","embeddable":true,"href":"https:\/\/veritasinfo.org\/index.php?rest_route=%2Fwp%2Fv2%2Fcategories&post=2810"},{"taxonomy":"post_tag","embeddable":true,"href":"https:\/\/veritasinfo.org\/index.php?rest_route=%2Fwp%2Fv2%2Ftags&post=2810"}],"curies":[{"name":"wp","href":"https:\/\/api.w.org\/{rel}","templated":true}]}}