{"id":2804,"date":"2025-07-07T16:15:04","date_gmt":"2025-07-07T14:15:04","guid":{"rendered":"https:\/\/veritasinfo.org\/?p=2804"},"modified":"2025-07-07T16:15:04","modified_gmt":"2025-07-07T14:15:04","slug":"kosova-ne-ritmin-e-korrjes-bujqit-nga-veriu-dhe-jugu-ne-perpjekje-per-rendiment","status":"publish","type":"post","link":"https:\/\/veritasinfo.org\/?p=2804","title":{"rendered":"&#8220;Kosova n\u00eb ritmin e korrjes: Bujqit nga veriu dhe jugu n\u00eb p\u00ebrpjekje p\u00ebr rendiment"},"content":{"rendered":"<p>N\u00eb fushat e gjera anemban\u00eb Kosov\u00ebs, tashm\u00eb d\u00ebgjohet zhurma e mekanizimit, nd\u00ebrsa aroma e grurit t\u00eb sapokosur p\u00ebrhapet n\u00eb aj\u00ebr. Korrja \u00ebsht\u00eb n\u00eb kulmin e saj.<\/p>\n<p>Bujqit, p\u00ebrfshir\u00eb edhe ata nga veriu i vendit, dalin her\u00ebt n\u00eb m\u00ebngjes n\u00eb ara, me shpres\u00ebn p\u00ebr nj\u00eb sezon t\u00eb mir\u00eb, pavar\u00ebsisht sfidave t\u00eb shumta q\u00eb ka sjell\u00eb ky vit.<\/p>\n<p>Kushtet klimatike kan\u00eb qen\u00eb t\u00eb paq\u00ebndrueshme \u2013 pranvera ishte me shi, nd\u00ebrsa temperaturat e ver\u00ebs soll\u00ebn that\u00ebsir\u00eb n\u00eb disa rajone. Megjithat\u00eb, shum\u00eb bujq shpresojn\u00eb n\u00eb rendimente t\u00eb k\u00ebnaqshme.<\/p>\n<p>\u201cNuk \u00ebsht\u00eb leht\u00eb, por po luftojm\u00eb. K\u00ebt\u00eb vit gruri duket goxha mir\u00eb, edhe pse kishte shi pik\u00ebrisht kur nuk duhej\u201d, thot\u00eb Milovani, nj\u00eb bujk nga rrethina e Leposaviqit. \u201cProblemi m\u00eb i madh mbetet \u00e7mimi i shitjes, por edhe mungesa e depove dhe mb\u00ebshtetjes.\u201d<\/p>\n<p>Edhe bujqit nga jugu i Kosov\u00ebs ndajn\u00eb mendime t\u00eb ngjashme.<\/p>\n<p>\u201cPavar\u00ebsisht sfidave klimatike, rendimentet k\u00ebt\u00eb vit jan\u00eb t\u00eb k\u00ebnaqshme. Kemi m\u00eb pak probleme me shitjen sesa m\u00eb par\u00eb, por shpenzimet jan\u00eb ende t\u00eb larta\u201d, thot\u00eb Fatmiri nga K\u00e7i\u00e7i i Mitrovic\u00ebs, i cili bashk\u00eb me djemt\u00eb e tij punon rreth 10 hektar\u00eb tok\u00eb.<\/p>\n<p>Sipas t\u00eb dh\u00ebnave nga kooperativat bujq\u00ebsore lokale, pritet q\u00eb rendimenti mesatar t\u00eb jet\u00eb nga 2 deri n\u00eb 3 ton\u00eb p\u00ebr hektar \u2013 pak n\u00ebn mesataren evropiane, por n\u00eb p\u00ebrputhje me mund\u00ebsit\u00eb e bujq\u00ebsis\u00eb vendore.<\/p>\n<p>Bujqit theksojn\u00eb edhe \u00e7mimet e larta t\u00eb far\u00ebrave dhe materialeve ndihm\u00ebse si sfida shtes\u00eb, por fal\u00eb mekanizimit dhe pun\u00ebs familjare, shumica arrijn\u00eb t\u00eb p\u00ebrfundojn\u00eb pun\u00ebn me koh\u00eb.<\/p>\n<p>\u201c\u00c7do vit \u00ebsht\u00eb nj\u00eb betej\u00eb, por nuk mund ta l\u00ebm\u00eb tok\u00ebn. \u00cbsht\u00eb tradita jon\u00eb\u201d, shton Zorica nga Zubin Potoku, e cila punon tok\u00ebn me familjen e saj.<\/p>\n<p>N\u00eb disa pjes\u00eb t\u00eb Kosov\u00ebs, komunat ndihmojn\u00eb me subvencione p\u00ebr karburant ose me qira t\u00eb kombajnave, por shumica e bujqve mendojn\u00eb se mb\u00ebshtetja sistemike ende mungon. Po ashtu, gjithnj\u00eb e m\u00eb shum\u00eb t\u00eb rinj po largohen nga fshatrat, gj\u00eb q\u00eb e v\u00ebshtir\u00ebson edhe m\u00eb shum\u00eb mbijetes\u00ebn e fermave familjare.<\/p>\n<p>Sa i p\u00ebrket mb\u00ebshtetjes nga niveli qendror, bujqit thon\u00eb se subvencionet prej 300 deri n\u00eb 350 euro p\u00ebr hektar jan\u00eb t\u00eb rregullta dhe i ndihmojn\u00eb shum\u00eb.<\/p>\n<p>Megjithat\u00eb, korrja, p\u00ebrve\u00e7se sh\u00ebnon fundin e nj\u00eb sezoni bujq\u00ebsor, ka edhe nj\u00eb dometh\u00ebnie simbolike \u2013 \u00ebsht\u00eb kuror\u00ebzimi i nj\u00eb viti t\u00eb t\u00ebr\u00eb pune dhe p\u00ebrpjekjeje.<\/p>\n<p><img fetchpriority=\"high\" decoding=\"async\" class=\"alignnone size-medium wp-image-2805\" src=\"https:\/\/veritasinfo.org\/wp-content\/uploads\/2025\/07\/IMG-20250707-WA0003-300x251.jpg\" alt=\"\" width=\"300\" height=\"251\" srcset=\"https:\/\/veritasinfo.org\/wp-content\/uploads\/2025\/07\/IMG-20250707-WA0003-300x251.jpg 300w, https:\/\/veritasinfo.org\/wp-content\/uploads\/2025\/07\/IMG-20250707-WA0003-768x644.jpg 768w, https:\/\/veritasinfo.org\/wp-content\/uploads\/2025\/07\/IMG-20250707-WA0003.jpg 940w\" sizes=\"(max-width: 300px) 100vw, 300px\" \/><\/p>\n<p>&nbsp;<\/p>\n","protected":false},"excerpt":{"rendered":"<p>N\u00eb fushat e gjera anemban\u00eb Kosov\u00ebs, tashm\u00eb d\u00ebgjohet zhurma e mekanizimit, nd\u00ebrsa aroma e grurit t\u00eb sapokosur p\u00ebrhapet n\u00eb aj\u00ebr. Korrja \u00ebsht\u00eb n\u00eb kulmin e<\/p>\n","protected":false},"author":1,"featured_media":2806,"comment_status":"open","ping_status":"open","sticky":false,"template":"","format":"standard","meta":{"footnotes":""},"categories":[60],"tags":[],"class_list":["post-2804","post","type-post","status-publish","format-standard","has-post-thumbnail","hentry","category-shoqerore-sq"],"yoast_head":"<!-- This site is optimized with the Yoast SEO plugin v25.3.1 - https:\/\/yoast.com\/wordpress\/plugins\/seo\/ -->\n<title>&quot;Kosova n\u00eb ritmin e korrjes: Bujqit nga veriu dhe jugu n\u00eb p\u00ebrpjekje p\u00ebr rendiment -<\/title>\n<meta name=\"robots\" content=\"index, follow, max-snippet:-1, max-image-preview:large, max-video-preview:-1\" \/>\n<link rel=\"canonical\" href=\"https:\/\/veritasinfo.org\/?p=2804\" \/>\n<meta property=\"og:locale\" content=\"en_US\" \/>\n<meta property=\"og:type\" content=\"article\" \/>\n<meta property=\"og:title\" content=\"&quot;Kosova n\u00eb ritmin e korrjes: Bujqit nga veriu dhe jugu n\u00eb p\u00ebrpjekje p\u00ebr rendiment -\" \/>\n<meta property=\"og:description\" content=\"N\u00eb fushat e gjera anemban\u00eb Kosov\u00ebs, tashm\u00eb d\u00ebgjohet zhurma e mekanizimit, nd\u00ebrsa aroma e grurit t\u00eb sapokosur p\u00ebrhapet n\u00eb aj\u00ebr. Korrja \u00ebsht\u00eb n\u00eb kulmin e\" \/>\n<meta property=\"og:url\" content=\"https:\/\/veritasinfo.org\/?p=2804\" \/>\n<meta property=\"article:published_time\" content=\"2025-07-07T14:15:04+00:00\" \/>\n<meta property=\"og:image\" content=\"https:\/\/veritasinfo.org\/wp-content\/uploads\/2025\/07\/IMG-20250707-WA0004.jpg\" \/>\n\t<meta property=\"og:image:width\" content=\"940\" \/>\n\t<meta property=\"og:image:height\" content=\"788\" \/>\n\t<meta property=\"og:image:type\" content=\"image\/jpeg\" \/>\n<meta name=\"author\" content=\"admin\" \/>\n<meta name=\"twitter:card\" content=\"summary_large_image\" \/>\n<meta name=\"twitter:label1\" content=\"Written by\" \/>\n\t<meta name=\"twitter:data1\" content=\"admin\" \/>\n\t<meta name=\"twitter:label2\" content=\"Est. reading time\" \/>\n\t<meta name=\"twitter:data2\" content=\"2 minutes\" \/>\n<script type=\"application\/ld+json\" class=\"yoast-schema-graph\">{\"@context\":\"https:\/\/schema.org\",\"@graph\":[{\"@type\":\"WebPage\",\"@id\":\"https:\/\/veritasinfo.org\/?p=2804\",\"url\":\"https:\/\/veritasinfo.org\/?p=2804\",\"name\":\"\\\"Kosova n\u00eb ritmin e korrjes: Bujqit nga veriu dhe jugu n\u00eb p\u00ebrpjekje p\u00ebr rendiment -\",\"isPartOf\":{\"@id\":\"https:\/\/veritasinfo.org\/#website\"},\"primaryImageOfPage\":{\"@id\":\"https:\/\/veritasinfo.org\/?p=2804#primaryimage\"},\"image\":{\"@id\":\"https:\/\/veritasinfo.org\/?p=2804#primaryimage\"},\"thumbnailUrl\":\"https:\/\/veritasinfo.org\/wp-content\/uploads\/2025\/07\/IMG-20250707-WA0004.jpg\",\"datePublished\":\"2025-07-07T14:15:04+00:00\",\"author\":{\"@id\":\"https:\/\/veritasinfo.org\/#\/schema\/person\/7701f8c088bece422266b100a712374f\"},\"breadcrumb\":{\"@id\":\"https:\/\/veritasinfo.org\/?p=2804#breadcrumb\"},\"inLanguage\":\"en-US\",\"potentialAction\":[{\"@type\":\"ReadAction\",\"target\":[\"https:\/\/veritasinfo.org\/?p=2804\"]}]},{\"@type\":\"ImageObject\",\"inLanguage\":\"en-US\",\"@id\":\"https:\/\/veritasinfo.org\/?p=2804#primaryimage\",\"url\":\"https:\/\/veritasinfo.org\/wp-content\/uploads\/2025\/07\/IMG-20250707-WA0004.jpg\",\"contentUrl\":\"https:\/\/veritasinfo.org\/wp-content\/uploads\/2025\/07\/IMG-20250707-WA0004.jpg\",\"width\":940,\"height\":788},{\"@type\":\"BreadcrumbList\",\"@id\":\"https:\/\/veritasinfo.org\/?p=2804#breadcrumb\",\"itemListElement\":[{\"@type\":\"ListItem\",\"position\":1,\"name\":\"Home\",\"item\":\"https:\/\/veritasinfo.org\/\"},{\"@type\":\"ListItem\",\"position\":2,\"name\":\"&#8220;Kosova n\u00eb ritmin e korrjes: Bujqit nga veriu dhe jugu n\u00eb p\u00ebrpjekje p\u00ebr rendiment\"}]},{\"@type\":\"WebSite\",\"@id\":\"https:\/\/veritasinfo.org\/#website\",\"url\":\"https:\/\/veritasinfo.org\/\",\"name\":\"\",\"description\":\"\",\"potentialAction\":[{\"@type\":\"SearchAction\",\"target\":{\"@type\":\"EntryPoint\",\"urlTemplate\":\"https:\/\/veritasinfo.org\/?s={search_term_string}\"},\"query-input\":{\"@type\":\"PropertyValueSpecification\",\"valueRequired\":true,\"valueName\":\"search_term_string\"}}],\"inLanguage\":\"en-US\"},{\"@type\":\"Person\",\"@id\":\"https:\/\/veritasinfo.org\/#\/schema\/person\/7701f8c088bece422266b100a712374f\",\"name\":\"admin\",\"image\":{\"@type\":\"ImageObject\",\"inLanguage\":\"en-US\",\"@id\":\"https:\/\/veritasinfo.org\/#\/schema\/person\/image\/\",\"url\":\"https:\/\/secure.gravatar.com\/avatar\/ea53aa3bf6c9a12d5fde8ce4deff43fef3885ae33cf60184161a50d6987cfd2f?s=96&d=mm&r=g\",\"contentUrl\":\"https:\/\/secure.gravatar.com\/avatar\/ea53aa3bf6c9a12d5fde8ce4deff43fef3885ae33cf60184161a50d6987cfd2f?s=96&d=mm&r=g\",\"caption\":\"admin\"},\"sameAs\":[\"https:\/\/veritasinfo.org\"],\"url\":\"https:\/\/veritasinfo.org\/?author=1\"}]}<\/script>\n<!-- \/ Yoast SEO plugin. -->","yoast_head_json":{"title":"\"Kosova n\u00eb ritmin e korrjes: Bujqit nga veriu dhe jugu n\u00eb p\u00ebrpjekje p\u00ebr rendiment -","robots":{"index":"index","follow":"follow","max-snippet":"max-snippet:-1","max-image-preview":"max-image-preview:large","max-video-preview":"max-video-preview:-1"},"canonical":"https:\/\/veritasinfo.org\/?p=2804","og_locale":"en_US","og_type":"article","og_title":"\"Kosova n\u00eb ritmin e korrjes: Bujqit nga veriu dhe jugu n\u00eb p\u00ebrpjekje p\u00ebr rendiment -","og_description":"N\u00eb fushat e gjera anemban\u00eb Kosov\u00ebs, tashm\u00eb d\u00ebgjohet zhurma e mekanizimit, nd\u00ebrsa aroma e grurit t\u00eb sapokosur p\u00ebrhapet n\u00eb aj\u00ebr. Korrja \u00ebsht\u00eb n\u00eb kulmin e","og_url":"https:\/\/veritasinfo.org\/?p=2804","article_published_time":"2025-07-07T14:15:04+00:00","og_image":[{"width":940,"height":788,"url":"https:\/\/veritasinfo.org\/wp-content\/uploads\/2025\/07\/IMG-20250707-WA0004.jpg","type":"image\/jpeg"}],"author":"admin","twitter_card":"summary_large_image","twitter_misc":{"Written by":"admin","Est. reading time":"2 minutes"},"schema":{"@context":"https:\/\/schema.org","@graph":[{"@type":"WebPage","@id":"https:\/\/veritasinfo.org\/?p=2804","url":"https:\/\/veritasinfo.org\/?p=2804","name":"\"Kosova n\u00eb ritmin e korrjes: Bujqit nga veriu dhe jugu n\u00eb p\u00ebrpjekje p\u00ebr rendiment -","isPartOf":{"@id":"https:\/\/veritasinfo.org\/#website"},"primaryImageOfPage":{"@id":"https:\/\/veritasinfo.org\/?p=2804#primaryimage"},"image":{"@id":"https:\/\/veritasinfo.org\/?p=2804#primaryimage"},"thumbnailUrl":"https:\/\/veritasinfo.org\/wp-content\/uploads\/2025\/07\/IMG-20250707-WA0004.jpg","datePublished":"2025-07-07T14:15:04+00:00","author":{"@id":"https:\/\/veritasinfo.org\/#\/schema\/person\/7701f8c088bece422266b100a712374f"},"breadcrumb":{"@id":"https:\/\/veritasinfo.org\/?p=2804#breadcrumb"},"inLanguage":"en-US","potentialAction":[{"@type":"ReadAction","target":["https:\/\/veritasinfo.org\/?p=2804"]}]},{"@type":"ImageObject","inLanguage":"en-US","@id":"https:\/\/veritasinfo.org\/?p=2804#primaryimage","url":"https:\/\/veritasinfo.org\/wp-content\/uploads\/2025\/07\/IMG-20250707-WA0004.jpg","contentUrl":"https:\/\/veritasinfo.org\/wp-content\/uploads\/2025\/07\/IMG-20250707-WA0004.jpg","width":940,"height":788},{"@type":"BreadcrumbList","@id":"https:\/\/veritasinfo.org\/?p=2804#breadcrumb","itemListElement":[{"@type":"ListItem","position":1,"name":"Home","item":"https:\/\/veritasinfo.org\/"},{"@type":"ListItem","position":2,"name":"&#8220;Kosova n\u00eb ritmin e korrjes: Bujqit nga veriu dhe jugu n\u00eb p\u00ebrpjekje p\u00ebr rendiment"}]},{"@type":"WebSite","@id":"https:\/\/veritasinfo.org\/#website","url":"https:\/\/veritasinfo.org\/","name":"","description":"","potentialAction":[{"@type":"SearchAction","target":{"@type":"EntryPoint","urlTemplate":"https:\/\/veritasinfo.org\/?s={search_term_string}"},"query-input":{"@type":"PropertyValueSpecification","valueRequired":true,"valueName":"search_term_string"}}],"inLanguage":"en-US"},{"@type":"Person","@id":"https:\/\/veritasinfo.org\/#\/schema\/person\/7701f8c088bece422266b100a712374f","name":"admin","image":{"@type":"ImageObject","inLanguage":"en-US","@id":"https:\/\/veritasinfo.org\/#\/schema\/person\/image\/","url":"https:\/\/secure.gravatar.com\/avatar\/ea53aa3bf6c9a12d5fde8ce4deff43fef3885ae33cf60184161a50d6987cfd2f?s=96&d=mm&r=g","contentUrl":"https:\/\/secure.gravatar.com\/avatar\/ea53aa3bf6c9a12d5fde8ce4deff43fef3885ae33cf60184161a50d6987cfd2f?s=96&d=mm&r=g","caption":"admin"},"sameAs":["https:\/\/veritasinfo.org"],"url":"https:\/\/veritasinfo.org\/?author=1"}]}},"featured_image_urls":{"full":["https:\/\/veritasinfo.org\/wp-content\/uploads\/2025\/07\/IMG-20250707-WA0004.jpg",940,788,false],"thumbnail":["https:\/\/veritasinfo.org\/wp-content\/uploads\/2025\/07\/IMG-20250707-WA0004-150x150.jpg",150,150,true],"medium":["https:\/\/veritasinfo.org\/wp-content\/uploads\/2025\/07\/IMG-20250707-WA0004-300x251.jpg",300,251,true],"medium_large":["https:\/\/veritasinfo.org\/wp-content\/uploads\/2025\/07\/IMG-20250707-WA0004-768x644.jpg",640,537,true],"large":["https:\/\/veritasinfo.org\/wp-content\/uploads\/2025\/07\/IMG-20250707-WA0004.jpg",640,537,false],"1536x1536":["https:\/\/veritasinfo.org\/wp-content\/uploads\/2025\/07\/IMG-20250707-WA0004.jpg",940,788,false],"2048x2048":["https:\/\/veritasinfo.org\/wp-content\/uploads\/2025\/07\/IMG-20250707-WA0004.jpg",940,788,false],"kreeti-slider-full":["https:\/\/veritasinfo.org\/wp-content\/uploads\/2025\/07\/IMG-20250707-WA0004.jpg",859,720,false],"kreeti-featured":["https:\/\/veritasinfo.org\/wp-content\/uploads\/2025\/07\/IMG-20250707-WA0004.jpg",940,788,false],"kreeti-medium":["https:\/\/veritasinfo.org\/wp-content\/uploads\/2025\/07\/IMG-20250707-WA0004.jpg",632,530,false],"kreeti-medium-square":["https:\/\/veritasinfo.org\/wp-content\/uploads\/2025\/07\/IMG-20250707-WA0004.jpg",350,293,false]},"author_info":{"info":["admin"]},"category_info":"<a href=\"https:\/\/veritasinfo.org\/?cat=60\" rel=\"category\">Shoq\u00ebrore<\/a>","tag_info":"Shoq\u00ebrore","comment_count":"0","_links":{"self":[{"href":"https:\/\/veritasinfo.org\/index.php?rest_route=\/wp\/v2\/posts\/2804","targetHints":{"allow":["GET"]}}],"collection":[{"href":"https:\/\/veritasinfo.org\/index.php?rest_route=\/wp\/v2\/posts"}],"about":[{"href":"https:\/\/veritasinfo.org\/index.php?rest_route=\/wp\/v2\/types\/post"}],"author":[{"embeddable":true,"href":"https:\/\/veritasinfo.org\/index.php?rest_route=\/wp\/v2\/users\/1"}],"replies":[{"embeddable":true,"href":"https:\/\/veritasinfo.org\/index.php?rest_route=%2Fwp%2Fv2%2Fcomments&post=2804"}],"version-history":[{"count":1,"href":"https:\/\/veritasinfo.org\/index.php?rest_route=\/wp\/v2\/posts\/2804\/revisions"}],"predecessor-version":[{"id":2807,"href":"https:\/\/veritasinfo.org\/index.php?rest_route=\/wp\/v2\/posts\/2804\/revisions\/2807"}],"wp:featuredmedia":[{"embeddable":true,"href":"https:\/\/veritasinfo.org\/index.php?rest_route=\/wp\/v2\/media\/2806"}],"wp:attachment":[{"href":"https:\/\/veritasinfo.org\/index.php?rest_route=%2Fwp%2Fv2%2Fmedia&parent=2804"}],"wp:term":[{"taxonomy":"category","embeddable":true,"href":"https:\/\/veritasinfo.org\/index.php?rest_route=%2Fwp%2Fv2%2Fcategories&post=2804"},{"taxonomy":"post_tag","embeddable":true,"href":"https:\/\/veritasinfo.org\/index.php?rest_route=%2Fwp%2Fv2%2Ftags&post=2804"}],"curies":[{"name":"wp","href":"https:\/\/api.w.org\/{rel}","templated":true}]}}