{"id":2798,"date":"2025-07-07T15:08:26","date_gmt":"2025-07-07T13:08:26","guid":{"rendered":"https:\/\/veritasinfo.org\/?p=2798"},"modified":"2025-07-07T15:08:26","modified_gmt":"2025-07-07T13:08:26","slug":"opera-e-kosoves-sjell-ne-prishtine-premieren-e-operes-carmen","status":"publish","type":"post","link":"https:\/\/veritasinfo.org\/?p=2798","title":{"rendered":"Opera e Kosov\u00ebs sjell n\u00eb Prishtin\u00eb premier\u00ebn e oper\u00ebs `Carmen`"},"content":{"rendered":"<p>Prishtin\u00eb, 07 Korrik 2025<\/p>\n<p><strong>Kat\u00ebr aktet e oper\u00ebs `Carmen` nga kompozitori francez Georges Bizet do t\u00eb performohen n\u00eb Prishtin\u00eb m\u00eb 22 dhe 24 korrik, n\u00eb kuad\u00ebr t\u00eb organizimit t\u00eb Oper\u00ebs s\u00eb Kosov\u00ebs.<\/strong><\/p>\n<p>&nbsp;<\/p>\n<p>Opera &#8216;Carmen&#8217;, e bazuar n\u00eb novel\u00ebn e Prosper M\u00e9rim\u00e9e, \u00ebsht\u00eb nj\u00eb nga veprat m\u00eb ikonike t\u00eb muzik\u00ebs klasike dhe realizmit operistik, dhe vazhdon t\u00eb jet\u00eb nj\u00eb nga kryeveprat m\u00eb t\u00eb njohura dhe t\u00eb interpretuara n\u00eb mbar\u00eb bot\u00ebn.<\/p>\n<p>\u201cCarmen\u201d vjen p\u00ebr her\u00eb t\u00eb par\u00eb n\u00eb k\u00ebt\u00eb form\u00eb madh\u00ebshtore n\u00eb kryeqytetin e Kosov\u00ebs, e cila shfaq historin\u00eb e nj\u00eb gruaje t\u00eb lir\u00eb dhe t\u00eb pavarur dhe lidhjen e saj dashurore, pasionante e destruktive me Don Jose. Opera shkrihet n\u00eb g\u00ebrshetimin e dashuris\u00eb, pasionit, liris\u00eb, obsesionit dhe tragjedis\u00eb.<\/p>\n<p>Carmen p\u00ebrb\u00ebn nj\u00eb ur\u00eb lidh\u00ebse midis tradit\u00ebs s\u00eb op\u00e9ra comique dhe realizmit apo verismo-s, q\u00eb karakterizoi oper\u00ebn italiane t\u00eb fundit t\u00eb shekullit XIX. Muzika e Carmen-it \u00ebsht\u00eb vler\u00ebsuar gjer\u00ebsisht p\u00ebr brilanc\u00ebn e melodis\u00eb, harmonis\u00eb, atmosfer\u00ebs dhe orkestracionit, si dhe p\u00ebr mjesht\u00ebrin\u00eb me t\u00eb cil\u00ebn paraqiten emocionet dhe vuajtjet e personazheve.<\/p>\n<p>Premiera jepet t\u00eb mart\u00ebn, m\u00eb 22 korrik nga ora 20:30, nd\u00ebrsa rishfaqja t\u00eb enjten, m\u00eb 24 korrik 2025.<\/p>\n<p>&nbsp;<\/p>\n","protected":false},"excerpt":{"rendered":"<p>Prishtin\u00eb, 07 Korrik 2025 Kat\u00ebr aktet e oper\u00ebs `Carmen` nga kompozitori francez Georges Bizet do t\u00eb performohen n\u00eb Prishtin\u00eb m\u00eb 22 dhe 24 korrik, n\u00eb<\/p>\n","protected":false},"author":1,"featured_media":2799,"comment_status":"open","ping_status":"open","sticky":false,"template":"","format":"standard","meta":{"footnotes":""},"categories":[54],"tags":[],"class_list":["post-2798","post","type-post","status-publish","format-standard","has-post-thumbnail","hentry","category-kulture-sq"],"yoast_head":"<!-- This site is optimized with the Yoast SEO plugin v25.3.1 - https:\/\/yoast.com\/wordpress\/plugins\/seo\/ -->\n<title>Opera e Kosov\u00ebs sjell n\u00eb Prishtin\u00eb premier\u00ebn e oper\u00ebs `Carmen` -<\/title>\n<meta name=\"robots\" content=\"index, follow, max-snippet:-1, max-image-preview:large, max-video-preview:-1\" \/>\n<link rel=\"canonical\" href=\"https:\/\/veritasinfo.org\/?p=2798\" \/>\n<meta property=\"og:locale\" content=\"en_US\" \/>\n<meta property=\"og:type\" content=\"article\" \/>\n<meta property=\"og:title\" content=\"Opera e Kosov\u00ebs sjell n\u00eb Prishtin\u00eb premier\u00ebn e oper\u00ebs `Carmen` -\" \/>\n<meta property=\"og:description\" content=\"Prishtin\u00eb, 07 Korrik 2025 Kat\u00ebr aktet e oper\u00ebs `Carmen` nga kompozitori francez Georges Bizet do t\u00eb performohen n\u00eb Prishtin\u00eb m\u00eb 22 dhe 24 korrik, n\u00eb\" \/>\n<meta property=\"og:url\" content=\"https:\/\/veritasinfo.org\/?p=2798\" \/>\n<meta property=\"article:published_time\" content=\"2025-07-07T13:08:26+00:00\" \/>\n<meta property=\"og:image\" content=\"https:\/\/veritasinfo.org\/wp-content\/uploads\/2025\/07\/IMG_1757.jpeg\" \/>\n\t<meta property=\"og:image:width\" content=\"780\" \/>\n\t<meta property=\"og:image:height\" content=\"500\" \/>\n\t<meta property=\"og:image:type\" content=\"image\/jpeg\" \/>\n<meta name=\"author\" content=\"admin\" \/>\n<meta name=\"twitter:card\" content=\"summary_large_image\" \/>\n<meta name=\"twitter:label1\" content=\"Written by\" \/>\n\t<meta name=\"twitter:data1\" content=\"admin\" \/>\n\t<meta name=\"twitter:label2\" content=\"Est. reading time\" \/>\n\t<meta name=\"twitter:data2\" content=\"2 minutes\" \/>\n<script type=\"application\/ld+json\" class=\"yoast-schema-graph\">{\"@context\":\"https:\/\/schema.org\",\"@graph\":[{\"@type\":\"WebPage\",\"@id\":\"https:\/\/veritasinfo.org\/?p=2798\",\"url\":\"https:\/\/veritasinfo.org\/?p=2798\",\"name\":\"Opera e Kosov\u00ebs sjell n\u00eb Prishtin\u00eb premier\u00ebn e oper\u00ebs `Carmen` -\",\"isPartOf\":{\"@id\":\"https:\/\/veritasinfo.org\/#website\"},\"primaryImageOfPage\":{\"@id\":\"https:\/\/veritasinfo.org\/?p=2798#primaryimage\"},\"image\":{\"@id\":\"https:\/\/veritasinfo.org\/?p=2798#primaryimage\"},\"thumbnailUrl\":\"https:\/\/veritasinfo.org\/wp-content\/uploads\/2025\/07\/IMG_1757.jpeg\",\"datePublished\":\"2025-07-07T13:08:26+00:00\",\"author\":{\"@id\":\"https:\/\/veritasinfo.org\/#\/schema\/person\/7701f8c088bece422266b100a712374f\"},\"breadcrumb\":{\"@id\":\"https:\/\/veritasinfo.org\/?p=2798#breadcrumb\"},\"inLanguage\":\"en-US\",\"potentialAction\":[{\"@type\":\"ReadAction\",\"target\":[\"https:\/\/veritasinfo.org\/?p=2798\"]}]},{\"@type\":\"ImageObject\",\"inLanguage\":\"en-US\",\"@id\":\"https:\/\/veritasinfo.org\/?p=2798#primaryimage\",\"url\":\"https:\/\/veritasinfo.org\/wp-content\/uploads\/2025\/07\/IMG_1757.jpeg\",\"contentUrl\":\"https:\/\/veritasinfo.org\/wp-content\/uploads\/2025\/07\/IMG_1757.jpeg\",\"width\":780,\"height\":500},{\"@type\":\"BreadcrumbList\",\"@id\":\"https:\/\/veritasinfo.org\/?p=2798#breadcrumb\",\"itemListElement\":[{\"@type\":\"ListItem\",\"position\":1,\"name\":\"Home\",\"item\":\"https:\/\/veritasinfo.org\/\"},{\"@type\":\"ListItem\",\"position\":2,\"name\":\"Opera e Kosov\u00ebs sjell n\u00eb Prishtin\u00eb premier\u00ebn e oper\u00ebs `Carmen`\"}]},{\"@type\":\"WebSite\",\"@id\":\"https:\/\/veritasinfo.org\/#website\",\"url\":\"https:\/\/veritasinfo.org\/\",\"name\":\"\",\"description\":\"\",\"potentialAction\":[{\"@type\":\"SearchAction\",\"target\":{\"@type\":\"EntryPoint\",\"urlTemplate\":\"https:\/\/veritasinfo.org\/?s={search_term_string}\"},\"query-input\":{\"@type\":\"PropertyValueSpecification\",\"valueRequired\":true,\"valueName\":\"search_term_string\"}}],\"inLanguage\":\"en-US\"},{\"@type\":\"Person\",\"@id\":\"https:\/\/veritasinfo.org\/#\/schema\/person\/7701f8c088bece422266b100a712374f\",\"name\":\"admin\",\"image\":{\"@type\":\"ImageObject\",\"inLanguage\":\"en-US\",\"@id\":\"https:\/\/veritasinfo.org\/#\/schema\/person\/image\/\",\"url\":\"https:\/\/secure.gravatar.com\/avatar\/ea53aa3bf6c9a12d5fde8ce4deff43fef3885ae33cf60184161a50d6987cfd2f?s=96&d=mm&r=g\",\"contentUrl\":\"https:\/\/secure.gravatar.com\/avatar\/ea53aa3bf6c9a12d5fde8ce4deff43fef3885ae33cf60184161a50d6987cfd2f?s=96&d=mm&r=g\",\"caption\":\"admin\"},\"sameAs\":[\"https:\/\/veritasinfo.org\"],\"url\":\"https:\/\/veritasinfo.org\/?author=1\"}]}<\/script>\n<!-- \/ Yoast SEO plugin. -->","yoast_head_json":{"title":"Opera e Kosov\u00ebs sjell n\u00eb Prishtin\u00eb premier\u00ebn e oper\u00ebs `Carmen` -","robots":{"index":"index","follow":"follow","max-snippet":"max-snippet:-1","max-image-preview":"max-image-preview:large","max-video-preview":"max-video-preview:-1"},"canonical":"https:\/\/veritasinfo.org\/?p=2798","og_locale":"en_US","og_type":"article","og_title":"Opera e Kosov\u00ebs sjell n\u00eb Prishtin\u00eb premier\u00ebn e oper\u00ebs `Carmen` -","og_description":"Prishtin\u00eb, 07 Korrik 2025 Kat\u00ebr aktet e oper\u00ebs `Carmen` nga kompozitori francez Georges Bizet do t\u00eb performohen n\u00eb Prishtin\u00eb m\u00eb 22 dhe 24 korrik, n\u00eb","og_url":"https:\/\/veritasinfo.org\/?p=2798","article_published_time":"2025-07-07T13:08:26+00:00","og_image":[{"width":780,"height":500,"url":"https:\/\/veritasinfo.org\/wp-content\/uploads\/2025\/07\/IMG_1757.jpeg","type":"image\/jpeg"}],"author":"admin","twitter_card":"summary_large_image","twitter_misc":{"Written by":"admin","Est. reading time":"2 minutes"},"schema":{"@context":"https:\/\/schema.org","@graph":[{"@type":"WebPage","@id":"https:\/\/veritasinfo.org\/?p=2798","url":"https:\/\/veritasinfo.org\/?p=2798","name":"Opera e Kosov\u00ebs sjell n\u00eb Prishtin\u00eb premier\u00ebn e oper\u00ebs `Carmen` -","isPartOf":{"@id":"https:\/\/veritasinfo.org\/#website"},"primaryImageOfPage":{"@id":"https:\/\/veritasinfo.org\/?p=2798#primaryimage"},"image":{"@id":"https:\/\/veritasinfo.org\/?p=2798#primaryimage"},"thumbnailUrl":"https:\/\/veritasinfo.org\/wp-content\/uploads\/2025\/07\/IMG_1757.jpeg","datePublished":"2025-07-07T13:08:26+00:00","author":{"@id":"https:\/\/veritasinfo.org\/#\/schema\/person\/7701f8c088bece422266b100a712374f"},"breadcrumb":{"@id":"https:\/\/veritasinfo.org\/?p=2798#breadcrumb"},"inLanguage":"en-US","potentialAction":[{"@type":"ReadAction","target":["https:\/\/veritasinfo.org\/?p=2798"]}]},{"@type":"ImageObject","inLanguage":"en-US","@id":"https:\/\/veritasinfo.org\/?p=2798#primaryimage","url":"https:\/\/veritasinfo.org\/wp-content\/uploads\/2025\/07\/IMG_1757.jpeg","contentUrl":"https:\/\/veritasinfo.org\/wp-content\/uploads\/2025\/07\/IMG_1757.jpeg","width":780,"height":500},{"@type":"BreadcrumbList","@id":"https:\/\/veritasinfo.org\/?p=2798#breadcrumb","itemListElement":[{"@type":"ListItem","position":1,"name":"Home","item":"https:\/\/veritasinfo.org\/"},{"@type":"ListItem","position":2,"name":"Opera e Kosov\u00ebs sjell n\u00eb Prishtin\u00eb premier\u00ebn e oper\u00ebs `Carmen`"}]},{"@type":"WebSite","@id":"https:\/\/veritasinfo.org\/#website","url":"https:\/\/veritasinfo.org\/","name":"","description":"","potentialAction":[{"@type":"SearchAction","target":{"@type":"EntryPoint","urlTemplate":"https:\/\/veritasinfo.org\/?s={search_term_string}"},"query-input":{"@type":"PropertyValueSpecification","valueRequired":true,"valueName":"search_term_string"}}],"inLanguage":"en-US"},{"@type":"Person","@id":"https:\/\/veritasinfo.org\/#\/schema\/person\/7701f8c088bece422266b100a712374f","name":"admin","image":{"@type":"ImageObject","inLanguage":"en-US","@id":"https:\/\/veritasinfo.org\/#\/schema\/person\/image\/","url":"https:\/\/secure.gravatar.com\/avatar\/ea53aa3bf6c9a12d5fde8ce4deff43fef3885ae33cf60184161a50d6987cfd2f?s=96&d=mm&r=g","contentUrl":"https:\/\/secure.gravatar.com\/avatar\/ea53aa3bf6c9a12d5fde8ce4deff43fef3885ae33cf60184161a50d6987cfd2f?s=96&d=mm&r=g","caption":"admin"},"sameAs":["https:\/\/veritasinfo.org"],"url":"https:\/\/veritasinfo.org\/?author=1"}]}},"featured_image_urls":{"full":["https:\/\/veritasinfo.org\/wp-content\/uploads\/2025\/07\/IMG_1757.jpeg",780,500,false],"thumbnail":["https:\/\/veritasinfo.org\/wp-content\/uploads\/2025\/07\/IMG_1757-150x150.jpeg",150,150,true],"medium":["https:\/\/veritasinfo.org\/wp-content\/uploads\/2025\/07\/IMG_1757-300x192.jpeg",300,192,true],"medium_large":["https:\/\/veritasinfo.org\/wp-content\/uploads\/2025\/07\/IMG_1757-768x492.jpeg",640,410,true],"large":["https:\/\/veritasinfo.org\/wp-content\/uploads\/2025\/07\/IMG_1757.jpeg",640,410,false],"1536x1536":["https:\/\/veritasinfo.org\/wp-content\/uploads\/2025\/07\/IMG_1757.jpeg",780,500,false],"2048x2048":["https:\/\/veritasinfo.org\/wp-content\/uploads\/2025\/07\/IMG_1757.jpeg",780,500,false],"kreeti-slider-full":["https:\/\/veritasinfo.org\/wp-content\/uploads\/2025\/07\/IMG_1757.jpeg",780,500,false],"kreeti-featured":["https:\/\/veritasinfo.org\/wp-content\/uploads\/2025\/07\/IMG_1757.jpeg",780,500,false],"kreeti-medium":["https:\/\/veritasinfo.org\/wp-content\/uploads\/2025\/07\/IMG_1757.jpeg",720,462,false],"kreeti-medium-square":["https:\/\/veritasinfo.org\/wp-content\/uploads\/2025\/07\/IMG_1757.jpeg",350,224,false]},"author_info":{"info":["admin"]},"category_info":"<a href=\"https:\/\/veritasinfo.org\/?cat=54\" rel=\"category\">Kultur\u00eb<\/a>","tag_info":"Kultur\u00eb","comment_count":"0","_links":{"self":[{"href":"https:\/\/veritasinfo.org\/index.php?rest_route=\/wp\/v2\/posts\/2798","targetHints":{"allow":["GET"]}}],"collection":[{"href":"https:\/\/veritasinfo.org\/index.php?rest_route=\/wp\/v2\/posts"}],"about":[{"href":"https:\/\/veritasinfo.org\/index.php?rest_route=\/wp\/v2\/types\/post"}],"author":[{"embeddable":true,"href":"https:\/\/veritasinfo.org\/index.php?rest_route=\/wp\/v2\/users\/1"}],"replies":[{"embeddable":true,"href":"https:\/\/veritasinfo.org\/index.php?rest_route=%2Fwp%2Fv2%2Fcomments&post=2798"}],"version-history":[{"count":1,"href":"https:\/\/veritasinfo.org\/index.php?rest_route=\/wp\/v2\/posts\/2798\/revisions"}],"predecessor-version":[{"id":2800,"href":"https:\/\/veritasinfo.org\/index.php?rest_route=\/wp\/v2\/posts\/2798\/revisions\/2800"}],"wp:featuredmedia":[{"embeddable":true,"href":"https:\/\/veritasinfo.org\/index.php?rest_route=\/wp\/v2\/media\/2799"}],"wp:attachment":[{"href":"https:\/\/veritasinfo.org\/index.php?rest_route=%2Fwp%2Fv2%2Fmedia&parent=2798"}],"wp:term":[{"taxonomy":"category","embeddable":true,"href":"https:\/\/veritasinfo.org\/index.php?rest_route=%2Fwp%2Fv2%2Fcategories&post=2798"},{"taxonomy":"post_tag","embeddable":true,"href":"https:\/\/veritasinfo.org\/index.php?rest_route=%2Fwp%2Fv2%2Ftags&post=2798"}],"curies":[{"name":"wp","href":"https:\/\/api.w.org\/{rel}","templated":true}]}}