{"id":2779,"date":"2025-07-07T12:50:29","date_gmt":"2025-07-07T10:50:29","guid":{"rendered":"https:\/\/veritasinfo.org\/?p=2779"},"modified":"2025-07-07T12:59:19","modified_gmt":"2025-07-07T10:59:19","slug":"ne-vend-te-mirepritjes-se-investimit-publik-lista-serbe-shpall-alarm-per-rrezik-nis-peticion-kunder-urave","status":"publish","type":"post","link":"https:\/\/veritasinfo.org\/?p=2779","title":{"rendered":"N\u00eb vend t\u00eb mir\u00ebpritjes s\u00eb investimit publik, Lista Serbe shpall alarm p\u00ebr \u201crrezik\u201d, nis peticion kunder urave"},"content":{"rendered":"<p style=\"text-align: left;\">Mitrovic\u00eb Veriore, 07 Korrik 2025<\/p>\n<p>Me nism\u00ebn e List\u00ebs Serbe, partis\u00eb m\u00eb t\u00eb madhe serbe n\u00eb Kosov\u00eb, e cila g\u00ebzon mb\u00ebshtetjen e Beogradit, n\u00eb Mitrovic\u00eb t\u00eb Veriut nisi t\u00eb h\u00ebn\u00ebn nj\u00eb peticion kund\u00ebr nd\u00ebrtimit t\u00eb urave mbi lumin Ib\u00ebr.<\/p>\n<p>Gur\u00ebthemelet e tyre u vendos\u00ebn m\u00eb 1 korrik, me pranin\u00eb e kryeministrit n\u00eb detyr\u00eb t\u00eb Kosov\u00ebs, Albin Kurti.<\/p>\n<p>Qeveria e Kosov\u00ebs ndau rreth tre milion\u00eb euro p\u00ebr nd\u00ebrtimin e dy urave \u2013 nj\u00ebra p\u00ebr k\u00ebmb\u00ebsor\u00eb dhe tjetra p\u00ebr trafik \u2013 dhe punimet rreth tyre pritet t\u00eb p\u00ebrfundojn\u00eb n\u00eb vjesht\u00eb.<\/p>\n<p>Kurti tha se q\u00ebllim i k\u00ebtij projekti \u00ebsht\u00eb lidhja e Mitrovic\u00ebs s\u00eb Veriut, me popullsi shumic\u00eb serbe, me Mitrovic\u00ebn e Jugut, ku shumica e popullsis\u00eb \u00ebsht\u00eb shqiptare.<\/p>\n<div class=\"mandeta-ad mandeta-ad-tag_inarticle2\">\n<div><\/div>\n<\/div>\n<p>Ai, gjithashtu, tha se Qeveria \u00ebsht\u00eb e p\u00ebrkushtuar p\u00ebr nj\u00eb \u201ckomunikim, qarkullim, bashk\u00ebpunim dhe shk\u00ebmbim m\u00eb t\u00eb madh midis Veriut dhe Jugut\u201d.<\/p>\n<p>N\u00eb an\u00ebn tjet\u00ebr, kryetari i List\u00ebs Serbe, Zllatan Ellek, i tha Radio Televizionit t\u00eb Serbis\u00eb p\u00ebrpara fillimit t\u00eb n\u00ebnshkrimit t\u00eb peticionit, se q\u00ebllimi \u00ebsht\u00eb \u201ct\u00eb tregohet nj\u00eb q\u00ebndrim i unifikuar i popullit serb, se ai nuk pranon vendime t\u00eb nj\u00ebanshme p\u00ebr projekte n\u00eb d\u00ebm t\u00eb komunitetit serb\u201d.<\/p>\n<p>Ai tha se peticioni do t\u00eb jet\u00eb i disponuesh\u00ebm p\u00ebr n\u00ebnshkrim gjat\u00eb dy dit\u00ebve t\u00eb ardhshme, nd\u00ebrsa m\u00eb pas do t\u2019i p\u00ebrcillet bashk\u00ebsis\u00eb nd\u00ebrkomb\u00ebtare.<\/p>\n<p>Nga Bashkimi Evropian i than\u00eb Radios Evropa e Lir\u00eb m\u00eb her\u00ebt se \u00e7do vendim p\u00ebr nd\u00ebrtimin e infrastruktur\u00ebs p\u00ebrgjat\u00eb lumit Ib\u00ebr, duhet t\u00eb merret me kujdes dhe n\u00eb m\u00ebnyr\u00eb gjith\u00ebp\u00ebrfshir\u00ebse \u2013 p\u00ebrkat\u00ebsisht me p\u00ebrfshirjen e plot\u00eb t\u00eb t\u00eb gjitha komuniteteve t\u00eb prekura.<\/p>\n<p>Urat, p\u00ebrndryshe, do t\u00eb nd\u00ebrtohen pran\u00eb ur\u00ebs kryesore mbi lumin Ib\u00ebr, e cila \u00ebsht\u00eb pjes\u00eb e Marr\u00ebveshjes p\u00ebr Lirin\u00eb e L\u00ebvizjes, e arritur n\u00eb kuad\u00ebr t\u00eb dialogut p\u00ebr normalizimin e marr\u00ebdh\u00ebnieve mes Kosov\u00ebs dhe Serbis\u00eb.<\/p>\n<p>N\u00eb k\u00ebt\u00eb ur\u00eb q\u00ebndrojn\u00eb vazhdimisht pjes\u00ebtar\u00eb t\u00eb misionit paqeruajt\u00ebs t\u00eb NATO-s, KFOR, pasi ajo njihet p\u00ebr konflikte etnike n\u00eb periudh\u00ebn e pasluft\u00ebs.<\/p>\n<p>Kjo ka qen\u00eb edhe arsyeja kryesore p\u00ebr mbylljen e saj p\u00ebr qarkullimin e makinave.<\/p>\n<p>Aktualisht, ajo \u00ebsht\u00eb e hapur vet\u00ebm p\u00ebr k\u00ebmb\u00ebsor\u00eb.<\/p>\n<p>Ver\u00ebn e kaluar, Qeveria e Kosov\u00ebs paralajm\u00ebroi se ajo mund t\u00eb hapet p\u00ebr trafik \u2013 gj\u00eb q\u00eb i rriti tensionet dhe shkaktoi reagime nga bashk\u00ebsia nd\u00ebrkomb\u00ebtare.<\/p>\n<p>Kryeministri n\u00eb detyr\u00eb, Kurti, tha se Qeveria e tij nuk do t\u00eb heq\u00eb kurr\u00eb dor\u00eb nga hapja e ur\u00ebs kryesore.<\/p>\n<p>Pjes\u00ebtar\u00eb t\u00eb komunitetit serb nga Mitrovica e Veriut i than\u00eb m\u00eb her\u00ebt Radios Evropa e Lir\u00eb se hapja e ur\u00ebs kryesore vet\u00ebm se do t\u2019i rriste tensionet n\u00eb terren, nd\u00ebrsa shqiptar\u00ebt nga Mitrovica e Jugut deklaruan se nj\u00eb veprim i till\u00eb do t\u00eb kontribuonte n\u00eb bashk\u00ebjetes\u00eb dhe liri t\u00eb l\u00ebvizjes.<br \/>\nN\u00eb vitin 2014, Kosova dhe Serbia ran\u00eb dakord p\u00ebr hapjen e ur\u00ebs kryesore p\u00ebr trafik, n\u00eb kuad\u00ebr t\u00eb dialogut p\u00ebr normalizimin e marr\u00ebdh\u00ebnieve.<\/p>\n<p>Rivitalizimi i ur\u00ebs u planifikua me q\u00ebllim heqjen e t\u00eb gjitha barrikadave t\u00eb vendosura nga serb\u00ebt lokal\u00eb dhe funksionalizimin e ur\u00ebs.<\/p>\n<p>M\u00eb pas, n\u00eb vitin 2016, u miratua nj\u00eb plan i ri zbatimi, q\u00eb synonte kap\u00ebrcimin e mosmarr\u00ebveshjeve mbi interpretimet e ndryshme t\u00eb konstatimeve t\u00eb m\u00ebparshme.<\/p>\n<p>Sipas planit t\u00eb ri t\u00eb zbatimit, hapja e plot\u00eb e ur\u00ebs duhej t\u00eb b\u00ebhej n\u00eb janar t\u00eb vitit 2017.<\/p>\n<p>Punimet rreth rivitalizimit t\u00eb ur\u00ebs p\u00ebrfunduan vet\u00ebm n\u00eb qershor t\u00eb vitit 2018 dhe ura, n\u00eb t\u00eb cil\u00ebn u investuan 1.5 milion euro, nuk u hap kurr\u00eb p\u00ebr automjete, por vet\u00ebm p\u00ebr k\u00ebmb\u00ebsor\u00eb.<\/p>\n<p>&nbsp;<\/p>\n","protected":false},"excerpt":{"rendered":"<p>Mitrovic\u00eb Veriore, 07 Korrik 2025 Me nism\u00ebn e List\u00ebs Serbe, partis\u00eb m\u00eb t\u00eb madhe serbe n\u00eb Kosov\u00eb, e cila g\u00ebzon mb\u00ebshtetjen e Beogradit, n\u00eb Mitrovic\u00eb<\/p>\n","protected":false},"author":1,"featured_media":2780,"comment_status":"open","ping_status":"open","sticky":false,"template":"","format":"standard","meta":{"footnotes":""},"categories":[58],"tags":[],"class_list":["post-2779","post","type-post","status-publish","format-standard","has-post-thumbnail","hentry","category-politike-sq"],"yoast_head":"<!-- This site is optimized with the Yoast SEO plugin v25.3.1 - https:\/\/yoast.com\/wordpress\/plugins\/seo\/ -->\n<title>N\u00eb vend t\u00eb mir\u00ebpritjes s\u00eb investimit publik, Lista Serbe shpall alarm p\u00ebr \u201crrezik\u201d, nis peticion kunder urave -<\/title>\n<meta name=\"robots\" content=\"index, follow, max-snippet:-1, max-image-preview:large, max-video-preview:-1\" \/>\n<link rel=\"canonical\" href=\"https:\/\/veritasinfo.org\/?p=2779\" \/>\n<meta property=\"og:locale\" content=\"en_US\" \/>\n<meta property=\"og:type\" content=\"article\" \/>\n<meta property=\"og:title\" content=\"N\u00eb vend t\u00eb mir\u00ebpritjes s\u00eb investimit publik, Lista Serbe shpall alarm p\u00ebr \u201crrezik\u201d, nis peticion kunder urave -\" \/>\n<meta property=\"og:description\" content=\"Mitrovic\u00eb Veriore, 07 Korrik 2025 Me nism\u00ebn e List\u00ebs Serbe, partis\u00eb m\u00eb t\u00eb madhe serbe n\u00eb Kosov\u00eb, e cila g\u00ebzon mb\u00ebshtetjen e Beogradit, n\u00eb Mitrovic\u00eb\" \/>\n<meta property=\"og:url\" content=\"https:\/\/veritasinfo.org\/?p=2779\" \/>\n<meta property=\"article:published_time\" content=\"2025-07-07T10:50:29+00:00\" \/>\n<meta property=\"article:modified_time\" content=\"2025-07-07T10:59:19+00:00\" \/>\n<meta property=\"og:image\" content=\"https:\/\/veritasinfo.org\/wp-content\/uploads\/2025\/07\/IMG_1754.png\" \/>\n\t<meta property=\"og:image:width\" content=\"600\" \/>\n\t<meta property=\"og:image:height\" content=\"360\" \/>\n\t<meta property=\"og:image:type\" content=\"image\/png\" \/>\n<meta name=\"author\" content=\"admin\" \/>\n<meta name=\"twitter:card\" content=\"summary_large_image\" \/>\n<meta name=\"twitter:label1\" content=\"Written by\" \/>\n\t<meta name=\"twitter:data1\" content=\"admin\" \/>\n\t<meta name=\"twitter:label2\" content=\"Est. reading time\" \/>\n\t<meta name=\"twitter:data2\" content=\"3 minutes\" \/>\n<script type=\"application\/ld+json\" class=\"yoast-schema-graph\">{\"@context\":\"https:\/\/schema.org\",\"@graph\":[{\"@type\":\"WebPage\",\"@id\":\"https:\/\/veritasinfo.org\/?p=2779\",\"url\":\"https:\/\/veritasinfo.org\/?p=2779\",\"name\":\"N\u00eb vend t\u00eb mir\u00ebpritjes s\u00eb investimit publik, Lista Serbe shpall alarm p\u00ebr \u201crrezik\u201d, nis peticion kunder urave -\",\"isPartOf\":{\"@id\":\"https:\/\/veritasinfo.org\/#website\"},\"primaryImageOfPage\":{\"@id\":\"https:\/\/veritasinfo.org\/?p=2779#primaryimage\"},\"image\":{\"@id\":\"https:\/\/veritasinfo.org\/?p=2779#primaryimage\"},\"thumbnailUrl\":\"https:\/\/veritasinfo.org\/wp-content\/uploads\/2025\/07\/IMG_1754.png\",\"datePublished\":\"2025-07-07T10:50:29+00:00\",\"dateModified\":\"2025-07-07T10:59:19+00:00\",\"author\":{\"@id\":\"https:\/\/veritasinfo.org\/#\/schema\/person\/7701f8c088bece422266b100a712374f\"},\"breadcrumb\":{\"@id\":\"https:\/\/veritasinfo.org\/?p=2779#breadcrumb\"},\"inLanguage\":\"en-US\",\"potentialAction\":[{\"@type\":\"ReadAction\",\"target\":[\"https:\/\/veritasinfo.org\/?p=2779\"]}]},{\"@type\":\"ImageObject\",\"inLanguage\":\"en-US\",\"@id\":\"https:\/\/veritasinfo.org\/?p=2779#primaryimage\",\"url\":\"https:\/\/veritasinfo.org\/wp-content\/uploads\/2025\/07\/IMG_1754.png\",\"contentUrl\":\"https:\/\/veritasinfo.org\/wp-content\/uploads\/2025\/07\/IMG_1754.png\",\"width\":600,\"height\":360},{\"@type\":\"BreadcrumbList\",\"@id\":\"https:\/\/veritasinfo.org\/?p=2779#breadcrumb\",\"itemListElement\":[{\"@type\":\"ListItem\",\"position\":1,\"name\":\"Home\",\"item\":\"https:\/\/veritasinfo.org\/\"},{\"@type\":\"ListItem\",\"position\":2,\"name\":\"N\u00eb vend t\u00eb mir\u00ebpritjes s\u00eb investimit publik, Lista Serbe shpall alarm p\u00ebr \u201crrezik\u201d, nis peticion kunder urave\"}]},{\"@type\":\"WebSite\",\"@id\":\"https:\/\/veritasinfo.org\/#website\",\"url\":\"https:\/\/veritasinfo.org\/\",\"name\":\"\",\"description\":\"\",\"potentialAction\":[{\"@type\":\"SearchAction\",\"target\":{\"@type\":\"EntryPoint\",\"urlTemplate\":\"https:\/\/veritasinfo.org\/?s={search_term_string}\"},\"query-input\":{\"@type\":\"PropertyValueSpecification\",\"valueRequired\":true,\"valueName\":\"search_term_string\"}}],\"inLanguage\":\"en-US\"},{\"@type\":\"Person\",\"@id\":\"https:\/\/veritasinfo.org\/#\/schema\/person\/7701f8c088bece422266b100a712374f\",\"name\":\"admin\",\"image\":{\"@type\":\"ImageObject\",\"inLanguage\":\"en-US\",\"@id\":\"https:\/\/veritasinfo.org\/#\/schema\/person\/image\/\",\"url\":\"https:\/\/secure.gravatar.com\/avatar\/ea53aa3bf6c9a12d5fde8ce4deff43fef3885ae33cf60184161a50d6987cfd2f?s=96&d=mm&r=g\",\"contentUrl\":\"https:\/\/secure.gravatar.com\/avatar\/ea53aa3bf6c9a12d5fde8ce4deff43fef3885ae33cf60184161a50d6987cfd2f?s=96&d=mm&r=g\",\"caption\":\"admin\"},\"sameAs\":[\"https:\/\/veritasinfo.org\"],\"url\":\"https:\/\/veritasinfo.org\/?author=1\"}]}<\/script>\n<!-- \/ Yoast SEO plugin. -->","yoast_head_json":{"title":"N\u00eb vend t\u00eb mir\u00ebpritjes s\u00eb investimit publik, Lista Serbe shpall alarm p\u00ebr \u201crrezik\u201d, nis peticion kunder urave -","robots":{"index":"index","follow":"follow","max-snippet":"max-snippet:-1","max-image-preview":"max-image-preview:large","max-video-preview":"max-video-preview:-1"},"canonical":"https:\/\/veritasinfo.org\/?p=2779","og_locale":"en_US","og_type":"article","og_title":"N\u00eb vend t\u00eb mir\u00ebpritjes s\u00eb investimit publik, Lista Serbe shpall alarm p\u00ebr \u201crrezik\u201d, nis peticion kunder urave -","og_description":"Mitrovic\u00eb Veriore, 07 Korrik 2025 Me nism\u00ebn e List\u00ebs Serbe, partis\u00eb m\u00eb t\u00eb madhe serbe n\u00eb Kosov\u00eb, e cila g\u00ebzon mb\u00ebshtetjen e Beogradit, n\u00eb Mitrovic\u00eb","og_url":"https:\/\/veritasinfo.org\/?p=2779","article_published_time":"2025-07-07T10:50:29+00:00","article_modified_time":"2025-07-07T10:59:19+00:00","og_image":[{"width":600,"height":360,"url":"https:\/\/veritasinfo.org\/wp-content\/uploads\/2025\/07\/IMG_1754.png","type":"image\/png"}],"author":"admin","twitter_card":"summary_large_image","twitter_misc":{"Written by":"admin","Est. reading time":"3 minutes"},"schema":{"@context":"https:\/\/schema.org","@graph":[{"@type":"WebPage","@id":"https:\/\/veritasinfo.org\/?p=2779","url":"https:\/\/veritasinfo.org\/?p=2779","name":"N\u00eb vend t\u00eb mir\u00ebpritjes s\u00eb investimit publik, Lista Serbe shpall alarm p\u00ebr \u201crrezik\u201d, nis peticion kunder urave -","isPartOf":{"@id":"https:\/\/veritasinfo.org\/#website"},"primaryImageOfPage":{"@id":"https:\/\/veritasinfo.org\/?p=2779#primaryimage"},"image":{"@id":"https:\/\/veritasinfo.org\/?p=2779#primaryimage"},"thumbnailUrl":"https:\/\/veritasinfo.org\/wp-content\/uploads\/2025\/07\/IMG_1754.png","datePublished":"2025-07-07T10:50:29+00:00","dateModified":"2025-07-07T10:59:19+00:00","author":{"@id":"https:\/\/veritasinfo.org\/#\/schema\/person\/7701f8c088bece422266b100a712374f"},"breadcrumb":{"@id":"https:\/\/veritasinfo.org\/?p=2779#breadcrumb"},"inLanguage":"en-US","potentialAction":[{"@type":"ReadAction","target":["https:\/\/veritasinfo.org\/?p=2779"]}]},{"@type":"ImageObject","inLanguage":"en-US","@id":"https:\/\/veritasinfo.org\/?p=2779#primaryimage","url":"https:\/\/veritasinfo.org\/wp-content\/uploads\/2025\/07\/IMG_1754.png","contentUrl":"https:\/\/veritasinfo.org\/wp-content\/uploads\/2025\/07\/IMG_1754.png","width":600,"height":360},{"@type":"BreadcrumbList","@id":"https:\/\/veritasinfo.org\/?p=2779#breadcrumb","itemListElement":[{"@type":"ListItem","position":1,"name":"Home","item":"https:\/\/veritasinfo.org\/"},{"@type":"ListItem","position":2,"name":"N\u00eb vend t\u00eb mir\u00ebpritjes s\u00eb investimit publik, Lista Serbe shpall alarm p\u00ebr \u201crrezik\u201d, nis peticion kunder urave"}]},{"@type":"WebSite","@id":"https:\/\/veritasinfo.org\/#website","url":"https:\/\/veritasinfo.org\/","name":"","description":"","potentialAction":[{"@type":"SearchAction","target":{"@type":"EntryPoint","urlTemplate":"https:\/\/veritasinfo.org\/?s={search_term_string}"},"query-input":{"@type":"PropertyValueSpecification","valueRequired":true,"valueName":"search_term_string"}}],"inLanguage":"en-US"},{"@type":"Person","@id":"https:\/\/veritasinfo.org\/#\/schema\/person\/7701f8c088bece422266b100a712374f","name":"admin","image":{"@type":"ImageObject","inLanguage":"en-US","@id":"https:\/\/veritasinfo.org\/#\/schema\/person\/image\/","url":"https:\/\/secure.gravatar.com\/avatar\/ea53aa3bf6c9a12d5fde8ce4deff43fef3885ae33cf60184161a50d6987cfd2f?s=96&d=mm&r=g","contentUrl":"https:\/\/secure.gravatar.com\/avatar\/ea53aa3bf6c9a12d5fde8ce4deff43fef3885ae33cf60184161a50d6987cfd2f?s=96&d=mm&r=g","caption":"admin"},"sameAs":["https:\/\/veritasinfo.org"],"url":"https:\/\/veritasinfo.org\/?author=1"}]}},"featured_image_urls":{"full":["https:\/\/veritasinfo.org\/wp-content\/uploads\/2025\/07\/IMG_1754.png",600,360,false],"thumbnail":["https:\/\/veritasinfo.org\/wp-content\/uploads\/2025\/07\/IMG_1754-150x150.png",150,150,true],"medium":["https:\/\/veritasinfo.org\/wp-content\/uploads\/2025\/07\/IMG_1754-300x180.png",300,180,true],"medium_large":["https:\/\/veritasinfo.org\/wp-content\/uploads\/2025\/07\/IMG_1754.png",600,360,false],"large":["https:\/\/veritasinfo.org\/wp-content\/uploads\/2025\/07\/IMG_1754.png",600,360,false],"1536x1536":["https:\/\/veritasinfo.org\/wp-content\/uploads\/2025\/07\/IMG_1754.png",600,360,false],"2048x2048":["https:\/\/veritasinfo.org\/wp-content\/uploads\/2025\/07\/IMG_1754.png",600,360,false],"kreeti-slider-full":["https:\/\/veritasinfo.org\/wp-content\/uploads\/2025\/07\/IMG_1754.png",600,360,false],"kreeti-featured":["https:\/\/veritasinfo.org\/wp-content\/uploads\/2025\/07\/IMG_1754.png",600,360,false],"kreeti-medium":["https:\/\/veritasinfo.org\/wp-content\/uploads\/2025\/07\/IMG_1754.png",600,360,false],"kreeti-medium-square":["https:\/\/veritasinfo.org\/wp-content\/uploads\/2025\/07\/IMG_1754.png",350,210,false]},"author_info":{"info":["admin"]},"category_info":"<a href=\"https:\/\/veritasinfo.org\/?cat=58\" rel=\"category\">Politik\u00eb<\/a>","tag_info":"Politik\u00eb","comment_count":"0","_links":{"self":[{"href":"https:\/\/veritasinfo.org\/index.php?rest_route=\/wp\/v2\/posts\/2779","targetHints":{"allow":["GET"]}}],"collection":[{"href":"https:\/\/veritasinfo.org\/index.php?rest_route=\/wp\/v2\/posts"}],"about":[{"href":"https:\/\/veritasinfo.org\/index.php?rest_route=\/wp\/v2\/types\/post"}],"author":[{"embeddable":true,"href":"https:\/\/veritasinfo.org\/index.php?rest_route=\/wp\/v2\/users\/1"}],"replies":[{"embeddable":true,"href":"https:\/\/veritasinfo.org\/index.php?rest_route=%2Fwp%2Fv2%2Fcomments&post=2779"}],"version-history":[{"count":4,"href":"https:\/\/veritasinfo.org\/index.php?rest_route=\/wp\/v2\/posts\/2779\/revisions"}],"predecessor-version":[{"id":2788,"href":"https:\/\/veritasinfo.org\/index.php?rest_route=\/wp\/v2\/posts\/2779\/revisions\/2788"}],"wp:featuredmedia":[{"embeddable":true,"href":"https:\/\/veritasinfo.org\/index.php?rest_route=\/wp\/v2\/media\/2780"}],"wp:attachment":[{"href":"https:\/\/veritasinfo.org\/index.php?rest_route=%2Fwp%2Fv2%2Fmedia&parent=2779"}],"wp:term":[{"taxonomy":"category","embeddable":true,"href":"https:\/\/veritasinfo.org\/index.php?rest_route=%2Fwp%2Fv2%2Fcategories&post=2779"},{"taxonomy":"post_tag","embeddable":true,"href":"https:\/\/veritasinfo.org\/index.php?rest_route=%2Fwp%2Fv2%2Ftags&post=2779"}],"curies":[{"name":"wp","href":"https:\/\/api.w.org\/{rel}","templated":true}]}}