{"id":27788,"date":"2026-01-14T18:02:44","date_gmt":"2026-01-14T17:02:44","guid":{"rendered":"https:\/\/veritasinfo.org\/?p=27788"},"modified":"2026-01-14T18:02:44","modified_gmt":"2026-01-14T17:02:44","slug":"thaci-nenshkruan-vendimin-per-mbeshtetje-familjeve-qe-strehojne-femijet-pa-perkujdesje-prinderore","status":"publish","type":"post","link":"https:\/\/veritasinfo.org\/?p=27788","title":{"rendered":"Tha\u00e7i n\u00ebnshkruan vendimin p\u00ebr mb\u00ebshtetje familjeve q\u00eb strehojn\u00eb f\u00ebmij\u00ebt pa p\u00ebrkujdesje prind\u00ebrore"},"content":{"rendered":"<p>Obiliq, 14 janar 2026 18:01<\/p>\n<p>Kryetari i Obiliqit, Halil Tha\u00e7i ka njoftuar se ka n\u00ebnshkruar vendim p\u00ebr mb\u00ebshtetje mujore 350 euro p\u00ebr t\u00eb gjitha familjet q\u00eb strehojn\u00eb f\u00ebmij\u00ebt pa p\u00ebrkujdesje prind\u00ebrore.<\/p>\n<p>Ai ka th\u00ebn\u00eb se kujdesi p\u00ebr f\u00ebmij\u00ebt nuk \u00ebsht\u00eb bamir\u00ebsi, por p\u00ebrgjegj\u00ebsi institucionale.<\/p>\n<p>\u201cSot kam n\u00ebnshkruar vendimin q\u00eb familjet strehuese n\u00eb Komun\u00ebn e Obiliqit, ato q\u00eb hapin der\u00ebn dhe zemr\u00ebn p\u00ebr f\u00ebmij\u00ebt pa p\u00ebrkujdesje prind\u00ebrore, t\u00eb mb\u00ebshteten me 350 euro n\u00eb muaj. Kujdesi p\u00ebr f\u00ebmij\u00ebt nuk \u00ebsht\u00eb bamir\u00ebsi, por p\u00ebrgjegj\u00ebsi institucionale. Komuna do t\u00eb jet\u00eb pran\u00eb atyre q\u00eb b\u00ebjn\u00eb m\u00eb shum\u00eb p\u00ebr shoq\u00ebrin\u00eb\u201d, ka shkruar ai.<\/p>\n","protected":false},"excerpt":{"rendered":"<p>Obiliq, 14 janar 2026 18:01 Kryetari i Obiliqit, Halil Tha\u00e7i ka njoftuar se ka n\u00ebnshkruar vendim p\u00ebr mb\u00ebshtetje mujore 350 euro p\u00ebr t\u00eb gjitha familjet<\/p>\n","protected":false},"author":7,"featured_media":27789,"comment_status":"open","ping_status":"open","sticky":false,"template":"","format":"standard","meta":{"footnotes":""},"categories":[52],"tags":[],"class_list":["post-27788","post","type-post","status-publish","format-standard","has-post-thumbnail","hentry","category-komunat-sq"],"yoast_head":"<!-- This site is optimized with the Yoast SEO plugin v25.3.1 - https:\/\/yoast.com\/wordpress\/plugins\/seo\/ -->\n<title>Tha\u00e7i n\u00ebnshkruan vendimin p\u00ebr mb\u00ebshtetje familjeve q\u00eb strehojn\u00eb f\u00ebmij\u00ebt pa p\u00ebrkujdesje prind\u00ebrore -<\/title>\n<meta name=\"robots\" content=\"index, follow, max-snippet:-1, max-image-preview:large, max-video-preview:-1\" \/>\n<link rel=\"canonical\" href=\"https:\/\/veritasinfo.org\/?p=27788\" \/>\n<meta property=\"og:locale\" content=\"en_US\" \/>\n<meta property=\"og:type\" content=\"article\" \/>\n<meta property=\"og:title\" content=\"Tha\u00e7i n\u00ebnshkruan vendimin p\u00ebr mb\u00ebshtetje familjeve q\u00eb strehojn\u00eb f\u00ebmij\u00ebt pa p\u00ebrkujdesje prind\u00ebrore -\" \/>\n<meta property=\"og:description\" content=\"Obiliq, 14 janar 2026 18:01 Kryetari i Obiliqit, Halil Tha\u00e7i ka njoftuar se ka n\u00ebnshkruar vendim p\u00ebr mb\u00ebshtetje mujore 350 euro p\u00ebr t\u00eb gjitha familjet\" \/>\n<meta property=\"og:url\" content=\"https:\/\/veritasinfo.org\/?p=27788\" \/>\n<meta property=\"article:published_time\" content=\"2026-01-14T17:02:44+00:00\" \/>\n<meta property=\"og:image\" content=\"https:\/\/veritasinfo.org\/wp-content\/uploads\/2026\/01\/FB_IMG_1768410132021.jpg\" \/>\n\t<meta property=\"og:image:width\" content=\"2048\" \/>\n\t<meta property=\"og:image:height\" content=\"1366\" \/>\n\t<meta property=\"og:image:type\" content=\"image\/jpeg\" \/>\n<meta name=\"author\" content=\"US6\" \/>\n<meta name=\"twitter:card\" content=\"summary_large_image\" \/>\n<meta name=\"twitter:label1\" content=\"Written by\" \/>\n\t<meta name=\"twitter:data1\" content=\"US6\" \/>\n\t<meta name=\"twitter:label2\" content=\"Est. reading time\" \/>\n\t<meta name=\"twitter:data2\" content=\"1 minute\" \/>\n<script type=\"application\/ld+json\" class=\"yoast-schema-graph\">{\"@context\":\"https:\/\/schema.org\",\"@graph\":[{\"@type\":\"WebPage\",\"@id\":\"https:\/\/veritasinfo.org\/?p=27788\",\"url\":\"https:\/\/veritasinfo.org\/?p=27788\",\"name\":\"Tha\u00e7i n\u00ebnshkruan vendimin p\u00ebr mb\u00ebshtetje familjeve q\u00eb strehojn\u00eb f\u00ebmij\u00ebt pa p\u00ebrkujdesje prind\u00ebrore -\",\"isPartOf\":{\"@id\":\"https:\/\/veritasinfo.org\/#website\"},\"primaryImageOfPage\":{\"@id\":\"https:\/\/veritasinfo.org\/?p=27788#primaryimage\"},\"image\":{\"@id\":\"https:\/\/veritasinfo.org\/?p=27788#primaryimage\"},\"thumbnailUrl\":\"https:\/\/veritasinfo.org\/wp-content\/uploads\/2026\/01\/FB_IMG_1768410132021.jpg\",\"datePublished\":\"2026-01-14T17:02:44+00:00\",\"author\":{\"@id\":\"https:\/\/veritasinfo.org\/#\/schema\/person\/fe199eede04c3937362892b7444747cc\"},\"breadcrumb\":{\"@id\":\"https:\/\/veritasinfo.org\/?p=27788#breadcrumb\"},\"inLanguage\":\"en-US\",\"potentialAction\":[{\"@type\":\"ReadAction\",\"target\":[\"https:\/\/veritasinfo.org\/?p=27788\"]}]},{\"@type\":\"ImageObject\",\"inLanguage\":\"en-US\",\"@id\":\"https:\/\/veritasinfo.org\/?p=27788#primaryimage\",\"url\":\"https:\/\/veritasinfo.org\/wp-content\/uploads\/2026\/01\/FB_IMG_1768410132021.jpg\",\"contentUrl\":\"https:\/\/veritasinfo.org\/wp-content\/uploads\/2026\/01\/FB_IMG_1768410132021.jpg\",\"width\":2048,\"height\":1366},{\"@type\":\"BreadcrumbList\",\"@id\":\"https:\/\/veritasinfo.org\/?p=27788#breadcrumb\",\"itemListElement\":[{\"@type\":\"ListItem\",\"position\":1,\"name\":\"Home\",\"item\":\"https:\/\/veritasinfo.org\/\"},{\"@type\":\"ListItem\",\"position\":2,\"name\":\"Tha\u00e7i n\u00ebnshkruan vendimin p\u00ebr mb\u00ebshtetje familjeve q\u00eb strehojn\u00eb f\u00ebmij\u00ebt pa p\u00ebrkujdesje prind\u00ebrore\"}]},{\"@type\":\"WebSite\",\"@id\":\"https:\/\/veritasinfo.org\/#website\",\"url\":\"https:\/\/veritasinfo.org\/\",\"name\":\"\",\"description\":\"\",\"potentialAction\":[{\"@type\":\"SearchAction\",\"target\":{\"@type\":\"EntryPoint\",\"urlTemplate\":\"https:\/\/veritasinfo.org\/?s={search_term_string}\"},\"query-input\":{\"@type\":\"PropertyValueSpecification\",\"valueRequired\":true,\"valueName\":\"search_term_string\"}}],\"inLanguage\":\"en-US\"},{\"@type\":\"Person\",\"@id\":\"https:\/\/veritasinfo.org\/#\/schema\/person\/fe199eede04c3937362892b7444747cc\",\"name\":\"US6\",\"image\":{\"@type\":\"ImageObject\",\"inLanguage\":\"en-US\",\"@id\":\"https:\/\/veritasinfo.org\/#\/schema\/person\/image\/\",\"url\":\"https:\/\/secure.gravatar.com\/avatar\/cb16c3c31c9d23b9b8c705964598220b3014e42ff51eb540ff23cefa3ae8c15f?s=96&d=mm&r=g\",\"contentUrl\":\"https:\/\/secure.gravatar.com\/avatar\/cb16c3c31c9d23b9b8c705964598220b3014e42ff51eb540ff23cefa3ae8c15f?s=96&d=mm&r=g\",\"caption\":\"US6\"},\"url\":\"https:\/\/veritasinfo.org\/?author=7\"}]}<\/script>\n<!-- \/ Yoast SEO plugin. -->","yoast_head_json":{"title":"Tha\u00e7i n\u00ebnshkruan vendimin p\u00ebr mb\u00ebshtetje familjeve q\u00eb strehojn\u00eb f\u00ebmij\u00ebt pa p\u00ebrkujdesje prind\u00ebrore -","robots":{"index":"index","follow":"follow","max-snippet":"max-snippet:-1","max-image-preview":"max-image-preview:large","max-video-preview":"max-video-preview:-1"},"canonical":"https:\/\/veritasinfo.org\/?p=27788","og_locale":"en_US","og_type":"article","og_title":"Tha\u00e7i n\u00ebnshkruan vendimin p\u00ebr mb\u00ebshtetje familjeve q\u00eb strehojn\u00eb f\u00ebmij\u00ebt pa p\u00ebrkujdesje prind\u00ebrore -","og_description":"Obiliq, 14 janar 2026 18:01 Kryetari i Obiliqit, Halil Tha\u00e7i ka njoftuar se ka n\u00ebnshkruar vendim p\u00ebr mb\u00ebshtetje mujore 350 euro p\u00ebr t\u00eb gjitha familjet","og_url":"https:\/\/veritasinfo.org\/?p=27788","article_published_time":"2026-01-14T17:02:44+00:00","og_image":[{"width":2048,"height":1366,"url":"https:\/\/veritasinfo.org\/wp-content\/uploads\/2026\/01\/FB_IMG_1768410132021.jpg","type":"image\/jpeg"}],"author":"US6","twitter_card":"summary_large_image","twitter_misc":{"Written by":"US6","Est. reading time":"1 minute"},"schema":{"@context":"https:\/\/schema.org","@graph":[{"@type":"WebPage","@id":"https:\/\/veritasinfo.org\/?p=27788","url":"https:\/\/veritasinfo.org\/?p=27788","name":"Tha\u00e7i n\u00ebnshkruan vendimin p\u00ebr mb\u00ebshtetje familjeve q\u00eb strehojn\u00eb f\u00ebmij\u00ebt pa p\u00ebrkujdesje prind\u00ebrore -","isPartOf":{"@id":"https:\/\/veritasinfo.org\/#website"},"primaryImageOfPage":{"@id":"https:\/\/veritasinfo.org\/?p=27788#primaryimage"},"image":{"@id":"https:\/\/veritasinfo.org\/?p=27788#primaryimage"},"thumbnailUrl":"https:\/\/veritasinfo.org\/wp-content\/uploads\/2026\/01\/FB_IMG_1768410132021.jpg","datePublished":"2026-01-14T17:02:44+00:00","author":{"@id":"https:\/\/veritasinfo.org\/#\/schema\/person\/fe199eede04c3937362892b7444747cc"},"breadcrumb":{"@id":"https:\/\/veritasinfo.org\/?p=27788#breadcrumb"},"inLanguage":"en-US","potentialAction":[{"@type":"ReadAction","target":["https:\/\/veritasinfo.org\/?p=27788"]}]},{"@type":"ImageObject","inLanguage":"en-US","@id":"https:\/\/veritasinfo.org\/?p=27788#primaryimage","url":"https:\/\/veritasinfo.org\/wp-content\/uploads\/2026\/01\/FB_IMG_1768410132021.jpg","contentUrl":"https:\/\/veritasinfo.org\/wp-content\/uploads\/2026\/01\/FB_IMG_1768410132021.jpg","width":2048,"height":1366},{"@type":"BreadcrumbList","@id":"https:\/\/veritasinfo.org\/?p=27788#breadcrumb","itemListElement":[{"@type":"ListItem","position":1,"name":"Home","item":"https:\/\/veritasinfo.org\/"},{"@type":"ListItem","position":2,"name":"Tha\u00e7i n\u00ebnshkruan vendimin p\u00ebr mb\u00ebshtetje familjeve q\u00eb strehojn\u00eb f\u00ebmij\u00ebt pa p\u00ebrkujdesje prind\u00ebrore"}]},{"@type":"WebSite","@id":"https:\/\/veritasinfo.org\/#website","url":"https:\/\/veritasinfo.org\/","name":"","description":"","potentialAction":[{"@type":"SearchAction","target":{"@type":"EntryPoint","urlTemplate":"https:\/\/veritasinfo.org\/?s={search_term_string}"},"query-input":{"@type":"PropertyValueSpecification","valueRequired":true,"valueName":"search_term_string"}}],"inLanguage":"en-US"},{"@type":"Person","@id":"https:\/\/veritasinfo.org\/#\/schema\/person\/fe199eede04c3937362892b7444747cc","name":"US6","image":{"@type":"ImageObject","inLanguage":"en-US","@id":"https:\/\/veritasinfo.org\/#\/schema\/person\/image\/","url":"https:\/\/secure.gravatar.com\/avatar\/cb16c3c31c9d23b9b8c705964598220b3014e42ff51eb540ff23cefa3ae8c15f?s=96&d=mm&r=g","contentUrl":"https:\/\/secure.gravatar.com\/avatar\/cb16c3c31c9d23b9b8c705964598220b3014e42ff51eb540ff23cefa3ae8c15f?s=96&d=mm&r=g","caption":"US6"},"url":"https:\/\/veritasinfo.org\/?author=7"}]}},"featured_image_urls":{"full":["https:\/\/veritasinfo.org\/wp-content\/uploads\/2026\/01\/FB_IMG_1768410132021.jpg",2048,1366,false],"thumbnail":["https:\/\/veritasinfo.org\/wp-content\/uploads\/2026\/01\/FB_IMG_1768410132021-150x150.jpg",150,150,true],"medium":["https:\/\/veritasinfo.org\/wp-content\/uploads\/2026\/01\/FB_IMG_1768410132021-300x200.jpg",300,200,true],"medium_large":["https:\/\/veritasinfo.org\/wp-content\/uploads\/2026\/01\/FB_IMG_1768410132021-768x512.jpg",640,427,true],"large":["https:\/\/veritasinfo.org\/wp-content\/uploads\/2026\/01\/FB_IMG_1768410132021-1024x683.jpg",640,427,true],"1536x1536":["https:\/\/veritasinfo.org\/wp-content\/uploads\/2026\/01\/FB_IMG_1768410132021-1536x1025.jpg",1536,1025,true],"2048x2048":["https:\/\/veritasinfo.org\/wp-content\/uploads\/2026\/01\/FB_IMG_1768410132021.jpg",2048,1366,false],"kreeti-slider-full":["https:\/\/veritasinfo.org\/wp-content\/uploads\/2026\/01\/FB_IMG_1768410132021.jpg",1079,720,false],"kreeti-featured":["https:\/\/veritasinfo.org\/wp-content\/uploads\/2026\/01\/FB_IMG_1768410132021.jpg",1024,683,false],"kreeti-medium":["https:\/\/veritasinfo.org\/wp-content\/uploads\/2026\/01\/FB_IMG_1768410132021.jpg",720,480,false],"kreeti-medium-square":["https:\/\/veritasinfo.org\/wp-content\/uploads\/2026\/01\/FB_IMG_1768410132021.jpg",350,233,false]},"author_info":{"info":["US6"]},"category_info":"<a href=\"https:\/\/veritasinfo.org\/?cat=52\" rel=\"category\">Komunat<\/a>","tag_info":"Komunat","comment_count":"0","_links":{"self":[{"href":"https:\/\/veritasinfo.org\/index.php?rest_route=\/wp\/v2\/posts\/27788","targetHints":{"allow":["GET"]}}],"collection":[{"href":"https:\/\/veritasinfo.org\/index.php?rest_route=\/wp\/v2\/posts"}],"about":[{"href":"https:\/\/veritasinfo.org\/index.php?rest_route=\/wp\/v2\/types\/post"}],"author":[{"embeddable":true,"href":"https:\/\/veritasinfo.org\/index.php?rest_route=\/wp\/v2\/users\/7"}],"replies":[{"embeddable":true,"href":"https:\/\/veritasinfo.org\/index.php?rest_route=%2Fwp%2Fv2%2Fcomments&post=27788"}],"version-history":[{"count":1,"href":"https:\/\/veritasinfo.org\/index.php?rest_route=\/wp\/v2\/posts\/27788\/revisions"}],"predecessor-version":[{"id":27790,"href":"https:\/\/veritasinfo.org\/index.php?rest_route=\/wp\/v2\/posts\/27788\/revisions\/27790"}],"wp:featuredmedia":[{"embeddable":true,"href":"https:\/\/veritasinfo.org\/index.php?rest_route=\/wp\/v2\/media\/27789"}],"wp:attachment":[{"href":"https:\/\/veritasinfo.org\/index.php?rest_route=%2Fwp%2Fv2%2Fmedia&parent=27788"}],"wp:term":[{"taxonomy":"category","embeddable":true,"href":"https:\/\/veritasinfo.org\/index.php?rest_route=%2Fwp%2Fv2%2Fcategories&post=27788"},{"taxonomy":"post_tag","embeddable":true,"href":"https:\/\/veritasinfo.org\/index.php?rest_route=%2Fwp%2Fv2%2Ftags&post=27788"}],"curies":[{"name":"wp","href":"https:\/\/api.w.org\/{rel}","templated":true}]}}