{"id":2777,"date":"2025-07-07T10:38:46","date_gmt":"2025-07-07T08:38:46","guid":{"rendered":"https:\/\/veritasinfo.org\/?p=2777"},"modified":"2025-07-07T10:38:46","modified_gmt":"2025-07-07T08:38:46","slug":"salja-pretnja-bombom-u-skupstini-ima-srpsko-rusku-pozadinu-rizik-od-ponavljanja","status":"publish","type":"post","link":"https:\/\/veritasinfo.org\/?p=2777&lang=sr","title":{"rendered":"\u0160alja: Pretnja bombom u Skup\u0161tini ima srpsko-rusku pozadinu, rizik od ponavljanja"},"content":{"rendered":"<p><strong>Pri\u0161tina, 7 jul 2025<\/strong><\/p>\n<p>Stru\u010dnjak za bezbednost, Drizan \u0160alja, rekao je da pretnja bombom u Skup\u0161tini Kosova predstavlja krivi\u010dno delo sa jasnim nacionalisti\u010dkim motivima i pozadinom iz srpskih struktura i povezano\u0161c\u0301u sa ruskim elementima.<\/p>\n<p>Dodao je da se takve pretnje mogu ponoviti u buduc\u0301nosti, u zavisnosti od politi\u010dkih de\u0161avanja u Srbiji.<\/p>\n<p>\u201eSada imamo \u010dinjeni\u010dni element, naime element izvr\u0161enja krivi\u010dnog dela od strane doti\u010dne osobe, koja je vlasnik SIM kartice, vlasni\u0161tvo MTS-a, dakle gde i Srbin i doti\u010dna osoba imaju element i iza njega srpski nacionalisti\u010dki motiv da stvore takve situacije pretnje bombom u Skup\u0161tini Kosova\u201c, rekao je \u0160alja.<\/p>\n<p>Dodao je da iza ove akcije stoji strategija koju su organizovale srpske tajne slu\u017ebe uklju\u010dene u ruski uticaj, a koja ima za cilj stvaranje tenzija i destabilizaciju institucija Kosova.<\/p>\n<p>\u201eJer se radi o istinskoj strategiji koju su pripremile slu\u017ebe ruskog elementa unutar srpske slu\u017ebe, gde se poku\u0161ava da se odvrate subverzivne aktivnosti koje se odvijaju me\u0111u zapadnim slu\u017ebama u Beogradu, da se stvori izlaz za krizu Srbije na teritoriji Kosova, da se podstakne kulturno-politi\u010dko-dru\u0161tvena tenzija, jer se radi o eksplicitnim elementima slu\u017ebi koje podr\u017eavaju ovaj narativ o psiholo\u0161koj operaciji srpskih slu\u017ebi prema institucijama Kosova\u201c, rekao je on.<\/p>\n","protected":false},"excerpt":{"rendered":"<p>Pri\u0161tina, 7 jul 2025 Stru\u010dnjak za bezbednost, Drizan \u0160alja, rekao je da pretnja bombom u Skup\u0161tini Kosova predstavlja krivi\u010dno delo sa jasnim nacionalisti\u010dkim motivima i<\/p>\n","protected":false},"author":2,"featured_media":2775,"comment_status":"open","ping_status":"open","sticky":false,"template":"","format":"standard","meta":{"footnotes":""},"categories":[28],"tags":[],"class_list":["post-2777","post","type-post","status-publish","format-standard","has-post-thumbnail","hentry","category-politika"],"yoast_head":"<!-- This site is optimized with the Yoast SEO plugin v25.3.1 - https:\/\/yoast.com\/wordpress\/plugins\/seo\/ -->\n<title>\u0160alja: Pretnja bombom u Skup\u0161tini ima srpsko-rusku pozadinu, rizik od ponavljanja -<\/title>\n<meta name=\"robots\" content=\"index, follow, max-snippet:-1, max-image-preview:large, max-video-preview:-1\" \/>\n<link rel=\"canonical\" href=\"https:\/\/veritasinfo.org\/?p=2777&lang=sr\" \/>\n<meta property=\"og:locale\" content=\"en_US\" \/>\n<meta property=\"og:type\" content=\"article\" \/>\n<meta property=\"og:title\" content=\"\u0160alja: Pretnja bombom u Skup\u0161tini ima srpsko-rusku pozadinu, rizik od ponavljanja -\" \/>\n<meta property=\"og:description\" content=\"Pri\u0161tina, 7 jul 2025 Stru\u010dnjak za bezbednost, Drizan \u0160alja, rekao je da pretnja bombom u Skup\u0161tini Kosova predstavlja krivi\u010dno delo sa jasnim nacionalisti\u010dkim motivima i\" \/>\n<meta property=\"og:url\" content=\"https:\/\/veritasinfo.org\/?p=2777&amp;lang=sr\" \/>\n<meta property=\"article:published_time\" content=\"2025-07-07T08:38:46+00:00\" \/>\n<meta property=\"og:image\" content=\"https:\/\/veritasinfo.org\/wp-content\/uploads\/2025\/07\/bomba-1.jpg\" \/>\n\t<meta property=\"og:image:width\" content=\"686\" \/>\n\t<meta property=\"og:image:height\" content=\"386\" \/>\n\t<meta property=\"og:image:type\" content=\"image\/jpeg\" \/>\n<meta name=\"author\" content=\"US1\" \/>\n<meta name=\"twitter:card\" content=\"summary_large_image\" \/>\n<meta name=\"twitter:label1\" content=\"Written by\" \/>\n\t<meta name=\"twitter:data1\" content=\"US1\" \/>\n\t<meta name=\"twitter:label2\" content=\"Est. reading time\" \/>\n\t<meta name=\"twitter:data2\" content=\"2 minutes\" \/>\n<script type=\"application\/ld+json\" class=\"yoast-schema-graph\">{\"@context\":\"https:\/\/schema.org\",\"@graph\":[{\"@type\":\"WebPage\",\"@id\":\"https:\/\/veritasinfo.org\/?p=2777&lang=sr\",\"url\":\"https:\/\/veritasinfo.org\/?p=2777&lang=sr\",\"name\":\"\u0160alja: Pretnja bombom u Skup\u0161tini ima srpsko-rusku pozadinu, rizik od ponavljanja -\",\"isPartOf\":{\"@id\":\"https:\/\/veritasinfo.org\/#website\"},\"primaryImageOfPage\":{\"@id\":\"https:\/\/veritasinfo.org\/?p=2777&lang=sr#primaryimage\"},\"image\":{\"@id\":\"https:\/\/veritasinfo.org\/?p=2777&lang=sr#primaryimage\"},\"thumbnailUrl\":\"https:\/\/veritasinfo.org\/wp-content\/uploads\/2025\/07\/bomba-1.jpg\",\"datePublished\":\"2025-07-07T08:38:46+00:00\",\"author\":{\"@id\":\"https:\/\/veritasinfo.org\/#\/schema\/person\/c2b8be262ea994d0995addca692c5e98\"},\"breadcrumb\":{\"@id\":\"https:\/\/veritasinfo.org\/?p=2777&lang=sr#breadcrumb\"},\"inLanguage\":\"en-US\",\"potentialAction\":[{\"@type\":\"ReadAction\",\"target\":[\"https:\/\/veritasinfo.org\/?p=2777&lang=sr\"]}]},{\"@type\":\"ImageObject\",\"inLanguage\":\"en-US\",\"@id\":\"https:\/\/veritasinfo.org\/?p=2777&lang=sr#primaryimage\",\"url\":\"https:\/\/veritasinfo.org\/wp-content\/uploads\/2025\/07\/bomba-1.jpg\",\"contentUrl\":\"https:\/\/veritasinfo.org\/wp-content\/uploads\/2025\/07\/bomba-1.jpg\",\"width\":686,\"height\":386},{\"@type\":\"BreadcrumbList\",\"@id\":\"https:\/\/veritasinfo.org\/?p=2777&lang=sr#breadcrumb\",\"itemListElement\":[{\"@type\":\"ListItem\",\"position\":1,\"name\":\"Home\",\"item\":\"https:\/\/veritasinfo.org\/\"},{\"@type\":\"ListItem\",\"position\":2,\"name\":\"\u0160alja: Pretnja bombom u Skup\u0161tini ima srpsko-rusku pozadinu, rizik od ponavljanja\"}]},{\"@type\":\"WebSite\",\"@id\":\"https:\/\/veritasinfo.org\/#website\",\"url\":\"https:\/\/veritasinfo.org\/\",\"name\":\"\",\"description\":\"\",\"potentialAction\":[{\"@type\":\"SearchAction\",\"target\":{\"@type\":\"EntryPoint\",\"urlTemplate\":\"https:\/\/veritasinfo.org\/?s={search_term_string}\"},\"query-input\":{\"@type\":\"PropertyValueSpecification\",\"valueRequired\":true,\"valueName\":\"search_term_string\"}}],\"inLanguage\":\"en-US\"},{\"@type\":\"Person\",\"@id\":\"https:\/\/veritasinfo.org\/#\/schema\/person\/c2b8be262ea994d0995addca692c5e98\",\"name\":\"US1\",\"image\":{\"@type\":\"ImageObject\",\"inLanguage\":\"en-US\",\"@id\":\"https:\/\/veritasinfo.org\/#\/schema\/person\/image\/\",\"url\":\"https:\/\/secure.gravatar.com\/avatar\/4e96a59bd256abf9956eb9963ac891a47461ffb364d47b0e9aab113328fdb75b?s=96&d=mm&r=g\",\"contentUrl\":\"https:\/\/secure.gravatar.com\/avatar\/4e96a59bd256abf9956eb9963ac891a47461ffb364d47b0e9aab113328fdb75b?s=96&d=mm&r=g\",\"caption\":\"US1\"},\"url\":\"https:\/\/veritasinfo.org\/?author=2\"}]}<\/script>\n<!-- \/ Yoast SEO plugin. -->","yoast_head_json":{"title":"\u0160alja: Pretnja bombom u Skup\u0161tini ima srpsko-rusku pozadinu, rizik od ponavljanja -","robots":{"index":"index","follow":"follow","max-snippet":"max-snippet:-1","max-image-preview":"max-image-preview:large","max-video-preview":"max-video-preview:-1"},"canonical":"https:\/\/veritasinfo.org\/?p=2777&lang=sr","og_locale":"en_US","og_type":"article","og_title":"\u0160alja: Pretnja bombom u Skup\u0161tini ima srpsko-rusku pozadinu, rizik od ponavljanja -","og_description":"Pri\u0161tina, 7 jul 2025 Stru\u010dnjak za bezbednost, Drizan \u0160alja, rekao je da pretnja bombom u Skup\u0161tini Kosova predstavlja krivi\u010dno delo sa jasnim nacionalisti\u010dkim motivima i","og_url":"https:\/\/veritasinfo.org\/?p=2777&lang=sr","article_published_time":"2025-07-07T08:38:46+00:00","og_image":[{"width":686,"height":386,"url":"https:\/\/veritasinfo.org\/wp-content\/uploads\/2025\/07\/bomba-1.jpg","type":"image\/jpeg"}],"author":"US1","twitter_card":"summary_large_image","twitter_misc":{"Written by":"US1","Est. reading time":"2 minutes"},"schema":{"@context":"https:\/\/schema.org","@graph":[{"@type":"WebPage","@id":"https:\/\/veritasinfo.org\/?p=2777&lang=sr","url":"https:\/\/veritasinfo.org\/?p=2777&lang=sr","name":"\u0160alja: Pretnja bombom u Skup\u0161tini ima srpsko-rusku pozadinu, rizik od ponavljanja -","isPartOf":{"@id":"https:\/\/veritasinfo.org\/#website"},"primaryImageOfPage":{"@id":"https:\/\/veritasinfo.org\/?p=2777&lang=sr#primaryimage"},"image":{"@id":"https:\/\/veritasinfo.org\/?p=2777&lang=sr#primaryimage"},"thumbnailUrl":"https:\/\/veritasinfo.org\/wp-content\/uploads\/2025\/07\/bomba-1.jpg","datePublished":"2025-07-07T08:38:46+00:00","author":{"@id":"https:\/\/veritasinfo.org\/#\/schema\/person\/c2b8be262ea994d0995addca692c5e98"},"breadcrumb":{"@id":"https:\/\/veritasinfo.org\/?p=2777&lang=sr#breadcrumb"},"inLanguage":"en-US","potentialAction":[{"@type":"ReadAction","target":["https:\/\/veritasinfo.org\/?p=2777&lang=sr"]}]},{"@type":"ImageObject","inLanguage":"en-US","@id":"https:\/\/veritasinfo.org\/?p=2777&lang=sr#primaryimage","url":"https:\/\/veritasinfo.org\/wp-content\/uploads\/2025\/07\/bomba-1.jpg","contentUrl":"https:\/\/veritasinfo.org\/wp-content\/uploads\/2025\/07\/bomba-1.jpg","width":686,"height":386},{"@type":"BreadcrumbList","@id":"https:\/\/veritasinfo.org\/?p=2777&lang=sr#breadcrumb","itemListElement":[{"@type":"ListItem","position":1,"name":"Home","item":"https:\/\/veritasinfo.org\/"},{"@type":"ListItem","position":2,"name":"\u0160alja: Pretnja bombom u Skup\u0161tini ima srpsko-rusku pozadinu, rizik od ponavljanja"}]},{"@type":"WebSite","@id":"https:\/\/veritasinfo.org\/#website","url":"https:\/\/veritasinfo.org\/","name":"","description":"","potentialAction":[{"@type":"SearchAction","target":{"@type":"EntryPoint","urlTemplate":"https:\/\/veritasinfo.org\/?s={search_term_string}"},"query-input":{"@type":"PropertyValueSpecification","valueRequired":true,"valueName":"search_term_string"}}],"inLanguage":"en-US"},{"@type":"Person","@id":"https:\/\/veritasinfo.org\/#\/schema\/person\/c2b8be262ea994d0995addca692c5e98","name":"US1","image":{"@type":"ImageObject","inLanguage":"en-US","@id":"https:\/\/veritasinfo.org\/#\/schema\/person\/image\/","url":"https:\/\/secure.gravatar.com\/avatar\/4e96a59bd256abf9956eb9963ac891a47461ffb364d47b0e9aab113328fdb75b?s=96&d=mm&r=g","contentUrl":"https:\/\/secure.gravatar.com\/avatar\/4e96a59bd256abf9956eb9963ac891a47461ffb364d47b0e9aab113328fdb75b?s=96&d=mm&r=g","caption":"US1"},"url":"https:\/\/veritasinfo.org\/?author=2"}]}},"featured_image_urls":{"full":["https:\/\/veritasinfo.org\/wp-content\/uploads\/2025\/07\/bomba-1.jpg",686,386,false],"thumbnail":["https:\/\/veritasinfo.org\/wp-content\/uploads\/2025\/07\/bomba-1-150x150.jpg",150,150,true],"medium":["https:\/\/veritasinfo.org\/wp-content\/uploads\/2025\/07\/bomba-1-300x169.jpg",300,169,true],"medium_large":["https:\/\/veritasinfo.org\/wp-content\/uploads\/2025\/07\/bomba-1.jpg",640,360,false],"large":["https:\/\/veritasinfo.org\/wp-content\/uploads\/2025\/07\/bomba-1.jpg",640,360,false],"1536x1536":["https:\/\/veritasinfo.org\/wp-content\/uploads\/2025\/07\/bomba-1.jpg",686,386,false],"2048x2048":["https:\/\/veritasinfo.org\/wp-content\/uploads\/2025\/07\/bomba-1.jpg",686,386,false],"kreeti-slider-full":["https:\/\/veritasinfo.org\/wp-content\/uploads\/2025\/07\/bomba-1.jpg",686,386,false],"kreeti-featured":["https:\/\/veritasinfo.org\/wp-content\/uploads\/2025\/07\/bomba-1.jpg",686,386,false],"kreeti-medium":["https:\/\/veritasinfo.org\/wp-content\/uploads\/2025\/07\/bomba-1.jpg",686,386,false],"kreeti-medium-square":["https:\/\/veritasinfo.org\/wp-content\/uploads\/2025\/07\/bomba-1.jpg",350,197,false]},"author_info":{"info":["US1"]},"category_info":"<a href=\"https:\/\/veritasinfo.org\/?cat=28&#038;lang=sr\" rel=\"category\">Politika<\/a>","tag_info":"Politika","comment_count":"0","_links":{"self":[{"href":"https:\/\/veritasinfo.org\/index.php?rest_route=\/wp\/v2\/posts\/2777","targetHints":{"allow":["GET"]}}],"collection":[{"href":"https:\/\/veritasinfo.org\/index.php?rest_route=\/wp\/v2\/posts"}],"about":[{"href":"https:\/\/veritasinfo.org\/index.php?rest_route=\/wp\/v2\/types\/post"}],"author":[{"embeddable":true,"href":"https:\/\/veritasinfo.org\/index.php?rest_route=\/wp\/v2\/users\/2"}],"replies":[{"embeddable":true,"href":"https:\/\/veritasinfo.org\/index.php?rest_route=%2Fwp%2Fv2%2Fcomments&post=2777"}],"version-history":[{"count":1,"href":"https:\/\/veritasinfo.org\/index.php?rest_route=\/wp\/v2\/posts\/2777\/revisions"}],"predecessor-version":[{"id":2778,"href":"https:\/\/veritasinfo.org\/index.php?rest_route=\/wp\/v2\/posts\/2777\/revisions\/2778"}],"wp:featuredmedia":[{"embeddable":true,"href":"https:\/\/veritasinfo.org\/index.php?rest_route=\/wp\/v2\/media\/2775"}],"wp:attachment":[{"href":"https:\/\/veritasinfo.org\/index.php?rest_route=%2Fwp%2Fv2%2Fmedia&parent=2777"}],"wp:term":[{"taxonomy":"category","embeddable":true,"href":"https:\/\/veritasinfo.org\/index.php?rest_route=%2Fwp%2Fv2%2Fcategories&post=2777"},{"taxonomy":"post_tag","embeddable":true,"href":"https:\/\/veritasinfo.org\/index.php?rest_route=%2Fwp%2Fv2%2Ftags&post=2777"}],"curies":[{"name":"wp","href":"https:\/\/api.w.org\/{rel}","templated":true}]}}