{"id":2774,"date":"2025-07-07T10:32:55","date_gmt":"2025-07-07T08:32:55","guid":{"rendered":"https:\/\/veritasinfo.org\/?p=2774"},"modified":"2025-07-07T10:32:55","modified_gmt":"2025-07-07T08:32:55","slug":"shala-kercenimi-me-bombe-ne-kuvend-ka-prapavije-serbo-ruse-rrezik-te-perseritet","status":"publish","type":"post","link":"https:\/\/veritasinfo.org\/?p=2774","title":{"rendered":"Shala: K\u00ebrc\u00ebnimi me bomb\u00eb n\u00eb Kuvend ka prapavij\u00eb serbo-ruse, rrezik t\u00eb p\u00ebrs\u00ebritet"},"content":{"rendered":"<p><strong>Prishtin\u00eb, 7 korrik 2025<\/strong><\/p>\n<p>Eksperti i siguris\u00eb, Drizan Shala tha se k\u00ebrc\u00ebnimi me bomb\u00eb n\u00eb Kuvendin e Kosov\u00ebs p\u00ebrb\u00ebn nj\u00eb vep\u00ebr penale me motive t\u00eb qarta nacionaliste dhe me prapavij\u00eb nga struktura serbe e t\u00eb nd\u00ebrlidhura me element\u00eb rus\u00eb.<\/p>\n<p>Ai shtoi se k\u00ebrc\u00ebnime t\u00eb tilla mund t\u00eb p\u00ebrs\u00ebriten n\u00eb t\u00eb ardhmen, n\u00eb var\u00ebsi t\u00eb zhvillimeve politike n\u00eb Serbi.<\/p>\n<p>\u201cTani m\u00eb kemi nj\u00eb element faktik, pra elementin e kryerjes s\u00eb vepr\u00ebs penale nga ana e personit t\u00eb apostrofuar, i cili \u00ebsht\u00eb pronar i SIM-kartel\u00ebs, pron\u00eb e MTS-s\u00eb, pra ku serbi dhe personi n\u00eb fjal\u00eb ka nj\u00eb element dhe ka mbrapa nj\u00eb motiv nacionalizmi serb p\u00ebr t\u00eb krijuar situata t\u00eb tilla t\u00eb k\u00ebrc\u00ebnimeve p\u00ebr bomb\u00eb n\u00eb Kuvend t\u00eb Kosov\u00ebs\u201d, tha Shala.<\/p>\n<p>Ai shtoi se pas k\u00ebtij veprimi q\u00ebndron nj\u00eb strategji e organizuar nga sh\u00ebrbimet sekrete serbe t\u00eb p\u00ebrfshira me ndikim rus, q\u00eb synon tensionim dhe destabilizim t\u00eb institucioneve t\u00eb Kosov\u00ebs.<\/p>\n<p>\u201cSepse kjo ka t\u00eb b\u00ebj\u00eb me nj\u00eb strategji t\u00eb mir\u00ebfillt\u00eb t\u00eb p\u00ebrgatitur nga ana e sh\u00ebrbimeve t\u00eb elementit rus n\u00eb kuad\u00ebr t\u00eb sh\u00ebrbimit serb, ku po tentohet q\u00eb shp\u00ebrqendrimi i aktiviteteve subversive q\u00eb \u00ebsht\u00eb duke ndodhur mes sh\u00ebrbimeve per\u00ebndimore n\u00eb Beograd, t\u00eb krijohet nj\u00eb dalje e nj\u00eb krize t\u00eb Serbis\u00eb brenda territorit t\u00eb Kosov\u00ebs, t\u00eb nxitet nj\u00eb tension kulturor-politiko-social, sepse ka t\u00eb b\u00ebj\u00eb me elemente eksplicite t\u00eb sh\u00ebrbimeve q\u00eb jan\u00eb duke mb\u00ebshtetur k\u00ebt\u00eb narrativ\u00eb t\u00eb nj\u00eb operacioni psikologjik t\u00eb sh\u00ebrbimeve serbe n\u00eb drejtim t\u00eb institucioneve t\u00eb Kosov\u00ebs\u201d, tha ai.<\/p>\n","protected":false},"excerpt":{"rendered":"<p>Prishtin\u00eb, 7 korrik 2025 Eksperti i siguris\u00eb, Drizan Shala tha se k\u00ebrc\u00ebnimi me bomb\u00eb n\u00eb Kuvendin e Kosov\u00ebs p\u00ebrb\u00ebn nj\u00eb vep\u00ebr penale me motive t\u00eb<\/p>\n","protected":false},"author":2,"featured_media":2775,"comment_status":"open","ping_status":"open","sticky":false,"template":"","format":"standard","meta":{"footnotes":""},"categories":[58],"tags":[],"class_list":["post-2774","post","type-post","status-publish","format-standard","has-post-thumbnail","hentry","category-politike-sq"],"yoast_head":"<!-- This site is optimized with the Yoast SEO plugin v25.3.1 - https:\/\/yoast.com\/wordpress\/plugins\/seo\/ -->\n<title>Shala: K\u00ebrc\u00ebnimi me bomb\u00eb n\u00eb Kuvend ka prapavij\u00eb serbo-ruse, rrezik t\u00eb p\u00ebrs\u00ebritet -<\/title>\n<meta name=\"robots\" content=\"index, follow, max-snippet:-1, max-image-preview:large, max-video-preview:-1\" \/>\n<link rel=\"canonical\" href=\"https:\/\/veritasinfo.org\/?p=2774\" \/>\n<meta property=\"og:locale\" content=\"en_US\" \/>\n<meta property=\"og:type\" content=\"article\" \/>\n<meta property=\"og:title\" content=\"Shala: K\u00ebrc\u00ebnimi me bomb\u00eb n\u00eb Kuvend ka prapavij\u00eb serbo-ruse, rrezik t\u00eb p\u00ebrs\u00ebritet -\" \/>\n<meta property=\"og:description\" content=\"Prishtin\u00eb, 7 korrik 2025 Eksperti i siguris\u00eb, Drizan Shala tha se k\u00ebrc\u00ebnimi me bomb\u00eb n\u00eb Kuvendin e Kosov\u00ebs p\u00ebrb\u00ebn nj\u00eb vep\u00ebr penale me motive t\u00eb\" \/>\n<meta property=\"og:url\" content=\"https:\/\/veritasinfo.org\/?p=2774\" \/>\n<meta property=\"article:published_time\" content=\"2025-07-07T08:32:55+00:00\" \/>\n<meta property=\"og:image\" content=\"https:\/\/veritasinfo.org\/wp-content\/uploads\/2025\/07\/bomba-1.jpg\" \/>\n\t<meta property=\"og:image:width\" content=\"686\" \/>\n\t<meta property=\"og:image:height\" content=\"386\" \/>\n\t<meta property=\"og:image:type\" content=\"image\/jpeg\" \/>\n<meta name=\"author\" content=\"US1\" \/>\n<meta name=\"twitter:card\" content=\"summary_large_image\" \/>\n<meta name=\"twitter:label1\" content=\"Written by\" \/>\n\t<meta name=\"twitter:data1\" content=\"US1\" \/>\n\t<meta name=\"twitter:label2\" content=\"Est. reading time\" \/>\n\t<meta name=\"twitter:data2\" content=\"2 minutes\" \/>\n<script type=\"application\/ld+json\" class=\"yoast-schema-graph\">{\"@context\":\"https:\/\/schema.org\",\"@graph\":[{\"@type\":\"WebPage\",\"@id\":\"https:\/\/veritasinfo.org\/?p=2774\",\"url\":\"https:\/\/veritasinfo.org\/?p=2774\",\"name\":\"Shala: K\u00ebrc\u00ebnimi me bomb\u00eb n\u00eb Kuvend ka prapavij\u00eb serbo-ruse, rrezik t\u00eb p\u00ebrs\u00ebritet -\",\"isPartOf\":{\"@id\":\"https:\/\/veritasinfo.org\/#website\"},\"primaryImageOfPage\":{\"@id\":\"https:\/\/veritasinfo.org\/?p=2774#primaryimage\"},\"image\":{\"@id\":\"https:\/\/veritasinfo.org\/?p=2774#primaryimage\"},\"thumbnailUrl\":\"https:\/\/veritasinfo.org\/wp-content\/uploads\/2025\/07\/bomba-1.jpg\",\"datePublished\":\"2025-07-07T08:32:55+00:00\",\"author\":{\"@id\":\"https:\/\/veritasinfo.org\/#\/schema\/person\/c2b8be262ea994d0995addca692c5e98\"},\"breadcrumb\":{\"@id\":\"https:\/\/veritasinfo.org\/?p=2774#breadcrumb\"},\"inLanguage\":\"en-US\",\"potentialAction\":[{\"@type\":\"ReadAction\",\"target\":[\"https:\/\/veritasinfo.org\/?p=2774\"]}]},{\"@type\":\"ImageObject\",\"inLanguage\":\"en-US\",\"@id\":\"https:\/\/veritasinfo.org\/?p=2774#primaryimage\",\"url\":\"https:\/\/veritasinfo.org\/wp-content\/uploads\/2025\/07\/bomba-1.jpg\",\"contentUrl\":\"https:\/\/veritasinfo.org\/wp-content\/uploads\/2025\/07\/bomba-1.jpg\",\"width\":686,\"height\":386},{\"@type\":\"BreadcrumbList\",\"@id\":\"https:\/\/veritasinfo.org\/?p=2774#breadcrumb\",\"itemListElement\":[{\"@type\":\"ListItem\",\"position\":1,\"name\":\"Home\",\"item\":\"https:\/\/veritasinfo.org\/\"},{\"@type\":\"ListItem\",\"position\":2,\"name\":\"Shala: K\u00ebrc\u00ebnimi me bomb\u00eb n\u00eb Kuvend ka prapavij\u00eb serbo-ruse, rrezik t\u00eb p\u00ebrs\u00ebritet\"}]},{\"@type\":\"WebSite\",\"@id\":\"https:\/\/veritasinfo.org\/#website\",\"url\":\"https:\/\/veritasinfo.org\/\",\"name\":\"\",\"description\":\"\",\"potentialAction\":[{\"@type\":\"SearchAction\",\"target\":{\"@type\":\"EntryPoint\",\"urlTemplate\":\"https:\/\/veritasinfo.org\/?s={search_term_string}\"},\"query-input\":{\"@type\":\"PropertyValueSpecification\",\"valueRequired\":true,\"valueName\":\"search_term_string\"}}],\"inLanguage\":\"en-US\"},{\"@type\":\"Person\",\"@id\":\"https:\/\/veritasinfo.org\/#\/schema\/person\/c2b8be262ea994d0995addca692c5e98\",\"name\":\"US1\",\"image\":{\"@type\":\"ImageObject\",\"inLanguage\":\"en-US\",\"@id\":\"https:\/\/veritasinfo.org\/#\/schema\/person\/image\/\",\"url\":\"https:\/\/secure.gravatar.com\/avatar\/4e96a59bd256abf9956eb9963ac891a47461ffb364d47b0e9aab113328fdb75b?s=96&d=mm&r=g\",\"contentUrl\":\"https:\/\/secure.gravatar.com\/avatar\/4e96a59bd256abf9956eb9963ac891a47461ffb364d47b0e9aab113328fdb75b?s=96&d=mm&r=g\",\"caption\":\"US1\"},\"url\":\"https:\/\/veritasinfo.org\/?author=2\"}]}<\/script>\n<!-- \/ Yoast SEO plugin. -->","yoast_head_json":{"title":"Shala: K\u00ebrc\u00ebnimi me bomb\u00eb n\u00eb Kuvend ka prapavij\u00eb serbo-ruse, rrezik t\u00eb p\u00ebrs\u00ebritet -","robots":{"index":"index","follow":"follow","max-snippet":"max-snippet:-1","max-image-preview":"max-image-preview:large","max-video-preview":"max-video-preview:-1"},"canonical":"https:\/\/veritasinfo.org\/?p=2774","og_locale":"en_US","og_type":"article","og_title":"Shala: K\u00ebrc\u00ebnimi me bomb\u00eb n\u00eb Kuvend ka prapavij\u00eb serbo-ruse, rrezik t\u00eb p\u00ebrs\u00ebritet -","og_description":"Prishtin\u00eb, 7 korrik 2025 Eksperti i siguris\u00eb, Drizan Shala tha se k\u00ebrc\u00ebnimi me bomb\u00eb n\u00eb Kuvendin e Kosov\u00ebs p\u00ebrb\u00ebn nj\u00eb vep\u00ebr penale me motive t\u00eb","og_url":"https:\/\/veritasinfo.org\/?p=2774","article_published_time":"2025-07-07T08:32:55+00:00","og_image":[{"width":686,"height":386,"url":"https:\/\/veritasinfo.org\/wp-content\/uploads\/2025\/07\/bomba-1.jpg","type":"image\/jpeg"}],"author":"US1","twitter_card":"summary_large_image","twitter_misc":{"Written by":"US1","Est. reading time":"2 minutes"},"schema":{"@context":"https:\/\/schema.org","@graph":[{"@type":"WebPage","@id":"https:\/\/veritasinfo.org\/?p=2774","url":"https:\/\/veritasinfo.org\/?p=2774","name":"Shala: K\u00ebrc\u00ebnimi me bomb\u00eb n\u00eb Kuvend ka prapavij\u00eb serbo-ruse, rrezik t\u00eb p\u00ebrs\u00ebritet -","isPartOf":{"@id":"https:\/\/veritasinfo.org\/#website"},"primaryImageOfPage":{"@id":"https:\/\/veritasinfo.org\/?p=2774#primaryimage"},"image":{"@id":"https:\/\/veritasinfo.org\/?p=2774#primaryimage"},"thumbnailUrl":"https:\/\/veritasinfo.org\/wp-content\/uploads\/2025\/07\/bomba-1.jpg","datePublished":"2025-07-07T08:32:55+00:00","author":{"@id":"https:\/\/veritasinfo.org\/#\/schema\/person\/c2b8be262ea994d0995addca692c5e98"},"breadcrumb":{"@id":"https:\/\/veritasinfo.org\/?p=2774#breadcrumb"},"inLanguage":"en-US","potentialAction":[{"@type":"ReadAction","target":["https:\/\/veritasinfo.org\/?p=2774"]}]},{"@type":"ImageObject","inLanguage":"en-US","@id":"https:\/\/veritasinfo.org\/?p=2774#primaryimage","url":"https:\/\/veritasinfo.org\/wp-content\/uploads\/2025\/07\/bomba-1.jpg","contentUrl":"https:\/\/veritasinfo.org\/wp-content\/uploads\/2025\/07\/bomba-1.jpg","width":686,"height":386},{"@type":"BreadcrumbList","@id":"https:\/\/veritasinfo.org\/?p=2774#breadcrumb","itemListElement":[{"@type":"ListItem","position":1,"name":"Home","item":"https:\/\/veritasinfo.org\/"},{"@type":"ListItem","position":2,"name":"Shala: K\u00ebrc\u00ebnimi me bomb\u00eb n\u00eb Kuvend ka prapavij\u00eb serbo-ruse, rrezik t\u00eb p\u00ebrs\u00ebritet"}]},{"@type":"WebSite","@id":"https:\/\/veritasinfo.org\/#website","url":"https:\/\/veritasinfo.org\/","name":"","description":"","potentialAction":[{"@type":"SearchAction","target":{"@type":"EntryPoint","urlTemplate":"https:\/\/veritasinfo.org\/?s={search_term_string}"},"query-input":{"@type":"PropertyValueSpecification","valueRequired":true,"valueName":"search_term_string"}}],"inLanguage":"en-US"},{"@type":"Person","@id":"https:\/\/veritasinfo.org\/#\/schema\/person\/c2b8be262ea994d0995addca692c5e98","name":"US1","image":{"@type":"ImageObject","inLanguage":"en-US","@id":"https:\/\/veritasinfo.org\/#\/schema\/person\/image\/","url":"https:\/\/secure.gravatar.com\/avatar\/4e96a59bd256abf9956eb9963ac891a47461ffb364d47b0e9aab113328fdb75b?s=96&d=mm&r=g","contentUrl":"https:\/\/secure.gravatar.com\/avatar\/4e96a59bd256abf9956eb9963ac891a47461ffb364d47b0e9aab113328fdb75b?s=96&d=mm&r=g","caption":"US1"},"url":"https:\/\/veritasinfo.org\/?author=2"}]}},"featured_image_urls":{"full":["https:\/\/veritasinfo.org\/wp-content\/uploads\/2025\/07\/bomba-1.jpg",686,386,false],"thumbnail":["https:\/\/veritasinfo.org\/wp-content\/uploads\/2025\/07\/bomba-1-150x150.jpg",150,150,true],"medium":["https:\/\/veritasinfo.org\/wp-content\/uploads\/2025\/07\/bomba-1-300x169.jpg",300,169,true],"medium_large":["https:\/\/veritasinfo.org\/wp-content\/uploads\/2025\/07\/bomba-1.jpg",640,360,false],"large":["https:\/\/veritasinfo.org\/wp-content\/uploads\/2025\/07\/bomba-1.jpg",640,360,false],"1536x1536":["https:\/\/veritasinfo.org\/wp-content\/uploads\/2025\/07\/bomba-1.jpg",686,386,false],"2048x2048":["https:\/\/veritasinfo.org\/wp-content\/uploads\/2025\/07\/bomba-1.jpg",686,386,false],"kreeti-slider-full":["https:\/\/veritasinfo.org\/wp-content\/uploads\/2025\/07\/bomba-1.jpg",686,386,false],"kreeti-featured":["https:\/\/veritasinfo.org\/wp-content\/uploads\/2025\/07\/bomba-1.jpg",686,386,false],"kreeti-medium":["https:\/\/veritasinfo.org\/wp-content\/uploads\/2025\/07\/bomba-1.jpg",686,386,false],"kreeti-medium-square":["https:\/\/veritasinfo.org\/wp-content\/uploads\/2025\/07\/bomba-1.jpg",350,197,false]},"author_info":{"info":["US1"]},"category_info":"<a href=\"https:\/\/veritasinfo.org\/?cat=58\" rel=\"category\">Politik\u00eb<\/a>","tag_info":"Politik\u00eb","comment_count":"0","_links":{"self":[{"href":"https:\/\/veritasinfo.org\/index.php?rest_route=\/wp\/v2\/posts\/2774","targetHints":{"allow":["GET"]}}],"collection":[{"href":"https:\/\/veritasinfo.org\/index.php?rest_route=\/wp\/v2\/posts"}],"about":[{"href":"https:\/\/veritasinfo.org\/index.php?rest_route=\/wp\/v2\/types\/post"}],"author":[{"embeddable":true,"href":"https:\/\/veritasinfo.org\/index.php?rest_route=\/wp\/v2\/users\/2"}],"replies":[{"embeddable":true,"href":"https:\/\/veritasinfo.org\/index.php?rest_route=%2Fwp%2Fv2%2Fcomments&post=2774"}],"version-history":[{"count":1,"href":"https:\/\/veritasinfo.org\/index.php?rest_route=\/wp\/v2\/posts\/2774\/revisions"}],"predecessor-version":[{"id":2776,"href":"https:\/\/veritasinfo.org\/index.php?rest_route=\/wp\/v2\/posts\/2774\/revisions\/2776"}],"wp:featuredmedia":[{"embeddable":true,"href":"https:\/\/veritasinfo.org\/index.php?rest_route=\/wp\/v2\/media\/2775"}],"wp:attachment":[{"href":"https:\/\/veritasinfo.org\/index.php?rest_route=%2Fwp%2Fv2%2Fmedia&parent=2774"}],"wp:term":[{"taxonomy":"category","embeddable":true,"href":"https:\/\/veritasinfo.org\/index.php?rest_route=%2Fwp%2Fv2%2Fcategories&post=2774"},{"taxonomy":"post_tag","embeddable":true,"href":"https:\/\/veritasinfo.org\/index.php?rest_route=%2Fwp%2Fv2%2Ftags&post=2774"}],"curies":[{"name":"wp","href":"https:\/\/api.w.org\/{rel}","templated":true}]}}