{"id":2763,"date":"2025-07-07T08:56:36","date_gmt":"2025-07-07T06:56:36","guid":{"rendered":"https:\/\/veritasinfo.org\/?p=2763"},"modified":"2025-07-07T08:56:36","modified_gmt":"2025-07-07T06:56:36","slug":"vucicevi-tabloidi-pretvaraju-kriminalce-u-analiticare-srebrenica-zrtva-prekrajavanja-istorije","status":"publish","type":"post","link":"https:\/\/veritasinfo.org\/?p=2763&lang=sr","title":{"rendered":"Vu\u010dic\u0301evi tabloidi pretvaraju kriminalce u analiti\u010dare: Srebrenica, \u017ertva prekrajavanja istorije"},"content":{"rendered":"<p><strong>Beograd, 7 jul 2025<\/strong><\/p>\n<p>Presuda Ha\u0161kog tribunala o Srebrenici je jasna, ali mediji u Srbiji izvr\u0107u pojam genocida. DW istra\u017euje metode izokretanja realnosti: kako se do te ta\u010dke stiglo i kolika je opasnost takvog izve\u0161tavanja o Srebrenici?<\/p>\n<p>Najsve\u017eiji primeri \u201eomek\u0161avanja\u201c ratnih zlo\u010dina, po\u010dinjenih devedesetih godina, postaju jasni \u010dim se uklju\u010di televizor, kada se pogleda stalna garnitura gostiju u medijima sa \u0161irokom pokriveno\u0161\u0107u u Srbiji. Televizija i list Informer prednja\u010de.<\/p>\n<p><img fetchpriority=\"high\" decoding=\"async\" class=\"alignnone size-medium wp-image-2761\" src=\"https:\/\/veritasinfo.org\/wp-content\/uploads\/2025\/07\/srebrenica-300x200.webp\" alt=\"\" width=\"300\" height=\"200\" srcset=\"https:\/\/veritasinfo.org\/wp-content\/uploads\/2025\/07\/srebrenica-300x200.webp 300w, https:\/\/veritasinfo.org\/wp-content\/uploads\/2025\/07\/srebrenica-768x512.webp 768w, https:\/\/veritasinfo.org\/wp-content\/uploads\/2025\/07\/srebrenica.webp 770w\" sizes=\"(max-width: 300px) 100vw, 300px\" \/><\/p>\n<p>U njihovim emisijama se kao analiti\u010dari \u010desto \u201evrte\u201c osu\u0111eni zlo\u010dinci, poput Dragana Vasiljkovi\u0107a, biv\u0161eg vo\u0111e paravojne jedinice \u201eKnind\u017ee\u201c, Dragoslava Bokana, nekada\u0161njeg prvog lica \u201eBelih orlova\u201c, ali i Vojislava \u0160e\u0161elja, lidera Srpske radikalne stranke. Pored Informera, veliku ulogu igra i televizija Hepi, ali i tabloidni mediji poput Alo, Ve\u010dernjih novosti, Srpskog Telegrafa, Srbije Danas i ostalih.<\/p>\n<p>Atmosfera relativizacije ratnih zlo\u010dina dosti\u017ee vrhunac upravo na godi\u0161njice njihovog obele\u017eavanja, a klju\u010dni datum je 11. jul. Pro\u0161la godina je bila specifi\u010dna, jer je rezolucija Ujedinjenih nacija proglasila 11. jul Me\u0111unarodnim danom sec\u0301anja na genocid u Srebrenici. U Srbiji su na to reagovali politi\u010dkom kampanjom. Slogan \u201eSrbi nisu genocidna nacija\u201c pojavio se na bilbordima \u0161irom zemlje, iako se u zaklju\u010dcima UN ne pominje srpski narod niti kolektivna odgovornost.<\/p>\n","protected":false},"excerpt":{"rendered":"<p>Beograd, 7 jul 2025 Presuda Ha\u0161kog tribunala o Srebrenici je jasna, ali mediji u Srbiji izvr\u0107u pojam genocida. DW istra\u017euje metode izokretanja realnosti: kako se<\/p>\n","protected":false},"author":2,"featured_media":2760,"comment_status":"open","ping_status":"open","sticky":false,"template":"","format":"standard","meta":{"footnotes":""},"categories":[28],"tags":[],"class_list":["post-2763","post","type-post","status-publish","format-standard","has-post-thumbnail","hentry","category-politika"],"yoast_head":"<!-- This site is optimized with the Yoast SEO plugin v25.3.1 - https:\/\/yoast.com\/wordpress\/plugins\/seo\/ -->\n<title>Vu\u010dic\u0301evi tabloidi pretvaraju kriminalce u analiti\u010dare: Srebrenica, \u017ertva prekrajavanja istorije -<\/title>\n<meta name=\"robots\" content=\"index, follow, max-snippet:-1, max-image-preview:large, max-video-preview:-1\" \/>\n<link rel=\"canonical\" href=\"https:\/\/veritasinfo.org\/?p=2763&lang=sr\" \/>\n<meta property=\"og:locale\" content=\"en_US\" \/>\n<meta property=\"og:type\" content=\"article\" \/>\n<meta property=\"og:title\" content=\"Vu\u010dic\u0301evi tabloidi pretvaraju kriminalce u analiti\u010dare: Srebrenica, \u017ertva prekrajavanja istorije -\" \/>\n<meta property=\"og:description\" content=\"Beograd, 7 jul 2025 Presuda Ha\u0161kog tribunala o Srebrenici je jasna, ali mediji u Srbiji izvr\u0107u pojam genocida. DW istra\u017euje metode izokretanja realnosti: kako se\" \/>\n<meta property=\"og:url\" content=\"https:\/\/veritasinfo.org\/?p=2763&amp;lang=sr\" \/>\n<meta property=\"article:published_time\" content=\"2025-07-07T06:56:36+00:00\" \/>\n<meta property=\"og:image\" content=\"https:\/\/veritasinfo.org\/wp-content\/uploads\/2025\/07\/aleksandar_vucic_tabloidi_propaganda.jpg\" \/>\n\t<meta property=\"og:image:width\" content=\"900\" \/>\n\t<meta property=\"og:image:height\" content=\"541\" \/>\n\t<meta property=\"og:image:type\" content=\"image\/jpeg\" \/>\n<meta name=\"author\" content=\"US1\" \/>\n<meta name=\"twitter:card\" content=\"summary_large_image\" \/>\n<meta name=\"twitter:label1\" content=\"Written by\" \/>\n\t<meta name=\"twitter:data1\" content=\"US1\" \/>\n\t<meta name=\"twitter:label2\" content=\"Est. reading time\" \/>\n\t<meta name=\"twitter:data2\" content=\"2 minutes\" \/>\n<script type=\"application\/ld+json\" class=\"yoast-schema-graph\">{\"@context\":\"https:\/\/schema.org\",\"@graph\":[{\"@type\":\"WebPage\",\"@id\":\"https:\/\/veritasinfo.org\/?p=2763&lang=sr\",\"url\":\"https:\/\/veritasinfo.org\/?p=2763&lang=sr\",\"name\":\"Vu\u010dic\u0301evi tabloidi pretvaraju kriminalce u analiti\u010dare: Srebrenica, \u017ertva prekrajavanja istorije -\",\"isPartOf\":{\"@id\":\"https:\/\/veritasinfo.org\/#website\"},\"primaryImageOfPage\":{\"@id\":\"https:\/\/veritasinfo.org\/?p=2763&lang=sr#primaryimage\"},\"image\":{\"@id\":\"https:\/\/veritasinfo.org\/?p=2763&lang=sr#primaryimage\"},\"thumbnailUrl\":\"https:\/\/veritasinfo.org\/wp-content\/uploads\/2025\/07\/aleksandar_vucic_tabloidi_propaganda.jpg\",\"datePublished\":\"2025-07-07T06:56:36+00:00\",\"author\":{\"@id\":\"https:\/\/veritasinfo.org\/#\/schema\/person\/c2b8be262ea994d0995addca692c5e98\"},\"breadcrumb\":{\"@id\":\"https:\/\/veritasinfo.org\/?p=2763&lang=sr#breadcrumb\"},\"inLanguage\":\"en-US\",\"potentialAction\":[{\"@type\":\"ReadAction\",\"target\":[\"https:\/\/veritasinfo.org\/?p=2763&lang=sr\"]}]},{\"@type\":\"ImageObject\",\"inLanguage\":\"en-US\",\"@id\":\"https:\/\/veritasinfo.org\/?p=2763&lang=sr#primaryimage\",\"url\":\"https:\/\/veritasinfo.org\/wp-content\/uploads\/2025\/07\/aleksandar_vucic_tabloidi_propaganda.jpg\",\"contentUrl\":\"https:\/\/veritasinfo.org\/wp-content\/uploads\/2025\/07\/aleksandar_vucic_tabloidi_propaganda.jpg\",\"width\":900,\"height\":541},{\"@type\":\"BreadcrumbList\",\"@id\":\"https:\/\/veritasinfo.org\/?p=2763&lang=sr#breadcrumb\",\"itemListElement\":[{\"@type\":\"ListItem\",\"position\":1,\"name\":\"Home\",\"item\":\"https:\/\/veritasinfo.org\/\"},{\"@type\":\"ListItem\",\"position\":2,\"name\":\"Vu\u010dic\u0301evi tabloidi pretvaraju kriminalce u analiti\u010dare: Srebrenica, \u017ertva prekrajavanja istorije\"}]},{\"@type\":\"WebSite\",\"@id\":\"https:\/\/veritasinfo.org\/#website\",\"url\":\"https:\/\/veritasinfo.org\/\",\"name\":\"\",\"description\":\"\",\"potentialAction\":[{\"@type\":\"SearchAction\",\"target\":{\"@type\":\"EntryPoint\",\"urlTemplate\":\"https:\/\/veritasinfo.org\/?s={search_term_string}\"},\"query-input\":{\"@type\":\"PropertyValueSpecification\",\"valueRequired\":true,\"valueName\":\"search_term_string\"}}],\"inLanguage\":\"en-US\"},{\"@type\":\"Person\",\"@id\":\"https:\/\/veritasinfo.org\/#\/schema\/person\/c2b8be262ea994d0995addca692c5e98\",\"name\":\"US1\",\"image\":{\"@type\":\"ImageObject\",\"inLanguage\":\"en-US\",\"@id\":\"https:\/\/veritasinfo.org\/#\/schema\/person\/image\/\",\"url\":\"https:\/\/secure.gravatar.com\/avatar\/4e96a59bd256abf9956eb9963ac891a47461ffb364d47b0e9aab113328fdb75b?s=96&d=mm&r=g\",\"contentUrl\":\"https:\/\/secure.gravatar.com\/avatar\/4e96a59bd256abf9956eb9963ac891a47461ffb364d47b0e9aab113328fdb75b?s=96&d=mm&r=g\",\"caption\":\"US1\"},\"url\":\"https:\/\/veritasinfo.org\/?author=2\"}]}<\/script>\n<!-- \/ Yoast SEO plugin. -->","yoast_head_json":{"title":"Vu\u010dic\u0301evi tabloidi pretvaraju kriminalce u analiti\u010dare: Srebrenica, \u017ertva prekrajavanja istorije -","robots":{"index":"index","follow":"follow","max-snippet":"max-snippet:-1","max-image-preview":"max-image-preview:large","max-video-preview":"max-video-preview:-1"},"canonical":"https:\/\/veritasinfo.org\/?p=2763&lang=sr","og_locale":"en_US","og_type":"article","og_title":"Vu\u010dic\u0301evi tabloidi pretvaraju kriminalce u analiti\u010dare: Srebrenica, \u017ertva prekrajavanja istorije -","og_description":"Beograd, 7 jul 2025 Presuda Ha\u0161kog tribunala o Srebrenici je jasna, ali mediji u Srbiji izvr\u0107u pojam genocida. DW istra\u017euje metode izokretanja realnosti: kako se","og_url":"https:\/\/veritasinfo.org\/?p=2763&lang=sr","article_published_time":"2025-07-07T06:56:36+00:00","og_image":[{"width":900,"height":541,"url":"https:\/\/veritasinfo.org\/wp-content\/uploads\/2025\/07\/aleksandar_vucic_tabloidi_propaganda.jpg","type":"image\/jpeg"}],"author":"US1","twitter_card":"summary_large_image","twitter_misc":{"Written by":"US1","Est. reading time":"2 minutes"},"schema":{"@context":"https:\/\/schema.org","@graph":[{"@type":"WebPage","@id":"https:\/\/veritasinfo.org\/?p=2763&lang=sr","url":"https:\/\/veritasinfo.org\/?p=2763&lang=sr","name":"Vu\u010dic\u0301evi tabloidi pretvaraju kriminalce u analiti\u010dare: Srebrenica, \u017ertva prekrajavanja istorije -","isPartOf":{"@id":"https:\/\/veritasinfo.org\/#website"},"primaryImageOfPage":{"@id":"https:\/\/veritasinfo.org\/?p=2763&lang=sr#primaryimage"},"image":{"@id":"https:\/\/veritasinfo.org\/?p=2763&lang=sr#primaryimage"},"thumbnailUrl":"https:\/\/veritasinfo.org\/wp-content\/uploads\/2025\/07\/aleksandar_vucic_tabloidi_propaganda.jpg","datePublished":"2025-07-07T06:56:36+00:00","author":{"@id":"https:\/\/veritasinfo.org\/#\/schema\/person\/c2b8be262ea994d0995addca692c5e98"},"breadcrumb":{"@id":"https:\/\/veritasinfo.org\/?p=2763&lang=sr#breadcrumb"},"inLanguage":"en-US","potentialAction":[{"@type":"ReadAction","target":["https:\/\/veritasinfo.org\/?p=2763&lang=sr"]}]},{"@type":"ImageObject","inLanguage":"en-US","@id":"https:\/\/veritasinfo.org\/?p=2763&lang=sr#primaryimage","url":"https:\/\/veritasinfo.org\/wp-content\/uploads\/2025\/07\/aleksandar_vucic_tabloidi_propaganda.jpg","contentUrl":"https:\/\/veritasinfo.org\/wp-content\/uploads\/2025\/07\/aleksandar_vucic_tabloidi_propaganda.jpg","width":900,"height":541},{"@type":"BreadcrumbList","@id":"https:\/\/veritasinfo.org\/?p=2763&lang=sr#breadcrumb","itemListElement":[{"@type":"ListItem","position":1,"name":"Home","item":"https:\/\/veritasinfo.org\/"},{"@type":"ListItem","position":2,"name":"Vu\u010dic\u0301evi tabloidi pretvaraju kriminalce u analiti\u010dare: Srebrenica, \u017ertva prekrajavanja istorije"}]},{"@type":"WebSite","@id":"https:\/\/veritasinfo.org\/#website","url":"https:\/\/veritasinfo.org\/","name":"","description":"","potentialAction":[{"@type":"SearchAction","target":{"@type":"EntryPoint","urlTemplate":"https:\/\/veritasinfo.org\/?s={search_term_string}"},"query-input":{"@type":"PropertyValueSpecification","valueRequired":true,"valueName":"search_term_string"}}],"inLanguage":"en-US"},{"@type":"Person","@id":"https:\/\/veritasinfo.org\/#\/schema\/person\/c2b8be262ea994d0995addca692c5e98","name":"US1","image":{"@type":"ImageObject","inLanguage":"en-US","@id":"https:\/\/veritasinfo.org\/#\/schema\/person\/image\/","url":"https:\/\/secure.gravatar.com\/avatar\/4e96a59bd256abf9956eb9963ac891a47461ffb364d47b0e9aab113328fdb75b?s=96&d=mm&r=g","contentUrl":"https:\/\/secure.gravatar.com\/avatar\/4e96a59bd256abf9956eb9963ac891a47461ffb364d47b0e9aab113328fdb75b?s=96&d=mm&r=g","caption":"US1"},"url":"https:\/\/veritasinfo.org\/?author=2"}]}},"featured_image_urls":{"full":["https:\/\/veritasinfo.org\/wp-content\/uploads\/2025\/07\/aleksandar_vucic_tabloidi_propaganda.jpg",900,541,false],"thumbnail":["https:\/\/veritasinfo.org\/wp-content\/uploads\/2025\/07\/aleksandar_vucic_tabloidi_propaganda-150x150.jpg",150,150,true],"medium":["https:\/\/veritasinfo.org\/wp-content\/uploads\/2025\/07\/aleksandar_vucic_tabloidi_propaganda-300x180.jpg",300,180,true],"medium_large":["https:\/\/veritasinfo.org\/wp-content\/uploads\/2025\/07\/aleksandar_vucic_tabloidi_propaganda-768x462.jpg",640,385,true],"large":["https:\/\/veritasinfo.org\/wp-content\/uploads\/2025\/07\/aleksandar_vucic_tabloidi_propaganda.jpg",640,385,false],"1536x1536":["https:\/\/veritasinfo.org\/wp-content\/uploads\/2025\/07\/aleksandar_vucic_tabloidi_propaganda.jpg",900,541,false],"2048x2048":["https:\/\/veritasinfo.org\/wp-content\/uploads\/2025\/07\/aleksandar_vucic_tabloidi_propaganda.jpg",900,541,false],"kreeti-slider-full":["https:\/\/veritasinfo.org\/wp-content\/uploads\/2025\/07\/aleksandar_vucic_tabloidi_propaganda.jpg",900,541,false],"kreeti-featured":["https:\/\/veritasinfo.org\/wp-content\/uploads\/2025\/07\/aleksandar_vucic_tabloidi_propaganda.jpg",900,541,false],"kreeti-medium":["https:\/\/veritasinfo.org\/wp-content\/uploads\/2025\/07\/aleksandar_vucic_tabloidi_propaganda.jpg",720,433,false],"kreeti-medium-square":["https:\/\/veritasinfo.org\/wp-content\/uploads\/2025\/07\/aleksandar_vucic_tabloidi_propaganda.jpg",350,210,false]},"author_info":{"info":["US1"]},"category_info":"<a href=\"https:\/\/veritasinfo.org\/?cat=28&#038;lang=sr\" rel=\"category\">Politika<\/a>","tag_info":"Politika","comment_count":"0","_links":{"self":[{"href":"https:\/\/veritasinfo.org\/index.php?rest_route=\/wp\/v2\/posts\/2763","targetHints":{"allow":["GET"]}}],"collection":[{"href":"https:\/\/veritasinfo.org\/index.php?rest_route=\/wp\/v2\/posts"}],"about":[{"href":"https:\/\/veritasinfo.org\/index.php?rest_route=\/wp\/v2\/types\/post"}],"author":[{"embeddable":true,"href":"https:\/\/veritasinfo.org\/index.php?rest_route=\/wp\/v2\/users\/2"}],"replies":[{"embeddable":true,"href":"https:\/\/veritasinfo.org\/index.php?rest_route=%2Fwp%2Fv2%2Fcomments&post=2763"}],"version-history":[{"count":1,"href":"https:\/\/veritasinfo.org\/index.php?rest_route=\/wp\/v2\/posts\/2763\/revisions"}],"predecessor-version":[{"id":2765,"href":"https:\/\/veritasinfo.org\/index.php?rest_route=\/wp\/v2\/posts\/2763\/revisions\/2765"}],"wp:featuredmedia":[{"embeddable":true,"href":"https:\/\/veritasinfo.org\/index.php?rest_route=\/wp\/v2\/media\/2760"}],"wp:attachment":[{"href":"https:\/\/veritasinfo.org\/index.php?rest_route=%2Fwp%2Fv2%2Fmedia&parent=2763"}],"wp:term":[{"taxonomy":"category","embeddable":true,"href":"https:\/\/veritasinfo.org\/index.php?rest_route=%2Fwp%2Fv2%2Fcategories&post=2763"},{"taxonomy":"post_tag","embeddable":true,"href":"https:\/\/veritasinfo.org\/index.php?rest_route=%2Fwp%2Fv2%2Ftags&post=2763"}],"curies":[{"name":"wp","href":"https:\/\/api.w.org\/{rel}","templated":true}]}}