{"id":2759,"date":"2025-07-07T08:54:37","date_gmt":"2025-07-07T06:54:37","guid":{"rendered":"https:\/\/veritasinfo.org\/?p=2759"},"modified":"2025-07-07T08:54:37","modified_gmt":"2025-07-07T06:54:37","slug":"tabloidet-e-vuciqit-i-shnderrojne-kriminelet-ne-analiste-srebrenica-viktime-e-rishkrimit-te-historise","status":"publish","type":"post","link":"https:\/\/veritasinfo.org\/?p=2759","title":{"rendered":"Tabloid\u00ebt e Vu\u00e7iqit i shnd\u00ebrrojn\u00eb kriminel\u00ebt n\u00eb analist\u00eb: Srebrenica, viktim\u00eb e rishkrimit t\u00eb historis\u00eb"},"content":{"rendered":"<p><strong>Beograd, 7 korrik 2025<\/strong><\/p>\n<p>Vendimi i Tribunalit t\u00eb Hag\u00ebs p\u00ebr Srebrenic\u00ebn \u00ebsht\u00eb i qart\u00eb, por mediat n\u00eb Serbi e shtremb\u00ebrojn\u00eb konceptin e gjenocidit. DW hetoi metodat e shtremb\u00ebrimit t\u00eb realitetit: si u arrit deri n\u00eb at\u00eb pik\u00eb dhe cili \u00ebsht\u00eb rreziku i nj\u00eb raportimi t\u00eb till\u00eb p\u00ebr Srebrenic\u00ebn?<\/p>\n<p>Shembujt m\u00eb t\u00eb fundit t\u00eb &#8220;zbutjes&#8221; s\u00eb krimeve t\u00eb luft\u00ebs t\u00eb kryera n\u00eb vitet e 90\u2019ta b\u00ebhen t\u00eb qarta sapo ndizni televizorin, kur shikoni grupin e p\u00ebrhersh\u00ebm t\u00eb t\u00eb ftuarve n\u00eb media me mbulim t\u00eb gjer\u00eb n\u00eb Serbi.<\/p>\n<p><img fetchpriority=\"high\" decoding=\"async\" class=\"alignnone size-medium wp-image-2761\" src=\"https:\/\/veritasinfo.org\/wp-content\/uploads\/2025\/07\/srebrenica-300x200.webp\" alt=\"\" width=\"300\" height=\"200\" srcset=\"https:\/\/veritasinfo.org\/wp-content\/uploads\/2025\/07\/srebrenica-300x200.webp 300w, https:\/\/veritasinfo.org\/wp-content\/uploads\/2025\/07\/srebrenica-768x512.webp 768w, https:\/\/veritasinfo.org\/wp-content\/uploads\/2025\/07\/srebrenica.webp 770w\" sizes=\"(max-width: 300px) 100vw, 300px\" \/><\/p>\n<p>Televizioni dhe gazeta Informer udh\u00ebheqin. N\u00ebp\u00ebr emisionet e tyre shpesh paraqesin kriminel\u00eb t\u00eb d\u00ebnuar si gjoja analist\u00eb, si Dragan Vasiljkoviq, ish-udh\u00ebheq\u00ebs i nj\u00ebsis\u00eb paraushtarake &#8220;Kninxha&#8221;, Dragoslav Bokan, ish-kreu i &#8220;Shqiponjave t\u00eb Bardha&#8221;, dhe Vojislav \u0160e\u0161elj, udh\u00ebheq\u00ebs i Partis\u00eb Radikale Serbe.<\/p>\n<p>P\u00ebrve\u00e7 Informer, nj\u00eb rol t\u00eb madh luan edhe televizioni Happy, si dhe mediat tabloide si Alo, Ve\u010dernje novosti, Srpski Telegraf, Srbija Danas etj.<\/p>\n<p>Atmosfera e relativizimit t\u00eb krimeve t\u00eb luft\u00ebs arrin kulmin pik\u00ebrisht n\u00eb p\u00ebrvjetor\u00ebt e p\u00ebrkujtimit t\u00eb tyre, data ky\u00e7e \u00ebsht\u00eb 11 korriku. Viti i kaluar ishte specifik, sepse rezoluta e Kombeve t\u00eb Bashkuara shpalli 11 korrikun si Dit\u00ebn Nd\u00ebrkomb\u00ebtare t\u00eb P\u00ebrkujtimit t\u00eb Gjenocidit n\u00eb Srebrenic\u00eb. N\u00eb Serbi, ata reaguan ndaj k\u00ebsaj me nj\u00eb fushat\u00eb politike. Slogani &#8220;Serb\u00ebt nuk jan\u00eb nj\u00eb komb gjenocidal&#8221; u shfaq n\u00eb tabela reklamash n\u00eb t\u00eb gjith\u00eb vendin, megjith\u00ebse p\u00ebrfundimet e OKB-s\u00eb nuk p\u00ebrmendin popullin serb ose p\u00ebrgjegj\u00ebsin\u00eb kolektive.<\/p>\n","protected":false},"excerpt":{"rendered":"<p>Beograd, 7 korrik 2025 Vendimi i Tribunalit t\u00eb Hag\u00ebs p\u00ebr Srebrenic\u00ebn \u00ebsht\u00eb i qart\u00eb, por mediat n\u00eb Serbi e shtremb\u00ebrojn\u00eb konceptin e gjenocidit. DW hetoi<\/p>\n","protected":false},"author":2,"featured_media":2760,"comment_status":"open","ping_status":"open","sticky":false,"template":"","format":"standard","meta":{"footnotes":""},"categories":[58],"tags":[],"class_list":["post-2759","post","type-post","status-publish","format-standard","has-post-thumbnail","hentry","category-politike-sq"],"yoast_head":"<!-- This site is optimized with the Yoast SEO plugin v25.3.1 - https:\/\/yoast.com\/wordpress\/plugins\/seo\/ -->\n<title>Tabloid\u00ebt e Vu\u00e7iqit i shnd\u00ebrrojn\u00eb kriminel\u00ebt n\u00eb analist\u00eb: Srebrenica, viktim\u00eb e rishkrimit t\u00eb historis\u00eb -<\/title>\n<meta name=\"robots\" content=\"index, follow, max-snippet:-1, max-image-preview:large, max-video-preview:-1\" \/>\n<link rel=\"canonical\" href=\"https:\/\/veritasinfo.org\/?p=2759\" \/>\n<meta property=\"og:locale\" content=\"en_US\" \/>\n<meta property=\"og:type\" content=\"article\" \/>\n<meta property=\"og:title\" content=\"Tabloid\u00ebt e Vu\u00e7iqit i shnd\u00ebrrojn\u00eb kriminel\u00ebt n\u00eb analist\u00eb: Srebrenica, viktim\u00eb e rishkrimit t\u00eb historis\u00eb -\" \/>\n<meta property=\"og:description\" content=\"Beograd, 7 korrik 2025 Vendimi i Tribunalit t\u00eb Hag\u00ebs p\u00ebr Srebrenic\u00ebn \u00ebsht\u00eb i qart\u00eb, por mediat n\u00eb Serbi e shtremb\u00ebrojn\u00eb konceptin e gjenocidit. DW hetoi\" \/>\n<meta property=\"og:url\" content=\"https:\/\/veritasinfo.org\/?p=2759\" \/>\n<meta property=\"article:published_time\" content=\"2025-07-07T06:54:37+00:00\" \/>\n<meta property=\"og:image\" content=\"https:\/\/veritasinfo.org\/wp-content\/uploads\/2025\/07\/aleksandar_vucic_tabloidi_propaganda.jpg\" \/>\n\t<meta property=\"og:image:width\" content=\"900\" \/>\n\t<meta property=\"og:image:height\" content=\"541\" \/>\n\t<meta property=\"og:image:type\" content=\"image\/jpeg\" \/>\n<meta name=\"author\" content=\"US1\" \/>\n<meta name=\"twitter:card\" content=\"summary_large_image\" \/>\n<meta name=\"twitter:label1\" content=\"Written by\" \/>\n\t<meta name=\"twitter:data1\" content=\"US1\" \/>\n\t<meta name=\"twitter:label2\" content=\"Est. reading time\" \/>\n\t<meta name=\"twitter:data2\" content=\"2 minutes\" \/>\n<script type=\"application\/ld+json\" class=\"yoast-schema-graph\">{\"@context\":\"https:\/\/schema.org\",\"@graph\":[{\"@type\":\"WebPage\",\"@id\":\"https:\/\/veritasinfo.org\/?p=2759\",\"url\":\"https:\/\/veritasinfo.org\/?p=2759\",\"name\":\"Tabloid\u00ebt e Vu\u00e7iqit i shnd\u00ebrrojn\u00eb kriminel\u00ebt n\u00eb analist\u00eb: Srebrenica, viktim\u00eb e rishkrimit t\u00eb historis\u00eb -\",\"isPartOf\":{\"@id\":\"https:\/\/veritasinfo.org\/#website\"},\"primaryImageOfPage\":{\"@id\":\"https:\/\/veritasinfo.org\/?p=2759#primaryimage\"},\"image\":{\"@id\":\"https:\/\/veritasinfo.org\/?p=2759#primaryimage\"},\"thumbnailUrl\":\"https:\/\/veritasinfo.org\/wp-content\/uploads\/2025\/07\/aleksandar_vucic_tabloidi_propaganda.jpg\",\"datePublished\":\"2025-07-07T06:54:37+00:00\",\"author\":{\"@id\":\"https:\/\/veritasinfo.org\/#\/schema\/person\/c2b8be262ea994d0995addca692c5e98\"},\"breadcrumb\":{\"@id\":\"https:\/\/veritasinfo.org\/?p=2759#breadcrumb\"},\"inLanguage\":\"en-US\",\"potentialAction\":[{\"@type\":\"ReadAction\",\"target\":[\"https:\/\/veritasinfo.org\/?p=2759\"]}]},{\"@type\":\"ImageObject\",\"inLanguage\":\"en-US\",\"@id\":\"https:\/\/veritasinfo.org\/?p=2759#primaryimage\",\"url\":\"https:\/\/veritasinfo.org\/wp-content\/uploads\/2025\/07\/aleksandar_vucic_tabloidi_propaganda.jpg\",\"contentUrl\":\"https:\/\/veritasinfo.org\/wp-content\/uploads\/2025\/07\/aleksandar_vucic_tabloidi_propaganda.jpg\",\"width\":900,\"height\":541},{\"@type\":\"BreadcrumbList\",\"@id\":\"https:\/\/veritasinfo.org\/?p=2759#breadcrumb\",\"itemListElement\":[{\"@type\":\"ListItem\",\"position\":1,\"name\":\"Home\",\"item\":\"https:\/\/veritasinfo.org\/\"},{\"@type\":\"ListItem\",\"position\":2,\"name\":\"Tabloid\u00ebt e Vu\u00e7iqit i shnd\u00ebrrojn\u00eb kriminel\u00ebt n\u00eb analist\u00eb: Srebrenica, viktim\u00eb e rishkrimit t\u00eb historis\u00eb\"}]},{\"@type\":\"WebSite\",\"@id\":\"https:\/\/veritasinfo.org\/#website\",\"url\":\"https:\/\/veritasinfo.org\/\",\"name\":\"\",\"description\":\"\",\"potentialAction\":[{\"@type\":\"SearchAction\",\"target\":{\"@type\":\"EntryPoint\",\"urlTemplate\":\"https:\/\/veritasinfo.org\/?s={search_term_string}\"},\"query-input\":{\"@type\":\"PropertyValueSpecification\",\"valueRequired\":true,\"valueName\":\"search_term_string\"}}],\"inLanguage\":\"en-US\"},{\"@type\":\"Person\",\"@id\":\"https:\/\/veritasinfo.org\/#\/schema\/person\/c2b8be262ea994d0995addca692c5e98\",\"name\":\"US1\",\"image\":{\"@type\":\"ImageObject\",\"inLanguage\":\"en-US\",\"@id\":\"https:\/\/veritasinfo.org\/#\/schema\/person\/image\/\",\"url\":\"https:\/\/secure.gravatar.com\/avatar\/4e96a59bd256abf9956eb9963ac891a47461ffb364d47b0e9aab113328fdb75b?s=96&d=mm&r=g\",\"contentUrl\":\"https:\/\/secure.gravatar.com\/avatar\/4e96a59bd256abf9956eb9963ac891a47461ffb364d47b0e9aab113328fdb75b?s=96&d=mm&r=g\",\"caption\":\"US1\"},\"url\":\"https:\/\/veritasinfo.org\/?author=2\"}]}<\/script>\n<!-- \/ Yoast SEO plugin. -->","yoast_head_json":{"title":"Tabloid\u00ebt e Vu\u00e7iqit i shnd\u00ebrrojn\u00eb kriminel\u00ebt n\u00eb analist\u00eb: Srebrenica, viktim\u00eb e rishkrimit t\u00eb historis\u00eb -","robots":{"index":"index","follow":"follow","max-snippet":"max-snippet:-1","max-image-preview":"max-image-preview:large","max-video-preview":"max-video-preview:-1"},"canonical":"https:\/\/veritasinfo.org\/?p=2759","og_locale":"en_US","og_type":"article","og_title":"Tabloid\u00ebt e Vu\u00e7iqit i shnd\u00ebrrojn\u00eb kriminel\u00ebt n\u00eb analist\u00eb: Srebrenica, viktim\u00eb e rishkrimit t\u00eb historis\u00eb -","og_description":"Beograd, 7 korrik 2025 Vendimi i Tribunalit t\u00eb Hag\u00ebs p\u00ebr Srebrenic\u00ebn \u00ebsht\u00eb i qart\u00eb, por mediat n\u00eb Serbi e shtremb\u00ebrojn\u00eb konceptin e gjenocidit. DW hetoi","og_url":"https:\/\/veritasinfo.org\/?p=2759","article_published_time":"2025-07-07T06:54:37+00:00","og_image":[{"width":900,"height":541,"url":"https:\/\/veritasinfo.org\/wp-content\/uploads\/2025\/07\/aleksandar_vucic_tabloidi_propaganda.jpg","type":"image\/jpeg"}],"author":"US1","twitter_card":"summary_large_image","twitter_misc":{"Written by":"US1","Est. reading time":"2 minutes"},"schema":{"@context":"https:\/\/schema.org","@graph":[{"@type":"WebPage","@id":"https:\/\/veritasinfo.org\/?p=2759","url":"https:\/\/veritasinfo.org\/?p=2759","name":"Tabloid\u00ebt e Vu\u00e7iqit i shnd\u00ebrrojn\u00eb kriminel\u00ebt n\u00eb analist\u00eb: Srebrenica, viktim\u00eb e rishkrimit t\u00eb historis\u00eb -","isPartOf":{"@id":"https:\/\/veritasinfo.org\/#website"},"primaryImageOfPage":{"@id":"https:\/\/veritasinfo.org\/?p=2759#primaryimage"},"image":{"@id":"https:\/\/veritasinfo.org\/?p=2759#primaryimage"},"thumbnailUrl":"https:\/\/veritasinfo.org\/wp-content\/uploads\/2025\/07\/aleksandar_vucic_tabloidi_propaganda.jpg","datePublished":"2025-07-07T06:54:37+00:00","author":{"@id":"https:\/\/veritasinfo.org\/#\/schema\/person\/c2b8be262ea994d0995addca692c5e98"},"breadcrumb":{"@id":"https:\/\/veritasinfo.org\/?p=2759#breadcrumb"},"inLanguage":"en-US","potentialAction":[{"@type":"ReadAction","target":["https:\/\/veritasinfo.org\/?p=2759"]}]},{"@type":"ImageObject","inLanguage":"en-US","@id":"https:\/\/veritasinfo.org\/?p=2759#primaryimage","url":"https:\/\/veritasinfo.org\/wp-content\/uploads\/2025\/07\/aleksandar_vucic_tabloidi_propaganda.jpg","contentUrl":"https:\/\/veritasinfo.org\/wp-content\/uploads\/2025\/07\/aleksandar_vucic_tabloidi_propaganda.jpg","width":900,"height":541},{"@type":"BreadcrumbList","@id":"https:\/\/veritasinfo.org\/?p=2759#breadcrumb","itemListElement":[{"@type":"ListItem","position":1,"name":"Home","item":"https:\/\/veritasinfo.org\/"},{"@type":"ListItem","position":2,"name":"Tabloid\u00ebt e Vu\u00e7iqit i shnd\u00ebrrojn\u00eb kriminel\u00ebt n\u00eb analist\u00eb: Srebrenica, viktim\u00eb e rishkrimit t\u00eb historis\u00eb"}]},{"@type":"WebSite","@id":"https:\/\/veritasinfo.org\/#website","url":"https:\/\/veritasinfo.org\/","name":"","description":"","potentialAction":[{"@type":"SearchAction","target":{"@type":"EntryPoint","urlTemplate":"https:\/\/veritasinfo.org\/?s={search_term_string}"},"query-input":{"@type":"PropertyValueSpecification","valueRequired":true,"valueName":"search_term_string"}}],"inLanguage":"en-US"},{"@type":"Person","@id":"https:\/\/veritasinfo.org\/#\/schema\/person\/c2b8be262ea994d0995addca692c5e98","name":"US1","image":{"@type":"ImageObject","inLanguage":"en-US","@id":"https:\/\/veritasinfo.org\/#\/schema\/person\/image\/","url":"https:\/\/secure.gravatar.com\/avatar\/4e96a59bd256abf9956eb9963ac891a47461ffb364d47b0e9aab113328fdb75b?s=96&d=mm&r=g","contentUrl":"https:\/\/secure.gravatar.com\/avatar\/4e96a59bd256abf9956eb9963ac891a47461ffb364d47b0e9aab113328fdb75b?s=96&d=mm&r=g","caption":"US1"},"url":"https:\/\/veritasinfo.org\/?author=2"}]}},"featured_image_urls":{"full":["https:\/\/veritasinfo.org\/wp-content\/uploads\/2025\/07\/aleksandar_vucic_tabloidi_propaganda.jpg",900,541,false],"thumbnail":["https:\/\/veritasinfo.org\/wp-content\/uploads\/2025\/07\/aleksandar_vucic_tabloidi_propaganda-150x150.jpg",150,150,true],"medium":["https:\/\/veritasinfo.org\/wp-content\/uploads\/2025\/07\/aleksandar_vucic_tabloidi_propaganda-300x180.jpg",300,180,true],"medium_large":["https:\/\/veritasinfo.org\/wp-content\/uploads\/2025\/07\/aleksandar_vucic_tabloidi_propaganda-768x462.jpg",640,385,true],"large":["https:\/\/veritasinfo.org\/wp-content\/uploads\/2025\/07\/aleksandar_vucic_tabloidi_propaganda.jpg",640,385,false],"1536x1536":["https:\/\/veritasinfo.org\/wp-content\/uploads\/2025\/07\/aleksandar_vucic_tabloidi_propaganda.jpg",900,541,false],"2048x2048":["https:\/\/veritasinfo.org\/wp-content\/uploads\/2025\/07\/aleksandar_vucic_tabloidi_propaganda.jpg",900,541,false],"kreeti-slider-full":["https:\/\/veritasinfo.org\/wp-content\/uploads\/2025\/07\/aleksandar_vucic_tabloidi_propaganda.jpg",900,541,false],"kreeti-featured":["https:\/\/veritasinfo.org\/wp-content\/uploads\/2025\/07\/aleksandar_vucic_tabloidi_propaganda.jpg",900,541,false],"kreeti-medium":["https:\/\/veritasinfo.org\/wp-content\/uploads\/2025\/07\/aleksandar_vucic_tabloidi_propaganda.jpg",720,433,false],"kreeti-medium-square":["https:\/\/veritasinfo.org\/wp-content\/uploads\/2025\/07\/aleksandar_vucic_tabloidi_propaganda.jpg",350,210,false]},"author_info":{"info":["US1"]},"category_info":"<a href=\"https:\/\/veritasinfo.org\/?cat=58\" rel=\"category\">Politik\u00eb<\/a>","tag_info":"Politik\u00eb","comment_count":"0","_links":{"self":[{"href":"https:\/\/veritasinfo.org\/index.php?rest_route=\/wp\/v2\/posts\/2759","targetHints":{"allow":["GET"]}}],"collection":[{"href":"https:\/\/veritasinfo.org\/index.php?rest_route=\/wp\/v2\/posts"}],"about":[{"href":"https:\/\/veritasinfo.org\/index.php?rest_route=\/wp\/v2\/types\/post"}],"author":[{"embeddable":true,"href":"https:\/\/veritasinfo.org\/index.php?rest_route=\/wp\/v2\/users\/2"}],"replies":[{"embeddable":true,"href":"https:\/\/veritasinfo.org\/index.php?rest_route=%2Fwp%2Fv2%2Fcomments&post=2759"}],"version-history":[{"count":1,"href":"https:\/\/veritasinfo.org\/index.php?rest_route=\/wp\/v2\/posts\/2759\/revisions"}],"predecessor-version":[{"id":2762,"href":"https:\/\/veritasinfo.org\/index.php?rest_route=\/wp\/v2\/posts\/2759\/revisions\/2762"}],"wp:featuredmedia":[{"embeddable":true,"href":"https:\/\/veritasinfo.org\/index.php?rest_route=\/wp\/v2\/media\/2760"}],"wp:attachment":[{"href":"https:\/\/veritasinfo.org\/index.php?rest_route=%2Fwp%2Fv2%2Fmedia&parent=2759"}],"wp:term":[{"taxonomy":"category","embeddable":true,"href":"https:\/\/veritasinfo.org\/index.php?rest_route=%2Fwp%2Fv2%2Fcategories&post=2759"},{"taxonomy":"post_tag","embeddable":true,"href":"https:\/\/veritasinfo.org\/index.php?rest_route=%2Fwp%2Fv2%2Ftags&post=2759"}],"curies":[{"name":"wp","href":"https:\/\/api.w.org\/{rel}","templated":true}]}}