{"id":27571,"date":"2026-01-13T12:35:19","date_gmt":"2026-01-13T11:35:19","guid":{"rendered":"https:\/\/veritasinfo.org\/?p=27571"},"modified":"2026-01-13T12:35:19","modified_gmt":"2026-01-13T11:35:19","slug":"avokati-i-popullit-specialja-po-gjykon-me-prova-te-paligjshme-nga-serbia","status":"publish","type":"post","link":"https:\/\/veritasinfo.org\/?p=27571","title":{"rendered":"Avokati i Popullit: Specialja po gjykon me prova t\u00eb paligjshme nga Serbia"},"content":{"rendered":"<p>Prishtin\u00eb, 13 janar 2026 12:34<\/p>\n<p>Dokumente t\u00eb dyshimta q\u00eb pretendohet se burojn\u00eb nga autoritetet serbe pas vitit 1999, nj\u00eb periudh\u00eb kur Serbia nuk kishte juridiksion t\u00eb ligjsh\u00ebm n\u00eb Kosov\u00eb, po p\u00ebrdoren si prova n\u00eb proceset e Dhomave t\u00eb Specializuara. Kjo praktik\u00eb, e shoq\u00ebruar edhe me pranimin e librave dhe botimeve me kredibilitet t\u00eb ul\u00ebt si materiale provuese, ka ngritur dyshime serioze p\u00ebr ligjshm\u00ebrin\u00eb dhe besueshm\u00ebrin\u00eb e procedurave gjyq\u00ebsore.<\/p>\n<p>K\u00ebto shqet\u00ebsime jan\u00eb ngritur nga Avokati i Popullit i Republik\u00ebs s\u00eb Kosov\u00ebs, Naim Qelaj, n\u00eb nj\u00eb let\u00ebr drejtuar Kryetares s\u00eb Dhomave t\u00eb Specializuara t\u00eb Kosov\u00ebs, Ekaterina Trendafilova, ku ai paralajm\u00ebron p\u00ebr shkelje t\u00eb standardeve kushtetuese dhe nd\u00ebrkomb\u00ebtare t\u00eb t\u00eb drejtave t\u00eb njeriut.<\/p>\n<p>N\u00eb letr\u00ebn e tij, Qelaj thekson se procedurat q\u00eb zhvillohen para Dhomave t\u00eb Specializuara, sipas vler\u00ebsimit paraprak t\u00eb institucionit q\u00eb ai drejton, paraqesin mang\u00ebsi serioze n\u00eb raport me Kushtetut\u00ebn e Republik\u00ebs s\u00eb Kosov\u00ebs, instrumentet nd\u00ebrkomb\u00ebtare p\u00ebr t\u00eb drejtat e njeriut dhe jurisprudenc\u00ebn e Gjykat\u00ebs Evropiane p\u00ebr t\u00eb Drejtat e Njeriut.<\/p>\n<p>Nj\u00eb nga shqet\u00ebsimet kryesore q\u00eb ngre Avokati i Popullit \u00ebsht\u00eb fakti se Dhomat e Specializuara nuk i n\u00ebnshtrohen asnj\u00eb mekanizmi vendor t\u00eb monitorimit apo llogaridh\u00ebnies, nd\u00ebrsa veprimtaria e tyre, sipas tij, ka prodhuar perceptim t\u00eb munges\u00ebs s\u00eb barazis\u00eb para ligjit. Qelaj v\u00eb n\u00eb dukje se t\u00eb gjith\u00eb t\u00eb akuzuarit deri m\u00eb tani jan\u00eb t\u00eb p\u00ebrkat\u00ebsis\u00eb s\u00eb nj\u00ebjt\u00eb etnike, gj\u00eb q\u00eb ngre dyshime serioze p\u00ebr zbatimin selektiv dhe monoetnik t\u00eb juridiksionit, pa sqarime t\u00eb mjaftueshme p\u00ebr publikun vendor dhe nd\u00ebrkomb\u00ebtar.<\/p>\n<p>Avokati i Popullit shpreh gjithashtu shqet\u00ebsim t\u00eb thell\u00eb p\u00ebr \u00e7ekuilibrin procedural n\u00eb proceset gjyq\u00ebsore, duke theksuar se gjykata ka refuzuar pothuajse t\u00eb gjitha k\u00ebrkesat procedurale dhe provuese t\u00eb mbrojtjes. Sipas tij, nj\u00eb praktik\u00eb e till\u00eb \u00ebsht\u00eb jasht\u00ebzakonisht e pazakont\u00eb dhe rrezikon t\u00eb minoj\u00eb besueshm\u00ebrin\u00eb e gjykimeve dhe parimin e gjykimit t\u00eb drejt\u00eb.<\/p>\n<p>N\u00eb letr\u00ebn q\u00eb ka siguruar ekskluzivisht Kanal10, Qelaj ngre shqet\u00ebsime edhe p\u00ebr kufizimet n\u00eb komunikim, vizita familjare dhe monitorimin e vazhduesh\u00ebm gjat\u00eb paraburgimit, duke paralajm\u00ebruar p\u00ebr shkelje serioze t\u00eb t\u00eb drejtave themelore t\u00eb njeriut.<\/p>\n<p>Nj\u00eb kapitull i ve\u00e7ant\u00eb i letr\u00ebs t\u00eb cil\u00ebn e ka siguruar Kanal 10, i kushtohet paraburgimit, ku Avokati i Popullit e cil\u00ebson praktik\u00ebn e paraburgimit t\u00eb zgjatur dhe t\u00eb pand\u00ebrprer\u00eb p\u00ebr t\u00eb gjith\u00eb t\u00eb akuzuarit si problematike dhe n\u00eb kund\u00ebrshtim me standardet nd\u00ebrkomb\u00ebtare. Ai thekson se vler\u00ebsimi i rrezikut t\u00eb ikjes si \u201ci lart\u00eb\u201d n\u00eb m\u00ebnyr\u00eb uniforme nuk \u00ebsht\u00eb i arsyetuar bindsh\u00ebm, sidomos duke pasur parasysh se t\u00eb gjith\u00eb t\u00eb akuzuarit jan\u00eb vet\u00ebdor\u00ebzuar dhe nuk ka prova konkrete p\u00ebr nd\u00ebrhyrje ndaj d\u00ebshmitar\u00ebve.<\/p>\n<p>N\u00eb p\u00ebrfundim, Avokati i Popullit thekson se kjo let\u00ebr paraqet nj\u00eb nism\u00eb monitoruese n\u00eb frym\u00ebn e p\u00ebrgjegj\u00ebsis\u00eb institucionale dhe angazhimit konstruktiv, me synim mbrojtjen e t\u00eb drejtave themelore dhe garantimin e nj\u00eb gjykimi t\u00eb drejt\u00eb dhe t\u00eb paansh\u00ebm.<\/p>\n<p>Ndryshe, N\u00eb Dhomat e Specializuara t\u00eb Kosov\u00ebs n\u00eb Hag\u00eb po zhvillohet procesi gjyq\u00ebsor ndaj ish-krer\u00ebve t\u00eb Ushtris\u00eb \u00c7lirimtare t\u00eb Kosov\u00ebs, Hashim Tha\u00e7i, Kadri Veseli, Jakup Krasniqi dhe Rexhep Selimi.<\/p>\n<p>T\u00eb kat\u00ebrtit jan\u00eb arrestuar n\u00eb vitin 2020 dhe jan\u00eb duke u mbajtur n\u00eb paraburgim n\u00eb Hag\u00eb, nd\u00ebrsa kan\u00eb deklaruar vazhdimisht se jan\u00eb t\u00eb pafajsh\u00ebm.<\/p>\n<p>&nbsp;<\/p>\n","protected":false},"excerpt":{"rendered":"<p>Prishtin\u00eb, 13 janar 2026 12:34 Dokumente t\u00eb dyshimta q\u00eb pretendohet se burojn\u00eb nga autoritetet serbe pas vitit 1999, nj\u00eb periudh\u00eb kur Serbia nuk kishte juridiksion<\/p>\n","protected":false},"author":7,"featured_media":27573,"comment_status":"open","ping_status":"open","sticky":false,"template":"","format":"standard","meta":{"footnotes":""},"categories":[15],"tags":[],"class_list":["post-27571","post","type-post","status-publish","format-standard","has-post-thumbnail","hentry","category-uncategorized-sq"],"yoast_head":"<!-- This site is optimized with the Yoast SEO plugin v25.3.1 - https:\/\/yoast.com\/wordpress\/plugins\/seo\/ -->\n<title>Avokati i Popullit: Specialja po gjykon me prova t\u00eb paligjshme nga Serbia -<\/title>\n<meta name=\"robots\" content=\"index, follow, max-snippet:-1, max-image-preview:large, max-video-preview:-1\" \/>\n<link rel=\"canonical\" href=\"https:\/\/veritasinfo.org\/?p=27571\" \/>\n<meta property=\"og:locale\" content=\"en_US\" \/>\n<meta property=\"og:type\" content=\"article\" \/>\n<meta property=\"og:title\" content=\"Avokati i Popullit: Specialja po gjykon me prova t\u00eb paligjshme nga Serbia -\" \/>\n<meta property=\"og:description\" content=\"Prishtin\u00eb, 13 janar 2026 12:34 Dokumente t\u00eb dyshimta q\u00eb pretendohet se burojn\u00eb nga autoritetet serbe pas vitit 1999, nj\u00eb periudh\u00eb kur Serbia nuk kishte juridiksion\" \/>\n<meta property=\"og:url\" content=\"https:\/\/veritasinfo.org\/?p=27571\" \/>\n<meta property=\"article:published_time\" content=\"2026-01-13T11:35:19+00:00\" \/>\n<meta property=\"og:image\" content=\"https:\/\/veritasinfo.org\/wp-content\/uploads\/2026\/01\/ap-1.jpg\" \/>\n\t<meta property=\"og:image:width\" content=\"650\" \/>\n\t<meta property=\"og:image:height\" content=\"266\" \/>\n\t<meta property=\"og:image:type\" content=\"image\/jpeg\" \/>\n<meta name=\"author\" content=\"US6\" \/>\n<meta name=\"twitter:card\" content=\"summary_large_image\" \/>\n<meta name=\"twitter:label1\" content=\"Written by\" \/>\n\t<meta name=\"twitter:data1\" content=\"US6\" \/>\n\t<meta name=\"twitter:label2\" content=\"Est. reading time\" \/>\n\t<meta name=\"twitter:data2\" content=\"3 minutes\" \/>\n<script type=\"application\/ld+json\" class=\"yoast-schema-graph\">{\"@context\":\"https:\/\/schema.org\",\"@graph\":[{\"@type\":\"WebPage\",\"@id\":\"https:\/\/veritasinfo.org\/?p=27571\",\"url\":\"https:\/\/veritasinfo.org\/?p=27571\",\"name\":\"Avokati i Popullit: Specialja po gjykon me prova t\u00eb paligjshme nga Serbia -\",\"isPartOf\":{\"@id\":\"https:\/\/veritasinfo.org\/#website\"},\"primaryImageOfPage\":{\"@id\":\"https:\/\/veritasinfo.org\/?p=27571#primaryimage\"},\"image\":{\"@id\":\"https:\/\/veritasinfo.org\/?p=27571#primaryimage\"},\"thumbnailUrl\":\"https:\/\/veritasinfo.org\/wp-content\/uploads\/2026\/01\/ap-1.jpg\",\"datePublished\":\"2026-01-13T11:35:19+00:00\",\"author\":{\"@id\":\"https:\/\/veritasinfo.org\/#\/schema\/person\/fe199eede04c3937362892b7444747cc\"},\"breadcrumb\":{\"@id\":\"https:\/\/veritasinfo.org\/?p=27571#breadcrumb\"},\"inLanguage\":\"en-US\",\"potentialAction\":[{\"@type\":\"ReadAction\",\"target\":[\"https:\/\/veritasinfo.org\/?p=27571\"]}]},{\"@type\":\"ImageObject\",\"inLanguage\":\"en-US\",\"@id\":\"https:\/\/veritasinfo.org\/?p=27571#primaryimage\",\"url\":\"https:\/\/veritasinfo.org\/wp-content\/uploads\/2026\/01\/ap-1.jpg\",\"contentUrl\":\"https:\/\/veritasinfo.org\/wp-content\/uploads\/2026\/01\/ap-1.jpg\",\"width\":650,\"height\":266},{\"@type\":\"BreadcrumbList\",\"@id\":\"https:\/\/veritasinfo.org\/?p=27571#breadcrumb\",\"itemListElement\":[{\"@type\":\"ListItem\",\"position\":1,\"name\":\"Home\",\"item\":\"https:\/\/veritasinfo.org\/\"},{\"@type\":\"ListItem\",\"position\":2,\"name\":\"Avokati i Popullit: Specialja po gjykon me prova t\u00eb paligjshme nga Serbia\"}]},{\"@type\":\"WebSite\",\"@id\":\"https:\/\/veritasinfo.org\/#website\",\"url\":\"https:\/\/veritasinfo.org\/\",\"name\":\"\",\"description\":\"\",\"potentialAction\":[{\"@type\":\"SearchAction\",\"target\":{\"@type\":\"EntryPoint\",\"urlTemplate\":\"https:\/\/veritasinfo.org\/?s={search_term_string}\"},\"query-input\":{\"@type\":\"PropertyValueSpecification\",\"valueRequired\":true,\"valueName\":\"search_term_string\"}}],\"inLanguage\":\"en-US\"},{\"@type\":\"Person\",\"@id\":\"https:\/\/veritasinfo.org\/#\/schema\/person\/fe199eede04c3937362892b7444747cc\",\"name\":\"US6\",\"image\":{\"@type\":\"ImageObject\",\"inLanguage\":\"en-US\",\"@id\":\"https:\/\/veritasinfo.org\/#\/schema\/person\/image\/\",\"url\":\"https:\/\/secure.gravatar.com\/avatar\/cb16c3c31c9d23b9b8c705964598220b3014e42ff51eb540ff23cefa3ae8c15f?s=96&d=mm&r=g\",\"contentUrl\":\"https:\/\/secure.gravatar.com\/avatar\/cb16c3c31c9d23b9b8c705964598220b3014e42ff51eb540ff23cefa3ae8c15f?s=96&d=mm&r=g\",\"caption\":\"US6\"},\"url\":\"https:\/\/veritasinfo.org\/?author=7\"}]}<\/script>\n<!-- \/ Yoast SEO plugin. -->","yoast_head_json":{"title":"Avokati i Popullit: Specialja po gjykon me prova t\u00eb paligjshme nga Serbia -","robots":{"index":"index","follow":"follow","max-snippet":"max-snippet:-1","max-image-preview":"max-image-preview:large","max-video-preview":"max-video-preview:-1"},"canonical":"https:\/\/veritasinfo.org\/?p=27571","og_locale":"en_US","og_type":"article","og_title":"Avokati i Popullit: Specialja po gjykon me prova t\u00eb paligjshme nga Serbia -","og_description":"Prishtin\u00eb, 13 janar 2026 12:34 Dokumente t\u00eb dyshimta q\u00eb pretendohet se burojn\u00eb nga autoritetet serbe pas vitit 1999, nj\u00eb periudh\u00eb kur Serbia nuk kishte juridiksion","og_url":"https:\/\/veritasinfo.org\/?p=27571","article_published_time":"2026-01-13T11:35:19+00:00","og_image":[{"width":650,"height":266,"url":"https:\/\/veritasinfo.org\/wp-content\/uploads\/2026\/01\/ap-1.jpg","type":"image\/jpeg"}],"author":"US6","twitter_card":"summary_large_image","twitter_misc":{"Written by":"US6","Est. reading time":"3 minutes"},"schema":{"@context":"https:\/\/schema.org","@graph":[{"@type":"WebPage","@id":"https:\/\/veritasinfo.org\/?p=27571","url":"https:\/\/veritasinfo.org\/?p=27571","name":"Avokati i Popullit: Specialja po gjykon me prova t\u00eb paligjshme nga Serbia -","isPartOf":{"@id":"https:\/\/veritasinfo.org\/#website"},"primaryImageOfPage":{"@id":"https:\/\/veritasinfo.org\/?p=27571#primaryimage"},"image":{"@id":"https:\/\/veritasinfo.org\/?p=27571#primaryimage"},"thumbnailUrl":"https:\/\/veritasinfo.org\/wp-content\/uploads\/2026\/01\/ap-1.jpg","datePublished":"2026-01-13T11:35:19+00:00","author":{"@id":"https:\/\/veritasinfo.org\/#\/schema\/person\/fe199eede04c3937362892b7444747cc"},"breadcrumb":{"@id":"https:\/\/veritasinfo.org\/?p=27571#breadcrumb"},"inLanguage":"en-US","potentialAction":[{"@type":"ReadAction","target":["https:\/\/veritasinfo.org\/?p=27571"]}]},{"@type":"ImageObject","inLanguage":"en-US","@id":"https:\/\/veritasinfo.org\/?p=27571#primaryimage","url":"https:\/\/veritasinfo.org\/wp-content\/uploads\/2026\/01\/ap-1.jpg","contentUrl":"https:\/\/veritasinfo.org\/wp-content\/uploads\/2026\/01\/ap-1.jpg","width":650,"height":266},{"@type":"BreadcrumbList","@id":"https:\/\/veritasinfo.org\/?p=27571#breadcrumb","itemListElement":[{"@type":"ListItem","position":1,"name":"Home","item":"https:\/\/veritasinfo.org\/"},{"@type":"ListItem","position":2,"name":"Avokati i Popullit: Specialja po gjykon me prova t\u00eb paligjshme nga Serbia"}]},{"@type":"WebSite","@id":"https:\/\/veritasinfo.org\/#website","url":"https:\/\/veritasinfo.org\/","name":"","description":"","potentialAction":[{"@type":"SearchAction","target":{"@type":"EntryPoint","urlTemplate":"https:\/\/veritasinfo.org\/?s={search_term_string}"},"query-input":{"@type":"PropertyValueSpecification","valueRequired":true,"valueName":"search_term_string"}}],"inLanguage":"en-US"},{"@type":"Person","@id":"https:\/\/veritasinfo.org\/#\/schema\/person\/fe199eede04c3937362892b7444747cc","name":"US6","image":{"@type":"ImageObject","inLanguage":"en-US","@id":"https:\/\/veritasinfo.org\/#\/schema\/person\/image\/","url":"https:\/\/secure.gravatar.com\/avatar\/cb16c3c31c9d23b9b8c705964598220b3014e42ff51eb540ff23cefa3ae8c15f?s=96&d=mm&r=g","contentUrl":"https:\/\/secure.gravatar.com\/avatar\/cb16c3c31c9d23b9b8c705964598220b3014e42ff51eb540ff23cefa3ae8c15f?s=96&d=mm&r=g","caption":"US6"},"url":"https:\/\/veritasinfo.org\/?author=7"}]}},"featured_image_urls":{"full":["https:\/\/veritasinfo.org\/wp-content\/uploads\/2026\/01\/ap-1.jpg",650,266,false],"thumbnail":["https:\/\/veritasinfo.org\/wp-content\/uploads\/2026\/01\/ap-1-150x150.jpg",150,150,true],"medium":["https:\/\/veritasinfo.org\/wp-content\/uploads\/2026\/01\/ap-1-300x123.jpg",300,123,true],"medium_large":["https:\/\/veritasinfo.org\/wp-content\/uploads\/2026\/01\/ap-1.jpg",640,262,false],"large":["https:\/\/veritasinfo.org\/wp-content\/uploads\/2026\/01\/ap-1.jpg",640,262,false],"1536x1536":["https:\/\/veritasinfo.org\/wp-content\/uploads\/2026\/01\/ap-1.jpg",650,266,false],"2048x2048":["https:\/\/veritasinfo.org\/wp-content\/uploads\/2026\/01\/ap-1.jpg",650,266,false],"kreeti-slider-full":["https:\/\/veritasinfo.org\/wp-content\/uploads\/2026\/01\/ap-1.jpg",650,266,false],"kreeti-featured":["https:\/\/veritasinfo.org\/wp-content\/uploads\/2026\/01\/ap-1.jpg",650,266,false],"kreeti-medium":["https:\/\/veritasinfo.org\/wp-content\/uploads\/2026\/01\/ap-1.jpg",650,266,false],"kreeti-medium-square":["https:\/\/veritasinfo.org\/wp-content\/uploads\/2026\/01\/ap-1.jpg",350,143,false]},"author_info":{"info":["US6"]},"category_info":"<a href=\"https:\/\/veritasinfo.org\/?cat=15\" rel=\"category\">Uncategorized<\/a>","tag_info":"Uncategorized","comment_count":"0","_links":{"self":[{"href":"https:\/\/veritasinfo.org\/index.php?rest_route=\/wp\/v2\/posts\/27571","targetHints":{"allow":["GET"]}}],"collection":[{"href":"https:\/\/veritasinfo.org\/index.php?rest_route=\/wp\/v2\/posts"}],"about":[{"href":"https:\/\/veritasinfo.org\/index.php?rest_route=\/wp\/v2\/types\/post"}],"author":[{"embeddable":true,"href":"https:\/\/veritasinfo.org\/index.php?rest_route=\/wp\/v2\/users\/7"}],"replies":[{"embeddable":true,"href":"https:\/\/veritasinfo.org\/index.php?rest_route=%2Fwp%2Fv2%2Fcomments&post=27571"}],"version-history":[{"count":1,"href":"https:\/\/veritasinfo.org\/index.php?rest_route=\/wp\/v2\/posts\/27571\/revisions"}],"predecessor-version":[{"id":27574,"href":"https:\/\/veritasinfo.org\/index.php?rest_route=\/wp\/v2\/posts\/27571\/revisions\/27574"}],"wp:featuredmedia":[{"embeddable":true,"href":"https:\/\/veritasinfo.org\/index.php?rest_route=\/wp\/v2\/media\/27573"}],"wp:attachment":[{"href":"https:\/\/veritasinfo.org\/index.php?rest_route=%2Fwp%2Fv2%2Fmedia&parent=27571"}],"wp:term":[{"taxonomy":"category","embeddable":true,"href":"https:\/\/veritasinfo.org\/index.php?rest_route=%2Fwp%2Fv2%2Fcategories&post=27571"},{"taxonomy":"post_tag","embeddable":true,"href":"https:\/\/veritasinfo.org\/index.php?rest_route=%2Fwp%2Fv2%2Ftags&post=27571"}],"curies":[{"name":"wp","href":"https:\/\/api.w.org\/{rel}","templated":true}]}}