{"id":27545,"date":"2026-01-13T08:45:11","date_gmt":"2026-01-13T07:45:11","guid":{"rendered":"https:\/\/veritasinfo.org\/?p=27545"},"modified":"2026-01-13T08:45:11","modified_gmt":"2026-01-13T07:45:11","slug":"gegaj-serbia-ndryshon-udheheqesit-por-jo-edhe-ideologjine","status":"publish","type":"post","link":"https:\/\/veritasinfo.org\/?p=27545","title":{"rendered":"Gegaj: Serbia ndryshon udh\u00ebheq\u00ebsit, por jo edhe ideologjin\u00eb"},"content":{"rendered":"<p><strong>Ulqin,13 janar 2026 08:45<\/strong><\/p>\n<p>\u201cPushteti n\u00eb Serbi mund t\u00eb ndryshoj\u00eb, por jam i sigurt se kjo nuk do t\u00eb sjell\u00eb ndryshime demokratike apo t\u00eb fqinj\u00ebsis\u00eb s\u00eb mir\u00eb. Politika e Serbis\u00eb, duke filluar me Ilija Gara\u0161anin e deri m\u00eb sot, n\u00eb thelb ka mbetur e nj\u00ebjt\u00eb. Po d\u00ebshmojm\u00eb se aktor\u00ebt politik\u00eb anti-evropian\u00eb dhe anti-civilizues po konkurrojn\u00eb se kush do t\u00eb uroj\u00eb t\u00eb par\u00ebt &#8220;dit\u00ebn e shtet\u00ebsis\u00eb&#8221; jokushtetuese t\u00eb entitetit Republika Srpska n\u00eb Bosnj\u00eb dhe Hercegovin\u00eb. T\u00eb nj\u00ebjt\u00ebt aktor\u00eb po b\u00ebjn\u00eb dhe do t\u00eb b\u00ebjn\u00eb gjith\u00e7ka p\u00ebr t\u00eb sabotuar rrug\u00ebn evropiane t\u00eb Malit t\u00eb Zi, thot\u00eb Nikoll\u00eb Gegaj, akter politik me p\u00ebrvoj\u00eb t\u00eb gjat\u00eb dhe kritik i ashp\u00ebr i ideologjive t\u00eb shteteve t\u00eb m\u00ebdha.<\/p>\n<p>Gegaj vler\u00ebson se ndryshimi i pushtetit n\u00eb Beograd nuk do t\u00eb thot\u00eb domosdoshm\u00ebrisht demokratizim i sistemit politik, sepse, si\u00e7 thekson ai, emrat dhe fytyrat po ndryshojn\u00eb, por jo thelbi i politik\u00ebs, e cila \u00ebsht\u00eb bazuar n\u00eb nacionaliz\u00ebm, autoritariz\u00ebm dhe revizioniz\u00ebm p\u00ebr dekada t\u00eb t\u00ebra.<\/p>\n<p>Ai beson se men\u00e7uria e vjet\u00ebr se &#8220;historia \u00ebsht\u00eb m\u00ebsuesja e jet\u00ebs&#8221;, Ballkanki, padyshim nuk i ka m\u00ebsuar asgj\u00eb Serbis\u00eb. Ose, m\u00eb sakt\u00eb, gjithmon\u00eb ka qarqe t\u00eb caktuara shoq\u00ebrore q\u00eb e shtremb\u00ebrojn\u00eb me vet\u00ebdije at\u00eb &#8220;m\u00ebsues&#8221;, duke krijuar nj\u00eb realitet paralel t\u00eb pikturuar nga revizionizmi.<\/p>\n<p>\u201cKjo nuk b\u00ebhet me nxitim, por planifikohet dhe merret n\u00eb konsiderat\u00eb, n\u00eb p\u00ebrputhje me Memorandumin inovativ t\u00eb SANU-s\u00eb, i cili, n\u00eb lidhje me interesat perandorake ruse, mori emrin &#8220;Bota Serbe&#8221;. Ky projekt &#8220;p\u00ebrdit\u00ebsohet&#8221; vazhdimisht, pas \u00e7do ndryshimi n\u00eb situat\u00ebn socio-politike. Fatkeq\u00ebsisht, ideologjia e viteve 1990 ka mbetur n\u00eb thelb e paprekur, vet\u00ebm ekzekutor\u00ebt kan\u00eb ndryshuar. Dje ishin Rankoviqi dhe Millosheviqi, sot \u00ebsht\u00eb Vu\u00e7i\u00e7, vler\u00ebson Gegaj.<\/p>\n","protected":false},"excerpt":{"rendered":"<p>Ulqin,13 janar 2026 08:45 \u201cPushteti n\u00eb Serbi mund t\u00eb ndryshoj\u00eb, por jam i sigurt se kjo nuk do t\u00eb sjell\u00eb ndryshime demokratike apo t\u00eb fqinj\u00ebsis\u00eb<\/p>\n","protected":false},"author":2,"featured_media":27546,"comment_status":"open","ping_status":"open","sticky":false,"template":"","format":"standard","meta":{"footnotes":""},"categories":[58],"tags":[],"class_list":["post-27545","post","type-post","status-publish","format-standard","has-post-thumbnail","hentry","category-politike-sq"],"yoast_head":"<!-- This site is optimized with the Yoast SEO plugin v25.3.1 - https:\/\/yoast.com\/wordpress\/plugins\/seo\/ -->\n<title>Gegaj: Serbia ndryshon udh\u00ebheq\u00ebsit, por jo edhe ideologjin\u00eb -<\/title>\n<meta name=\"robots\" content=\"index, follow, max-snippet:-1, max-image-preview:large, max-video-preview:-1\" \/>\n<link rel=\"canonical\" href=\"https:\/\/veritasinfo.org\/?p=27545\" \/>\n<meta property=\"og:locale\" content=\"en_US\" \/>\n<meta property=\"og:type\" content=\"article\" \/>\n<meta property=\"og:title\" content=\"Gegaj: Serbia ndryshon udh\u00ebheq\u00ebsit, por jo edhe ideologjin\u00eb -\" \/>\n<meta property=\"og:description\" content=\"Ulqin,13 janar 2026 08:45 \u201cPushteti n\u00eb Serbi mund t\u00eb ndryshoj\u00eb, por jam i sigurt se kjo nuk do t\u00eb sjell\u00eb ndryshime demokratike apo t\u00eb fqinj\u00ebsis\u00eb\" \/>\n<meta property=\"og:url\" content=\"https:\/\/veritasinfo.org\/?p=27545\" \/>\n<meta property=\"article:published_time\" content=\"2026-01-13T07:45:11+00:00\" \/>\n<meta property=\"og:image\" content=\"https:\/\/veritasinfo.org\/wp-content\/uploads\/2026\/01\/gegaj.webp\" \/>\n\t<meta property=\"og:image:width\" content=\"445\" \/>\n\t<meta property=\"og:image:height\" content=\"348\" \/>\n\t<meta property=\"og:image:type\" content=\"image\/webp\" \/>\n<meta name=\"author\" content=\"US1\" \/>\n<meta name=\"twitter:card\" content=\"summary_large_image\" \/>\n<meta name=\"twitter:label1\" content=\"Written by\" \/>\n\t<meta name=\"twitter:data1\" content=\"US1\" \/>\n\t<meta name=\"twitter:label2\" content=\"Est. reading time\" \/>\n\t<meta name=\"twitter:data2\" content=\"2 minutes\" \/>\n<script type=\"application\/ld+json\" class=\"yoast-schema-graph\">{\"@context\":\"https:\/\/schema.org\",\"@graph\":[{\"@type\":\"WebPage\",\"@id\":\"https:\/\/veritasinfo.org\/?p=27545\",\"url\":\"https:\/\/veritasinfo.org\/?p=27545\",\"name\":\"Gegaj: Serbia ndryshon udh\u00ebheq\u00ebsit, por jo edhe ideologjin\u00eb -\",\"isPartOf\":{\"@id\":\"https:\/\/veritasinfo.org\/#website\"},\"primaryImageOfPage\":{\"@id\":\"https:\/\/veritasinfo.org\/?p=27545#primaryimage\"},\"image\":{\"@id\":\"https:\/\/veritasinfo.org\/?p=27545#primaryimage\"},\"thumbnailUrl\":\"https:\/\/veritasinfo.org\/wp-content\/uploads\/2026\/01\/gegaj.webp\",\"datePublished\":\"2026-01-13T07:45:11+00:00\",\"author\":{\"@id\":\"https:\/\/veritasinfo.org\/#\/schema\/person\/c2b8be262ea994d0995addca692c5e98\"},\"breadcrumb\":{\"@id\":\"https:\/\/veritasinfo.org\/?p=27545#breadcrumb\"},\"inLanguage\":\"en-US\",\"potentialAction\":[{\"@type\":\"ReadAction\",\"target\":[\"https:\/\/veritasinfo.org\/?p=27545\"]}]},{\"@type\":\"ImageObject\",\"inLanguage\":\"en-US\",\"@id\":\"https:\/\/veritasinfo.org\/?p=27545#primaryimage\",\"url\":\"https:\/\/veritasinfo.org\/wp-content\/uploads\/2026\/01\/gegaj.webp\",\"contentUrl\":\"https:\/\/veritasinfo.org\/wp-content\/uploads\/2026\/01\/gegaj.webp\",\"width\":445,\"height\":348},{\"@type\":\"BreadcrumbList\",\"@id\":\"https:\/\/veritasinfo.org\/?p=27545#breadcrumb\",\"itemListElement\":[{\"@type\":\"ListItem\",\"position\":1,\"name\":\"Home\",\"item\":\"https:\/\/veritasinfo.org\/\"},{\"@type\":\"ListItem\",\"position\":2,\"name\":\"Gegaj: Serbia ndryshon udh\u00ebheq\u00ebsit, por jo edhe ideologjin\u00eb\"}]},{\"@type\":\"WebSite\",\"@id\":\"https:\/\/veritasinfo.org\/#website\",\"url\":\"https:\/\/veritasinfo.org\/\",\"name\":\"\",\"description\":\"\",\"potentialAction\":[{\"@type\":\"SearchAction\",\"target\":{\"@type\":\"EntryPoint\",\"urlTemplate\":\"https:\/\/veritasinfo.org\/?s={search_term_string}\"},\"query-input\":{\"@type\":\"PropertyValueSpecification\",\"valueRequired\":true,\"valueName\":\"search_term_string\"}}],\"inLanguage\":\"en-US\"},{\"@type\":\"Person\",\"@id\":\"https:\/\/veritasinfo.org\/#\/schema\/person\/c2b8be262ea994d0995addca692c5e98\",\"name\":\"US1\",\"image\":{\"@type\":\"ImageObject\",\"inLanguage\":\"en-US\",\"@id\":\"https:\/\/veritasinfo.org\/#\/schema\/person\/image\/\",\"url\":\"https:\/\/secure.gravatar.com\/avatar\/4e96a59bd256abf9956eb9963ac891a47461ffb364d47b0e9aab113328fdb75b?s=96&d=mm&r=g\",\"contentUrl\":\"https:\/\/secure.gravatar.com\/avatar\/4e96a59bd256abf9956eb9963ac891a47461ffb364d47b0e9aab113328fdb75b?s=96&d=mm&r=g\",\"caption\":\"US1\"},\"url\":\"https:\/\/veritasinfo.org\/?author=2\"}]}<\/script>\n<!-- \/ Yoast SEO plugin. -->","yoast_head_json":{"title":"Gegaj: Serbia ndryshon udh\u00ebheq\u00ebsit, por jo edhe ideologjin\u00eb -","robots":{"index":"index","follow":"follow","max-snippet":"max-snippet:-1","max-image-preview":"max-image-preview:large","max-video-preview":"max-video-preview:-1"},"canonical":"https:\/\/veritasinfo.org\/?p=27545","og_locale":"en_US","og_type":"article","og_title":"Gegaj: Serbia ndryshon udh\u00ebheq\u00ebsit, por jo edhe ideologjin\u00eb -","og_description":"Ulqin,13 janar 2026 08:45 \u201cPushteti n\u00eb Serbi mund t\u00eb ndryshoj\u00eb, por jam i sigurt se kjo nuk do t\u00eb sjell\u00eb ndryshime demokratike apo t\u00eb fqinj\u00ebsis\u00eb","og_url":"https:\/\/veritasinfo.org\/?p=27545","article_published_time":"2026-01-13T07:45:11+00:00","og_image":[{"width":445,"height":348,"url":"https:\/\/veritasinfo.org\/wp-content\/uploads\/2026\/01\/gegaj.webp","type":"image\/webp"}],"author":"US1","twitter_card":"summary_large_image","twitter_misc":{"Written by":"US1","Est. reading time":"2 minutes"},"schema":{"@context":"https:\/\/schema.org","@graph":[{"@type":"WebPage","@id":"https:\/\/veritasinfo.org\/?p=27545","url":"https:\/\/veritasinfo.org\/?p=27545","name":"Gegaj: Serbia ndryshon udh\u00ebheq\u00ebsit, por jo edhe ideologjin\u00eb -","isPartOf":{"@id":"https:\/\/veritasinfo.org\/#website"},"primaryImageOfPage":{"@id":"https:\/\/veritasinfo.org\/?p=27545#primaryimage"},"image":{"@id":"https:\/\/veritasinfo.org\/?p=27545#primaryimage"},"thumbnailUrl":"https:\/\/veritasinfo.org\/wp-content\/uploads\/2026\/01\/gegaj.webp","datePublished":"2026-01-13T07:45:11+00:00","author":{"@id":"https:\/\/veritasinfo.org\/#\/schema\/person\/c2b8be262ea994d0995addca692c5e98"},"breadcrumb":{"@id":"https:\/\/veritasinfo.org\/?p=27545#breadcrumb"},"inLanguage":"en-US","potentialAction":[{"@type":"ReadAction","target":["https:\/\/veritasinfo.org\/?p=27545"]}]},{"@type":"ImageObject","inLanguage":"en-US","@id":"https:\/\/veritasinfo.org\/?p=27545#primaryimage","url":"https:\/\/veritasinfo.org\/wp-content\/uploads\/2026\/01\/gegaj.webp","contentUrl":"https:\/\/veritasinfo.org\/wp-content\/uploads\/2026\/01\/gegaj.webp","width":445,"height":348},{"@type":"BreadcrumbList","@id":"https:\/\/veritasinfo.org\/?p=27545#breadcrumb","itemListElement":[{"@type":"ListItem","position":1,"name":"Home","item":"https:\/\/veritasinfo.org\/"},{"@type":"ListItem","position":2,"name":"Gegaj: Serbia ndryshon udh\u00ebheq\u00ebsit, por jo edhe ideologjin\u00eb"}]},{"@type":"WebSite","@id":"https:\/\/veritasinfo.org\/#website","url":"https:\/\/veritasinfo.org\/","name":"","description":"","potentialAction":[{"@type":"SearchAction","target":{"@type":"EntryPoint","urlTemplate":"https:\/\/veritasinfo.org\/?s={search_term_string}"},"query-input":{"@type":"PropertyValueSpecification","valueRequired":true,"valueName":"search_term_string"}}],"inLanguage":"en-US"},{"@type":"Person","@id":"https:\/\/veritasinfo.org\/#\/schema\/person\/c2b8be262ea994d0995addca692c5e98","name":"US1","image":{"@type":"ImageObject","inLanguage":"en-US","@id":"https:\/\/veritasinfo.org\/#\/schema\/person\/image\/","url":"https:\/\/secure.gravatar.com\/avatar\/4e96a59bd256abf9956eb9963ac891a47461ffb364d47b0e9aab113328fdb75b?s=96&d=mm&r=g","contentUrl":"https:\/\/secure.gravatar.com\/avatar\/4e96a59bd256abf9956eb9963ac891a47461ffb364d47b0e9aab113328fdb75b?s=96&d=mm&r=g","caption":"US1"},"url":"https:\/\/veritasinfo.org\/?author=2"}]}},"featured_image_urls":{"full":["https:\/\/veritasinfo.org\/wp-content\/uploads\/2026\/01\/gegaj.webp",445,348,false],"thumbnail":["https:\/\/veritasinfo.org\/wp-content\/uploads\/2026\/01\/gegaj-150x150.webp",150,150,true],"medium":["https:\/\/veritasinfo.org\/wp-content\/uploads\/2026\/01\/gegaj-300x235.webp",300,235,true],"medium_large":["https:\/\/veritasinfo.org\/wp-content\/uploads\/2026\/01\/gegaj.webp",445,348,false],"large":["https:\/\/veritasinfo.org\/wp-content\/uploads\/2026\/01\/gegaj.webp",445,348,false],"1536x1536":["https:\/\/veritasinfo.org\/wp-content\/uploads\/2026\/01\/gegaj.webp",445,348,false],"2048x2048":["https:\/\/veritasinfo.org\/wp-content\/uploads\/2026\/01\/gegaj.webp",445,348,false],"kreeti-slider-full":["https:\/\/veritasinfo.org\/wp-content\/uploads\/2026\/01\/gegaj.webp",445,348,false],"kreeti-featured":["https:\/\/veritasinfo.org\/wp-content\/uploads\/2026\/01\/gegaj.webp",445,348,false],"kreeti-medium":["https:\/\/veritasinfo.org\/wp-content\/uploads\/2026\/01\/gegaj.webp",445,348,false],"kreeti-medium-square":["https:\/\/veritasinfo.org\/wp-content\/uploads\/2026\/01\/gegaj.webp",350,274,false]},"author_info":{"info":["US1"]},"category_info":"<a href=\"https:\/\/veritasinfo.org\/?cat=58\" rel=\"category\">Politik\u00eb<\/a>","tag_info":"Politik\u00eb","comment_count":"0","_links":{"self":[{"href":"https:\/\/veritasinfo.org\/index.php?rest_route=\/wp\/v2\/posts\/27545","targetHints":{"allow":["GET"]}}],"collection":[{"href":"https:\/\/veritasinfo.org\/index.php?rest_route=\/wp\/v2\/posts"}],"about":[{"href":"https:\/\/veritasinfo.org\/index.php?rest_route=\/wp\/v2\/types\/post"}],"author":[{"embeddable":true,"href":"https:\/\/veritasinfo.org\/index.php?rest_route=\/wp\/v2\/users\/2"}],"replies":[{"embeddable":true,"href":"https:\/\/veritasinfo.org\/index.php?rest_route=%2Fwp%2Fv2%2Fcomments&post=27545"}],"version-history":[{"count":1,"href":"https:\/\/veritasinfo.org\/index.php?rest_route=\/wp\/v2\/posts\/27545\/revisions"}],"predecessor-version":[{"id":27547,"href":"https:\/\/veritasinfo.org\/index.php?rest_route=\/wp\/v2\/posts\/27545\/revisions\/27547"}],"wp:featuredmedia":[{"embeddable":true,"href":"https:\/\/veritasinfo.org\/index.php?rest_route=\/wp\/v2\/media\/27546"}],"wp:attachment":[{"href":"https:\/\/veritasinfo.org\/index.php?rest_route=%2Fwp%2Fv2%2Fmedia&parent=27545"}],"wp:term":[{"taxonomy":"category","embeddable":true,"href":"https:\/\/veritasinfo.org\/index.php?rest_route=%2Fwp%2Fv2%2Fcategories&post=27545"},{"taxonomy":"post_tag","embeddable":true,"href":"https:\/\/veritasinfo.org\/index.php?rest_route=%2Fwp%2Fv2%2Ftags&post=27545"}],"curies":[{"name":"wp","href":"https:\/\/api.w.org\/{rel}","templated":true}]}}