{"id":27507,"date":"2026-01-12T21:05:50","date_gmt":"2026-01-12T20:05:50","guid":{"rendered":"https:\/\/veritasinfo.org\/?p=27507"},"modified":"2026-01-12T21:05:50","modified_gmt":"2026-01-12T20:05:50","slug":"osmani-ka-rrezik-nga-aktet-destabilizuese-te-serbise","status":"publish","type":"post","link":"https:\/\/veritasinfo.org\/?p=27507","title":{"rendered":"Osmani: Ka rrezik nga aktet destabilizuese t\u00eb Serbis\u00eb"},"content":{"rendered":"<p>Prishtin\u00eb, 12 janar 2026 21:05<\/p>\n<p>Presidentja e Kosov\u00ebs, Vjosa Osmani, \u00ebsht\u00eb takuar me komandantin e Komand\u00ebs s\u00eb Forcave t\u00eb P\u00ebrbashk\u00ebta e NATO-s n\u00eb Napoli, Admiralin George M. \u00ebikoff, me rastin e marrjes s\u00eb detyr\u00ebs s\u00eb tij n\u00eb krye t\u00eb nj\u00eb prej komandave m\u00eb t\u00eb r\u00ebnd\u00ebsishme strategjike t\u00eb Aleanc\u00ebs Veriatlantike.<\/p>\n<p>N\u00eb nj\u00eb komunikat\u00eb p\u00ebr media nga presidenca b\u00ebhet e ditur se Osmani p\u00ebrve\u00e7 urimit, ka shprehur besimin e saj t\u00eb plot\u00eb n\u00eb lidershipin e tij dhe n\u00eb rolin ky\u00e7, q\u00eb sipas saj, kjo komand\u00eb luan p\u00ebr sigurin\u00eb euroatlantike, stabilitetin rajonal dhe paqen nd\u00ebrkomb\u00ebtare.<\/p>\n<p>N\u00eb k\u00ebt\u00eb frym\u00eb, komunikata thekson se Osmani ka potencuar rreziqet nga aktet destabilizuese t\u00eb Serbis\u00eb dhe munges\u00ebn e llogaridh\u00ebnies nga ana e saj p\u00ebr sulmin ndaj ushtar\u00ebve t\u00eb KFOR-it, sulmin terrorist, respektivisht agresionin n\u00eb Banjsk\u00eb dhe sulmin kinetik n\u00eb kanalin Ib\u00ebr-Lepenc.<\/p>\n<p>\u201cGjat\u00eb takimit, Presidentja Osmani ritheksoi mir\u00ebnjohjen e Republik\u00ebs s\u00eb Kosov\u00ebs ndaj NATO-s dhe Shteteve t\u00eb Bashkuara t\u00eb Amerik\u00ebs p\u00ebr rolin vendimtar dhe t\u00eb paz\u00ebvend\u00ebsuesh\u00ebm q\u00eb kan\u00eb luajtur dhe vazhdojn\u00eb t\u00eb luajn\u00eb n\u00eb garantimin e paqes, siguris\u00eb dhe stabilitetit n\u00eb Kosov\u00eb q\u00eb nga viti 1999.\u00a0 N\u00eb k\u00ebt\u00eb kontekst, Presidentja shprehu vler\u00ebsim t\u00eb ve\u00e7ant\u00eb p\u00ebr misionin e KFOR-it, si forc\u00eb e besueshme parandaluese dhe garantuese e siguris\u00eb p\u00ebr t\u00eb gjith\u00eb qytetar\u00ebt e Republik\u00ebs s\u00eb Kosov\u00ebs, pa asnj\u00eb dallim. Presidentja Osmani konfirmoi p\u00ebrkushtimin p\u00ebr vazhdimin e bashk\u00ebpunimit me KFOR-in he theksoi se Kosova mbetet nj\u00eb partner i besuesh\u00ebm, i aft\u00eb dhe kontribuues p\u00ebr sigurin\u00eb dhe stabilitetin rajonal, e p\u00ebrkushtuar fuqish\u00ebm ndaj vlerave t\u00eb paqes, demokracis\u00eb dhe sundimit t\u00eb ligjit\u201d, thuhet n\u00eb komunikat\u00ebn e d\u00ebrguar nga Presidenca.<\/p>\n<p>&nbsp;<\/p>\n","protected":false},"excerpt":{"rendered":"<p>Prishtin\u00eb, 12 janar 2026 21:05 Presidentja e Kosov\u00ebs, Vjosa Osmani, \u00ebsht\u00eb takuar me komandantin e Komand\u00ebs s\u00eb Forcave t\u00eb P\u00ebrbashk\u00ebta e NATO-s n\u00eb Napoli, Admiralin<\/p>\n","protected":false},"author":7,"featured_media":27508,"comment_status":"open","ping_status":"open","sticky":false,"template":"","format":"standard","meta":{"footnotes":""},"categories":[60],"tags":[],"class_list":["post-27507","post","type-post","status-publish","format-standard","has-post-thumbnail","hentry","category-shoqerore-sq"],"yoast_head":"<!-- This site is optimized with the Yoast SEO plugin v25.3.1 - https:\/\/yoast.com\/wordpress\/plugins\/seo\/ -->\n<title>Osmani: Ka rrezik nga aktet destabilizuese t\u00eb Serbis\u00eb -<\/title>\n<meta name=\"robots\" content=\"index, follow, max-snippet:-1, max-image-preview:large, max-video-preview:-1\" \/>\n<link rel=\"canonical\" href=\"https:\/\/veritasinfo.org\/?p=27507\" \/>\n<meta property=\"og:locale\" content=\"en_US\" \/>\n<meta property=\"og:type\" content=\"article\" \/>\n<meta property=\"og:title\" content=\"Osmani: Ka rrezik nga aktet destabilizuese t\u00eb Serbis\u00eb -\" \/>\n<meta property=\"og:description\" content=\"Prishtin\u00eb, 12 janar 2026 21:05 Presidentja e Kosov\u00ebs, Vjosa Osmani, \u00ebsht\u00eb takuar me komandantin e Komand\u00ebs s\u00eb Forcave t\u00eb P\u00ebrbashk\u00ebta e NATO-s n\u00eb Napoli, Admiralin\" \/>\n<meta property=\"og:url\" content=\"https:\/\/veritasinfo.org\/?p=27507\" \/>\n<meta property=\"article:published_time\" content=\"2026-01-12T20:05:50+00:00\" \/>\n<meta property=\"og:image\" content=\"https:\/\/veritasinfo.org\/wp-content\/uploads\/2026\/01\/1-40.jpg\" \/>\n\t<meta property=\"og:image:width\" content=\"1280\" \/>\n\t<meta property=\"og:image:height\" content=\"856\" \/>\n\t<meta property=\"og:image:type\" content=\"image\/jpeg\" \/>\n<meta name=\"author\" content=\"US6\" \/>\n<meta name=\"twitter:card\" content=\"summary_large_image\" \/>\n<meta name=\"twitter:label1\" content=\"Written by\" \/>\n\t<meta name=\"twitter:data1\" content=\"US6\" \/>\n\t<meta name=\"twitter:label2\" content=\"Est. reading time\" \/>\n\t<meta name=\"twitter:data2\" content=\"2 minutes\" \/>\n<script type=\"application\/ld+json\" class=\"yoast-schema-graph\">{\"@context\":\"https:\/\/schema.org\",\"@graph\":[{\"@type\":\"WebPage\",\"@id\":\"https:\/\/veritasinfo.org\/?p=27507\",\"url\":\"https:\/\/veritasinfo.org\/?p=27507\",\"name\":\"Osmani: Ka rrezik nga aktet destabilizuese t\u00eb Serbis\u00eb -\",\"isPartOf\":{\"@id\":\"https:\/\/veritasinfo.org\/#website\"},\"primaryImageOfPage\":{\"@id\":\"https:\/\/veritasinfo.org\/?p=27507#primaryimage\"},\"image\":{\"@id\":\"https:\/\/veritasinfo.org\/?p=27507#primaryimage\"},\"thumbnailUrl\":\"https:\/\/veritasinfo.org\/wp-content\/uploads\/2026\/01\/1-40.jpg\",\"datePublished\":\"2026-01-12T20:05:50+00:00\",\"author\":{\"@id\":\"https:\/\/veritasinfo.org\/#\/schema\/person\/fe199eede04c3937362892b7444747cc\"},\"breadcrumb\":{\"@id\":\"https:\/\/veritasinfo.org\/?p=27507#breadcrumb\"},\"inLanguage\":\"en-US\",\"potentialAction\":[{\"@type\":\"ReadAction\",\"target\":[\"https:\/\/veritasinfo.org\/?p=27507\"]}]},{\"@type\":\"ImageObject\",\"inLanguage\":\"en-US\",\"@id\":\"https:\/\/veritasinfo.org\/?p=27507#primaryimage\",\"url\":\"https:\/\/veritasinfo.org\/wp-content\/uploads\/2026\/01\/1-40.jpg\",\"contentUrl\":\"https:\/\/veritasinfo.org\/wp-content\/uploads\/2026\/01\/1-40.jpg\",\"width\":1280,\"height\":856},{\"@type\":\"BreadcrumbList\",\"@id\":\"https:\/\/veritasinfo.org\/?p=27507#breadcrumb\",\"itemListElement\":[{\"@type\":\"ListItem\",\"position\":1,\"name\":\"Home\",\"item\":\"https:\/\/veritasinfo.org\/\"},{\"@type\":\"ListItem\",\"position\":2,\"name\":\"Osmani: Ka rrezik nga aktet destabilizuese t\u00eb Serbis\u00eb\"}]},{\"@type\":\"WebSite\",\"@id\":\"https:\/\/veritasinfo.org\/#website\",\"url\":\"https:\/\/veritasinfo.org\/\",\"name\":\"\",\"description\":\"\",\"potentialAction\":[{\"@type\":\"SearchAction\",\"target\":{\"@type\":\"EntryPoint\",\"urlTemplate\":\"https:\/\/veritasinfo.org\/?s={search_term_string}\"},\"query-input\":{\"@type\":\"PropertyValueSpecification\",\"valueRequired\":true,\"valueName\":\"search_term_string\"}}],\"inLanguage\":\"en-US\"},{\"@type\":\"Person\",\"@id\":\"https:\/\/veritasinfo.org\/#\/schema\/person\/fe199eede04c3937362892b7444747cc\",\"name\":\"US6\",\"image\":{\"@type\":\"ImageObject\",\"inLanguage\":\"en-US\",\"@id\":\"https:\/\/veritasinfo.org\/#\/schema\/person\/image\/\",\"url\":\"https:\/\/secure.gravatar.com\/avatar\/cb16c3c31c9d23b9b8c705964598220b3014e42ff51eb540ff23cefa3ae8c15f?s=96&d=mm&r=g\",\"contentUrl\":\"https:\/\/secure.gravatar.com\/avatar\/cb16c3c31c9d23b9b8c705964598220b3014e42ff51eb540ff23cefa3ae8c15f?s=96&d=mm&r=g\",\"caption\":\"US6\"},\"url\":\"https:\/\/veritasinfo.org\/?author=7\"}]}<\/script>\n<!-- \/ Yoast SEO plugin. -->","yoast_head_json":{"title":"Osmani: Ka rrezik nga aktet destabilizuese t\u00eb Serbis\u00eb -","robots":{"index":"index","follow":"follow","max-snippet":"max-snippet:-1","max-image-preview":"max-image-preview:large","max-video-preview":"max-video-preview:-1"},"canonical":"https:\/\/veritasinfo.org\/?p=27507","og_locale":"en_US","og_type":"article","og_title":"Osmani: Ka rrezik nga aktet destabilizuese t\u00eb Serbis\u00eb -","og_description":"Prishtin\u00eb, 12 janar 2026 21:05 Presidentja e Kosov\u00ebs, Vjosa Osmani, \u00ebsht\u00eb takuar me komandantin e Komand\u00ebs s\u00eb Forcave t\u00eb P\u00ebrbashk\u00ebta e NATO-s n\u00eb Napoli, Admiralin","og_url":"https:\/\/veritasinfo.org\/?p=27507","article_published_time":"2026-01-12T20:05:50+00:00","og_image":[{"width":1280,"height":856,"url":"https:\/\/veritasinfo.org\/wp-content\/uploads\/2026\/01\/1-40.jpg","type":"image\/jpeg"}],"author":"US6","twitter_card":"summary_large_image","twitter_misc":{"Written by":"US6","Est. reading time":"2 minutes"},"schema":{"@context":"https:\/\/schema.org","@graph":[{"@type":"WebPage","@id":"https:\/\/veritasinfo.org\/?p=27507","url":"https:\/\/veritasinfo.org\/?p=27507","name":"Osmani: Ka rrezik nga aktet destabilizuese t\u00eb Serbis\u00eb -","isPartOf":{"@id":"https:\/\/veritasinfo.org\/#website"},"primaryImageOfPage":{"@id":"https:\/\/veritasinfo.org\/?p=27507#primaryimage"},"image":{"@id":"https:\/\/veritasinfo.org\/?p=27507#primaryimage"},"thumbnailUrl":"https:\/\/veritasinfo.org\/wp-content\/uploads\/2026\/01\/1-40.jpg","datePublished":"2026-01-12T20:05:50+00:00","author":{"@id":"https:\/\/veritasinfo.org\/#\/schema\/person\/fe199eede04c3937362892b7444747cc"},"breadcrumb":{"@id":"https:\/\/veritasinfo.org\/?p=27507#breadcrumb"},"inLanguage":"en-US","potentialAction":[{"@type":"ReadAction","target":["https:\/\/veritasinfo.org\/?p=27507"]}]},{"@type":"ImageObject","inLanguage":"en-US","@id":"https:\/\/veritasinfo.org\/?p=27507#primaryimage","url":"https:\/\/veritasinfo.org\/wp-content\/uploads\/2026\/01\/1-40.jpg","contentUrl":"https:\/\/veritasinfo.org\/wp-content\/uploads\/2026\/01\/1-40.jpg","width":1280,"height":856},{"@type":"BreadcrumbList","@id":"https:\/\/veritasinfo.org\/?p=27507#breadcrumb","itemListElement":[{"@type":"ListItem","position":1,"name":"Home","item":"https:\/\/veritasinfo.org\/"},{"@type":"ListItem","position":2,"name":"Osmani: Ka rrezik nga aktet destabilizuese t\u00eb Serbis\u00eb"}]},{"@type":"WebSite","@id":"https:\/\/veritasinfo.org\/#website","url":"https:\/\/veritasinfo.org\/","name":"","description":"","potentialAction":[{"@type":"SearchAction","target":{"@type":"EntryPoint","urlTemplate":"https:\/\/veritasinfo.org\/?s={search_term_string}"},"query-input":{"@type":"PropertyValueSpecification","valueRequired":true,"valueName":"search_term_string"}}],"inLanguage":"en-US"},{"@type":"Person","@id":"https:\/\/veritasinfo.org\/#\/schema\/person\/fe199eede04c3937362892b7444747cc","name":"US6","image":{"@type":"ImageObject","inLanguage":"en-US","@id":"https:\/\/veritasinfo.org\/#\/schema\/person\/image\/","url":"https:\/\/secure.gravatar.com\/avatar\/cb16c3c31c9d23b9b8c705964598220b3014e42ff51eb540ff23cefa3ae8c15f?s=96&d=mm&r=g","contentUrl":"https:\/\/secure.gravatar.com\/avatar\/cb16c3c31c9d23b9b8c705964598220b3014e42ff51eb540ff23cefa3ae8c15f?s=96&d=mm&r=g","caption":"US6"},"url":"https:\/\/veritasinfo.org\/?author=7"}]}},"featured_image_urls":{"full":["https:\/\/veritasinfo.org\/wp-content\/uploads\/2026\/01\/1-40.jpg",1280,856,false],"thumbnail":["https:\/\/veritasinfo.org\/wp-content\/uploads\/2026\/01\/1-40-150x150.jpg",150,150,true],"medium":["https:\/\/veritasinfo.org\/wp-content\/uploads\/2026\/01\/1-40-300x201.jpg",300,201,true],"medium_large":["https:\/\/veritasinfo.org\/wp-content\/uploads\/2026\/01\/1-40-768x514.jpg",640,428,true],"large":["https:\/\/veritasinfo.org\/wp-content\/uploads\/2026\/01\/1-40-1024x685.jpg",640,428,true],"1536x1536":["https:\/\/veritasinfo.org\/wp-content\/uploads\/2026\/01\/1-40.jpg",1280,856,false],"2048x2048":["https:\/\/veritasinfo.org\/wp-content\/uploads\/2026\/01\/1-40.jpg",1280,856,false],"kreeti-slider-full":["https:\/\/veritasinfo.org\/wp-content\/uploads\/2026\/01\/1-40.jpg",1077,720,false],"kreeti-featured":["https:\/\/veritasinfo.org\/wp-content\/uploads\/2026\/01\/1-40.jpg",1024,685,false],"kreeti-medium":["https:\/\/veritasinfo.org\/wp-content\/uploads\/2026\/01\/1-40.jpg",720,482,false],"kreeti-medium-square":["https:\/\/veritasinfo.org\/wp-content\/uploads\/2026\/01\/1-40.jpg",350,234,false]},"author_info":{"info":["US6"]},"category_info":"<a href=\"https:\/\/veritasinfo.org\/?cat=60\" rel=\"category\">Shoq\u00ebrore<\/a>","tag_info":"Shoq\u00ebrore","comment_count":"0","_links":{"self":[{"href":"https:\/\/veritasinfo.org\/index.php?rest_route=\/wp\/v2\/posts\/27507","targetHints":{"allow":["GET"]}}],"collection":[{"href":"https:\/\/veritasinfo.org\/index.php?rest_route=\/wp\/v2\/posts"}],"about":[{"href":"https:\/\/veritasinfo.org\/index.php?rest_route=\/wp\/v2\/types\/post"}],"author":[{"embeddable":true,"href":"https:\/\/veritasinfo.org\/index.php?rest_route=\/wp\/v2\/users\/7"}],"replies":[{"embeddable":true,"href":"https:\/\/veritasinfo.org\/index.php?rest_route=%2Fwp%2Fv2%2Fcomments&post=27507"}],"version-history":[{"count":1,"href":"https:\/\/veritasinfo.org\/index.php?rest_route=\/wp\/v2\/posts\/27507\/revisions"}],"predecessor-version":[{"id":27509,"href":"https:\/\/veritasinfo.org\/index.php?rest_route=\/wp\/v2\/posts\/27507\/revisions\/27509"}],"wp:featuredmedia":[{"embeddable":true,"href":"https:\/\/veritasinfo.org\/index.php?rest_route=\/wp\/v2\/media\/27508"}],"wp:attachment":[{"href":"https:\/\/veritasinfo.org\/index.php?rest_route=%2Fwp%2Fv2%2Fmedia&parent=27507"}],"wp:term":[{"taxonomy":"category","embeddable":true,"href":"https:\/\/veritasinfo.org\/index.php?rest_route=%2Fwp%2Fv2%2Fcategories&post=27507"},{"taxonomy":"post_tag","embeddable":true,"href":"https:\/\/veritasinfo.org\/index.php?rest_route=%2Fwp%2Fv2%2Ftags&post=27507"}],"curies":[{"name":"wp","href":"https:\/\/api.w.org\/{rel}","templated":true}]}}