{"id":27499,"date":"2026-01-12T19:38:22","date_gmt":"2026-01-12T18:38:22","guid":{"rendered":"https:\/\/veritasinfo.org\/?p=27499"},"modified":"2026-01-12T19:38:22","modified_gmt":"2026-01-12T18:38:22","slug":"bez-ijednog-ubistva-u-peci-tokom-2025-godine-vucetaj-prvi-put-bez-ubistava-u-vrucem-regionu","status":"publish","type":"post","link":"https:\/\/veritasinfo.org\/?p=27499&lang=sr","title":{"rendered":"Bez ijednog ubistva u Pe\u0107i tokom 2025. godine, Vu\u00e7etaj: Prvi put bez ubistava u \u201evru\u0107em\u201c regionu"},"content":{"rendered":"<p data-start=\"97\" data-end=\"221\">Pe\u0107, 12. januar 2026. 19:38<\/p>\n<p data-start=\"223\" data-end=\"562\">Posle 26 godina, po prvi put tokom 2025. godine, u regionu Pe\u0107i nije zabele\u017eeno nijedno ubistvo. Glavna tu\u017eiteljka ovog regiona, Lumturije Vu\u010detaj, izjavila je da je to rezultat me\u0111uinstitucionalne saradnje. Vu\u010detaj je danas uru\u010dila priznanja i dvojici policijskih slu\u017ebenika koji su spre\u010dili jedno ubistvo u dvori\u0161tu Osnovnog suda u Pe\u0107i.<\/p>\n<p data-start=\"564\" data-end=\"720\">U ovom izve\u0161taju fokus je na 2025. godini.<br data-start=\"606\" data-end=\"609\" \/>Po prvi put od 1999. godine, tokom cele godine koja je iza nas, u regionu Pe\u0107i nije zabele\u017eeno nijedno ubistvo.<\/p>\n<p data-start=\"722\" data-end=\"859\">Glavna tu\u017eiteljka ovog regiona, Lumturije Vu\u010detaj, ocenila je ovaj rezultat kao posledicu posve\u0107enosti i profesionalnog rada institucija.<\/p>\n<p data-start=\"861\" data-end=\"1129\">Jedan slu\u010daj ubistva zamalo se dogodio u oktobru 2025. godine, u dvori\u0161tu Osnovnog suda u Pe\u0107i.<br data-start=\"956\" data-end=\"959\" \/>Me\u0111utim, najgori scenario spre\u010den je zahvaljuju\u0107i dvojici policijskih slu\u017ebenika, koji su danas nagra\u0111eni priznanjima od strane glavne tu\u017eiteljke Pe\u0107i, Lumturije Vu\u010detaj.<\/p>\n<p data-start=\"1131\" data-end=\"1208\">Tokom 2025. godine, Vu\u010detaj je navela da su obra\u0111ivani i slu\u010dajevi korupcije.<\/p>\n<p data-start=\"1210\" data-end=\"1319\">Glavna tu\u017eiteljka govorila je i o slu\u010dajevima porodi\u010dnog nasilja, koje obra\u0111uje institucija na \u010dijem je \u010delu.<\/p>\n<p data-start=\"1321\" data-end=\"1423\">Kao cilj za 2026. godinu, Vu\u010detaj je istakla istrage krivi\u010dnih dela u oblasti za\u0161tite \u017eivotne sredine.<\/p>\n","protected":false},"excerpt":{"rendered":"<p>Pe\u0107, 12. januar 2026. 19:38 Posle 26 godina, po prvi put tokom 2025. godine, u regionu Pe\u0107i nije zabele\u017eeno nijedno ubistvo. Glavna tu\u017eiteljka ovog regiona,<\/p>\n","protected":false},"author":7,"featured_media":27497,"comment_status":"open","ping_status":"open","sticky":false,"template":"","format":"standard","meta":{"footnotes":""},"categories":[32],"tags":[],"class_list":["post-27499","post","type-post","status-publish","format-standard","has-post-thumbnail","hentry","category-opstine"],"yoast_head":"<!-- This site is optimized with the Yoast SEO plugin v25.3.1 - https:\/\/yoast.com\/wordpress\/plugins\/seo\/ -->\n<title>Bez ijednog ubistva u Pe\u0107i tokom 2025. godine, Vu\u00e7etaj: Prvi put bez ubistava u \u201evru\u0107em\u201c regionu -<\/title>\n<meta name=\"robots\" content=\"index, follow, max-snippet:-1, max-image-preview:large, max-video-preview:-1\" \/>\n<link rel=\"canonical\" href=\"https:\/\/veritasinfo.org\/?p=27499&lang=sr\" \/>\n<meta property=\"og:locale\" content=\"en_US\" \/>\n<meta property=\"og:type\" content=\"article\" \/>\n<meta property=\"og:title\" content=\"Bez ijednog ubistva u Pe\u0107i tokom 2025. godine, Vu\u00e7etaj: Prvi put bez ubistava u \u201evru\u0107em\u201c regionu -\" \/>\n<meta property=\"og:description\" content=\"Pe\u0107, 12. januar 2026. 19:38 Posle 26 godina, po prvi put tokom 2025. godine, u regionu Pe\u0107i nije zabele\u017eeno nijedno ubistvo. Glavna tu\u017eiteljka ovog regiona,\" \/>\n<meta property=\"og:url\" content=\"https:\/\/veritasinfo.org\/?p=27499&amp;lang=sr\" \/>\n<meta property=\"article:published_time\" content=\"2026-01-12T18:38:22+00:00\" \/>\n<meta property=\"og:image\" content=\"https:\/\/veritasinfo.org\/wp-content\/uploads\/2026\/01\/111.jpg\" \/>\n\t<meta property=\"og:image:width\" content=\"535\" \/>\n\t<meta property=\"og:image:height\" content=\"397\" \/>\n\t<meta property=\"og:image:type\" content=\"image\/jpeg\" \/>\n<meta name=\"author\" content=\"US6\" \/>\n<meta name=\"twitter:card\" content=\"summary_large_image\" \/>\n<meta name=\"twitter:label1\" content=\"Written by\" \/>\n\t<meta name=\"twitter:data1\" content=\"US6\" \/>\n\t<meta name=\"twitter:label2\" content=\"Est. reading time\" \/>\n\t<meta name=\"twitter:data2\" content=\"1 minute\" \/>\n<script type=\"application\/ld+json\" class=\"yoast-schema-graph\">{\"@context\":\"https:\/\/schema.org\",\"@graph\":[{\"@type\":\"WebPage\",\"@id\":\"https:\/\/veritasinfo.org\/?p=27499&lang=sr\",\"url\":\"https:\/\/veritasinfo.org\/?p=27499&lang=sr\",\"name\":\"Bez ijednog ubistva u Pe\u0107i tokom 2025. godine, Vu\u00e7etaj: Prvi put bez ubistava u \u201evru\u0107em\u201c regionu -\",\"isPartOf\":{\"@id\":\"https:\/\/veritasinfo.org\/#website\"},\"primaryImageOfPage\":{\"@id\":\"https:\/\/veritasinfo.org\/?p=27499&lang=sr#primaryimage\"},\"image\":{\"@id\":\"https:\/\/veritasinfo.org\/?p=27499&lang=sr#primaryimage\"},\"thumbnailUrl\":\"https:\/\/veritasinfo.org\/wp-content\/uploads\/2026\/01\/111.jpg\",\"datePublished\":\"2026-01-12T18:38:22+00:00\",\"author\":{\"@id\":\"https:\/\/veritasinfo.org\/#\/schema\/person\/fe199eede04c3937362892b7444747cc\"},\"breadcrumb\":{\"@id\":\"https:\/\/veritasinfo.org\/?p=27499&lang=sr#breadcrumb\"},\"inLanguage\":\"en-US\",\"potentialAction\":[{\"@type\":\"ReadAction\",\"target\":[\"https:\/\/veritasinfo.org\/?p=27499&lang=sr\"]}]},{\"@type\":\"ImageObject\",\"inLanguage\":\"en-US\",\"@id\":\"https:\/\/veritasinfo.org\/?p=27499&lang=sr#primaryimage\",\"url\":\"https:\/\/veritasinfo.org\/wp-content\/uploads\/2026\/01\/111.jpg\",\"contentUrl\":\"https:\/\/veritasinfo.org\/wp-content\/uploads\/2026\/01\/111.jpg\",\"width\":535,\"height\":397},{\"@type\":\"BreadcrumbList\",\"@id\":\"https:\/\/veritasinfo.org\/?p=27499&lang=sr#breadcrumb\",\"itemListElement\":[{\"@type\":\"ListItem\",\"position\":1,\"name\":\"Home\",\"item\":\"https:\/\/veritasinfo.org\/\"},{\"@type\":\"ListItem\",\"position\":2,\"name\":\"Bez ijednog ubistva u Pe\u0107i tokom 2025. godine, Vu\u00e7etaj: Prvi put bez ubistava u \u201evru\u0107em\u201c regionu\"}]},{\"@type\":\"WebSite\",\"@id\":\"https:\/\/veritasinfo.org\/#website\",\"url\":\"https:\/\/veritasinfo.org\/\",\"name\":\"\",\"description\":\"\",\"potentialAction\":[{\"@type\":\"SearchAction\",\"target\":{\"@type\":\"EntryPoint\",\"urlTemplate\":\"https:\/\/veritasinfo.org\/?s={search_term_string}\"},\"query-input\":{\"@type\":\"PropertyValueSpecification\",\"valueRequired\":true,\"valueName\":\"search_term_string\"}}],\"inLanguage\":\"en-US\"},{\"@type\":\"Person\",\"@id\":\"https:\/\/veritasinfo.org\/#\/schema\/person\/fe199eede04c3937362892b7444747cc\",\"name\":\"US6\",\"image\":{\"@type\":\"ImageObject\",\"inLanguage\":\"en-US\",\"@id\":\"https:\/\/veritasinfo.org\/#\/schema\/person\/image\/\",\"url\":\"https:\/\/secure.gravatar.com\/avatar\/cb16c3c31c9d23b9b8c705964598220b3014e42ff51eb540ff23cefa3ae8c15f?s=96&d=mm&r=g\",\"contentUrl\":\"https:\/\/secure.gravatar.com\/avatar\/cb16c3c31c9d23b9b8c705964598220b3014e42ff51eb540ff23cefa3ae8c15f?s=96&d=mm&r=g\",\"caption\":\"US6\"},\"url\":\"https:\/\/veritasinfo.org\/?author=7\"}]}<\/script>\n<!-- \/ Yoast SEO plugin. -->","yoast_head_json":{"title":"Bez ijednog ubistva u Pe\u0107i tokom 2025. godine, Vu\u00e7etaj: Prvi put bez ubistava u \u201evru\u0107em\u201c regionu -","robots":{"index":"index","follow":"follow","max-snippet":"max-snippet:-1","max-image-preview":"max-image-preview:large","max-video-preview":"max-video-preview:-1"},"canonical":"https:\/\/veritasinfo.org\/?p=27499&lang=sr","og_locale":"en_US","og_type":"article","og_title":"Bez ijednog ubistva u Pe\u0107i tokom 2025. godine, Vu\u00e7etaj: Prvi put bez ubistava u \u201evru\u0107em\u201c regionu -","og_description":"Pe\u0107, 12. januar 2026. 19:38 Posle 26 godina, po prvi put tokom 2025. godine, u regionu Pe\u0107i nije zabele\u017eeno nijedno ubistvo. Glavna tu\u017eiteljka ovog regiona,","og_url":"https:\/\/veritasinfo.org\/?p=27499&lang=sr","article_published_time":"2026-01-12T18:38:22+00:00","og_image":[{"width":535,"height":397,"url":"https:\/\/veritasinfo.org\/wp-content\/uploads\/2026\/01\/111.jpg","type":"image\/jpeg"}],"author":"US6","twitter_card":"summary_large_image","twitter_misc":{"Written by":"US6","Est. reading time":"1 minute"},"schema":{"@context":"https:\/\/schema.org","@graph":[{"@type":"WebPage","@id":"https:\/\/veritasinfo.org\/?p=27499&lang=sr","url":"https:\/\/veritasinfo.org\/?p=27499&lang=sr","name":"Bez ijednog ubistva u Pe\u0107i tokom 2025. godine, Vu\u00e7etaj: Prvi put bez ubistava u \u201evru\u0107em\u201c regionu -","isPartOf":{"@id":"https:\/\/veritasinfo.org\/#website"},"primaryImageOfPage":{"@id":"https:\/\/veritasinfo.org\/?p=27499&lang=sr#primaryimage"},"image":{"@id":"https:\/\/veritasinfo.org\/?p=27499&lang=sr#primaryimage"},"thumbnailUrl":"https:\/\/veritasinfo.org\/wp-content\/uploads\/2026\/01\/111.jpg","datePublished":"2026-01-12T18:38:22+00:00","author":{"@id":"https:\/\/veritasinfo.org\/#\/schema\/person\/fe199eede04c3937362892b7444747cc"},"breadcrumb":{"@id":"https:\/\/veritasinfo.org\/?p=27499&lang=sr#breadcrumb"},"inLanguage":"en-US","potentialAction":[{"@type":"ReadAction","target":["https:\/\/veritasinfo.org\/?p=27499&lang=sr"]}]},{"@type":"ImageObject","inLanguage":"en-US","@id":"https:\/\/veritasinfo.org\/?p=27499&lang=sr#primaryimage","url":"https:\/\/veritasinfo.org\/wp-content\/uploads\/2026\/01\/111.jpg","contentUrl":"https:\/\/veritasinfo.org\/wp-content\/uploads\/2026\/01\/111.jpg","width":535,"height":397},{"@type":"BreadcrumbList","@id":"https:\/\/veritasinfo.org\/?p=27499&lang=sr#breadcrumb","itemListElement":[{"@type":"ListItem","position":1,"name":"Home","item":"https:\/\/veritasinfo.org\/"},{"@type":"ListItem","position":2,"name":"Bez ijednog ubistva u Pe\u0107i tokom 2025. godine, Vu\u00e7etaj: Prvi put bez ubistava u \u201evru\u0107em\u201c regionu"}]},{"@type":"WebSite","@id":"https:\/\/veritasinfo.org\/#website","url":"https:\/\/veritasinfo.org\/","name":"","description":"","potentialAction":[{"@type":"SearchAction","target":{"@type":"EntryPoint","urlTemplate":"https:\/\/veritasinfo.org\/?s={search_term_string}"},"query-input":{"@type":"PropertyValueSpecification","valueRequired":true,"valueName":"search_term_string"}}],"inLanguage":"en-US"},{"@type":"Person","@id":"https:\/\/veritasinfo.org\/#\/schema\/person\/fe199eede04c3937362892b7444747cc","name":"US6","image":{"@type":"ImageObject","inLanguage":"en-US","@id":"https:\/\/veritasinfo.org\/#\/schema\/person\/image\/","url":"https:\/\/secure.gravatar.com\/avatar\/cb16c3c31c9d23b9b8c705964598220b3014e42ff51eb540ff23cefa3ae8c15f?s=96&d=mm&r=g","contentUrl":"https:\/\/secure.gravatar.com\/avatar\/cb16c3c31c9d23b9b8c705964598220b3014e42ff51eb540ff23cefa3ae8c15f?s=96&d=mm&r=g","caption":"US6"},"url":"https:\/\/veritasinfo.org\/?author=7"}]}},"featured_image_urls":{"full":["https:\/\/veritasinfo.org\/wp-content\/uploads\/2026\/01\/111.jpg",535,397,false],"thumbnail":["https:\/\/veritasinfo.org\/wp-content\/uploads\/2026\/01\/111-150x150.jpg",150,150,true],"medium":["https:\/\/veritasinfo.org\/wp-content\/uploads\/2026\/01\/111-300x223.jpg",300,223,true],"medium_large":["https:\/\/veritasinfo.org\/wp-content\/uploads\/2026\/01\/111.jpg",535,397,false],"large":["https:\/\/veritasinfo.org\/wp-content\/uploads\/2026\/01\/111.jpg",535,397,false],"1536x1536":["https:\/\/veritasinfo.org\/wp-content\/uploads\/2026\/01\/111.jpg",535,397,false],"2048x2048":["https:\/\/veritasinfo.org\/wp-content\/uploads\/2026\/01\/111.jpg",535,397,false],"kreeti-slider-full":["https:\/\/veritasinfo.org\/wp-content\/uploads\/2026\/01\/111.jpg",535,397,false],"kreeti-featured":["https:\/\/veritasinfo.org\/wp-content\/uploads\/2026\/01\/111.jpg",535,397,false],"kreeti-medium":["https:\/\/veritasinfo.org\/wp-content\/uploads\/2026\/01\/111.jpg",535,397,false],"kreeti-medium-square":["https:\/\/veritasinfo.org\/wp-content\/uploads\/2026\/01\/111.jpg",350,260,false]},"author_info":{"info":["US6"]},"category_info":"<a href=\"https:\/\/veritasinfo.org\/?cat=32&#038;lang=sr\" rel=\"category\">Op\u0161tine<\/a>","tag_info":"Op\u0161tine","comment_count":"0","_links":{"self":[{"href":"https:\/\/veritasinfo.org\/index.php?rest_route=\/wp\/v2\/posts\/27499","targetHints":{"allow":["GET"]}}],"collection":[{"href":"https:\/\/veritasinfo.org\/index.php?rest_route=\/wp\/v2\/posts"}],"about":[{"href":"https:\/\/veritasinfo.org\/index.php?rest_route=\/wp\/v2\/types\/post"}],"author":[{"embeddable":true,"href":"https:\/\/veritasinfo.org\/index.php?rest_route=\/wp\/v2\/users\/7"}],"replies":[{"embeddable":true,"href":"https:\/\/veritasinfo.org\/index.php?rest_route=%2Fwp%2Fv2%2Fcomments&post=27499"}],"version-history":[{"count":1,"href":"https:\/\/veritasinfo.org\/index.php?rest_route=\/wp\/v2\/posts\/27499\/revisions"}],"predecessor-version":[{"id":27500,"href":"https:\/\/veritasinfo.org\/index.php?rest_route=\/wp\/v2\/posts\/27499\/revisions\/27500"}],"wp:featuredmedia":[{"embeddable":true,"href":"https:\/\/veritasinfo.org\/index.php?rest_route=\/wp\/v2\/media\/27497"}],"wp:attachment":[{"href":"https:\/\/veritasinfo.org\/index.php?rest_route=%2Fwp%2Fv2%2Fmedia&parent=27499"}],"wp:term":[{"taxonomy":"category","embeddable":true,"href":"https:\/\/veritasinfo.org\/index.php?rest_route=%2Fwp%2Fv2%2Fcategories&post=27499"},{"taxonomy":"post_tag","embeddable":true,"href":"https:\/\/veritasinfo.org\/index.php?rest_route=%2Fwp%2Fv2%2Ftags&post=27499"}],"curies":[{"name":"wp","href":"https:\/\/api.w.org\/{rel}","templated":true}]}}