{"id":27496,"date":"2026-01-12T19:37:22","date_gmt":"2026-01-12T18:37:22","guid":{"rendered":"https:\/\/veritasinfo.org\/?p=27496"},"modified":"2026-01-12T19:37:22","modified_gmt":"2026-01-12T18:37:22","slug":"asnje-vrasje-ne-peje-ne-vitin-2025-vucetaj-per-here-te-pare-asnje-vrasje-ne-rajonin-e-nxehte","status":"publish","type":"post","link":"https:\/\/veritasinfo.org\/?p=27496","title":{"rendered":"Asnj\u00eb vrasje n\u00eb Pej\u00eb n\u00eb vitin 2025, Vu\u00e7etaj: P\u00ebr her\u00eb t\u00eb par\u00eb asnj\u00eb vrasje n\u00eb rajonin e \u201cnxeht\u00eb\u201d"},"content":{"rendered":"<p>Pej\u00eb, 12 janar 2026 19:37<\/p>\n<p>Pas 26 vitesh, p\u00ebr her\u00eb t\u00eb par\u00eb n\u00eb vitin 2025, n\u00eb rajonin e Pej\u00ebs nuk \u00ebsht\u00eb sh\u00ebnuar asnj\u00eb vrasje. Kryeprokurorja e k\u00ebtij regjioni, Lumturije Vu\u00e7etaj, tha se kjo \u00ebht\u00eb si shkak i bashk\u00ebpunimit nd\u00ebrinstitucional. Vu\u00e7etaj nderoi sot me mir\u00ebnjohje edhe dy polic\u00eb q\u00eb parandaluan nj\u00eb vrasje, n\u00eb oborrin e Gjykat\u00ebs Themelore t\u00eb Pej\u00ebs.<\/p>\n<p>N\u00eb k\u00ebt\u00eb tabel\u00eb, fokusi \u00ebsht\u00eb n\u00eb vitin 2025.<\/p>\n<p>P\u00ebr her\u00eb t\u00eb par\u00eb q\u00eb nga 1999, p\u00ebrgjat\u00eb gjith\u00eb vitit q\u00eb lam pas nuk u sh\u00ebnua asnj\u00eb vrasje n\u00eb regjionin e Pej\u00ebs.<\/p>\n<p>Kryeprokurorja e k\u00ebtij rajoni, Lumturije Vu\u00e7etaj k\u00ebt\u00eb e vler\u00ebson si rezultat t\u00eb p\u00ebrkushtimit.<\/p>\n<p>Nj\u00eb rast i vrasjes, p\u00ebr pak sa nuk ndodhi n\u00eb oborrin e Gjykat\u00ebs Themelore t\u00eb Pej\u00ebs, n\u00eb tetorin e vitit 2025.<\/p>\n<p>Mir\u00ebpo, m\u00eb e keqja u parandalua nga k\u00ebta dy zyrtar\u00eb policor\u00eb, t\u00eb cil\u00ebt sot u nderuan me mir\u00ebnjohje nga kryeprokurorja e Pej\u00ebs, Lumturije Vu\u00e7etaj.<\/p>\n<p>P\u00ebrgjat\u00eb vitit 2025, Vu\u00e7etaj tregoi se trajtuan edhe raste t\u00eb korrupsionit.<\/p>\n<p>Kryeprokurorja foli edhe p\u00ebr rastet e dhun\u00ebs n\u00eb familje, q\u00eb po trajtohen nga institucioni q\u00eb ajo drejton.<\/p>\n<p>Synim p\u00ebr vitin 2026, Vu\u00e7etaj tregoi se kan\u00eb hetimin e krimeve n\u00eb mjedis.<\/p>\n","protected":false},"excerpt":{"rendered":"<p>Pej\u00eb, 12 janar 2026 19:37 Pas 26 vitesh, p\u00ebr her\u00eb t\u00eb par\u00eb n\u00eb vitin 2025, n\u00eb rajonin e Pej\u00ebs nuk \u00ebsht\u00eb sh\u00ebnuar asnj\u00eb vrasje. Kryeprokurorja<\/p>\n","protected":false},"author":7,"featured_media":27497,"comment_status":"open","ping_status":"open","sticky":false,"template":"","format":"standard","meta":{"footnotes":""},"categories":[52],"tags":[],"class_list":["post-27496","post","type-post","status-publish","format-standard","has-post-thumbnail","hentry","category-komunat-sq"],"yoast_head":"<!-- This site is optimized with the Yoast SEO plugin v25.3.1 - https:\/\/yoast.com\/wordpress\/plugins\/seo\/ -->\n<title>Asnj\u00eb vrasje n\u00eb Pej\u00eb n\u00eb vitin 2025, Vu\u00e7etaj: P\u00ebr her\u00eb t\u00eb par\u00eb asnj\u00eb vrasje n\u00eb rajonin e \u201cnxeht\u00eb\u201d -<\/title>\n<meta name=\"robots\" content=\"index, follow, max-snippet:-1, max-image-preview:large, max-video-preview:-1\" \/>\n<link rel=\"canonical\" href=\"https:\/\/veritasinfo.org\/?p=27496\" \/>\n<meta property=\"og:locale\" content=\"en_US\" \/>\n<meta property=\"og:type\" content=\"article\" \/>\n<meta property=\"og:title\" content=\"Asnj\u00eb vrasje n\u00eb Pej\u00eb n\u00eb vitin 2025, Vu\u00e7etaj: P\u00ebr her\u00eb t\u00eb par\u00eb asnj\u00eb vrasje n\u00eb rajonin e \u201cnxeht\u00eb\u201d -\" \/>\n<meta property=\"og:description\" content=\"Pej\u00eb, 12 janar 2026 19:37 Pas 26 vitesh, p\u00ebr her\u00eb t\u00eb par\u00eb n\u00eb vitin 2025, n\u00eb rajonin e Pej\u00ebs nuk \u00ebsht\u00eb sh\u00ebnuar asnj\u00eb vrasje. Kryeprokurorja\" \/>\n<meta property=\"og:url\" content=\"https:\/\/veritasinfo.org\/?p=27496\" \/>\n<meta property=\"article:published_time\" content=\"2026-01-12T18:37:22+00:00\" \/>\n<meta property=\"og:image\" content=\"https:\/\/veritasinfo.org\/wp-content\/uploads\/2026\/01\/111.jpg\" \/>\n\t<meta property=\"og:image:width\" content=\"535\" \/>\n\t<meta property=\"og:image:height\" content=\"397\" \/>\n\t<meta property=\"og:image:type\" content=\"image\/jpeg\" \/>\n<meta name=\"author\" content=\"US6\" \/>\n<meta name=\"twitter:card\" content=\"summary_large_image\" \/>\n<meta name=\"twitter:label1\" content=\"Written by\" \/>\n\t<meta name=\"twitter:data1\" content=\"US6\" \/>\n\t<meta name=\"twitter:label2\" content=\"Est. reading time\" \/>\n\t<meta name=\"twitter:data2\" content=\"2 minutes\" \/>\n<script type=\"application\/ld+json\" class=\"yoast-schema-graph\">{\"@context\":\"https:\/\/schema.org\",\"@graph\":[{\"@type\":\"WebPage\",\"@id\":\"https:\/\/veritasinfo.org\/?p=27496\",\"url\":\"https:\/\/veritasinfo.org\/?p=27496\",\"name\":\"Asnj\u00eb vrasje n\u00eb Pej\u00eb n\u00eb vitin 2025, Vu\u00e7etaj: P\u00ebr her\u00eb t\u00eb par\u00eb asnj\u00eb vrasje n\u00eb rajonin e \u201cnxeht\u00eb\u201d -\",\"isPartOf\":{\"@id\":\"https:\/\/veritasinfo.org\/#website\"},\"primaryImageOfPage\":{\"@id\":\"https:\/\/veritasinfo.org\/?p=27496#primaryimage\"},\"image\":{\"@id\":\"https:\/\/veritasinfo.org\/?p=27496#primaryimage\"},\"thumbnailUrl\":\"https:\/\/veritasinfo.org\/wp-content\/uploads\/2026\/01\/111.jpg\",\"datePublished\":\"2026-01-12T18:37:22+00:00\",\"author\":{\"@id\":\"https:\/\/veritasinfo.org\/#\/schema\/person\/fe199eede04c3937362892b7444747cc\"},\"breadcrumb\":{\"@id\":\"https:\/\/veritasinfo.org\/?p=27496#breadcrumb\"},\"inLanguage\":\"en-US\",\"potentialAction\":[{\"@type\":\"ReadAction\",\"target\":[\"https:\/\/veritasinfo.org\/?p=27496\"]}]},{\"@type\":\"ImageObject\",\"inLanguage\":\"en-US\",\"@id\":\"https:\/\/veritasinfo.org\/?p=27496#primaryimage\",\"url\":\"https:\/\/veritasinfo.org\/wp-content\/uploads\/2026\/01\/111.jpg\",\"contentUrl\":\"https:\/\/veritasinfo.org\/wp-content\/uploads\/2026\/01\/111.jpg\",\"width\":535,\"height\":397},{\"@type\":\"BreadcrumbList\",\"@id\":\"https:\/\/veritasinfo.org\/?p=27496#breadcrumb\",\"itemListElement\":[{\"@type\":\"ListItem\",\"position\":1,\"name\":\"Home\",\"item\":\"https:\/\/veritasinfo.org\/\"},{\"@type\":\"ListItem\",\"position\":2,\"name\":\"Asnj\u00eb vrasje n\u00eb Pej\u00eb n\u00eb vitin 2025, Vu\u00e7etaj: P\u00ebr her\u00eb t\u00eb par\u00eb asnj\u00eb vrasje n\u00eb rajonin e \u201cnxeht\u00eb\u201d\"}]},{\"@type\":\"WebSite\",\"@id\":\"https:\/\/veritasinfo.org\/#website\",\"url\":\"https:\/\/veritasinfo.org\/\",\"name\":\"\",\"description\":\"\",\"potentialAction\":[{\"@type\":\"SearchAction\",\"target\":{\"@type\":\"EntryPoint\",\"urlTemplate\":\"https:\/\/veritasinfo.org\/?s={search_term_string}\"},\"query-input\":{\"@type\":\"PropertyValueSpecification\",\"valueRequired\":true,\"valueName\":\"search_term_string\"}}],\"inLanguage\":\"en-US\"},{\"@type\":\"Person\",\"@id\":\"https:\/\/veritasinfo.org\/#\/schema\/person\/fe199eede04c3937362892b7444747cc\",\"name\":\"US6\",\"image\":{\"@type\":\"ImageObject\",\"inLanguage\":\"en-US\",\"@id\":\"https:\/\/veritasinfo.org\/#\/schema\/person\/image\/\",\"url\":\"https:\/\/secure.gravatar.com\/avatar\/cb16c3c31c9d23b9b8c705964598220b3014e42ff51eb540ff23cefa3ae8c15f?s=96&d=mm&r=g\",\"contentUrl\":\"https:\/\/secure.gravatar.com\/avatar\/cb16c3c31c9d23b9b8c705964598220b3014e42ff51eb540ff23cefa3ae8c15f?s=96&d=mm&r=g\",\"caption\":\"US6\"},\"url\":\"https:\/\/veritasinfo.org\/?author=7\"}]}<\/script>\n<!-- \/ Yoast SEO plugin. -->","yoast_head_json":{"title":"Asnj\u00eb vrasje n\u00eb Pej\u00eb n\u00eb vitin 2025, Vu\u00e7etaj: P\u00ebr her\u00eb t\u00eb par\u00eb asnj\u00eb vrasje n\u00eb rajonin e \u201cnxeht\u00eb\u201d -","robots":{"index":"index","follow":"follow","max-snippet":"max-snippet:-1","max-image-preview":"max-image-preview:large","max-video-preview":"max-video-preview:-1"},"canonical":"https:\/\/veritasinfo.org\/?p=27496","og_locale":"en_US","og_type":"article","og_title":"Asnj\u00eb vrasje n\u00eb Pej\u00eb n\u00eb vitin 2025, Vu\u00e7etaj: P\u00ebr her\u00eb t\u00eb par\u00eb asnj\u00eb vrasje n\u00eb rajonin e \u201cnxeht\u00eb\u201d -","og_description":"Pej\u00eb, 12 janar 2026 19:37 Pas 26 vitesh, p\u00ebr her\u00eb t\u00eb par\u00eb n\u00eb vitin 2025, n\u00eb rajonin e Pej\u00ebs nuk \u00ebsht\u00eb sh\u00ebnuar asnj\u00eb vrasje. Kryeprokurorja","og_url":"https:\/\/veritasinfo.org\/?p=27496","article_published_time":"2026-01-12T18:37:22+00:00","og_image":[{"width":535,"height":397,"url":"https:\/\/veritasinfo.org\/wp-content\/uploads\/2026\/01\/111.jpg","type":"image\/jpeg"}],"author":"US6","twitter_card":"summary_large_image","twitter_misc":{"Written by":"US6","Est. reading time":"2 minutes"},"schema":{"@context":"https:\/\/schema.org","@graph":[{"@type":"WebPage","@id":"https:\/\/veritasinfo.org\/?p=27496","url":"https:\/\/veritasinfo.org\/?p=27496","name":"Asnj\u00eb vrasje n\u00eb Pej\u00eb n\u00eb vitin 2025, Vu\u00e7etaj: P\u00ebr her\u00eb t\u00eb par\u00eb asnj\u00eb vrasje n\u00eb rajonin e \u201cnxeht\u00eb\u201d -","isPartOf":{"@id":"https:\/\/veritasinfo.org\/#website"},"primaryImageOfPage":{"@id":"https:\/\/veritasinfo.org\/?p=27496#primaryimage"},"image":{"@id":"https:\/\/veritasinfo.org\/?p=27496#primaryimage"},"thumbnailUrl":"https:\/\/veritasinfo.org\/wp-content\/uploads\/2026\/01\/111.jpg","datePublished":"2026-01-12T18:37:22+00:00","author":{"@id":"https:\/\/veritasinfo.org\/#\/schema\/person\/fe199eede04c3937362892b7444747cc"},"breadcrumb":{"@id":"https:\/\/veritasinfo.org\/?p=27496#breadcrumb"},"inLanguage":"en-US","potentialAction":[{"@type":"ReadAction","target":["https:\/\/veritasinfo.org\/?p=27496"]}]},{"@type":"ImageObject","inLanguage":"en-US","@id":"https:\/\/veritasinfo.org\/?p=27496#primaryimage","url":"https:\/\/veritasinfo.org\/wp-content\/uploads\/2026\/01\/111.jpg","contentUrl":"https:\/\/veritasinfo.org\/wp-content\/uploads\/2026\/01\/111.jpg","width":535,"height":397},{"@type":"BreadcrumbList","@id":"https:\/\/veritasinfo.org\/?p=27496#breadcrumb","itemListElement":[{"@type":"ListItem","position":1,"name":"Home","item":"https:\/\/veritasinfo.org\/"},{"@type":"ListItem","position":2,"name":"Asnj\u00eb vrasje n\u00eb Pej\u00eb n\u00eb vitin 2025, Vu\u00e7etaj: P\u00ebr her\u00eb t\u00eb par\u00eb asnj\u00eb vrasje n\u00eb rajonin e \u201cnxeht\u00eb\u201d"}]},{"@type":"WebSite","@id":"https:\/\/veritasinfo.org\/#website","url":"https:\/\/veritasinfo.org\/","name":"","description":"","potentialAction":[{"@type":"SearchAction","target":{"@type":"EntryPoint","urlTemplate":"https:\/\/veritasinfo.org\/?s={search_term_string}"},"query-input":{"@type":"PropertyValueSpecification","valueRequired":true,"valueName":"search_term_string"}}],"inLanguage":"en-US"},{"@type":"Person","@id":"https:\/\/veritasinfo.org\/#\/schema\/person\/fe199eede04c3937362892b7444747cc","name":"US6","image":{"@type":"ImageObject","inLanguage":"en-US","@id":"https:\/\/veritasinfo.org\/#\/schema\/person\/image\/","url":"https:\/\/secure.gravatar.com\/avatar\/cb16c3c31c9d23b9b8c705964598220b3014e42ff51eb540ff23cefa3ae8c15f?s=96&d=mm&r=g","contentUrl":"https:\/\/secure.gravatar.com\/avatar\/cb16c3c31c9d23b9b8c705964598220b3014e42ff51eb540ff23cefa3ae8c15f?s=96&d=mm&r=g","caption":"US6"},"url":"https:\/\/veritasinfo.org\/?author=7"}]}},"featured_image_urls":{"full":["https:\/\/veritasinfo.org\/wp-content\/uploads\/2026\/01\/111.jpg",535,397,false],"thumbnail":["https:\/\/veritasinfo.org\/wp-content\/uploads\/2026\/01\/111-150x150.jpg",150,150,true],"medium":["https:\/\/veritasinfo.org\/wp-content\/uploads\/2026\/01\/111-300x223.jpg",300,223,true],"medium_large":["https:\/\/veritasinfo.org\/wp-content\/uploads\/2026\/01\/111.jpg",535,397,false],"large":["https:\/\/veritasinfo.org\/wp-content\/uploads\/2026\/01\/111.jpg",535,397,false],"1536x1536":["https:\/\/veritasinfo.org\/wp-content\/uploads\/2026\/01\/111.jpg",535,397,false],"2048x2048":["https:\/\/veritasinfo.org\/wp-content\/uploads\/2026\/01\/111.jpg",535,397,false],"kreeti-slider-full":["https:\/\/veritasinfo.org\/wp-content\/uploads\/2026\/01\/111.jpg",535,397,false],"kreeti-featured":["https:\/\/veritasinfo.org\/wp-content\/uploads\/2026\/01\/111.jpg",535,397,false],"kreeti-medium":["https:\/\/veritasinfo.org\/wp-content\/uploads\/2026\/01\/111.jpg",535,397,false],"kreeti-medium-square":["https:\/\/veritasinfo.org\/wp-content\/uploads\/2026\/01\/111.jpg",350,260,false]},"author_info":{"info":["US6"]},"category_info":"<a href=\"https:\/\/veritasinfo.org\/?cat=52\" rel=\"category\">Komunat<\/a>","tag_info":"Komunat","comment_count":"0","_links":{"self":[{"href":"https:\/\/veritasinfo.org\/index.php?rest_route=\/wp\/v2\/posts\/27496","targetHints":{"allow":["GET"]}}],"collection":[{"href":"https:\/\/veritasinfo.org\/index.php?rest_route=\/wp\/v2\/posts"}],"about":[{"href":"https:\/\/veritasinfo.org\/index.php?rest_route=\/wp\/v2\/types\/post"}],"author":[{"embeddable":true,"href":"https:\/\/veritasinfo.org\/index.php?rest_route=\/wp\/v2\/users\/7"}],"replies":[{"embeddable":true,"href":"https:\/\/veritasinfo.org\/index.php?rest_route=%2Fwp%2Fv2%2Fcomments&post=27496"}],"version-history":[{"count":1,"href":"https:\/\/veritasinfo.org\/index.php?rest_route=\/wp\/v2\/posts\/27496\/revisions"}],"predecessor-version":[{"id":27498,"href":"https:\/\/veritasinfo.org\/index.php?rest_route=\/wp\/v2\/posts\/27496\/revisions\/27498"}],"wp:featuredmedia":[{"embeddable":true,"href":"https:\/\/veritasinfo.org\/index.php?rest_route=\/wp\/v2\/media\/27497"}],"wp:attachment":[{"href":"https:\/\/veritasinfo.org\/index.php?rest_route=%2Fwp%2Fv2%2Fmedia&parent=27496"}],"wp:term":[{"taxonomy":"category","embeddable":true,"href":"https:\/\/veritasinfo.org\/index.php?rest_route=%2Fwp%2Fv2%2Fcategories&post=27496"},{"taxonomy":"post_tag","embeddable":true,"href":"https:\/\/veritasinfo.org\/index.php?rest_route=%2Fwp%2Fv2%2Ftags&post=27496"}],"curies":[{"name":"wp","href":"https:\/\/api.w.org\/{rel}","templated":true}]}}