{"id":27476,"date":"2026-01-12T17:37:15","date_gmt":"2026-01-12T16:37:15","guid":{"rendered":"https:\/\/veritasinfo.org\/?p=27476"},"modified":"2026-01-12T17:37:15","modified_gmt":"2026-01-12T16:37:15","slug":"te-akuzuarit-per-krime-lufte-ramadan-morina-i-vazhdohet-paraburgimi-per-dy-muaj","status":"publish","type":"post","link":"https:\/\/veritasinfo.org\/?p=27476","title":{"rendered":"T\u00eb akuzuarit p\u00ebr krime lufte, Ramadan Morina, i vazhdohet paraburgimi p\u00ebr dy muaj"},"content":{"rendered":"<p>Prishtin\u00eb 12 janar 2026 17:36<\/p>\n<p>Gjykata Themelore n\u00eb Prishtin\u00eb ia ka vazhduar paraburgimin t\u00eb akuzuarit p\u00ebr krime lufte, Ramadan Morina. <\/p>\n<p>K\u00ebrkes\u00ebn e Prokuroris\u00eb p\u00ebr vazhdim t\u00eb mas\u00ebs s\u00eb paraburgimit ndaj Morin\u00ebs Themelorja e ka aprovuar m\u00eb 31 dhjetor. <\/p>\n<p>\u201cPas k\u00ebrkes\u00ebs s\u00eb Prokuroris\u00eb Speciale t\u00eb Republik\u00ebs s\u00eb Kosov\u00ebs p\u00ebr vazhdimin e mas\u00ebs s\u00eb paraburgimit n\u00eb \u00e7\u00ebshtjen penale ndaj t\u00eb pandehurit R.M. p\u00ebr shkak t\u00eb dyshimit t\u00eb bazuar se ka kryer vepr\u00ebn penale Krime lufte kund\u00ebr popullat\u00ebs civile, gjyqtari i procedur\u00ebs paraprake pas shqyrtimit t\u00eb k\u00ebrkes\u00ebs, me dat\u00eb 30.12.2025 p\u00ebrmes Aktvendimit ka aprovuar k\u00ebrkes\u00ebn e PSRK-s\u00eb, ashtu q\u00eb t\u00eb nj\u00ebjtit iu \u00ebsht\u00eb vazhduar masa e paraburgimit n\u00eb koh\u00ebzgjatje prej 2 (dy) muaj\u201d, ka th\u00ebn\u00eb z\u00ebdh\u00ebn\u00ebsja e Gjykat\u00ebs Themelore, Mirlinda Gashi. <\/p>\n<p>Avokati i Morin\u00ebs, Arianit Koci, pati k\u00ebrkuat atij t\u2019i ndryshohet masa e siguris\u00eb. <\/p>\n<p>Edhe avokati Shpend Gashi, i cili e pati z\u00ebvend\u00ebsuar Kocin n\u00eb seanc\u00ebn e shqyrtimit fillestar, pati k\u00ebrkuar q\u00eb i akuzuari t\u00eb lirohet nga paraburgimi. <\/p>\n<p>K\u00ebt\u00eb propozim e pati kund\u00ebrshtuar, prokurori special Ilir Morina, i cili i pat propozuar Gjykat\u00ebs q\u00eb t\u00eb pandehurit t\u2019i vazhdohet masa e paraburgimit. <\/p>\n<p>N\u00eb seanc\u00ebn e mbajtur m\u00eb 30 dhjetor, Morina, \u00ebsht\u00eb deklaruar i pafajsh\u00ebm, lidhur me akuzat p\u00ebr krime lufte. Sipas aktakuz\u00ebs, i pandehuri Morina m\u00eb 31 mars 1999, n\u00eb fshatin Burim t\u00eb Komun\u00ebs s\u00eb Malishev\u00ebs, n\u00eb bashk\u00ebkryerje me pjes\u00ebtar\u00eb t\u00eb tjer\u00eb t\u00eb forcave policore dhe ushtarake serbe, ka marr\u00eb pjes\u00eb n\u00eb vrasjen e 34 civil\u00ebve shqiptar\u00eb.<\/p>\n<p>Morina akuzohet se kreu vepr\u00ebn penale \u201cKrime Lufte kund\u00ebr popullat\u00ebs civile\u201d.<\/p>\n<p>Sipas Prokuroris\u00eb Speciale, Morina ngarkohet se gjat\u00eb periudh\u00ebs 1998-99, n\u00eb koh\u00ebn e luft\u00ebs n\u00eb fshatin Burim t\u00eb Malishev\u00ebs, na bashk\u00ebkryerje me persona t\u00eb tjer\u00eb, ka marr\u00eb pjes\u00eb n\u00eb vrasje, d\u00ebbime, arrestime e keqtrajtime fizike\u201d.<\/p>\n","protected":false},"excerpt":{"rendered":"<p>Prishtin\u00eb 12 janar 2026 17:36 Gjykata Themelore n\u00eb Prishtin\u00eb ia ka vazhduar paraburgimin t\u00eb akuzuarit p\u00ebr krime lufte, Ramadan Morina. K\u00ebrkes\u00ebn e Prokuroris\u00eb p\u00ebr vazhdim<\/p>\n","protected":false},"author":6,"featured_media":27477,"comment_status":"open","ping_status":"open","sticky":false,"template":"","format":"standard","meta":{"footnotes":""},"categories":[60],"tags":[],"class_list":["post-27476","post","type-post","status-publish","format-standard","has-post-thumbnail","hentry","category-shoqerore-sq"],"yoast_head":"<!-- This site is optimized with the Yoast SEO plugin v25.3.1 - https:\/\/yoast.com\/wordpress\/plugins\/seo\/ -->\n<title>T\u00eb akuzuarit p\u00ebr krime lufte, Ramadan Morina, i vazhdohet paraburgimi p\u00ebr dy muaj -<\/title>\n<meta name=\"robots\" content=\"index, follow, max-snippet:-1, max-image-preview:large, max-video-preview:-1\" \/>\n<link rel=\"canonical\" href=\"https:\/\/veritasinfo.org\/?p=27476\" \/>\n<meta property=\"og:locale\" content=\"en_US\" \/>\n<meta property=\"og:type\" content=\"article\" \/>\n<meta property=\"og:title\" content=\"T\u00eb akuzuarit p\u00ebr krime lufte, Ramadan Morina, i vazhdohet paraburgimi p\u00ebr dy muaj -\" \/>\n<meta property=\"og:description\" content=\"Prishtin\u00eb 12 janar 2026 17:36 Gjykata Themelore n\u00eb Prishtin\u00eb ia ka vazhduar paraburgimin t\u00eb akuzuarit p\u00ebr krime lufte, Ramadan Morina. K\u00ebrkes\u00ebn e Prokuroris\u00eb p\u00ebr vazhdim\" \/>\n<meta property=\"og:url\" content=\"https:\/\/veritasinfo.org\/?p=27476\" \/>\n<meta property=\"article:published_time\" content=\"2026-01-12T16:37:15+00:00\" \/>\n<meta property=\"og:image\" content=\"https:\/\/veritasinfo.org\/wp-content\/uploads\/2026\/01\/86d7938d-4b9a-4f04-8978-efb820ba386c.webp\" \/>\n\t<meta property=\"og:image:width\" content=\"1360\" \/>\n\t<meta property=\"og:image:height\" content=\"870\" \/>\n\t<meta property=\"og:image:type\" content=\"image\/webp\" \/>\n<meta name=\"author\" content=\"US5\" \/>\n<meta name=\"twitter:card\" content=\"summary_large_image\" \/>\n<meta name=\"twitter:label1\" content=\"Written by\" \/>\n\t<meta name=\"twitter:data1\" content=\"US5\" \/>\n<script type=\"application\/ld+json\" class=\"yoast-schema-graph\">{\"@context\":\"https:\/\/schema.org\",\"@graph\":[{\"@type\":\"WebPage\",\"@id\":\"https:\/\/veritasinfo.org\/?p=27476\",\"url\":\"https:\/\/veritasinfo.org\/?p=27476\",\"name\":\"T\u00eb akuzuarit p\u00ebr krime lufte, Ramadan Morina, i vazhdohet paraburgimi p\u00ebr dy muaj -\",\"isPartOf\":{\"@id\":\"https:\/\/veritasinfo.org\/#website\"},\"primaryImageOfPage\":{\"@id\":\"https:\/\/veritasinfo.org\/?p=27476#primaryimage\"},\"image\":{\"@id\":\"https:\/\/veritasinfo.org\/?p=27476#primaryimage\"},\"thumbnailUrl\":\"https:\/\/veritasinfo.org\/wp-content\/uploads\/2026\/01\/86d7938d-4b9a-4f04-8978-efb820ba386c.webp\",\"datePublished\":\"2026-01-12T16:37:15+00:00\",\"author\":{\"@id\":\"https:\/\/veritasinfo.org\/#\/schema\/person\/bc442336e35414d04494ab8fb45db4c6\"},\"breadcrumb\":{\"@id\":\"https:\/\/veritasinfo.org\/?p=27476#breadcrumb\"},\"inLanguage\":\"en-US\",\"potentialAction\":[{\"@type\":\"ReadAction\",\"target\":[\"https:\/\/veritasinfo.org\/?p=27476\"]}]},{\"@type\":\"ImageObject\",\"inLanguage\":\"en-US\",\"@id\":\"https:\/\/veritasinfo.org\/?p=27476#primaryimage\",\"url\":\"https:\/\/veritasinfo.org\/wp-content\/uploads\/2026\/01\/86d7938d-4b9a-4f04-8978-efb820ba386c.webp\",\"contentUrl\":\"https:\/\/veritasinfo.org\/wp-content\/uploads\/2026\/01\/86d7938d-4b9a-4f04-8978-efb820ba386c.webp\",\"width\":1360,\"height\":870},{\"@type\":\"BreadcrumbList\",\"@id\":\"https:\/\/veritasinfo.org\/?p=27476#breadcrumb\",\"itemListElement\":[{\"@type\":\"ListItem\",\"position\":1,\"name\":\"Home\",\"item\":\"https:\/\/veritasinfo.org\/\"},{\"@type\":\"ListItem\",\"position\":2,\"name\":\"T\u00eb akuzuarit p\u00ebr krime lufte, Ramadan Morina, i vazhdohet paraburgimi p\u00ebr dy muaj\"}]},{\"@type\":\"WebSite\",\"@id\":\"https:\/\/veritasinfo.org\/#website\",\"url\":\"https:\/\/veritasinfo.org\/\",\"name\":\"\",\"description\":\"\",\"potentialAction\":[{\"@type\":\"SearchAction\",\"target\":{\"@type\":\"EntryPoint\",\"urlTemplate\":\"https:\/\/veritasinfo.org\/?s={search_term_string}\"},\"query-input\":{\"@type\":\"PropertyValueSpecification\",\"valueRequired\":true,\"valueName\":\"search_term_string\"}}],\"inLanguage\":\"en-US\"},{\"@type\":\"Person\",\"@id\":\"https:\/\/veritasinfo.org\/#\/schema\/person\/bc442336e35414d04494ab8fb45db4c6\",\"name\":\"US5\",\"image\":{\"@type\":\"ImageObject\",\"inLanguage\":\"en-US\",\"@id\":\"https:\/\/veritasinfo.org\/#\/schema\/person\/image\/\",\"url\":\"https:\/\/secure.gravatar.com\/avatar\/16a61e7272a0c5d001121ebb9e60e925d5816e4ac1e443ed3e640d9a6ae55d0c?s=96&d=mm&r=g\",\"contentUrl\":\"https:\/\/secure.gravatar.com\/avatar\/16a61e7272a0c5d001121ebb9e60e925d5816e4ac1e443ed3e640d9a6ae55d0c?s=96&d=mm&r=g\",\"caption\":\"US5\"},\"url\":\"https:\/\/veritasinfo.org\/?author=6\"}]}<\/script>\n<!-- \/ Yoast SEO plugin. -->","yoast_head_json":{"title":"T\u00eb akuzuarit p\u00ebr krime lufte, Ramadan Morina, i vazhdohet paraburgimi p\u00ebr dy muaj -","robots":{"index":"index","follow":"follow","max-snippet":"max-snippet:-1","max-image-preview":"max-image-preview:large","max-video-preview":"max-video-preview:-1"},"canonical":"https:\/\/veritasinfo.org\/?p=27476","og_locale":"en_US","og_type":"article","og_title":"T\u00eb akuzuarit p\u00ebr krime lufte, Ramadan Morina, i vazhdohet paraburgimi p\u00ebr dy muaj -","og_description":"Prishtin\u00eb 12 janar 2026 17:36 Gjykata Themelore n\u00eb Prishtin\u00eb ia ka vazhduar paraburgimin t\u00eb akuzuarit p\u00ebr krime lufte, Ramadan Morina. K\u00ebrkes\u00ebn e Prokuroris\u00eb p\u00ebr vazhdim","og_url":"https:\/\/veritasinfo.org\/?p=27476","article_published_time":"2026-01-12T16:37:15+00:00","og_image":[{"width":1360,"height":870,"url":"https:\/\/veritasinfo.org\/wp-content\/uploads\/2026\/01\/86d7938d-4b9a-4f04-8978-efb820ba386c.webp","type":"image\/webp"}],"author":"US5","twitter_card":"summary_large_image","twitter_misc":{"Written by":"US5"},"schema":{"@context":"https:\/\/schema.org","@graph":[{"@type":"WebPage","@id":"https:\/\/veritasinfo.org\/?p=27476","url":"https:\/\/veritasinfo.org\/?p=27476","name":"T\u00eb akuzuarit p\u00ebr krime lufte, Ramadan Morina, i vazhdohet paraburgimi p\u00ebr dy muaj -","isPartOf":{"@id":"https:\/\/veritasinfo.org\/#website"},"primaryImageOfPage":{"@id":"https:\/\/veritasinfo.org\/?p=27476#primaryimage"},"image":{"@id":"https:\/\/veritasinfo.org\/?p=27476#primaryimage"},"thumbnailUrl":"https:\/\/veritasinfo.org\/wp-content\/uploads\/2026\/01\/86d7938d-4b9a-4f04-8978-efb820ba386c.webp","datePublished":"2026-01-12T16:37:15+00:00","author":{"@id":"https:\/\/veritasinfo.org\/#\/schema\/person\/bc442336e35414d04494ab8fb45db4c6"},"breadcrumb":{"@id":"https:\/\/veritasinfo.org\/?p=27476#breadcrumb"},"inLanguage":"en-US","potentialAction":[{"@type":"ReadAction","target":["https:\/\/veritasinfo.org\/?p=27476"]}]},{"@type":"ImageObject","inLanguage":"en-US","@id":"https:\/\/veritasinfo.org\/?p=27476#primaryimage","url":"https:\/\/veritasinfo.org\/wp-content\/uploads\/2026\/01\/86d7938d-4b9a-4f04-8978-efb820ba386c.webp","contentUrl":"https:\/\/veritasinfo.org\/wp-content\/uploads\/2026\/01\/86d7938d-4b9a-4f04-8978-efb820ba386c.webp","width":1360,"height":870},{"@type":"BreadcrumbList","@id":"https:\/\/veritasinfo.org\/?p=27476#breadcrumb","itemListElement":[{"@type":"ListItem","position":1,"name":"Home","item":"https:\/\/veritasinfo.org\/"},{"@type":"ListItem","position":2,"name":"T\u00eb akuzuarit p\u00ebr krime lufte, Ramadan Morina, i vazhdohet paraburgimi p\u00ebr dy muaj"}]},{"@type":"WebSite","@id":"https:\/\/veritasinfo.org\/#website","url":"https:\/\/veritasinfo.org\/","name":"","description":"","potentialAction":[{"@type":"SearchAction","target":{"@type":"EntryPoint","urlTemplate":"https:\/\/veritasinfo.org\/?s={search_term_string}"},"query-input":{"@type":"PropertyValueSpecification","valueRequired":true,"valueName":"search_term_string"}}],"inLanguage":"en-US"},{"@type":"Person","@id":"https:\/\/veritasinfo.org\/#\/schema\/person\/bc442336e35414d04494ab8fb45db4c6","name":"US5","image":{"@type":"ImageObject","inLanguage":"en-US","@id":"https:\/\/veritasinfo.org\/#\/schema\/person\/image\/","url":"https:\/\/secure.gravatar.com\/avatar\/16a61e7272a0c5d001121ebb9e60e925d5816e4ac1e443ed3e640d9a6ae55d0c?s=96&d=mm&r=g","contentUrl":"https:\/\/secure.gravatar.com\/avatar\/16a61e7272a0c5d001121ebb9e60e925d5816e4ac1e443ed3e640d9a6ae55d0c?s=96&d=mm&r=g","caption":"US5"},"url":"https:\/\/veritasinfo.org\/?author=6"}]}},"featured_image_urls":{"full":["https:\/\/veritasinfo.org\/wp-content\/uploads\/2026\/01\/86d7938d-4b9a-4f04-8978-efb820ba386c.webp",1360,870,false],"thumbnail":["https:\/\/veritasinfo.org\/wp-content\/uploads\/2026\/01\/86d7938d-4b9a-4f04-8978-efb820ba386c-150x150.webp",150,150,true],"medium":["https:\/\/veritasinfo.org\/wp-content\/uploads\/2026\/01\/86d7938d-4b9a-4f04-8978-efb820ba386c-300x192.webp",300,192,true],"medium_large":["https:\/\/veritasinfo.org\/wp-content\/uploads\/2026\/01\/86d7938d-4b9a-4f04-8978-efb820ba386c-768x491.webp",640,409,true],"large":["https:\/\/veritasinfo.org\/wp-content\/uploads\/2026\/01\/86d7938d-4b9a-4f04-8978-efb820ba386c-1024x655.webp",640,409,true],"1536x1536":["https:\/\/veritasinfo.org\/wp-content\/uploads\/2026\/01\/86d7938d-4b9a-4f04-8978-efb820ba386c.webp",1360,870,false],"2048x2048":["https:\/\/veritasinfo.org\/wp-content\/uploads\/2026\/01\/86d7938d-4b9a-4f04-8978-efb820ba386c.webp",1360,870,false],"kreeti-slider-full":["https:\/\/veritasinfo.org\/wp-content\/uploads\/2026\/01\/86d7938d-4b9a-4f04-8978-efb820ba386c.webp",1126,720,false],"kreeti-featured":["https:\/\/veritasinfo.org\/wp-content\/uploads\/2026\/01\/86d7938d-4b9a-4f04-8978-efb820ba386c.webp",1024,655,false],"kreeti-medium":["https:\/\/veritasinfo.org\/wp-content\/uploads\/2026\/01\/86d7938d-4b9a-4f04-8978-efb820ba386c.webp",720,461,false],"kreeti-medium-square":["https:\/\/veritasinfo.org\/wp-content\/uploads\/2026\/01\/86d7938d-4b9a-4f04-8978-efb820ba386c.webp",350,224,false]},"author_info":{"info":["US5"]},"category_info":"<a href=\"https:\/\/veritasinfo.org\/?cat=60\" rel=\"category\">Shoq\u00ebrore<\/a>","tag_info":"Shoq\u00ebrore","comment_count":"0","_links":{"self":[{"href":"https:\/\/veritasinfo.org\/index.php?rest_route=\/wp\/v2\/posts\/27476","targetHints":{"allow":["GET"]}}],"collection":[{"href":"https:\/\/veritasinfo.org\/index.php?rest_route=\/wp\/v2\/posts"}],"about":[{"href":"https:\/\/veritasinfo.org\/index.php?rest_route=\/wp\/v2\/types\/post"}],"author":[{"embeddable":true,"href":"https:\/\/veritasinfo.org\/index.php?rest_route=\/wp\/v2\/users\/6"}],"replies":[{"embeddable":true,"href":"https:\/\/veritasinfo.org\/index.php?rest_route=%2Fwp%2Fv2%2Fcomments&post=27476"}],"version-history":[{"count":1,"href":"https:\/\/veritasinfo.org\/index.php?rest_route=\/wp\/v2\/posts\/27476\/revisions"}],"predecessor-version":[{"id":27478,"href":"https:\/\/veritasinfo.org\/index.php?rest_route=\/wp\/v2\/posts\/27476\/revisions\/27478"}],"wp:featuredmedia":[{"embeddable":true,"href":"https:\/\/veritasinfo.org\/index.php?rest_route=\/wp\/v2\/media\/27477"}],"wp:attachment":[{"href":"https:\/\/veritasinfo.org\/index.php?rest_route=%2Fwp%2Fv2%2Fmedia&parent=27476"}],"wp:term":[{"taxonomy":"category","embeddable":true,"href":"https:\/\/veritasinfo.org\/index.php?rest_route=%2Fwp%2Fv2%2Fcategories&post=27476"},{"taxonomy":"post_tag","embeddable":true,"href":"https:\/\/veritasinfo.org\/index.php?rest_route=%2Fwp%2Fv2%2Ftags&post=27476"}],"curies":[{"name":"wp","href":"https:\/\/api.w.org\/{rel}","templated":true}]}}