{"id":27432,"date":"2026-01-12T12:09:35","date_gmt":"2026-01-12T11:09:35","guid":{"rendered":"https:\/\/veritasinfo.org\/?p=27432"},"modified":"2026-01-12T12:09:35","modified_gmt":"2026-01-12T11:09:35","slug":"majka-blizanaca-ubijenih-tokom-rata-trazi-dozivotnu-kaznu-za-milosa-pleskovica","status":"publish","type":"post","link":"https:\/\/veritasinfo.org\/?p=27432&lang=sr","title":{"rendered":"Majka blizanaca ubijenih tokom rata tra\u017ei do\u017eivotnu kaznu za Milo\u0161a Pleskovi\u0107a"},"content":{"rendered":"<p>Pri\u0161tina, 12. januar 2026. godine, 12:06<\/p>\n<p>Za smrtnu kaznu se zalo\u017eio i branilac optu\u017eenog, Blend Djini, koji je tako\u0111e istakao da je \u017ealba advokatice neosnovana.<br \/>\n\u201eImaju\u0107i u vidu da se radi o ubistvu albanskih civila, a budu\u0107i da su iskustva i patnje \u017ertava ponovo izneseni tokom ro\u010di\u0161ta, smatramo da je kazna izre\u010dena prvostepenom presudom preniska, jer zakon predvi\u0111a kaznu do 20 godina za ove krivi\u010dne radnje. Tra\u017eimo od Apelacionog suda da, uzimaju\u0107i u obzir ove okolnosti i \u010dinjenice, optu\u017eenom bude izre\u010dena smrtnu kazna. Stoga, na kraju, predla\u017eem Kolegijumu Specijalnog odeljenja za ratne zlo\u010dine da odbije zahtev advokatice, jer je takav zahtev neosnovan\u201c, rekao je on.<\/p>\n","protected":false},"excerpt":{"rendered":"<p>Pri\u0161tina, 12. januar 2026. godine, 12:06 Za smrtnu kaznu se zalo\u017eio i branilac optu\u017eenog, Blend Djini, koji je tako\u0111e istakao da je \u017ealba advokatice neosnovana.<\/p>\n","protected":false},"author":6,"featured_media":27430,"comment_status":"open","ping_status":"open","sticky":false,"template":"","format":"standard","meta":{"footnotes":""},"categories":[30],"tags":[],"class_list":["post-27432","post","type-post","status-publish","format-standard","has-post-thumbnail","hentry","category-drustvo"],"yoast_head":"<!-- This site is optimized with the Yoast SEO plugin v25.3.1 - https:\/\/yoast.com\/wordpress\/plugins\/seo\/ -->\n<title>Majka blizanaca ubijenih tokom rata tra\u017ei do\u017eivotnu kaznu za Milo\u0161a Pleskovi\u0107a -<\/title>\n<meta name=\"robots\" content=\"index, follow, max-snippet:-1, max-image-preview:large, max-video-preview:-1\" \/>\n<link rel=\"canonical\" href=\"https:\/\/veritasinfo.org\/?p=27432&lang=sr\" \/>\n<meta property=\"og:locale\" content=\"en_US\" \/>\n<meta property=\"og:type\" content=\"article\" \/>\n<meta property=\"og:title\" content=\"Majka blizanaca ubijenih tokom rata tra\u017ei do\u017eivotnu kaznu za Milo\u0161a Pleskovi\u0107a -\" \/>\n<meta property=\"og:description\" content=\"Pri\u0161tina, 12. januar 2026. godine, 12:06 Za smrtnu kaznu se zalo\u017eio i branilac optu\u017eenog, Blend Djini, koji je tako\u0111e istakao da je \u017ealba advokatice neosnovana.\" \/>\n<meta property=\"og:url\" content=\"https:\/\/veritasinfo.org\/?p=27432&amp;lang=sr\" \/>\n<meta property=\"article:published_time\" content=\"2026-01-12T11:09:35+00:00\" \/>\n<meta property=\"og:image\" content=\"https:\/\/veritasinfo.org\/wp-content\/uploads\/2026\/01\/IMG-20260112-WA0003.jpg\" \/>\n\t<meta property=\"og:image:width\" content=\"1284\" \/>\n\t<meta property=\"og:image:height\" content=\"943\" \/>\n\t<meta property=\"og:image:type\" content=\"image\/jpeg\" \/>\n<meta name=\"author\" content=\"US5\" \/>\n<meta name=\"twitter:card\" content=\"summary_large_image\" \/>\n<meta name=\"twitter:label1\" content=\"Written by\" \/>\n\t<meta name=\"twitter:data1\" content=\"US5\" \/>\n\t<meta name=\"twitter:label2\" content=\"Est. reading time\" \/>\n\t<meta name=\"twitter:data2\" content=\"1 minute\" \/>\n<script type=\"application\/ld+json\" class=\"yoast-schema-graph\">{\"@context\":\"https:\/\/schema.org\",\"@graph\":[{\"@type\":\"WebPage\",\"@id\":\"https:\/\/veritasinfo.org\/?p=27432&lang=sr\",\"url\":\"https:\/\/veritasinfo.org\/?p=27432&lang=sr\",\"name\":\"Majka blizanaca ubijenih tokom rata tra\u017ei do\u017eivotnu kaznu za Milo\u0161a Pleskovi\u0107a -\",\"isPartOf\":{\"@id\":\"https:\/\/veritasinfo.org\/#website\"},\"primaryImageOfPage\":{\"@id\":\"https:\/\/veritasinfo.org\/?p=27432&lang=sr#primaryimage\"},\"image\":{\"@id\":\"https:\/\/veritasinfo.org\/?p=27432&lang=sr#primaryimage\"},\"thumbnailUrl\":\"https:\/\/veritasinfo.org\/wp-content\/uploads\/2026\/01\/IMG-20260112-WA0003.jpg\",\"datePublished\":\"2026-01-12T11:09:35+00:00\",\"author\":{\"@id\":\"https:\/\/veritasinfo.org\/#\/schema\/person\/bc442336e35414d04494ab8fb45db4c6\"},\"breadcrumb\":{\"@id\":\"https:\/\/veritasinfo.org\/?p=27432&lang=sr#breadcrumb\"},\"inLanguage\":\"en-US\",\"potentialAction\":[{\"@type\":\"ReadAction\",\"target\":[\"https:\/\/veritasinfo.org\/?p=27432&lang=sr\"]}]},{\"@type\":\"ImageObject\",\"inLanguage\":\"en-US\",\"@id\":\"https:\/\/veritasinfo.org\/?p=27432&lang=sr#primaryimage\",\"url\":\"https:\/\/veritasinfo.org\/wp-content\/uploads\/2026\/01\/IMG-20260112-WA0003.jpg\",\"contentUrl\":\"https:\/\/veritasinfo.org\/wp-content\/uploads\/2026\/01\/IMG-20260112-WA0003.jpg\",\"width\":1284,\"height\":943},{\"@type\":\"BreadcrumbList\",\"@id\":\"https:\/\/veritasinfo.org\/?p=27432&lang=sr#breadcrumb\",\"itemListElement\":[{\"@type\":\"ListItem\",\"position\":1,\"name\":\"Home\",\"item\":\"https:\/\/veritasinfo.org\/\"},{\"@type\":\"ListItem\",\"position\":2,\"name\":\"Majka blizanaca ubijenih tokom rata tra\u017ei do\u017eivotnu kaznu za Milo\u0161a Pleskovi\u0107a\"}]},{\"@type\":\"WebSite\",\"@id\":\"https:\/\/veritasinfo.org\/#website\",\"url\":\"https:\/\/veritasinfo.org\/\",\"name\":\"\",\"description\":\"\",\"potentialAction\":[{\"@type\":\"SearchAction\",\"target\":{\"@type\":\"EntryPoint\",\"urlTemplate\":\"https:\/\/veritasinfo.org\/?s={search_term_string}\"},\"query-input\":{\"@type\":\"PropertyValueSpecification\",\"valueRequired\":true,\"valueName\":\"search_term_string\"}}],\"inLanguage\":\"en-US\"},{\"@type\":\"Person\",\"@id\":\"https:\/\/veritasinfo.org\/#\/schema\/person\/bc442336e35414d04494ab8fb45db4c6\",\"name\":\"US5\",\"image\":{\"@type\":\"ImageObject\",\"inLanguage\":\"en-US\",\"@id\":\"https:\/\/veritasinfo.org\/#\/schema\/person\/image\/\",\"url\":\"https:\/\/secure.gravatar.com\/avatar\/16a61e7272a0c5d001121ebb9e60e925d5816e4ac1e443ed3e640d9a6ae55d0c?s=96&d=mm&r=g\",\"contentUrl\":\"https:\/\/secure.gravatar.com\/avatar\/16a61e7272a0c5d001121ebb9e60e925d5816e4ac1e443ed3e640d9a6ae55d0c?s=96&d=mm&r=g\",\"caption\":\"US5\"},\"url\":\"https:\/\/veritasinfo.org\/?author=6\"}]}<\/script>\n<!-- \/ Yoast SEO plugin. -->","yoast_head_json":{"title":"Majka blizanaca ubijenih tokom rata tra\u017ei do\u017eivotnu kaznu za Milo\u0161a Pleskovi\u0107a -","robots":{"index":"index","follow":"follow","max-snippet":"max-snippet:-1","max-image-preview":"max-image-preview:large","max-video-preview":"max-video-preview:-1"},"canonical":"https:\/\/veritasinfo.org\/?p=27432&lang=sr","og_locale":"en_US","og_type":"article","og_title":"Majka blizanaca ubijenih tokom rata tra\u017ei do\u017eivotnu kaznu za Milo\u0161a Pleskovi\u0107a -","og_description":"Pri\u0161tina, 12. januar 2026. godine, 12:06 Za smrtnu kaznu se zalo\u017eio i branilac optu\u017eenog, Blend Djini, koji je tako\u0111e istakao da je \u017ealba advokatice neosnovana.","og_url":"https:\/\/veritasinfo.org\/?p=27432&lang=sr","article_published_time":"2026-01-12T11:09:35+00:00","og_image":[{"width":1284,"height":943,"url":"https:\/\/veritasinfo.org\/wp-content\/uploads\/2026\/01\/IMG-20260112-WA0003.jpg","type":"image\/jpeg"}],"author":"US5","twitter_card":"summary_large_image","twitter_misc":{"Written by":"US5","Est. reading time":"1 minute"},"schema":{"@context":"https:\/\/schema.org","@graph":[{"@type":"WebPage","@id":"https:\/\/veritasinfo.org\/?p=27432&lang=sr","url":"https:\/\/veritasinfo.org\/?p=27432&lang=sr","name":"Majka blizanaca ubijenih tokom rata tra\u017ei do\u017eivotnu kaznu za Milo\u0161a Pleskovi\u0107a -","isPartOf":{"@id":"https:\/\/veritasinfo.org\/#website"},"primaryImageOfPage":{"@id":"https:\/\/veritasinfo.org\/?p=27432&lang=sr#primaryimage"},"image":{"@id":"https:\/\/veritasinfo.org\/?p=27432&lang=sr#primaryimage"},"thumbnailUrl":"https:\/\/veritasinfo.org\/wp-content\/uploads\/2026\/01\/IMG-20260112-WA0003.jpg","datePublished":"2026-01-12T11:09:35+00:00","author":{"@id":"https:\/\/veritasinfo.org\/#\/schema\/person\/bc442336e35414d04494ab8fb45db4c6"},"breadcrumb":{"@id":"https:\/\/veritasinfo.org\/?p=27432&lang=sr#breadcrumb"},"inLanguage":"en-US","potentialAction":[{"@type":"ReadAction","target":["https:\/\/veritasinfo.org\/?p=27432&lang=sr"]}]},{"@type":"ImageObject","inLanguage":"en-US","@id":"https:\/\/veritasinfo.org\/?p=27432&lang=sr#primaryimage","url":"https:\/\/veritasinfo.org\/wp-content\/uploads\/2026\/01\/IMG-20260112-WA0003.jpg","contentUrl":"https:\/\/veritasinfo.org\/wp-content\/uploads\/2026\/01\/IMG-20260112-WA0003.jpg","width":1284,"height":943},{"@type":"BreadcrumbList","@id":"https:\/\/veritasinfo.org\/?p=27432&lang=sr#breadcrumb","itemListElement":[{"@type":"ListItem","position":1,"name":"Home","item":"https:\/\/veritasinfo.org\/"},{"@type":"ListItem","position":2,"name":"Majka blizanaca ubijenih tokom rata tra\u017ei do\u017eivotnu kaznu za Milo\u0161a Pleskovi\u0107a"}]},{"@type":"WebSite","@id":"https:\/\/veritasinfo.org\/#website","url":"https:\/\/veritasinfo.org\/","name":"","description":"","potentialAction":[{"@type":"SearchAction","target":{"@type":"EntryPoint","urlTemplate":"https:\/\/veritasinfo.org\/?s={search_term_string}"},"query-input":{"@type":"PropertyValueSpecification","valueRequired":true,"valueName":"search_term_string"}}],"inLanguage":"en-US"},{"@type":"Person","@id":"https:\/\/veritasinfo.org\/#\/schema\/person\/bc442336e35414d04494ab8fb45db4c6","name":"US5","image":{"@type":"ImageObject","inLanguage":"en-US","@id":"https:\/\/veritasinfo.org\/#\/schema\/person\/image\/","url":"https:\/\/secure.gravatar.com\/avatar\/16a61e7272a0c5d001121ebb9e60e925d5816e4ac1e443ed3e640d9a6ae55d0c?s=96&d=mm&r=g","contentUrl":"https:\/\/secure.gravatar.com\/avatar\/16a61e7272a0c5d001121ebb9e60e925d5816e4ac1e443ed3e640d9a6ae55d0c?s=96&d=mm&r=g","caption":"US5"},"url":"https:\/\/veritasinfo.org\/?author=6"}]}},"featured_image_urls":{"full":["https:\/\/veritasinfo.org\/wp-content\/uploads\/2026\/01\/IMG-20260112-WA0003.jpg",1284,943,false],"thumbnail":["https:\/\/veritasinfo.org\/wp-content\/uploads\/2026\/01\/IMG-20260112-WA0003-150x150.jpg",150,150,true],"medium":["https:\/\/veritasinfo.org\/wp-content\/uploads\/2026\/01\/IMG-20260112-WA0003-300x220.jpg",300,220,true],"medium_large":["https:\/\/veritasinfo.org\/wp-content\/uploads\/2026\/01\/IMG-20260112-WA0003-768x564.jpg",640,470,true],"large":["https:\/\/veritasinfo.org\/wp-content\/uploads\/2026\/01\/IMG-20260112-WA0003-1024x752.jpg",640,470,true],"1536x1536":["https:\/\/veritasinfo.org\/wp-content\/uploads\/2026\/01\/IMG-20260112-WA0003.jpg",1284,943,false],"2048x2048":["https:\/\/veritasinfo.org\/wp-content\/uploads\/2026\/01\/IMG-20260112-WA0003.jpg",1284,943,false],"kreeti-slider-full":["https:\/\/veritasinfo.org\/wp-content\/uploads\/2026\/01\/IMG-20260112-WA0003.jpg",980,720,false],"kreeti-featured":["https:\/\/veritasinfo.org\/wp-content\/uploads\/2026\/01\/IMG-20260112-WA0003.jpg",1024,752,false],"kreeti-medium":["https:\/\/veritasinfo.org\/wp-content\/uploads\/2026\/01\/IMG-20260112-WA0003.jpg",720,530,false],"kreeti-medium-square":["https:\/\/veritasinfo.org\/wp-content\/uploads\/2026\/01\/IMG-20260112-WA0003.jpg",350,257,false]},"author_info":{"info":["US5"]},"category_info":"<a href=\"https:\/\/veritasinfo.org\/?cat=30&#038;lang=sr\" rel=\"category\">Dru\u0161tvo<\/a>","tag_info":"Dru\u0161tvo","comment_count":"0","_links":{"self":[{"href":"https:\/\/veritasinfo.org\/index.php?rest_route=\/wp\/v2\/posts\/27432","targetHints":{"allow":["GET"]}}],"collection":[{"href":"https:\/\/veritasinfo.org\/index.php?rest_route=\/wp\/v2\/posts"}],"about":[{"href":"https:\/\/veritasinfo.org\/index.php?rest_route=\/wp\/v2\/types\/post"}],"author":[{"embeddable":true,"href":"https:\/\/veritasinfo.org\/index.php?rest_route=\/wp\/v2\/users\/6"}],"replies":[{"embeddable":true,"href":"https:\/\/veritasinfo.org\/index.php?rest_route=%2Fwp%2Fv2%2Fcomments&post=27432"}],"version-history":[{"count":1,"href":"https:\/\/veritasinfo.org\/index.php?rest_route=\/wp\/v2\/posts\/27432\/revisions"}],"predecessor-version":[{"id":27433,"href":"https:\/\/veritasinfo.org\/index.php?rest_route=\/wp\/v2\/posts\/27432\/revisions\/27433"}],"wp:featuredmedia":[{"embeddable":true,"href":"https:\/\/veritasinfo.org\/index.php?rest_route=\/wp\/v2\/media\/27430"}],"wp:attachment":[{"href":"https:\/\/veritasinfo.org\/index.php?rest_route=%2Fwp%2Fv2%2Fmedia&parent=27432"}],"wp:term":[{"taxonomy":"category","embeddable":true,"href":"https:\/\/veritasinfo.org\/index.php?rest_route=%2Fwp%2Fv2%2Fcategories&post=27432"},{"taxonomy":"post_tag","embeddable":true,"href":"https:\/\/veritasinfo.org\/index.php?rest_route=%2Fwp%2Fv2%2Ftags&post=27432"}],"curies":[{"name":"wp","href":"https:\/\/api.w.org\/{rel}","templated":true}]}}