{"id":27424,"date":"2026-01-12T12:01:04","date_gmt":"2026-01-12T11:01:04","guid":{"rendered":"https:\/\/veritasinfo.org\/?p=27424"},"modified":"2026-01-12T12:01:04","modified_gmt":"2026-01-12T11:01:04","slug":"zyrtari-i-larte-gjerman-takohet-me-jasharin-flasin-per-te-ardhmen-e-fsk-se","status":"publish","type":"post","link":"https:\/\/veritasinfo.org\/?p=27424","title":{"rendered":"Zyrtari i lart\u00eb gjerman takohet me Jasharin, flasin p\u00ebr t\u00eb ardhmen e FSK-s\u00eb"},"content":{"rendered":"<p>Prishtin\u00eb 12 Janar 2026 12:00<\/p>\n<p>Z\u00ebvend\u00ebsambasadori gjerman, Christian Bottcher ka zhvilluar nj\u00eb takim me komandantin e FSK-s\u00eb, Bashkim Jashari.<\/p>\n<p>Sipas njoftimit t\u00eb Ambasad\u00ebs gjermane n\u00eb Kosov\u00eb, dyshja diskutuan p\u00ebr procesin e transformimit dhe t\u00eb ardhmen e Forc\u00ebs s\u00eb Siguris\u00eb s\u00eb Kosov\u00ebs, transmeton Klankosova.tv.<\/p>\n<p>N\u00eb njoftim thuhet se Jashari shprehu mir\u00ebnjohje p\u00ebr mb\u00ebshtetjen shum\u00ebvje\u00e7are t\u00eb Gjermanis\u00eb n\u00eb zhvillimin e FSK-s\u00eb.<\/p>\n<p>Po ashtu, n\u00eb njoftim theksohet se Bottcher rikonfirmoi se Gjermania do t\u00eb vazhdoj\u00eb t\u00eb q\u00ebndroj\u00eb p\u00ebrkrah Kosov\u00ebs.<\/p>\n<p>\u201c[Ai] theksoi p\u00ebrkushtimin e Gjermanis\u00eb p\u00ebr ta par\u00eb Kosov\u00ebn dhe institucionet e saj t\u00eb siguris\u00eb si pjes\u00eb e nj\u00eb arkitekture t\u00eb p\u00ebrbashk\u00ebt dhe t\u00eb integruar evropiane t\u00eb siguris\u00eb. Christian Bottcher gjithashtu shprehu vler\u00ebsimin e tij p\u00ebr bashk\u00ebpunimin e fort\u00eb dhe konstruktiv me FSK-n\u00eb\u201d.<\/p>\n","protected":false},"excerpt":{"rendered":"<p>Prishtin\u00eb 12 Janar 2026 12:00 Z\u00ebvend\u00ebsambasadori gjerman, Christian Bottcher ka zhvilluar nj\u00eb takim me komandantin e FSK-s\u00eb, Bashkim Jashari. Sipas njoftimit t\u00eb Ambasad\u00ebs gjermane n\u00eb<\/p>\n","protected":false},"author":6,"featured_media":27425,"comment_status":"open","ping_status":"open","sticky":false,"template":"","format":"standard","meta":{"footnotes":""},"categories":[60],"tags":[],"class_list":["post-27424","post","type-post","status-publish","format-standard","has-post-thumbnail","hentry","category-shoqerore-sq"],"yoast_head":"<!-- This site is optimized with the Yoast SEO plugin v25.3.1 - https:\/\/yoast.com\/wordpress\/plugins\/seo\/ -->\n<title>Zyrtari i lart\u00eb gjerman takohet me Jasharin, flasin p\u00ebr t\u00eb ardhmen e FSK-s\u00eb -<\/title>\n<meta name=\"robots\" content=\"index, follow, max-snippet:-1, max-image-preview:large, max-video-preview:-1\" \/>\n<link rel=\"canonical\" href=\"https:\/\/veritasinfo.org\/?p=27424\" \/>\n<meta property=\"og:locale\" content=\"en_US\" \/>\n<meta property=\"og:type\" content=\"article\" \/>\n<meta property=\"og:title\" content=\"Zyrtari i lart\u00eb gjerman takohet me Jasharin, flasin p\u00ebr t\u00eb ardhmen e FSK-s\u00eb -\" \/>\n<meta property=\"og:description\" content=\"Prishtin\u00eb 12 Janar 2026 12:00 Z\u00ebvend\u00ebsambasadori gjerman, Christian Bottcher ka zhvilluar nj\u00eb takim me komandantin e FSK-s\u00eb, Bashkim Jashari. Sipas njoftimit t\u00eb Ambasad\u00ebs gjermane n\u00eb\" \/>\n<meta property=\"og:url\" content=\"https:\/\/veritasinfo.org\/?p=27424\" \/>\n<meta property=\"article:published_time\" content=\"2026-01-12T11:01:04+00:00\" \/>\n<meta property=\"og:image\" content=\"https:\/\/veritasinfo.org\/wp-content\/uploads\/2026\/01\/Jashariu.jpg\" \/>\n\t<meta property=\"og:image:width\" content=\"891\" \/>\n\t<meta property=\"og:image:height\" content=\"587\" \/>\n\t<meta property=\"og:image:type\" content=\"image\/jpeg\" \/>\n<meta name=\"author\" content=\"US5\" \/>\n<meta name=\"twitter:card\" content=\"summary_large_image\" \/>\n<meta name=\"twitter:label1\" content=\"Written by\" \/>\n\t<meta name=\"twitter:data1\" content=\"US5\" \/>\n<script type=\"application\/ld+json\" class=\"yoast-schema-graph\">{\"@context\":\"https:\/\/schema.org\",\"@graph\":[{\"@type\":\"WebPage\",\"@id\":\"https:\/\/veritasinfo.org\/?p=27424\",\"url\":\"https:\/\/veritasinfo.org\/?p=27424\",\"name\":\"Zyrtari i lart\u00eb gjerman takohet me Jasharin, flasin p\u00ebr t\u00eb ardhmen e FSK-s\u00eb -\",\"isPartOf\":{\"@id\":\"https:\/\/veritasinfo.org\/#website\"},\"primaryImageOfPage\":{\"@id\":\"https:\/\/veritasinfo.org\/?p=27424#primaryimage\"},\"image\":{\"@id\":\"https:\/\/veritasinfo.org\/?p=27424#primaryimage\"},\"thumbnailUrl\":\"https:\/\/veritasinfo.org\/wp-content\/uploads\/2026\/01\/Jashariu.jpg\",\"datePublished\":\"2026-01-12T11:01:04+00:00\",\"author\":{\"@id\":\"https:\/\/veritasinfo.org\/#\/schema\/person\/bc442336e35414d04494ab8fb45db4c6\"},\"breadcrumb\":{\"@id\":\"https:\/\/veritasinfo.org\/?p=27424#breadcrumb\"},\"inLanguage\":\"en-US\",\"potentialAction\":[{\"@type\":\"ReadAction\",\"target\":[\"https:\/\/veritasinfo.org\/?p=27424\"]}]},{\"@type\":\"ImageObject\",\"inLanguage\":\"en-US\",\"@id\":\"https:\/\/veritasinfo.org\/?p=27424#primaryimage\",\"url\":\"https:\/\/veritasinfo.org\/wp-content\/uploads\/2026\/01\/Jashariu.jpg\",\"contentUrl\":\"https:\/\/veritasinfo.org\/wp-content\/uploads\/2026\/01\/Jashariu.jpg\",\"width\":891,\"height\":587},{\"@type\":\"BreadcrumbList\",\"@id\":\"https:\/\/veritasinfo.org\/?p=27424#breadcrumb\",\"itemListElement\":[{\"@type\":\"ListItem\",\"position\":1,\"name\":\"Home\",\"item\":\"https:\/\/veritasinfo.org\/\"},{\"@type\":\"ListItem\",\"position\":2,\"name\":\"Zyrtari i lart\u00eb gjerman takohet me Jasharin, flasin p\u00ebr t\u00eb ardhmen e FSK-s\u00eb\"}]},{\"@type\":\"WebSite\",\"@id\":\"https:\/\/veritasinfo.org\/#website\",\"url\":\"https:\/\/veritasinfo.org\/\",\"name\":\"\",\"description\":\"\",\"potentialAction\":[{\"@type\":\"SearchAction\",\"target\":{\"@type\":\"EntryPoint\",\"urlTemplate\":\"https:\/\/veritasinfo.org\/?s={search_term_string}\"},\"query-input\":{\"@type\":\"PropertyValueSpecification\",\"valueRequired\":true,\"valueName\":\"search_term_string\"}}],\"inLanguage\":\"en-US\"},{\"@type\":\"Person\",\"@id\":\"https:\/\/veritasinfo.org\/#\/schema\/person\/bc442336e35414d04494ab8fb45db4c6\",\"name\":\"US5\",\"image\":{\"@type\":\"ImageObject\",\"inLanguage\":\"en-US\",\"@id\":\"https:\/\/veritasinfo.org\/#\/schema\/person\/image\/\",\"url\":\"https:\/\/secure.gravatar.com\/avatar\/16a61e7272a0c5d001121ebb9e60e925d5816e4ac1e443ed3e640d9a6ae55d0c?s=96&d=mm&r=g\",\"contentUrl\":\"https:\/\/secure.gravatar.com\/avatar\/16a61e7272a0c5d001121ebb9e60e925d5816e4ac1e443ed3e640d9a6ae55d0c?s=96&d=mm&r=g\",\"caption\":\"US5\"},\"url\":\"https:\/\/veritasinfo.org\/?author=6\"}]}<\/script>\n<!-- \/ Yoast SEO plugin. -->","yoast_head_json":{"title":"Zyrtari i lart\u00eb gjerman takohet me Jasharin, flasin p\u00ebr t\u00eb ardhmen e FSK-s\u00eb -","robots":{"index":"index","follow":"follow","max-snippet":"max-snippet:-1","max-image-preview":"max-image-preview:large","max-video-preview":"max-video-preview:-1"},"canonical":"https:\/\/veritasinfo.org\/?p=27424","og_locale":"en_US","og_type":"article","og_title":"Zyrtari i lart\u00eb gjerman takohet me Jasharin, flasin p\u00ebr t\u00eb ardhmen e FSK-s\u00eb -","og_description":"Prishtin\u00eb 12 Janar 2026 12:00 Z\u00ebvend\u00ebsambasadori gjerman, Christian Bottcher ka zhvilluar nj\u00eb takim me komandantin e FSK-s\u00eb, Bashkim Jashari. Sipas njoftimit t\u00eb Ambasad\u00ebs gjermane n\u00eb","og_url":"https:\/\/veritasinfo.org\/?p=27424","article_published_time":"2026-01-12T11:01:04+00:00","og_image":[{"width":891,"height":587,"url":"https:\/\/veritasinfo.org\/wp-content\/uploads\/2026\/01\/Jashariu.jpg","type":"image\/jpeg"}],"author":"US5","twitter_card":"summary_large_image","twitter_misc":{"Written by":"US5"},"schema":{"@context":"https:\/\/schema.org","@graph":[{"@type":"WebPage","@id":"https:\/\/veritasinfo.org\/?p=27424","url":"https:\/\/veritasinfo.org\/?p=27424","name":"Zyrtari i lart\u00eb gjerman takohet me Jasharin, flasin p\u00ebr t\u00eb ardhmen e FSK-s\u00eb -","isPartOf":{"@id":"https:\/\/veritasinfo.org\/#website"},"primaryImageOfPage":{"@id":"https:\/\/veritasinfo.org\/?p=27424#primaryimage"},"image":{"@id":"https:\/\/veritasinfo.org\/?p=27424#primaryimage"},"thumbnailUrl":"https:\/\/veritasinfo.org\/wp-content\/uploads\/2026\/01\/Jashariu.jpg","datePublished":"2026-01-12T11:01:04+00:00","author":{"@id":"https:\/\/veritasinfo.org\/#\/schema\/person\/bc442336e35414d04494ab8fb45db4c6"},"breadcrumb":{"@id":"https:\/\/veritasinfo.org\/?p=27424#breadcrumb"},"inLanguage":"en-US","potentialAction":[{"@type":"ReadAction","target":["https:\/\/veritasinfo.org\/?p=27424"]}]},{"@type":"ImageObject","inLanguage":"en-US","@id":"https:\/\/veritasinfo.org\/?p=27424#primaryimage","url":"https:\/\/veritasinfo.org\/wp-content\/uploads\/2026\/01\/Jashariu.jpg","contentUrl":"https:\/\/veritasinfo.org\/wp-content\/uploads\/2026\/01\/Jashariu.jpg","width":891,"height":587},{"@type":"BreadcrumbList","@id":"https:\/\/veritasinfo.org\/?p=27424#breadcrumb","itemListElement":[{"@type":"ListItem","position":1,"name":"Home","item":"https:\/\/veritasinfo.org\/"},{"@type":"ListItem","position":2,"name":"Zyrtari i lart\u00eb gjerman takohet me Jasharin, flasin p\u00ebr t\u00eb ardhmen e FSK-s\u00eb"}]},{"@type":"WebSite","@id":"https:\/\/veritasinfo.org\/#website","url":"https:\/\/veritasinfo.org\/","name":"","description":"","potentialAction":[{"@type":"SearchAction","target":{"@type":"EntryPoint","urlTemplate":"https:\/\/veritasinfo.org\/?s={search_term_string}"},"query-input":{"@type":"PropertyValueSpecification","valueRequired":true,"valueName":"search_term_string"}}],"inLanguage":"en-US"},{"@type":"Person","@id":"https:\/\/veritasinfo.org\/#\/schema\/person\/bc442336e35414d04494ab8fb45db4c6","name":"US5","image":{"@type":"ImageObject","inLanguage":"en-US","@id":"https:\/\/veritasinfo.org\/#\/schema\/person\/image\/","url":"https:\/\/secure.gravatar.com\/avatar\/16a61e7272a0c5d001121ebb9e60e925d5816e4ac1e443ed3e640d9a6ae55d0c?s=96&d=mm&r=g","contentUrl":"https:\/\/secure.gravatar.com\/avatar\/16a61e7272a0c5d001121ebb9e60e925d5816e4ac1e443ed3e640d9a6ae55d0c?s=96&d=mm&r=g","caption":"US5"},"url":"https:\/\/veritasinfo.org\/?author=6"}]}},"featured_image_urls":{"full":["https:\/\/veritasinfo.org\/wp-content\/uploads\/2026\/01\/Jashariu.jpg",891,587,false],"thumbnail":["https:\/\/veritasinfo.org\/wp-content\/uploads\/2026\/01\/Jashariu-150x150.jpg",150,150,true],"medium":["https:\/\/veritasinfo.org\/wp-content\/uploads\/2026\/01\/Jashariu-300x198.jpg",300,198,true],"medium_large":["https:\/\/veritasinfo.org\/wp-content\/uploads\/2026\/01\/Jashariu-768x506.jpg",640,422,true],"large":["https:\/\/veritasinfo.org\/wp-content\/uploads\/2026\/01\/Jashariu.jpg",640,422,false],"1536x1536":["https:\/\/veritasinfo.org\/wp-content\/uploads\/2026\/01\/Jashariu.jpg",891,587,false],"2048x2048":["https:\/\/veritasinfo.org\/wp-content\/uploads\/2026\/01\/Jashariu.jpg",891,587,false],"kreeti-slider-full":["https:\/\/veritasinfo.org\/wp-content\/uploads\/2026\/01\/Jashariu.jpg",891,587,false],"kreeti-featured":["https:\/\/veritasinfo.org\/wp-content\/uploads\/2026\/01\/Jashariu.jpg",891,587,false],"kreeti-medium":["https:\/\/veritasinfo.org\/wp-content\/uploads\/2026\/01\/Jashariu.jpg",720,474,false],"kreeti-medium-square":["https:\/\/veritasinfo.org\/wp-content\/uploads\/2026\/01\/Jashariu.jpg",350,231,false]},"author_info":{"info":["US5"]},"category_info":"<a href=\"https:\/\/veritasinfo.org\/?cat=60\" rel=\"category\">Shoq\u00ebrore<\/a>","tag_info":"Shoq\u00ebrore","comment_count":"0","_links":{"self":[{"href":"https:\/\/veritasinfo.org\/index.php?rest_route=\/wp\/v2\/posts\/27424","targetHints":{"allow":["GET"]}}],"collection":[{"href":"https:\/\/veritasinfo.org\/index.php?rest_route=\/wp\/v2\/posts"}],"about":[{"href":"https:\/\/veritasinfo.org\/index.php?rest_route=\/wp\/v2\/types\/post"}],"author":[{"embeddable":true,"href":"https:\/\/veritasinfo.org\/index.php?rest_route=\/wp\/v2\/users\/6"}],"replies":[{"embeddable":true,"href":"https:\/\/veritasinfo.org\/index.php?rest_route=%2Fwp%2Fv2%2Fcomments&post=27424"}],"version-history":[{"count":1,"href":"https:\/\/veritasinfo.org\/index.php?rest_route=\/wp\/v2\/posts\/27424\/revisions"}],"predecessor-version":[{"id":27426,"href":"https:\/\/veritasinfo.org\/index.php?rest_route=\/wp\/v2\/posts\/27424\/revisions\/27426"}],"wp:featuredmedia":[{"embeddable":true,"href":"https:\/\/veritasinfo.org\/index.php?rest_route=\/wp\/v2\/media\/27425"}],"wp:attachment":[{"href":"https:\/\/veritasinfo.org\/index.php?rest_route=%2Fwp%2Fv2%2Fmedia&parent=27424"}],"wp:term":[{"taxonomy":"category","embeddable":true,"href":"https:\/\/veritasinfo.org\/index.php?rest_route=%2Fwp%2Fv2%2Fcategories&post=27424"},{"taxonomy":"post_tag","embeddable":true,"href":"https:\/\/veritasinfo.org\/index.php?rest_route=%2Fwp%2Fv2%2Ftags&post=27424"}],"curies":[{"name":"wp","href":"https:\/\/api.w.org\/{rel}","templated":true}]}}