{"id":27420,"date":"2026-01-12T10:33:22","date_gmt":"2026-01-12T09:33:22","guid":{"rendered":"https:\/\/veritasinfo.org\/?p=27420"},"modified":"2026-01-12T10:33:26","modified_gmt":"2026-01-12T09:33:26","slug":"osmani-ponovo-objavljuje-govor-u-un-pravda-i-cinjenice-nasuprot-srpskoj-propagandi","status":"publish","type":"post","link":"https:\/\/veritasinfo.org\/?p=27420&lang=sr","title":{"rendered":"Osmani ponovo objavljuje govor u UN: Pravda i \u010dinjenice nasuprot srpskoj propagandi"},"content":{"rendered":"<p>Pri\u0161tina, 12. januar 2026. godine, 10:30<\/p>\n<p>Predsednica Kosova, Vjosa Osmani, objavila je na dru\u0161tvenim mre\u017eama video svog govora u Savetu bezbednosti Ujedinjenih nacija iz aprila 2024. godine, isti\u010du\u0107i svoju posve\u0107enost odbrani Kosova i suprotstavljanju propagandi Srbije.<\/p>\n<p>\u201ePravda i \u010dinjenice! Pet godina bez prestanka u odbrani Kosova i protiv propagande Srbije!\u201c, napisala je Osmani uz video.<\/p>\n<p>Na sednici je predsednicu pratilo \u010detiri \u017eene, \u017ertve rata na Kosovu \u2013 Elhame Mukoli, Fahrije Hoti, Vasfije Krasni\u0107i i \u0160ihrete Tahiri \u2013 koje su predstavljale glas hiljada \u017ertava ratnih zlo\u010dina i seksualnog nasilja.<\/p>\n<p>Tokom govora, Osmani je odbacila izjave predsednika Srbije Aleksandra Vu\u010di\u0107a, ocenjuju\u0107i ih kao neistinite i propagandne, te je pozvala Savet bezbednosti da poseti Kosovo kako bi se iz prve ruke uverio u demokratski napredak zemlje.<\/p>\n<p>\u201eOno \u0161to je Vu\u010di\u0107 izjavio nije ta\u010dno. Pozivam vas da posetite Kosovo i da sami vidite razvoj i demokratiju koju smo postigli. Sami mo\u017eete odlu\u010diti da li \u0107ete verovati sopstvenim o\u010dima ili njegovim la\u017eima\u201c, naglasila je predsednica.<\/p>\n<p>Osmani je istakla da je dana\u0161nje Kosovo izgra\u0111eno na boli pro\u0161losti i da se mir ne mo\u017ee posti\u0107i bez suo\u010davanja sa tom pro\u0161lo\u0161\u0107u. Tako\u0111e je pozvala Vu\u010di\u0107a da razmisli o ulozi nekada\u0161njeg re\u017eima i da se izvini za po\u010dinjene zlo\u010dine.<\/p>\n","protected":false},"excerpt":{"rendered":"<p>Pri\u0161tina, 12. januar 2026. godine, 10:30 Predsednica Kosova, Vjosa Osmani, objavila je na dru\u0161tvenim mre\u017eama video svog govora u Savetu bezbednosti Ujedinjenih nacija iz aprila<\/p>\n","protected":false},"author":6,"featured_media":27418,"comment_status":"open","ping_status":"open","sticky":false,"template":"","format":"standard","meta":{"footnotes":""},"categories":[30],"tags":[],"class_list":["post-27420","post","type-post","status-publish","format-standard","has-post-thumbnail","hentry","category-drustvo"],"yoast_head":"<!-- This site is optimized with the Yoast SEO plugin v25.3.1 - https:\/\/yoast.com\/wordpress\/plugins\/seo\/ -->\n<title>Osmani ponovo objavljuje govor u UN: Pravda i \u010dinjenice nasuprot srpskoj propagandi -<\/title>\n<meta name=\"robots\" content=\"index, follow, max-snippet:-1, max-image-preview:large, max-video-preview:-1\" \/>\n<link rel=\"canonical\" href=\"https:\/\/veritasinfo.org\/?p=27420&lang=sr\" \/>\n<meta property=\"og:locale\" content=\"en_US\" \/>\n<meta property=\"og:type\" content=\"article\" \/>\n<meta property=\"og:title\" content=\"Osmani ponovo objavljuje govor u UN: Pravda i \u010dinjenice nasuprot srpskoj propagandi -\" \/>\n<meta property=\"og:description\" content=\"Pri\u0161tina, 12. januar 2026. godine, 10:30 Predsednica Kosova, Vjosa Osmani, objavila je na dru\u0161tvenim mre\u017eama video svog govora u Savetu bezbednosti Ujedinjenih nacija iz aprila\" \/>\n<meta property=\"og:url\" content=\"https:\/\/veritasinfo.org\/?p=27420&amp;lang=sr\" \/>\n<meta property=\"article:published_time\" content=\"2026-01-12T09:33:22+00:00\" \/>\n<meta property=\"article:modified_time\" content=\"2026-01-12T09:33:26+00:00\" \/>\n<meta property=\"og:image\" content=\"https:\/\/veritasinfo.org\/wp-content\/uploads\/2026\/01\/Vjosa-Osmani-1536x864-1.jpg\" \/>\n\t<meta property=\"og:image:width\" content=\"1536\" \/>\n\t<meta property=\"og:image:height\" content=\"864\" \/>\n\t<meta property=\"og:image:type\" content=\"image\/jpeg\" \/>\n<meta name=\"author\" content=\"US5\" \/>\n<meta name=\"twitter:card\" content=\"summary_large_image\" \/>\n<meta name=\"twitter:label1\" content=\"Written by\" \/>\n\t<meta name=\"twitter:data1\" content=\"US5\" \/>\n\t<meta name=\"twitter:label2\" content=\"Est. reading time\" \/>\n\t<meta name=\"twitter:data2\" content=\"2 minutes\" \/>\n<script type=\"application\/ld+json\" class=\"yoast-schema-graph\">{\"@context\":\"https:\/\/schema.org\",\"@graph\":[{\"@type\":\"WebPage\",\"@id\":\"https:\/\/veritasinfo.org\/?p=27420&lang=sr\",\"url\":\"https:\/\/veritasinfo.org\/?p=27420&lang=sr\",\"name\":\"Osmani ponovo objavljuje govor u UN: Pravda i \u010dinjenice nasuprot srpskoj propagandi -\",\"isPartOf\":{\"@id\":\"https:\/\/veritasinfo.org\/#website\"},\"primaryImageOfPage\":{\"@id\":\"https:\/\/veritasinfo.org\/?p=27420&lang=sr#primaryimage\"},\"image\":{\"@id\":\"https:\/\/veritasinfo.org\/?p=27420&lang=sr#primaryimage\"},\"thumbnailUrl\":\"https:\/\/veritasinfo.org\/wp-content\/uploads\/2026\/01\/Vjosa-Osmani-1536x864-1.jpg\",\"datePublished\":\"2026-01-12T09:33:22+00:00\",\"dateModified\":\"2026-01-12T09:33:26+00:00\",\"author\":{\"@id\":\"https:\/\/veritasinfo.org\/#\/schema\/person\/bc442336e35414d04494ab8fb45db4c6\"},\"breadcrumb\":{\"@id\":\"https:\/\/veritasinfo.org\/?p=27420&lang=sr#breadcrumb\"},\"inLanguage\":\"en-US\",\"potentialAction\":[{\"@type\":\"ReadAction\",\"target\":[\"https:\/\/veritasinfo.org\/?p=27420&lang=sr\"]}]},{\"@type\":\"ImageObject\",\"inLanguage\":\"en-US\",\"@id\":\"https:\/\/veritasinfo.org\/?p=27420&lang=sr#primaryimage\",\"url\":\"https:\/\/veritasinfo.org\/wp-content\/uploads\/2026\/01\/Vjosa-Osmani-1536x864-1.jpg\",\"contentUrl\":\"https:\/\/veritasinfo.org\/wp-content\/uploads\/2026\/01\/Vjosa-Osmani-1536x864-1.jpg\",\"width\":1536,\"height\":864},{\"@type\":\"BreadcrumbList\",\"@id\":\"https:\/\/veritasinfo.org\/?p=27420&lang=sr#breadcrumb\",\"itemListElement\":[{\"@type\":\"ListItem\",\"position\":1,\"name\":\"Home\",\"item\":\"https:\/\/veritasinfo.org\/\"},{\"@type\":\"ListItem\",\"position\":2,\"name\":\"Osmani ponovo objavljuje govor u UN: Pravda i \u010dinjenice nasuprot srpskoj propagandi\"}]},{\"@type\":\"WebSite\",\"@id\":\"https:\/\/veritasinfo.org\/#website\",\"url\":\"https:\/\/veritasinfo.org\/\",\"name\":\"\",\"description\":\"\",\"potentialAction\":[{\"@type\":\"SearchAction\",\"target\":{\"@type\":\"EntryPoint\",\"urlTemplate\":\"https:\/\/veritasinfo.org\/?s={search_term_string}\"},\"query-input\":{\"@type\":\"PropertyValueSpecification\",\"valueRequired\":true,\"valueName\":\"search_term_string\"}}],\"inLanguage\":\"en-US\"},{\"@type\":\"Person\",\"@id\":\"https:\/\/veritasinfo.org\/#\/schema\/person\/bc442336e35414d04494ab8fb45db4c6\",\"name\":\"US5\",\"image\":{\"@type\":\"ImageObject\",\"inLanguage\":\"en-US\",\"@id\":\"https:\/\/veritasinfo.org\/#\/schema\/person\/image\/\",\"url\":\"https:\/\/secure.gravatar.com\/avatar\/16a61e7272a0c5d001121ebb9e60e925d5816e4ac1e443ed3e640d9a6ae55d0c?s=96&d=mm&r=g\",\"contentUrl\":\"https:\/\/secure.gravatar.com\/avatar\/16a61e7272a0c5d001121ebb9e60e925d5816e4ac1e443ed3e640d9a6ae55d0c?s=96&d=mm&r=g\",\"caption\":\"US5\"},\"url\":\"https:\/\/veritasinfo.org\/?author=6\"}]}<\/script>\n<!-- \/ Yoast SEO plugin. -->","yoast_head_json":{"title":"Osmani ponovo objavljuje govor u UN: Pravda i \u010dinjenice nasuprot srpskoj propagandi -","robots":{"index":"index","follow":"follow","max-snippet":"max-snippet:-1","max-image-preview":"max-image-preview:large","max-video-preview":"max-video-preview:-1"},"canonical":"https:\/\/veritasinfo.org\/?p=27420&lang=sr","og_locale":"en_US","og_type":"article","og_title":"Osmani ponovo objavljuje govor u UN: Pravda i \u010dinjenice nasuprot srpskoj propagandi -","og_description":"Pri\u0161tina, 12. januar 2026. godine, 10:30 Predsednica Kosova, Vjosa Osmani, objavila je na dru\u0161tvenim mre\u017eama video svog govora u Savetu bezbednosti Ujedinjenih nacija iz aprila","og_url":"https:\/\/veritasinfo.org\/?p=27420&lang=sr","article_published_time":"2026-01-12T09:33:22+00:00","article_modified_time":"2026-01-12T09:33:26+00:00","og_image":[{"width":1536,"height":864,"url":"https:\/\/veritasinfo.org\/wp-content\/uploads\/2026\/01\/Vjosa-Osmani-1536x864-1.jpg","type":"image\/jpeg"}],"author":"US5","twitter_card":"summary_large_image","twitter_misc":{"Written by":"US5","Est. reading time":"2 minutes"},"schema":{"@context":"https:\/\/schema.org","@graph":[{"@type":"WebPage","@id":"https:\/\/veritasinfo.org\/?p=27420&lang=sr","url":"https:\/\/veritasinfo.org\/?p=27420&lang=sr","name":"Osmani ponovo objavljuje govor u UN: Pravda i \u010dinjenice nasuprot srpskoj propagandi -","isPartOf":{"@id":"https:\/\/veritasinfo.org\/#website"},"primaryImageOfPage":{"@id":"https:\/\/veritasinfo.org\/?p=27420&lang=sr#primaryimage"},"image":{"@id":"https:\/\/veritasinfo.org\/?p=27420&lang=sr#primaryimage"},"thumbnailUrl":"https:\/\/veritasinfo.org\/wp-content\/uploads\/2026\/01\/Vjosa-Osmani-1536x864-1.jpg","datePublished":"2026-01-12T09:33:22+00:00","dateModified":"2026-01-12T09:33:26+00:00","author":{"@id":"https:\/\/veritasinfo.org\/#\/schema\/person\/bc442336e35414d04494ab8fb45db4c6"},"breadcrumb":{"@id":"https:\/\/veritasinfo.org\/?p=27420&lang=sr#breadcrumb"},"inLanguage":"en-US","potentialAction":[{"@type":"ReadAction","target":["https:\/\/veritasinfo.org\/?p=27420&lang=sr"]}]},{"@type":"ImageObject","inLanguage":"en-US","@id":"https:\/\/veritasinfo.org\/?p=27420&lang=sr#primaryimage","url":"https:\/\/veritasinfo.org\/wp-content\/uploads\/2026\/01\/Vjosa-Osmani-1536x864-1.jpg","contentUrl":"https:\/\/veritasinfo.org\/wp-content\/uploads\/2026\/01\/Vjosa-Osmani-1536x864-1.jpg","width":1536,"height":864},{"@type":"BreadcrumbList","@id":"https:\/\/veritasinfo.org\/?p=27420&lang=sr#breadcrumb","itemListElement":[{"@type":"ListItem","position":1,"name":"Home","item":"https:\/\/veritasinfo.org\/"},{"@type":"ListItem","position":2,"name":"Osmani ponovo objavljuje govor u UN: Pravda i \u010dinjenice nasuprot srpskoj propagandi"}]},{"@type":"WebSite","@id":"https:\/\/veritasinfo.org\/#website","url":"https:\/\/veritasinfo.org\/","name":"","description":"","potentialAction":[{"@type":"SearchAction","target":{"@type":"EntryPoint","urlTemplate":"https:\/\/veritasinfo.org\/?s={search_term_string}"},"query-input":{"@type":"PropertyValueSpecification","valueRequired":true,"valueName":"search_term_string"}}],"inLanguage":"en-US"},{"@type":"Person","@id":"https:\/\/veritasinfo.org\/#\/schema\/person\/bc442336e35414d04494ab8fb45db4c6","name":"US5","image":{"@type":"ImageObject","inLanguage":"en-US","@id":"https:\/\/veritasinfo.org\/#\/schema\/person\/image\/","url":"https:\/\/secure.gravatar.com\/avatar\/16a61e7272a0c5d001121ebb9e60e925d5816e4ac1e443ed3e640d9a6ae55d0c?s=96&d=mm&r=g","contentUrl":"https:\/\/secure.gravatar.com\/avatar\/16a61e7272a0c5d001121ebb9e60e925d5816e4ac1e443ed3e640d9a6ae55d0c?s=96&d=mm&r=g","caption":"US5"},"url":"https:\/\/veritasinfo.org\/?author=6"}]}},"featured_image_urls":{"full":["https:\/\/veritasinfo.org\/wp-content\/uploads\/2026\/01\/Vjosa-Osmani-1536x864-1.jpg",1536,864,false],"thumbnail":["https:\/\/veritasinfo.org\/wp-content\/uploads\/2026\/01\/Vjosa-Osmani-1536x864-1-150x150.jpg",150,150,true],"medium":["https:\/\/veritasinfo.org\/wp-content\/uploads\/2026\/01\/Vjosa-Osmani-1536x864-1-300x169.jpg",300,169,true],"medium_large":["https:\/\/veritasinfo.org\/wp-content\/uploads\/2026\/01\/Vjosa-Osmani-1536x864-1-768x432.jpg",640,360,true],"large":["https:\/\/veritasinfo.org\/wp-content\/uploads\/2026\/01\/Vjosa-Osmani-1536x864-1-1024x576.jpg",640,360,true],"1536x1536":["https:\/\/veritasinfo.org\/wp-content\/uploads\/2026\/01\/Vjosa-Osmani-1536x864-1.jpg",1536,864,false],"2048x2048":["https:\/\/veritasinfo.org\/wp-content\/uploads\/2026\/01\/Vjosa-Osmani-1536x864-1.jpg",1536,864,false],"kreeti-slider-full":["https:\/\/veritasinfo.org\/wp-content\/uploads\/2026\/01\/Vjosa-Osmani-1536x864-1.jpg",1280,720,false],"kreeti-featured":["https:\/\/veritasinfo.org\/wp-content\/uploads\/2026\/01\/Vjosa-Osmani-1536x864-1.jpg",1024,576,false],"kreeti-medium":["https:\/\/veritasinfo.org\/wp-content\/uploads\/2026\/01\/Vjosa-Osmani-1536x864-1.jpg",720,405,false],"kreeti-medium-square":["https:\/\/veritasinfo.org\/wp-content\/uploads\/2026\/01\/Vjosa-Osmani-1536x864-1.jpg",350,197,false]},"author_info":{"info":["US5"]},"category_info":"<a href=\"https:\/\/veritasinfo.org\/?cat=30&#038;lang=sr\" rel=\"category\">Dru\u0161tvo<\/a>","tag_info":"Dru\u0161tvo","comment_count":"0","_links":{"self":[{"href":"https:\/\/veritasinfo.org\/index.php?rest_route=\/wp\/v2\/posts\/27420","targetHints":{"allow":["GET"]}}],"collection":[{"href":"https:\/\/veritasinfo.org\/index.php?rest_route=\/wp\/v2\/posts"}],"about":[{"href":"https:\/\/veritasinfo.org\/index.php?rest_route=\/wp\/v2\/types\/post"}],"author":[{"embeddable":true,"href":"https:\/\/veritasinfo.org\/index.php?rest_route=\/wp\/v2\/users\/6"}],"replies":[{"embeddable":true,"href":"https:\/\/veritasinfo.org\/index.php?rest_route=%2Fwp%2Fv2%2Fcomments&post=27420"}],"version-history":[{"count":1,"href":"https:\/\/veritasinfo.org\/index.php?rest_route=\/wp\/v2\/posts\/27420\/revisions"}],"predecessor-version":[{"id":27421,"href":"https:\/\/veritasinfo.org\/index.php?rest_route=\/wp\/v2\/posts\/27420\/revisions\/27421"}],"wp:featuredmedia":[{"embeddable":true,"href":"https:\/\/veritasinfo.org\/index.php?rest_route=\/wp\/v2\/media\/27418"}],"wp:attachment":[{"href":"https:\/\/veritasinfo.org\/index.php?rest_route=%2Fwp%2Fv2%2Fmedia&parent=27420"}],"wp:term":[{"taxonomy":"category","embeddable":true,"href":"https:\/\/veritasinfo.org\/index.php?rest_route=%2Fwp%2Fv2%2Fcategories&post=27420"},{"taxonomy":"post_tag","embeddable":true,"href":"https:\/\/veritasinfo.org\/index.php?rest_route=%2Fwp%2Fv2%2Ftags&post=27420"}],"curies":[{"name":"wp","href":"https:\/\/api.w.org\/{rel}","templated":true}]}}