{"id":27417,"date":"2026-01-12T10:32:08","date_gmt":"2026-01-12T09:32:08","guid":{"rendered":"https:\/\/veritasinfo.org\/?p=27417"},"modified":"2026-01-12T10:33:55","modified_gmt":"2026-01-12T09:33:55","slug":"osmani-rikthen-fjalimin-ne-okb-drejtesi-e-fakte-perballe-propagandes-serbe","status":"publish","type":"post","link":"https:\/\/veritasinfo.org\/?p=27417","title":{"rendered":"Osmani rikthen fjalimin n\u00eb OKB: Drejt\u00ebsi e fakte p\u00ebrball\u00eb propagand\u00ebs serbe"},"content":{"rendered":"<p>Prishtin\u00eb 12 Janar 2026 10:30<\/p>\n<p>Presidentja e Kosov\u00ebs, Vjosa Osmani, publikoi n\u00eb rrjetet sociale nj\u00eb video t\u00eb fjalimit t\u00eb saj n\u00eb K\u00ebshillin e Sigurimit t\u00eb Kombeve t\u00eb Bashkuara n\u00eb prill 2024, duke theksuar angazhimin e saj p\u00ebr mbrojtjen e Kosov\u00ebs dhe kund\u00ebrshtimin e propagand\u00ebs s\u00eb Serbis\u00eb.<\/p>\n<p>\u201cDrejt\u00ebsi dhe fakte! 5 vite pa ndal\u00eb n\u00eb mbrojtje t\u00eb Kosov\u00ebs dhe kund\u00ebr propagand\u00ebs s\u00eb Serbis\u00eb!\u201d, ka shkruar Osmani krahas videos.<\/p>\n<p>N\u00eb seanc\u00eb, presidentja ishte e shoq\u00ebruar nga kat\u00ebr gra, viktima t\u00eb luft\u00ebs n\u00eb Kosov\u00eb,Elhame Muqolli, Fahrije Hoti, Vasfije Krasniqi dhe Shyhrete Tahiri, q\u00eb p\u00ebrfaq\u00ebsuan z\u00ebrin e mij\u00ebra viktimave t\u00eb krimeve t\u00eb luft\u00ebs dhe dhun\u00ebs seksuale.<\/p>\n<p>Gjat\u00eb fjalimit, Osmani hodhi posht\u00eb deklaratat e presidentit serb, Aleksandar Vu\u00e7iq, duke i cil\u00ebsuar si t\u00eb pav\u00ebrteta dhe propagandistike, dhe i b\u00ebri thirrje K\u00ebshillit t\u00eb Sigurimit t\u00eb vizitoj\u00eb Kosov\u00ebn p\u00ebr t\u00eb par\u00eb nga af\u00ebr p\u00ebrparimin demokratik t\u00eb vendit.<\/p>\n<p>\u201cAjo \u00e7ka deklaroi Vu\u00e7iq nuk \u00ebsht\u00eb e v\u00ebrtet\u00eb. Ju ftoj t\u00eb vizitoni Kosov\u00ebn dhe t\u00eb shihni vet\u00eb zhvillimin dhe demokracin\u00eb q\u00eb kemi arritur. Mund t\u00eb vendosni vet\u00eb n\u00ebse do t\u2019u besoni syve tuaj apo g\u00ebnjeshtrave t\u00eb tij\u201d, theksoi presidentja.<\/p>\n<p>Osmani n\u00ebnvizoi se Kosova e sotme \u00ebsht\u00eb nd\u00ebrtuar mbi dhimbjen e s\u00eb kaluar\u00ebs dhe se paqja nuk mund t\u00eb arrihet pa p\u00ebrballuar at\u00eb. Ajo i b\u00ebri thirrje Vu\u00e7iqit q\u00eb t\u00eb reflektoj\u00eb mbi rolin e regjimit t\u00eb kaluar dhe t\u00eb k\u00ebrkoj\u00eb falje p\u00ebr krimet e kryera.<\/p>\n","protected":false},"excerpt":{"rendered":"<p>Prishtin\u00eb 12 Janar 2026 10:30 Presidentja e Kosov\u00ebs, Vjosa Osmani, publikoi n\u00eb rrjetet sociale nj\u00eb video t\u00eb fjalimit t\u00eb saj n\u00eb K\u00ebshillin e Sigurimit t\u00eb<\/p>\n","protected":false},"author":6,"featured_media":27418,"comment_status":"open","ping_status":"open","sticky":false,"template":"","format":"standard","meta":{"footnotes":""},"categories":[15],"tags":[],"class_list":["post-27417","post","type-post","status-publish","format-standard","has-post-thumbnail","hentry","category-uncategorized-sq"],"yoast_head":"<!-- This site is optimized with the Yoast SEO plugin v25.3.1 - https:\/\/yoast.com\/wordpress\/plugins\/seo\/ -->\n<title>Osmani rikthen fjalimin n\u00eb OKB: Drejt\u00ebsi e fakte p\u00ebrball\u00eb propagand\u00ebs serbe -<\/title>\n<meta name=\"robots\" content=\"index, follow, max-snippet:-1, max-image-preview:large, max-video-preview:-1\" \/>\n<link rel=\"canonical\" href=\"https:\/\/veritasinfo.org\/?p=27417\" \/>\n<meta property=\"og:locale\" content=\"en_US\" \/>\n<meta property=\"og:type\" content=\"article\" \/>\n<meta property=\"og:title\" content=\"Osmani rikthen fjalimin n\u00eb OKB: Drejt\u00ebsi e fakte p\u00ebrball\u00eb propagand\u00ebs serbe -\" \/>\n<meta property=\"og:description\" content=\"Prishtin\u00eb 12 Janar 2026 10:30 Presidentja e Kosov\u00ebs, Vjosa Osmani, publikoi n\u00eb rrjetet sociale nj\u00eb video t\u00eb fjalimit t\u00eb saj n\u00eb K\u00ebshillin e Sigurimit t\u00eb\" \/>\n<meta property=\"og:url\" content=\"https:\/\/veritasinfo.org\/?p=27417\" \/>\n<meta property=\"article:published_time\" content=\"2026-01-12T09:32:08+00:00\" \/>\n<meta property=\"article:modified_time\" content=\"2026-01-12T09:33:55+00:00\" \/>\n<meta property=\"og:image\" content=\"https:\/\/veritasinfo.org\/wp-content\/uploads\/2026\/01\/Vjosa-Osmani-1536x864-1.jpg\" \/>\n\t<meta property=\"og:image:width\" content=\"1536\" \/>\n\t<meta property=\"og:image:height\" content=\"864\" \/>\n\t<meta property=\"og:image:type\" content=\"image\/jpeg\" \/>\n<meta name=\"author\" content=\"US5\" \/>\n<meta name=\"twitter:card\" content=\"summary_large_image\" \/>\n<meta name=\"twitter:label1\" content=\"Written by\" \/>\n\t<meta name=\"twitter:data1\" content=\"US5\" \/>\n\t<meta name=\"twitter:label2\" content=\"Est. reading time\" \/>\n\t<meta name=\"twitter:data2\" content=\"2 minutes\" \/>\n<script type=\"application\/ld+json\" class=\"yoast-schema-graph\">{\"@context\":\"https:\/\/schema.org\",\"@graph\":[{\"@type\":\"WebPage\",\"@id\":\"https:\/\/veritasinfo.org\/?p=27417\",\"url\":\"https:\/\/veritasinfo.org\/?p=27417\",\"name\":\"Osmani rikthen fjalimin n\u00eb OKB: Drejt\u00ebsi e fakte p\u00ebrball\u00eb propagand\u00ebs serbe -\",\"isPartOf\":{\"@id\":\"https:\/\/veritasinfo.org\/#website\"},\"primaryImageOfPage\":{\"@id\":\"https:\/\/veritasinfo.org\/?p=27417#primaryimage\"},\"image\":{\"@id\":\"https:\/\/veritasinfo.org\/?p=27417#primaryimage\"},\"thumbnailUrl\":\"https:\/\/veritasinfo.org\/wp-content\/uploads\/2026\/01\/Vjosa-Osmani-1536x864-1.jpg\",\"datePublished\":\"2026-01-12T09:32:08+00:00\",\"dateModified\":\"2026-01-12T09:33:55+00:00\",\"author\":{\"@id\":\"https:\/\/veritasinfo.org\/#\/schema\/person\/bc442336e35414d04494ab8fb45db4c6\"},\"breadcrumb\":{\"@id\":\"https:\/\/veritasinfo.org\/?p=27417#breadcrumb\"},\"inLanguage\":\"en-US\",\"potentialAction\":[{\"@type\":\"ReadAction\",\"target\":[\"https:\/\/veritasinfo.org\/?p=27417\"]}]},{\"@type\":\"ImageObject\",\"inLanguage\":\"en-US\",\"@id\":\"https:\/\/veritasinfo.org\/?p=27417#primaryimage\",\"url\":\"https:\/\/veritasinfo.org\/wp-content\/uploads\/2026\/01\/Vjosa-Osmani-1536x864-1.jpg\",\"contentUrl\":\"https:\/\/veritasinfo.org\/wp-content\/uploads\/2026\/01\/Vjosa-Osmani-1536x864-1.jpg\",\"width\":1536,\"height\":864},{\"@type\":\"BreadcrumbList\",\"@id\":\"https:\/\/veritasinfo.org\/?p=27417#breadcrumb\",\"itemListElement\":[{\"@type\":\"ListItem\",\"position\":1,\"name\":\"Home\",\"item\":\"https:\/\/veritasinfo.org\/\"},{\"@type\":\"ListItem\",\"position\":2,\"name\":\"Osmani rikthen fjalimin n\u00eb OKB: Drejt\u00ebsi e fakte p\u00ebrball\u00eb propagand\u00ebs serbe\"}]},{\"@type\":\"WebSite\",\"@id\":\"https:\/\/veritasinfo.org\/#website\",\"url\":\"https:\/\/veritasinfo.org\/\",\"name\":\"\",\"description\":\"\",\"potentialAction\":[{\"@type\":\"SearchAction\",\"target\":{\"@type\":\"EntryPoint\",\"urlTemplate\":\"https:\/\/veritasinfo.org\/?s={search_term_string}\"},\"query-input\":{\"@type\":\"PropertyValueSpecification\",\"valueRequired\":true,\"valueName\":\"search_term_string\"}}],\"inLanguage\":\"en-US\"},{\"@type\":\"Person\",\"@id\":\"https:\/\/veritasinfo.org\/#\/schema\/person\/bc442336e35414d04494ab8fb45db4c6\",\"name\":\"US5\",\"image\":{\"@type\":\"ImageObject\",\"inLanguage\":\"en-US\",\"@id\":\"https:\/\/veritasinfo.org\/#\/schema\/person\/image\/\",\"url\":\"https:\/\/secure.gravatar.com\/avatar\/16a61e7272a0c5d001121ebb9e60e925d5816e4ac1e443ed3e640d9a6ae55d0c?s=96&d=mm&r=g\",\"contentUrl\":\"https:\/\/secure.gravatar.com\/avatar\/16a61e7272a0c5d001121ebb9e60e925d5816e4ac1e443ed3e640d9a6ae55d0c?s=96&d=mm&r=g\",\"caption\":\"US5\"},\"url\":\"https:\/\/veritasinfo.org\/?author=6\"}]}<\/script>\n<!-- \/ Yoast SEO plugin. -->","yoast_head_json":{"title":"Osmani rikthen fjalimin n\u00eb OKB: Drejt\u00ebsi e fakte p\u00ebrball\u00eb propagand\u00ebs serbe -","robots":{"index":"index","follow":"follow","max-snippet":"max-snippet:-1","max-image-preview":"max-image-preview:large","max-video-preview":"max-video-preview:-1"},"canonical":"https:\/\/veritasinfo.org\/?p=27417","og_locale":"en_US","og_type":"article","og_title":"Osmani rikthen fjalimin n\u00eb OKB: Drejt\u00ebsi e fakte p\u00ebrball\u00eb propagand\u00ebs serbe -","og_description":"Prishtin\u00eb 12 Janar 2026 10:30 Presidentja e Kosov\u00ebs, Vjosa Osmani, publikoi n\u00eb rrjetet sociale nj\u00eb video t\u00eb fjalimit t\u00eb saj n\u00eb K\u00ebshillin e Sigurimit t\u00eb","og_url":"https:\/\/veritasinfo.org\/?p=27417","article_published_time":"2026-01-12T09:32:08+00:00","article_modified_time":"2026-01-12T09:33:55+00:00","og_image":[{"width":1536,"height":864,"url":"https:\/\/veritasinfo.org\/wp-content\/uploads\/2026\/01\/Vjosa-Osmani-1536x864-1.jpg","type":"image\/jpeg"}],"author":"US5","twitter_card":"summary_large_image","twitter_misc":{"Written by":"US5","Est. reading time":"2 minutes"},"schema":{"@context":"https:\/\/schema.org","@graph":[{"@type":"WebPage","@id":"https:\/\/veritasinfo.org\/?p=27417","url":"https:\/\/veritasinfo.org\/?p=27417","name":"Osmani rikthen fjalimin n\u00eb OKB: Drejt\u00ebsi e fakte p\u00ebrball\u00eb propagand\u00ebs serbe -","isPartOf":{"@id":"https:\/\/veritasinfo.org\/#website"},"primaryImageOfPage":{"@id":"https:\/\/veritasinfo.org\/?p=27417#primaryimage"},"image":{"@id":"https:\/\/veritasinfo.org\/?p=27417#primaryimage"},"thumbnailUrl":"https:\/\/veritasinfo.org\/wp-content\/uploads\/2026\/01\/Vjosa-Osmani-1536x864-1.jpg","datePublished":"2026-01-12T09:32:08+00:00","dateModified":"2026-01-12T09:33:55+00:00","author":{"@id":"https:\/\/veritasinfo.org\/#\/schema\/person\/bc442336e35414d04494ab8fb45db4c6"},"breadcrumb":{"@id":"https:\/\/veritasinfo.org\/?p=27417#breadcrumb"},"inLanguage":"en-US","potentialAction":[{"@type":"ReadAction","target":["https:\/\/veritasinfo.org\/?p=27417"]}]},{"@type":"ImageObject","inLanguage":"en-US","@id":"https:\/\/veritasinfo.org\/?p=27417#primaryimage","url":"https:\/\/veritasinfo.org\/wp-content\/uploads\/2026\/01\/Vjosa-Osmani-1536x864-1.jpg","contentUrl":"https:\/\/veritasinfo.org\/wp-content\/uploads\/2026\/01\/Vjosa-Osmani-1536x864-1.jpg","width":1536,"height":864},{"@type":"BreadcrumbList","@id":"https:\/\/veritasinfo.org\/?p=27417#breadcrumb","itemListElement":[{"@type":"ListItem","position":1,"name":"Home","item":"https:\/\/veritasinfo.org\/"},{"@type":"ListItem","position":2,"name":"Osmani rikthen fjalimin n\u00eb OKB: Drejt\u00ebsi e fakte p\u00ebrball\u00eb propagand\u00ebs serbe"}]},{"@type":"WebSite","@id":"https:\/\/veritasinfo.org\/#website","url":"https:\/\/veritasinfo.org\/","name":"","description":"","potentialAction":[{"@type":"SearchAction","target":{"@type":"EntryPoint","urlTemplate":"https:\/\/veritasinfo.org\/?s={search_term_string}"},"query-input":{"@type":"PropertyValueSpecification","valueRequired":true,"valueName":"search_term_string"}}],"inLanguage":"en-US"},{"@type":"Person","@id":"https:\/\/veritasinfo.org\/#\/schema\/person\/bc442336e35414d04494ab8fb45db4c6","name":"US5","image":{"@type":"ImageObject","inLanguage":"en-US","@id":"https:\/\/veritasinfo.org\/#\/schema\/person\/image\/","url":"https:\/\/secure.gravatar.com\/avatar\/16a61e7272a0c5d001121ebb9e60e925d5816e4ac1e443ed3e640d9a6ae55d0c?s=96&d=mm&r=g","contentUrl":"https:\/\/secure.gravatar.com\/avatar\/16a61e7272a0c5d001121ebb9e60e925d5816e4ac1e443ed3e640d9a6ae55d0c?s=96&d=mm&r=g","caption":"US5"},"url":"https:\/\/veritasinfo.org\/?author=6"}]}},"featured_image_urls":{"full":["https:\/\/veritasinfo.org\/wp-content\/uploads\/2026\/01\/Vjosa-Osmani-1536x864-1.jpg",1536,864,false],"thumbnail":["https:\/\/veritasinfo.org\/wp-content\/uploads\/2026\/01\/Vjosa-Osmani-1536x864-1-150x150.jpg",150,150,true],"medium":["https:\/\/veritasinfo.org\/wp-content\/uploads\/2026\/01\/Vjosa-Osmani-1536x864-1-300x169.jpg",300,169,true],"medium_large":["https:\/\/veritasinfo.org\/wp-content\/uploads\/2026\/01\/Vjosa-Osmani-1536x864-1-768x432.jpg",640,360,true],"large":["https:\/\/veritasinfo.org\/wp-content\/uploads\/2026\/01\/Vjosa-Osmani-1536x864-1-1024x576.jpg",640,360,true],"1536x1536":["https:\/\/veritasinfo.org\/wp-content\/uploads\/2026\/01\/Vjosa-Osmani-1536x864-1.jpg",1536,864,false],"2048x2048":["https:\/\/veritasinfo.org\/wp-content\/uploads\/2026\/01\/Vjosa-Osmani-1536x864-1.jpg",1536,864,false],"kreeti-slider-full":["https:\/\/veritasinfo.org\/wp-content\/uploads\/2026\/01\/Vjosa-Osmani-1536x864-1.jpg",1280,720,false],"kreeti-featured":["https:\/\/veritasinfo.org\/wp-content\/uploads\/2026\/01\/Vjosa-Osmani-1536x864-1.jpg",1024,576,false],"kreeti-medium":["https:\/\/veritasinfo.org\/wp-content\/uploads\/2026\/01\/Vjosa-Osmani-1536x864-1.jpg",720,405,false],"kreeti-medium-square":["https:\/\/veritasinfo.org\/wp-content\/uploads\/2026\/01\/Vjosa-Osmani-1536x864-1.jpg",350,197,false]},"author_info":{"info":["US5"]},"category_info":"<a href=\"https:\/\/veritasinfo.org\/?cat=15\" rel=\"category\">Uncategorized<\/a>","tag_info":"Uncategorized","comment_count":"0","_links":{"self":[{"href":"https:\/\/veritasinfo.org\/index.php?rest_route=\/wp\/v2\/posts\/27417","targetHints":{"allow":["GET"]}}],"collection":[{"href":"https:\/\/veritasinfo.org\/index.php?rest_route=\/wp\/v2\/posts"}],"about":[{"href":"https:\/\/veritasinfo.org\/index.php?rest_route=\/wp\/v2\/types\/post"}],"author":[{"embeddable":true,"href":"https:\/\/veritasinfo.org\/index.php?rest_route=\/wp\/v2\/users\/6"}],"replies":[{"embeddable":true,"href":"https:\/\/veritasinfo.org\/index.php?rest_route=%2Fwp%2Fv2%2Fcomments&post=27417"}],"version-history":[{"count":1,"href":"https:\/\/veritasinfo.org\/index.php?rest_route=\/wp\/v2\/posts\/27417\/revisions"}],"predecessor-version":[{"id":27419,"href":"https:\/\/veritasinfo.org\/index.php?rest_route=\/wp\/v2\/posts\/27417\/revisions\/27419"}],"wp:featuredmedia":[{"embeddable":true,"href":"https:\/\/veritasinfo.org\/index.php?rest_route=\/wp\/v2\/media\/27418"}],"wp:attachment":[{"href":"https:\/\/veritasinfo.org\/index.php?rest_route=%2Fwp%2Fv2%2Fmedia&parent=27417"}],"wp:term":[{"taxonomy":"category","embeddable":true,"href":"https:\/\/veritasinfo.org\/index.php?rest_route=%2Fwp%2Fv2%2Fcategories&post=27417"},{"taxonomy":"post_tag","embeddable":true,"href":"https:\/\/veritasinfo.org\/index.php?rest_route=%2Fwp%2Fv2%2Ftags&post=27417"}],"curies":[{"name":"wp","href":"https:\/\/api.w.org\/{rel}","templated":true}]}}