{"id":27398,"date":"2026-01-12T08:19:29","date_gmt":"2026-01-12T07:19:29","guid":{"rendered":"https:\/\/veritasinfo.org\/?p=27398"},"modified":"2026-01-12T08:19:29","modified_gmt":"2026-01-12T07:19:29","slug":"pritet-intesfikim-i-marreveshjes-mes-kosoves-shqiperise-dhe-kroacise","status":"publish","type":"post","link":"https:\/\/veritasinfo.org\/?p=27398","title":{"rendered":"Pritet intesfikim i marr\u00ebveshjes mes Kosov\u00ebs, Shqip\u00ebris\u00eb dhe Kroacis\u00eb"},"content":{"rendered":"<p>Pri\u0161tina 12 Januar 2026 08:17<\/p>\n<p>M\u00eb 18 mars 2025, Kosova, Shqip\u00ebria dhe Kroacia n\u00ebnshkruan marr\u00ebveshje t\u00eb p\u00ebrbashk\u00ebt n\u00eb aspektin e mbrojtjes.<\/p>\n<p>Marr\u00ebveshja e cila brenda saj ka dhjet\u00ebra pika q\u00eb do t\u00eb zbatohen n\u00eb aspektin ushtarak, p\u00ebrfshin\u00eb edhe at\u00eb t\u00eb investimeve n\u00eb municion e pajisje ushtarake.<\/p>\n<p>Ekspert\u00ebt e siguris\u00eb vler\u00ebsojn\u00eb se brenda kornizave t\u00eb dakordanc\u00ebs, \u00ebsht\u00eb edhe prodhimi i arm\u00ebve dhe municioneve.<\/p>\n<p>\u201cKjo rritje graduale e buxhetit t\u00eb luft\u00ebs sigurisht do t\u00eb shkoj\u00eb dhe p\u00ebr investime t\u00eb cilat jan\u00eb n\u00eb teknologji, n\u00eb infrastruktur\u00eb, n\u00eb armatim dhe n\u00eb k\u00ebt\u00eb kuad\u00ebr, p\u00ebrkon edhe kjo rritje e buxhetit dhe interesimit p\u00ebr industrin\u00eb e Mbrojtjes, ku Shqip\u00ebria dhe Kosova krahas q\u00eb jan\u00eb arm\u00ebt e lehta, edhe Shqip\u00ebria edhe Kosova po p\u00ebrgatiten p\u00ebr t\u00eb pasur prodhimet e arm\u00ebve t\u00eb lehta t\u00eb cil\u00ebt i sh\u00ebrbejn\u00eb k\u00ebmb\u00ebsoris\u00eb dhe Forcave t\u00eb Armatosura\u201d, shprehet Fatjon Softa \u2013 njoh\u00ebs i siguris\u00eb.<\/p>\n<p>Softa vler\u00ebson se kjo marr\u00ebveshje ka shqet\u00ebsuar presidentin e Serbis\u00eb, Aleksandar Vu\u00e7iq.<\/p>\n<p>Sipas tij, n\u00ebse cenohet siguria e tri vendeve nga Serbia, automatikisht hyn n\u00eb p\u00ebrdorim neni 5 i NATO-s, pasi Shqip\u00ebria \u00ebsht\u00eb pjes\u00eb e saj.<\/p>\n<p>\u201cNj\u00eb shqet\u00ebsim i fundit i Vu\u00e7iqit ka qen\u00eb q\u00eb frika duke p\u00ebrmendur drejtp\u00ebrdrejt edhe Shqip\u00ebrin\u00eb sepse n\u00eb k\u00ebt\u00eb marr\u00ebveshje, ne do t\u00eb jemi n\u00eb union n\u00eb rast t\u00eb nj\u00eb prekjeje t\u00eb territorit t\u00eb Kosov\u00ebs apo t\u00eb Kroacis\u00eb ose Shqip\u00ebris\u00eb, edhe pse jemi an\u00ebtar\u00eb t\u00eb NATO-s\u00eb do t\u00eb futej neni 5 i mbrojtjes kolektive\u201d, thot\u00eb ai.<\/p>\n<p>N\u00eb an\u00ebn tjet\u00ebr, intensifikimi i k\u00ebsaj marr\u00ebveshje pritet muajt n\u00eb vijim.<br \/>\nSipas njoh\u00ebsit t\u00eb siguris\u00eb, Avni Islami, r\u00ebnd\u00ebsia e bashk\u00ebpunimit trelateral \u00ebsht\u00eb e nivelit gjeopolitik dhe siguris\u00eb q\u00eb p\u00ebrfshin Ballkanin Per\u00ebndimor.<\/p>\n<p>\u201cUn\u00eb besoj q\u00eb pas formimit t\u00eb Qeveris\u00eb s\u00eb re, do t\u00eb vazhdojn\u00eb aty ku kan\u00eb mbetur pun\u00ebt. Dhe kjo marr\u00ebveshje do t\u00eb vazhdoj\u00eb edhe m\u00eb tutje t\u00eb jet\u00ebsohet, ngase kjo \u00ebsht\u00eb jasht\u00ebzakonisht e r\u00ebnd\u00ebsishme n\u00eb planin gjeopolitik dhe gjeostrategjik n\u00eb nivelin e Ballkanit Per\u00ebndimor. N\u00eb an\u00ebn tjet\u00ebr konsideroj se kjo marr\u00ebveshje do t\u00eb siguroj\u00eb paqe dhe siguri n\u00eb planin afatgjat\u00eb\u201d, shprehet Islami<br \/>\nS\u00eb fundmi, ministri n\u00eb detyr\u00eb i Mbrojtjes, Ejup Maqedonci dhe homologu i tij, Pirro Vengo n\u00ebnshkruan marr\u00ebveshje p\u00ebr prodhimin e p\u00ebrbashk\u00ebt t\u00eb autoblind\u00ebs ushtarake \u201cSHOTA\u201d e cila do t\u00eb prodhohet p\u00ebrve\u00e7 se n\u00eb Shqip\u00ebri, edhe n\u00eb Kosov\u00eb.<\/p>\n","protected":false},"excerpt":{"rendered":"<p>Pri\u0161tina 12 Januar 2026 08:17 M\u00eb 18 mars 2025, Kosova, Shqip\u00ebria dhe Kroacia n\u00ebnshkruan marr\u00ebveshje t\u00eb p\u00ebrbashk\u00ebt n\u00eb aspektin e mbrojtjes. Marr\u00ebveshja e cila brenda<\/p>\n","protected":false},"author":6,"featured_media":27400,"comment_status":"open","ping_status":"open","sticky":false,"template":"","format":"standard","meta":{"footnotes":""},"categories":[60],"tags":[],"class_list":["post-27398","post","type-post","status-publish","format-standard","has-post-thumbnail","hentry","category-shoqerore-sq"],"yoast_head":"<!-- This site is optimized with the Yoast SEO plugin v25.3.1 - https:\/\/yoast.com\/wordpress\/plugins\/seo\/ -->\n<title>Pritet intesfikim i marr\u00ebveshjes mes Kosov\u00ebs, Shqip\u00ebris\u00eb dhe Kroacis\u00eb -<\/title>\n<meta name=\"robots\" content=\"index, follow, max-snippet:-1, max-image-preview:large, max-video-preview:-1\" \/>\n<link rel=\"canonical\" href=\"https:\/\/veritasinfo.org\/?p=27398\" \/>\n<meta property=\"og:locale\" content=\"en_US\" \/>\n<meta property=\"og:type\" content=\"article\" \/>\n<meta property=\"og:title\" content=\"Pritet intesfikim i marr\u00ebveshjes mes Kosov\u00ebs, Shqip\u00ebris\u00eb dhe Kroacis\u00eb -\" \/>\n<meta property=\"og:description\" content=\"Pri\u0161tina 12 Januar 2026 08:17 M\u00eb 18 mars 2025, Kosova, Shqip\u00ebria dhe Kroacia n\u00ebnshkruan marr\u00ebveshje t\u00eb p\u00ebrbashk\u00ebt n\u00eb aspektin e mbrojtjes. Marr\u00ebveshja e cila brenda\" \/>\n<meta property=\"og:url\" content=\"https:\/\/veritasinfo.org\/?p=27398\" \/>\n<meta property=\"article:published_time\" content=\"2026-01-12T07:19:29+00:00\" \/>\n<meta property=\"og:image\" content=\"https:\/\/veritasinfo.org\/wp-content\/uploads\/2026\/01\/IMG-20260112-WA0001.jpg\" \/>\n\t<meta property=\"og:image:width\" content=\"1087\" \/>\n\t<meta property=\"og:image:height\" content=\"689\" \/>\n\t<meta property=\"og:image:type\" content=\"image\/jpeg\" \/>\n<meta name=\"author\" content=\"US5\" \/>\n<meta name=\"twitter:card\" content=\"summary_large_image\" \/>\n<meta name=\"twitter:label1\" content=\"Written by\" \/>\n\t<meta name=\"twitter:data1\" content=\"US5\" \/>\n\t<meta name=\"twitter:label2\" content=\"Est. reading time\" \/>\n\t<meta name=\"twitter:data2\" content=\"1 minute\" \/>\n<script type=\"application\/ld+json\" class=\"yoast-schema-graph\">{\"@context\":\"https:\/\/schema.org\",\"@graph\":[{\"@type\":\"WebPage\",\"@id\":\"https:\/\/veritasinfo.org\/?p=27398\",\"url\":\"https:\/\/veritasinfo.org\/?p=27398\",\"name\":\"Pritet intesfikim i marr\u00ebveshjes mes Kosov\u00ebs, Shqip\u00ebris\u00eb dhe Kroacis\u00eb -\",\"isPartOf\":{\"@id\":\"https:\/\/veritasinfo.org\/#website\"},\"primaryImageOfPage\":{\"@id\":\"https:\/\/veritasinfo.org\/?p=27398#primaryimage\"},\"image\":{\"@id\":\"https:\/\/veritasinfo.org\/?p=27398#primaryimage\"},\"thumbnailUrl\":\"https:\/\/veritasinfo.org\/wp-content\/uploads\/2026\/01\/IMG-20260112-WA0001.jpg\",\"datePublished\":\"2026-01-12T07:19:29+00:00\",\"author\":{\"@id\":\"https:\/\/veritasinfo.org\/#\/schema\/person\/bc442336e35414d04494ab8fb45db4c6\"},\"breadcrumb\":{\"@id\":\"https:\/\/veritasinfo.org\/?p=27398#breadcrumb\"},\"inLanguage\":\"en-US\",\"potentialAction\":[{\"@type\":\"ReadAction\",\"target\":[\"https:\/\/veritasinfo.org\/?p=27398\"]}]},{\"@type\":\"ImageObject\",\"inLanguage\":\"en-US\",\"@id\":\"https:\/\/veritasinfo.org\/?p=27398#primaryimage\",\"url\":\"https:\/\/veritasinfo.org\/wp-content\/uploads\/2026\/01\/IMG-20260112-WA0001.jpg\",\"contentUrl\":\"https:\/\/veritasinfo.org\/wp-content\/uploads\/2026\/01\/IMG-20260112-WA0001.jpg\",\"width\":1087,\"height\":689},{\"@type\":\"BreadcrumbList\",\"@id\":\"https:\/\/veritasinfo.org\/?p=27398#breadcrumb\",\"itemListElement\":[{\"@type\":\"ListItem\",\"position\":1,\"name\":\"Home\",\"item\":\"https:\/\/veritasinfo.org\/\"},{\"@type\":\"ListItem\",\"position\":2,\"name\":\"Pritet intesfikim i marr\u00ebveshjes mes Kosov\u00ebs, Shqip\u00ebris\u00eb dhe Kroacis\u00eb\"}]},{\"@type\":\"WebSite\",\"@id\":\"https:\/\/veritasinfo.org\/#website\",\"url\":\"https:\/\/veritasinfo.org\/\",\"name\":\"\",\"description\":\"\",\"potentialAction\":[{\"@type\":\"SearchAction\",\"target\":{\"@type\":\"EntryPoint\",\"urlTemplate\":\"https:\/\/veritasinfo.org\/?s={search_term_string}\"},\"query-input\":{\"@type\":\"PropertyValueSpecification\",\"valueRequired\":true,\"valueName\":\"search_term_string\"}}],\"inLanguage\":\"en-US\"},{\"@type\":\"Person\",\"@id\":\"https:\/\/veritasinfo.org\/#\/schema\/person\/bc442336e35414d04494ab8fb45db4c6\",\"name\":\"US5\",\"image\":{\"@type\":\"ImageObject\",\"inLanguage\":\"en-US\",\"@id\":\"https:\/\/veritasinfo.org\/#\/schema\/person\/image\/\",\"url\":\"https:\/\/secure.gravatar.com\/avatar\/16a61e7272a0c5d001121ebb9e60e925d5816e4ac1e443ed3e640d9a6ae55d0c?s=96&d=mm&r=g\",\"contentUrl\":\"https:\/\/secure.gravatar.com\/avatar\/16a61e7272a0c5d001121ebb9e60e925d5816e4ac1e443ed3e640d9a6ae55d0c?s=96&d=mm&r=g\",\"caption\":\"US5\"},\"url\":\"https:\/\/veritasinfo.org\/?author=6\"}]}<\/script>\n<!-- \/ Yoast SEO plugin. -->","yoast_head_json":{"title":"Pritet intesfikim i marr\u00ebveshjes mes Kosov\u00ebs, Shqip\u00ebris\u00eb dhe Kroacis\u00eb -","robots":{"index":"index","follow":"follow","max-snippet":"max-snippet:-1","max-image-preview":"max-image-preview:large","max-video-preview":"max-video-preview:-1"},"canonical":"https:\/\/veritasinfo.org\/?p=27398","og_locale":"en_US","og_type":"article","og_title":"Pritet intesfikim i marr\u00ebveshjes mes Kosov\u00ebs, Shqip\u00ebris\u00eb dhe Kroacis\u00eb -","og_description":"Pri\u0161tina 12 Januar 2026 08:17 M\u00eb 18 mars 2025, Kosova, Shqip\u00ebria dhe Kroacia n\u00ebnshkruan marr\u00ebveshje t\u00eb p\u00ebrbashk\u00ebt n\u00eb aspektin e mbrojtjes. Marr\u00ebveshja e cila brenda","og_url":"https:\/\/veritasinfo.org\/?p=27398","article_published_time":"2026-01-12T07:19:29+00:00","og_image":[{"width":1087,"height":689,"url":"https:\/\/veritasinfo.org\/wp-content\/uploads\/2026\/01\/IMG-20260112-WA0001.jpg","type":"image\/jpeg"}],"author":"US5","twitter_card":"summary_large_image","twitter_misc":{"Written by":"US5","Est. reading time":"1 minute"},"schema":{"@context":"https:\/\/schema.org","@graph":[{"@type":"WebPage","@id":"https:\/\/veritasinfo.org\/?p=27398","url":"https:\/\/veritasinfo.org\/?p=27398","name":"Pritet intesfikim i marr\u00ebveshjes mes Kosov\u00ebs, Shqip\u00ebris\u00eb dhe Kroacis\u00eb -","isPartOf":{"@id":"https:\/\/veritasinfo.org\/#website"},"primaryImageOfPage":{"@id":"https:\/\/veritasinfo.org\/?p=27398#primaryimage"},"image":{"@id":"https:\/\/veritasinfo.org\/?p=27398#primaryimage"},"thumbnailUrl":"https:\/\/veritasinfo.org\/wp-content\/uploads\/2026\/01\/IMG-20260112-WA0001.jpg","datePublished":"2026-01-12T07:19:29+00:00","author":{"@id":"https:\/\/veritasinfo.org\/#\/schema\/person\/bc442336e35414d04494ab8fb45db4c6"},"breadcrumb":{"@id":"https:\/\/veritasinfo.org\/?p=27398#breadcrumb"},"inLanguage":"en-US","potentialAction":[{"@type":"ReadAction","target":["https:\/\/veritasinfo.org\/?p=27398"]}]},{"@type":"ImageObject","inLanguage":"en-US","@id":"https:\/\/veritasinfo.org\/?p=27398#primaryimage","url":"https:\/\/veritasinfo.org\/wp-content\/uploads\/2026\/01\/IMG-20260112-WA0001.jpg","contentUrl":"https:\/\/veritasinfo.org\/wp-content\/uploads\/2026\/01\/IMG-20260112-WA0001.jpg","width":1087,"height":689},{"@type":"BreadcrumbList","@id":"https:\/\/veritasinfo.org\/?p=27398#breadcrumb","itemListElement":[{"@type":"ListItem","position":1,"name":"Home","item":"https:\/\/veritasinfo.org\/"},{"@type":"ListItem","position":2,"name":"Pritet intesfikim i marr\u00ebveshjes mes Kosov\u00ebs, Shqip\u00ebris\u00eb dhe Kroacis\u00eb"}]},{"@type":"WebSite","@id":"https:\/\/veritasinfo.org\/#website","url":"https:\/\/veritasinfo.org\/","name":"","description":"","potentialAction":[{"@type":"SearchAction","target":{"@type":"EntryPoint","urlTemplate":"https:\/\/veritasinfo.org\/?s={search_term_string}"},"query-input":{"@type":"PropertyValueSpecification","valueRequired":true,"valueName":"search_term_string"}}],"inLanguage":"en-US"},{"@type":"Person","@id":"https:\/\/veritasinfo.org\/#\/schema\/person\/bc442336e35414d04494ab8fb45db4c6","name":"US5","image":{"@type":"ImageObject","inLanguage":"en-US","@id":"https:\/\/veritasinfo.org\/#\/schema\/person\/image\/","url":"https:\/\/secure.gravatar.com\/avatar\/16a61e7272a0c5d001121ebb9e60e925d5816e4ac1e443ed3e640d9a6ae55d0c?s=96&d=mm&r=g","contentUrl":"https:\/\/secure.gravatar.com\/avatar\/16a61e7272a0c5d001121ebb9e60e925d5816e4ac1e443ed3e640d9a6ae55d0c?s=96&d=mm&r=g","caption":"US5"},"url":"https:\/\/veritasinfo.org\/?author=6"}]}},"featured_image_urls":{"full":["https:\/\/veritasinfo.org\/wp-content\/uploads\/2026\/01\/IMG-20260112-WA0001.jpg",1087,689,false],"thumbnail":["https:\/\/veritasinfo.org\/wp-content\/uploads\/2026\/01\/IMG-20260112-WA0001-150x150.jpg",150,150,true],"medium":["https:\/\/veritasinfo.org\/wp-content\/uploads\/2026\/01\/IMG-20260112-WA0001-300x190.jpg",300,190,true],"medium_large":["https:\/\/veritasinfo.org\/wp-content\/uploads\/2026\/01\/IMG-20260112-WA0001-768x487.jpg",640,406,true],"large":["https:\/\/veritasinfo.org\/wp-content\/uploads\/2026\/01\/IMG-20260112-WA0001-1024x649.jpg",640,406,true],"1536x1536":["https:\/\/veritasinfo.org\/wp-content\/uploads\/2026\/01\/IMG-20260112-WA0001.jpg",1087,689,false],"2048x2048":["https:\/\/veritasinfo.org\/wp-content\/uploads\/2026\/01\/IMG-20260112-WA0001.jpg",1087,689,false],"kreeti-slider-full":["https:\/\/veritasinfo.org\/wp-content\/uploads\/2026\/01\/IMG-20260112-WA0001.jpg",1087,689,false],"kreeti-featured":["https:\/\/veritasinfo.org\/wp-content\/uploads\/2026\/01\/IMG-20260112-WA0001.jpg",1024,649,false],"kreeti-medium":["https:\/\/veritasinfo.org\/wp-content\/uploads\/2026\/01\/IMG-20260112-WA0001.jpg",720,456,false],"kreeti-medium-square":["https:\/\/veritasinfo.org\/wp-content\/uploads\/2026\/01\/IMG-20260112-WA0001.jpg",350,222,false]},"author_info":{"info":["US5"]},"category_info":"<a href=\"https:\/\/veritasinfo.org\/?cat=60\" rel=\"category\">Shoq\u00ebrore<\/a>","tag_info":"Shoq\u00ebrore","comment_count":"0","_links":{"self":[{"href":"https:\/\/veritasinfo.org\/index.php?rest_route=\/wp\/v2\/posts\/27398","targetHints":{"allow":["GET"]}}],"collection":[{"href":"https:\/\/veritasinfo.org\/index.php?rest_route=\/wp\/v2\/posts"}],"about":[{"href":"https:\/\/veritasinfo.org\/index.php?rest_route=\/wp\/v2\/types\/post"}],"author":[{"embeddable":true,"href":"https:\/\/veritasinfo.org\/index.php?rest_route=\/wp\/v2\/users\/6"}],"replies":[{"embeddable":true,"href":"https:\/\/veritasinfo.org\/index.php?rest_route=%2Fwp%2Fv2%2Fcomments&post=27398"}],"version-history":[{"count":1,"href":"https:\/\/veritasinfo.org\/index.php?rest_route=\/wp\/v2\/posts\/27398\/revisions"}],"predecessor-version":[{"id":27401,"href":"https:\/\/veritasinfo.org\/index.php?rest_route=\/wp\/v2\/posts\/27398\/revisions\/27401"}],"wp:featuredmedia":[{"embeddable":true,"href":"https:\/\/veritasinfo.org\/index.php?rest_route=\/wp\/v2\/media\/27400"}],"wp:attachment":[{"href":"https:\/\/veritasinfo.org\/index.php?rest_route=%2Fwp%2Fv2%2Fmedia&parent=27398"}],"wp:term":[{"taxonomy":"category","embeddable":true,"href":"https:\/\/veritasinfo.org\/index.php?rest_route=%2Fwp%2Fv2%2Fcategories&post=27398"},{"taxonomy":"post_tag","embeddable":true,"href":"https:\/\/veritasinfo.org\/index.php?rest_route=%2Fwp%2Fv2%2Ftags&post=27398"}],"curies":[{"name":"wp","href":"https:\/\/api.w.org\/{rel}","templated":true}]}}