{"id":27396,"date":"2026-01-12T08:12:16","date_gmt":"2026-01-12T07:12:16","guid":{"rendered":"https:\/\/veritasinfo.org\/?p=27396"},"modified":"2026-01-12T08:28:14","modified_gmt":"2026-01-12T07:28:14","slug":"kosovski-centar-za-bezbednosne-studije-kcbs","status":"publish","type":"post","link":"https:\/\/veritasinfo.org\/?p=27396&lang=sr","title":{"rendered":"Rizik od teroristi\u010dkih napada iz Srbije je uvek o\u010digledan"},"content":{"rendered":"<p>Pri\u0161tina, 12. januar 2026. godine, 08:07<\/p>\n<p>Broj osoba koje su bile uklju\u010dene u pripremu i realizaciju napada u Banjskoj obuhvata vi\u0161e od 44 lica koliko ih trenutno tereti Specijalno tu\u017eila\u0161tvo. Zbog toga je institucijama preporu\u010deno da posebnu pa\u017enju obrate na bezbednosne strukture Srbije koje nisu sme\u0161tene na severu.<\/p>\n<p>Tokom 2023. i 2024. godine Kosovo se suo\u010dilo sa teroristi\u010dkim napadima u Banjskoj i Varagi, ali nisu svi koji su bili uklju\u010deni u pripremu i realizaciju ovih napada uhap\u0161eni i optu\u017eeni.<\/p>\n<p>Institucije bi trebalo da obrate pa\u017enju na paralelne bezbednosne strukture, ocenili su u Kosovskom centru za bezbednosne studije (QKSS).<\/p>\n<p>Direktor QKSS-a, Mentor Vrajoli, ocenjuje da broj osoba uklju\u010denih u pripremu i realizaciju napada u Banjskoj prema\u0161uje 44 osobe koje su optu\u017eene.<\/p>\n<p>\u201eOno \u0161to ostaje institucijama Kosova jeste da se postaraju da se prema tim osobama koje deluju na teritoriji Kosova i imaju za cilj podrivanje bezbednosnog sektora postupa na adekvatan na\u010din\u2026 Posebno grupa iz Banjske, za koju smatram da je \u0161ira od onih koji su bili direktno uklju\u010deni u doga\u0111aje u Banjskoj\u201c, rekao je Vrajoli. On je dodao da bezbednosne institucije treba da obrate pa\u017enju i na bezbednosne strukture Srbije koje nisu na severu.<\/p>\n<p>\u201eNapori moraju biti kontinuirani, jer \u0107e se te strukture truditi da se ponovo konsoliduju i svaki put kada se pojavi vakuum, one se mogu konsolidovati, bilo na severu, bilo i u drugim delovima. To zna\u010di da sever nije jedino uto\u010di\u0161te ovih struktura; potrebno je obratiti ve\u0107u pa\u017enju i na druge op\u0161tine koje su u velikoj meri integrisane, ali su ostavljene po strani od strane institucija\u201c, rekao je on.<\/p>\n<p>Za bra\u0107u Vi\u0107entijevi\u0107, optu\u017eene za teroristi\u010dki napad na kanal \u201eIbar\u2013Lepenac\u201c, Specijalno tu\u017eila\u0161tvo tvrdi da su pripadali srpskim bezbednosnim strukturama: za Jovana Vi\u0107entijevi\u0107a se navodi da je deo Vojnoobave\u0161tajne agencije \u2013 VBA, dok se za Dragi\u0161u Vi\u0107entijevi\u0107a navodi da je bio pripadnik Civilne za\u0161tite.<\/p>\n<p>Prema optu\u017enici Specijalnog tu\u017eila\u0161tva, Jovan Vi\u0107entijevi\u0107 je, tokom razgovora sa policajcima nakon hap\u0161enja, dok su ga sprovodili ka Pri\u0161tini, pomenuo pet osoba iz Zubinog Potoka i pet biv\u0161ih kosovskih policajaca koji su, prema njegovim navodima, obu\u010davani na vojnom poligonu \u201ePasuljanske Livade\u201c u Srbiji.<\/p>\n<p>\u201ePrema okrivljenom Jovanu Vi\u0107entijevi\u0107u, u napadu i sukobima u selu Banjska u Zve\u010danu, dana 24.09.2023. godine, iz oblasti Zubinog Potoka u\u010destvovalo je i nekoliko osoba koje zbog istrage ne\u0107emo navoditi u ovoj optu\u017enici\u201c, navodi se u optu\u017enici za teroristi\u010dki napad na \u201eIbar\u2013Lepenac\u201c.<\/p>\n<p>Na osnovu optu\u017enice, okrivljeni je policajcima rekao da je u obukama u\u010destvovalo 120 osoba, koje su prolazile obuku iz pe\u0161adije, upotrebe dugog naoru\u017eanja, te\u0161kih mitraljeza, minobaca\u010da, C4 eksploziva i dinamita.<\/p>\n<p>Me\u0111utim, verovatno\u0107a da \u0107e njegova izjava data policiji biti kori\u0161\u0107ena protiv njega tokom su\u0111enja je mala, jer je izjavu dao bez prisustva svog advokata.<\/p>\n<p>U optu\u017enici tu\u017eila\u0161tva se nagla\u0161ava da okrivljeni ove navode nije potvrdio u prisustvu advokata, budu\u0107i da se branio \u0107utanjem.<\/p>\n","protected":false},"excerpt":{"rendered":"<p>Pri\u0161tina, 12. januar 2026. godine, 08:07 Broj osoba koje su bile uklju\u010dene u pripremu i realizaciju napada u Banjskoj obuhvata vi\u0161e od 44 lica koliko<\/p>\n","protected":false},"author":6,"featured_media":27394,"comment_status":"open","ping_status":"open","sticky":false,"template":"","format":"standard","meta":{"footnotes":""},"categories":[30],"tags":[],"class_list":["post-27396","post","type-post","status-publish","format-standard","has-post-thumbnail","hentry","category-drustvo"],"yoast_head":"<!-- This site is optimized with the Yoast SEO plugin v25.3.1 - https:\/\/yoast.com\/wordpress\/plugins\/seo\/ -->\n<title>Rizik od teroristi\u010dkih napada iz Srbije je uvek o\u010digledan -<\/title>\n<meta name=\"robots\" content=\"index, follow, max-snippet:-1, max-image-preview:large, max-video-preview:-1\" \/>\n<link rel=\"canonical\" href=\"https:\/\/veritasinfo.org\/?p=27396&lang=sr\" \/>\n<meta property=\"og:locale\" content=\"en_US\" \/>\n<meta property=\"og:type\" content=\"article\" \/>\n<meta property=\"og:title\" content=\"Rizik od teroristi\u010dkih napada iz Srbije je uvek o\u010digledan -\" \/>\n<meta property=\"og:description\" content=\"Pri\u0161tina, 12. januar 2026. godine, 08:07 Broj osoba koje su bile uklju\u010dene u pripremu i realizaciju napada u Banjskoj obuhvata vi\u0161e od 44 lica koliko\" \/>\n<meta property=\"og:url\" content=\"https:\/\/veritasinfo.org\/?p=27396&amp;lang=sr\" \/>\n<meta property=\"article:published_time\" content=\"2026-01-12T07:12:16+00:00\" \/>\n<meta property=\"article:modified_time\" content=\"2026-01-12T07:28:14+00:00\" \/>\n<meta property=\"og:image\" content=\"https:\/\/veritasinfo.org\/wp-content\/uploads\/2026\/01\/IMG-20260112-WA0000.jpg\" \/>\n\t<meta property=\"og:image:width\" content=\"882\" \/>\n\t<meta property=\"og:image:height\" content=\"618\" \/>\n\t<meta property=\"og:image:type\" content=\"image\/jpeg\" \/>\n<meta name=\"author\" content=\"US5\" \/>\n<meta name=\"twitter:card\" content=\"summary_large_image\" \/>\n<meta name=\"twitter:label1\" content=\"Written by\" \/>\n\t<meta name=\"twitter:data1\" content=\"US5\" \/>\n\t<meta name=\"twitter:label2\" content=\"Est. reading time\" \/>\n\t<meta name=\"twitter:data2\" content=\"3 minutes\" \/>\n<script type=\"application\/ld+json\" class=\"yoast-schema-graph\">{\"@context\":\"https:\/\/schema.org\",\"@graph\":[{\"@type\":\"WebPage\",\"@id\":\"https:\/\/veritasinfo.org\/?p=27396&lang=sr\",\"url\":\"https:\/\/veritasinfo.org\/?p=27396&lang=sr\",\"name\":\"Rizik od teroristi\u010dkih napada iz Srbije je uvek o\u010digledan -\",\"isPartOf\":{\"@id\":\"https:\/\/veritasinfo.org\/#website\"},\"primaryImageOfPage\":{\"@id\":\"https:\/\/veritasinfo.org\/?p=27396&lang=sr#primaryimage\"},\"image\":{\"@id\":\"https:\/\/veritasinfo.org\/?p=27396&lang=sr#primaryimage\"},\"thumbnailUrl\":\"https:\/\/veritasinfo.org\/wp-content\/uploads\/2026\/01\/IMG-20260112-WA0000.jpg\",\"datePublished\":\"2026-01-12T07:12:16+00:00\",\"dateModified\":\"2026-01-12T07:28:14+00:00\",\"author\":{\"@id\":\"https:\/\/veritasinfo.org\/#\/schema\/person\/bc442336e35414d04494ab8fb45db4c6\"},\"breadcrumb\":{\"@id\":\"https:\/\/veritasinfo.org\/?p=27396&lang=sr#breadcrumb\"},\"inLanguage\":\"en-US\",\"potentialAction\":[{\"@type\":\"ReadAction\",\"target\":[\"https:\/\/veritasinfo.org\/?p=27396&lang=sr\"]}]},{\"@type\":\"ImageObject\",\"inLanguage\":\"en-US\",\"@id\":\"https:\/\/veritasinfo.org\/?p=27396&lang=sr#primaryimage\",\"url\":\"https:\/\/veritasinfo.org\/wp-content\/uploads\/2026\/01\/IMG-20260112-WA0000.jpg\",\"contentUrl\":\"https:\/\/veritasinfo.org\/wp-content\/uploads\/2026\/01\/IMG-20260112-WA0000.jpg\",\"width\":882,\"height\":618},{\"@type\":\"BreadcrumbList\",\"@id\":\"https:\/\/veritasinfo.org\/?p=27396&lang=sr#breadcrumb\",\"itemListElement\":[{\"@type\":\"ListItem\",\"position\":1,\"name\":\"Home\",\"item\":\"https:\/\/veritasinfo.org\/\"},{\"@type\":\"ListItem\",\"position\":2,\"name\":\"Rizik od teroristi\u010dkih napada iz Srbije je uvek o\u010digledan\"}]},{\"@type\":\"WebSite\",\"@id\":\"https:\/\/veritasinfo.org\/#website\",\"url\":\"https:\/\/veritasinfo.org\/\",\"name\":\"\",\"description\":\"\",\"potentialAction\":[{\"@type\":\"SearchAction\",\"target\":{\"@type\":\"EntryPoint\",\"urlTemplate\":\"https:\/\/veritasinfo.org\/?s={search_term_string}\"},\"query-input\":{\"@type\":\"PropertyValueSpecification\",\"valueRequired\":true,\"valueName\":\"search_term_string\"}}],\"inLanguage\":\"en-US\"},{\"@type\":\"Person\",\"@id\":\"https:\/\/veritasinfo.org\/#\/schema\/person\/bc442336e35414d04494ab8fb45db4c6\",\"name\":\"US5\",\"image\":{\"@type\":\"ImageObject\",\"inLanguage\":\"en-US\",\"@id\":\"https:\/\/veritasinfo.org\/#\/schema\/person\/image\/\",\"url\":\"https:\/\/secure.gravatar.com\/avatar\/16a61e7272a0c5d001121ebb9e60e925d5816e4ac1e443ed3e640d9a6ae55d0c?s=96&d=mm&r=g\",\"contentUrl\":\"https:\/\/secure.gravatar.com\/avatar\/16a61e7272a0c5d001121ebb9e60e925d5816e4ac1e443ed3e640d9a6ae55d0c?s=96&d=mm&r=g\",\"caption\":\"US5\"},\"url\":\"https:\/\/veritasinfo.org\/?author=6\"}]}<\/script>\n<!-- \/ Yoast SEO plugin. -->","yoast_head_json":{"title":"Rizik od teroristi\u010dkih napada iz Srbije je uvek o\u010digledan -","robots":{"index":"index","follow":"follow","max-snippet":"max-snippet:-1","max-image-preview":"max-image-preview:large","max-video-preview":"max-video-preview:-1"},"canonical":"https:\/\/veritasinfo.org\/?p=27396&lang=sr","og_locale":"en_US","og_type":"article","og_title":"Rizik od teroristi\u010dkih napada iz Srbije je uvek o\u010digledan -","og_description":"Pri\u0161tina, 12. januar 2026. godine, 08:07 Broj osoba koje su bile uklju\u010dene u pripremu i realizaciju napada u Banjskoj obuhvata vi\u0161e od 44 lica koliko","og_url":"https:\/\/veritasinfo.org\/?p=27396&lang=sr","article_published_time":"2026-01-12T07:12:16+00:00","article_modified_time":"2026-01-12T07:28:14+00:00","og_image":[{"width":882,"height":618,"url":"https:\/\/veritasinfo.org\/wp-content\/uploads\/2026\/01\/IMG-20260112-WA0000.jpg","type":"image\/jpeg"}],"author":"US5","twitter_card":"summary_large_image","twitter_misc":{"Written by":"US5","Est. reading time":"3 minutes"},"schema":{"@context":"https:\/\/schema.org","@graph":[{"@type":"WebPage","@id":"https:\/\/veritasinfo.org\/?p=27396&lang=sr","url":"https:\/\/veritasinfo.org\/?p=27396&lang=sr","name":"Rizik od teroristi\u010dkih napada iz Srbije je uvek o\u010digledan -","isPartOf":{"@id":"https:\/\/veritasinfo.org\/#website"},"primaryImageOfPage":{"@id":"https:\/\/veritasinfo.org\/?p=27396&lang=sr#primaryimage"},"image":{"@id":"https:\/\/veritasinfo.org\/?p=27396&lang=sr#primaryimage"},"thumbnailUrl":"https:\/\/veritasinfo.org\/wp-content\/uploads\/2026\/01\/IMG-20260112-WA0000.jpg","datePublished":"2026-01-12T07:12:16+00:00","dateModified":"2026-01-12T07:28:14+00:00","author":{"@id":"https:\/\/veritasinfo.org\/#\/schema\/person\/bc442336e35414d04494ab8fb45db4c6"},"breadcrumb":{"@id":"https:\/\/veritasinfo.org\/?p=27396&lang=sr#breadcrumb"},"inLanguage":"en-US","potentialAction":[{"@type":"ReadAction","target":["https:\/\/veritasinfo.org\/?p=27396&lang=sr"]}]},{"@type":"ImageObject","inLanguage":"en-US","@id":"https:\/\/veritasinfo.org\/?p=27396&lang=sr#primaryimage","url":"https:\/\/veritasinfo.org\/wp-content\/uploads\/2026\/01\/IMG-20260112-WA0000.jpg","contentUrl":"https:\/\/veritasinfo.org\/wp-content\/uploads\/2026\/01\/IMG-20260112-WA0000.jpg","width":882,"height":618},{"@type":"BreadcrumbList","@id":"https:\/\/veritasinfo.org\/?p=27396&lang=sr#breadcrumb","itemListElement":[{"@type":"ListItem","position":1,"name":"Home","item":"https:\/\/veritasinfo.org\/"},{"@type":"ListItem","position":2,"name":"Rizik od teroristi\u010dkih napada iz Srbije je uvek o\u010digledan"}]},{"@type":"WebSite","@id":"https:\/\/veritasinfo.org\/#website","url":"https:\/\/veritasinfo.org\/","name":"","description":"","potentialAction":[{"@type":"SearchAction","target":{"@type":"EntryPoint","urlTemplate":"https:\/\/veritasinfo.org\/?s={search_term_string}"},"query-input":{"@type":"PropertyValueSpecification","valueRequired":true,"valueName":"search_term_string"}}],"inLanguage":"en-US"},{"@type":"Person","@id":"https:\/\/veritasinfo.org\/#\/schema\/person\/bc442336e35414d04494ab8fb45db4c6","name":"US5","image":{"@type":"ImageObject","inLanguage":"en-US","@id":"https:\/\/veritasinfo.org\/#\/schema\/person\/image\/","url":"https:\/\/secure.gravatar.com\/avatar\/16a61e7272a0c5d001121ebb9e60e925d5816e4ac1e443ed3e640d9a6ae55d0c?s=96&d=mm&r=g","contentUrl":"https:\/\/secure.gravatar.com\/avatar\/16a61e7272a0c5d001121ebb9e60e925d5816e4ac1e443ed3e640d9a6ae55d0c?s=96&d=mm&r=g","caption":"US5"},"url":"https:\/\/veritasinfo.org\/?author=6"}]}},"featured_image_urls":{"full":["https:\/\/veritasinfo.org\/wp-content\/uploads\/2026\/01\/IMG-20260112-WA0000.jpg",882,618,false],"thumbnail":["https:\/\/veritasinfo.org\/wp-content\/uploads\/2026\/01\/IMG-20260112-WA0000-150x150.jpg",150,150,true],"medium":["https:\/\/veritasinfo.org\/wp-content\/uploads\/2026\/01\/IMG-20260112-WA0000-300x210.jpg",300,210,true],"medium_large":["https:\/\/veritasinfo.org\/wp-content\/uploads\/2026\/01\/IMG-20260112-WA0000-768x538.jpg",640,448,true],"large":["https:\/\/veritasinfo.org\/wp-content\/uploads\/2026\/01\/IMG-20260112-WA0000.jpg",640,448,false],"1536x1536":["https:\/\/veritasinfo.org\/wp-content\/uploads\/2026\/01\/IMG-20260112-WA0000.jpg",882,618,false],"2048x2048":["https:\/\/veritasinfo.org\/wp-content\/uploads\/2026\/01\/IMG-20260112-WA0000.jpg",882,618,false],"kreeti-slider-full":["https:\/\/veritasinfo.org\/wp-content\/uploads\/2026\/01\/IMG-20260112-WA0000.jpg",882,618,false],"kreeti-featured":["https:\/\/veritasinfo.org\/wp-content\/uploads\/2026\/01\/IMG-20260112-WA0000.jpg",882,618,false],"kreeti-medium":["https:\/\/veritasinfo.org\/wp-content\/uploads\/2026\/01\/IMG-20260112-WA0000.jpg",720,504,false],"kreeti-medium-square":["https:\/\/veritasinfo.org\/wp-content\/uploads\/2026\/01\/IMG-20260112-WA0000.jpg",350,245,false]},"author_info":{"info":["US5"]},"category_info":"<a href=\"https:\/\/veritasinfo.org\/?cat=30&#038;lang=sr\" rel=\"category\">Dru\u0161tvo<\/a>","tag_info":"Dru\u0161tvo","comment_count":"0","_links":{"self":[{"href":"https:\/\/veritasinfo.org\/index.php?rest_route=\/wp\/v2\/posts\/27396","targetHints":{"allow":["GET"]}}],"collection":[{"href":"https:\/\/veritasinfo.org\/index.php?rest_route=\/wp\/v2\/posts"}],"about":[{"href":"https:\/\/veritasinfo.org\/index.php?rest_route=\/wp\/v2\/types\/post"}],"author":[{"embeddable":true,"href":"https:\/\/veritasinfo.org\/index.php?rest_route=\/wp\/v2\/users\/6"}],"replies":[{"embeddable":true,"href":"https:\/\/veritasinfo.org\/index.php?rest_route=%2Fwp%2Fv2%2Fcomments&post=27396"}],"version-history":[{"count":2,"href":"https:\/\/veritasinfo.org\/index.php?rest_route=\/wp\/v2\/posts\/27396\/revisions"}],"predecessor-version":[{"id":27406,"href":"https:\/\/veritasinfo.org\/index.php?rest_route=\/wp\/v2\/posts\/27396\/revisions\/27406"}],"wp:featuredmedia":[{"embeddable":true,"href":"https:\/\/veritasinfo.org\/index.php?rest_route=\/wp\/v2\/media\/27394"}],"wp:attachment":[{"href":"https:\/\/veritasinfo.org\/index.php?rest_route=%2Fwp%2Fv2%2Fmedia&parent=27396"}],"wp:term":[{"taxonomy":"category","embeddable":true,"href":"https:\/\/veritasinfo.org\/index.php?rest_route=%2Fwp%2Fv2%2Fcategories&post=27396"},{"taxonomy":"post_tag","embeddable":true,"href":"https:\/\/veritasinfo.org\/index.php?rest_route=%2Fwp%2Fv2%2Ftags&post=27396"}],"curies":[{"name":"wp","href":"https:\/\/api.w.org\/{rel}","templated":true}]}}