{"id":27392,"date":"2026-01-12T08:09:43","date_gmt":"2026-01-12T07:09:43","guid":{"rendered":"https:\/\/veritasinfo.org\/?p=27392"},"modified":"2026-01-12T08:27:23","modified_gmt":"2026-01-12T07:27:23","slug":"qkss-eshte-qendra-kosovare-per-studime-te-sigurise","status":"publish","type":"post","link":"https:\/\/veritasinfo.org\/?p=27392","title":{"rendered":"Rreziku i sulmeve terroriste nga Serbia gjithnj\u00eb evident"},"content":{"rendered":"<p>Prishtin\u00eb 12 Janar 2026 08:07<\/p>\n<p>Numri i personave q\u00eb u p\u00ebrfshin\u00eb n\u00eb p\u00ebrgatitjen dhe realizimin e sulmit n\u00eb Banjsk\u00eb p\u00ebrfshin m\u00eb shum\u00eb se sa 44 sa po akuzohen nga Prokuroria Speciale. P\u00ebr k\u00ebt\u00eb arsye institucioneve u \u00ebsht\u00eb rekomanduar q\u00eb t\u2019i ken\u00eb n\u00eb v\u00ebmendje strukturat e siguris\u00eb s\u00eb Serbis\u00eb q\u00eb nuk jan\u00eb n\u00eb veri<br \/>\nN\u00eb vitet 2023 e 2024 Kosova u p\u00ebrball me sulmet terroriste n\u00eb Banjsk\u00eb e n\u00eb Varag\u00eb, por jo t\u00eb gjith\u00eb ata q\u00eb jan\u00eb p\u00ebrfshir\u00eb n\u00eb p\u00ebrgatitjen dhe realizimin e k\u00ebtyre sulmeve jan\u00eb arrestuar e akuzuar.<\/p>\n<p>Institucionet duhet ta ken\u00eb v\u00ebmendjen te strukturat paralele t\u00eb siguris\u00eb, kan\u00eb vler\u00ebsuar n\u00eb Qendr\u00ebn Kosovare p\u00ebr Studime t\u00eb Siguris\u00eb (QKSS).<\/p>\n<p>Drejtori i QKSS-s\u00eb, Mentor Vrajolli, vler\u00ebson se numri i personave q\u00eb u p\u00ebrfshin\u00eb n\u00eb p\u00ebrgatitjen dhe realizimin e sulmit n\u00eb Banjsk\u00eb p\u00ebrfshin m\u00eb shum\u00eb sesa 44 personat q\u00eb akuzohen.<\/p>\n<p>\u201cAjo q\u00eb u mbetet institucioneve t\u00eb Kosov\u00ebs \u00ebsht\u00eb q\u00eb t\u00eb sigurohen q\u00eb k\u00ebta persona t\u00eb cil\u00ebt operojn\u00eb brenda territorit t\u00eb Kosov\u00ebs dhe kan\u00eb p\u00ebr q\u00ebllim minimin e sektorit t\u00eb siguris\u00eb, k\u00ebta persona t\u00eb trajtohen n\u00eb m\u00ebnyr\u00eb adekuate\u2026 Sidomos ky grupi i Banjsk\u00ebs e q\u00eb mendoj q\u00eb ky grupi i Banjsk\u00ebs \u00ebsht\u00eb m\u00eb i gjer\u00eb sesa ata q\u00eb kan\u00eb qen\u00eb drejtp\u00ebrs\u00ebdrejti t\u00eb p\u00ebrfshir\u00eb n\u00eb Banjsk\u00eb\u201d, ka th\u00ebn\u00eb Vrajolli.Vrajolli thot\u00eb se v\u00ebmendje institucionet e siguris\u00eb duhet t\u00eb ken\u00eb edhe te strukturat e siguris\u00eb s\u00eb Serbis\u00eb q\u00eb nuk jan\u00eb n\u00eb veri.<\/p>\n<p>\u201cP\u00ebrpjekjet duhet t\u00eb jen\u00eb t\u00eb vazhdueshme, sepse ato struktura do t\u00eb p\u00ebrpiqen t\u00eb rikonsolidohen dhe \u00e7do moment kur gjendet vakumi, k\u00ebto struktura mund t\u00eb konsolidohen, qoft\u00eb n\u00eb pjes\u00ebn veriore, qoft\u00eb edhe n\u00eb pjes\u00ebt e tjera k\u00ebshtu q\u00eb nuk do t\u00eb thot\u00eb se vet\u00ebm veriu \u00ebsht\u00eb streh\u00eb e k\u00ebtyre strukturave, duhet t\u00eb kemi v\u00ebmendje m\u00eb t\u00eb madhe edhe te komunat e tjera t\u00eb cilat jan\u00eb n\u00eb nj\u00eb mas\u00eb t\u00eb madhe t\u00eb integruara, por q\u00eb jan\u00eb l\u00ebn\u00eb anash nga syri i institucioneve\u201d, ka th\u00ebn\u00eb ai.<\/p>\n<p>P\u00ebr v\u00ebllez\u00ebrit Viqentijeviq t\u00eb akuzuar p\u00ebr sulmin terrorist n\u00eb kanalin e \u201cIb\u00ebr-Lepencit\u2019, Prokuroria Speciale pretendon se u takonin strukturave serbe t\u00eb siguris\u00eb: p\u00ebr Jovan Viqentijeviqin, Specialja pretendon se \u00ebsht\u00eb pjes\u00eb e Agjencis\u00eb s\u00eb Inteligjenc\u00ebs Ushtarake \u2013 VBA, kurse p\u00ebr Dragisha Viqentijeviqin se ishte pjes\u00ebtar i Mbrojtjes Civile.<\/p>\n<p>Sipas aktakuz\u00ebs s\u00eb Prokuroris\u00eb Speciale, Jovan Viqentijeviq, tek kishte folur me polic\u00ebt pas arrestimit, q\u00eb e d\u00ebrgonin n\u00eb drejtim t\u00eb Prishtin\u00ebs, u ka p\u00ebrmendur pes\u00eb persona nga Zubin-Potoku dhe pes\u00eb ish-polic\u00eb t\u00eb Kosov\u00ebs q\u00eb, sipas tij, u trajtuan n\u00eb poligonin ushtarak \u201cPasuljanske Livade\u201d n\u00eb Serbi.<\/p>\n<p>\u201cSipas t\u00eb pandehurit Jovan Viqentijeviq, n\u00eb sulmin dhe luftimet n\u00eb fshatin Banjsk\u00eb t\u00eb Zve\u00e7anit m\u00eb dat\u00eb 24\/09\/2023, nga zona e Zubin-Potokut, kan\u00eb marr\u00eb pjes\u00eb edhe disa persona q\u00eb p\u00ebr shkak t\u00eb hetimeve nuk do t\u2019i citojm\u00eb n\u00eb k\u00ebt\u00eb aktakuz\u00eb\u201d, thuhet n\u00eb aktakuz\u00ebn p\u00ebr sulmin terrorist n\u00eb \u201cIb\u00ebr-Lepenc\u201d.N\u00eb baz\u00eb t\u00eb aktakuz\u00ebs, i pandehuri u ka th\u00ebn\u00eb polic\u00ebve se n\u00eb trajtime kan\u00eb marr\u00eb pjes\u00eb 120 persona, t\u00eb cil\u00ebt kryen trajtime p\u00ebr k\u00ebmb\u00ebsori, p\u00ebrdorim arm\u00ebsh t\u00eb gjata, mitralozave t\u00eb r\u00ebnd\u00eb, minahedh\u00ebsve, bombave C4 dhe dinamitit.<\/p>\n<p>Megjithat\u00eb, gjasat q\u00eb deklarata e tij e dh\u00ebn\u00eb te polic\u00ebt t\u00eb p\u00ebrdoret kund\u00ebr tij n\u00eb gjykim \u00ebsht\u00eb e ul\u00ebt, pasi ai u deklarua pa qen\u00eb i pranish\u00ebm avokati i tij.<\/p>\n<p>N\u00eb aktakuz\u00ebn e prokuroris\u00eb theksohet se i pandehuri nuk i ka pohuar k\u00ebto n\u00eb prani t\u00eb avokatit pasi \u00ebsht\u00eb mbrojtur n\u00eb heshtje.<\/p>\n","protected":false},"excerpt":{"rendered":"<p>Prishtin\u00eb 12 Janar 2026 08:07 Numri i personave q\u00eb u p\u00ebrfshin\u00eb n\u00eb p\u00ebrgatitjen dhe realizimin e sulmit n\u00eb Banjsk\u00eb p\u00ebrfshin m\u00eb shum\u00eb se sa 44<\/p>\n","protected":false},"author":6,"featured_media":27394,"comment_status":"open","ping_status":"open","sticky":false,"template":"","format":"standard","meta":{"footnotes":""},"categories":[60],"tags":[],"class_list":["post-27392","post","type-post","status-publish","format-standard","has-post-thumbnail","hentry","category-shoqerore-sq"],"yoast_head":"<!-- This site is optimized with the Yoast SEO plugin v25.3.1 - https:\/\/yoast.com\/wordpress\/plugins\/seo\/ -->\n<title>Rreziku i sulmeve terroriste nga Serbia gjithnj\u00eb evident -<\/title>\n<meta name=\"robots\" content=\"index, follow, max-snippet:-1, max-image-preview:large, max-video-preview:-1\" \/>\n<link rel=\"canonical\" href=\"https:\/\/veritasinfo.org\/?p=27392\" \/>\n<meta property=\"og:locale\" content=\"en_US\" \/>\n<meta property=\"og:type\" content=\"article\" \/>\n<meta property=\"og:title\" content=\"Rreziku i sulmeve terroriste nga Serbia gjithnj\u00eb evident -\" \/>\n<meta property=\"og:description\" content=\"Prishtin\u00eb 12 Janar 2026 08:07 Numri i personave q\u00eb u p\u00ebrfshin\u00eb n\u00eb p\u00ebrgatitjen dhe realizimin e sulmit n\u00eb Banjsk\u00eb p\u00ebrfshin m\u00eb shum\u00eb se sa 44\" \/>\n<meta property=\"og:url\" content=\"https:\/\/veritasinfo.org\/?p=27392\" \/>\n<meta property=\"article:published_time\" content=\"2026-01-12T07:09:43+00:00\" \/>\n<meta property=\"article:modified_time\" content=\"2026-01-12T07:27:23+00:00\" \/>\n<meta property=\"og:image\" content=\"https:\/\/veritasinfo.org\/wp-content\/uploads\/2026\/01\/IMG-20260112-WA0000.jpg\" \/>\n\t<meta property=\"og:image:width\" content=\"882\" \/>\n\t<meta property=\"og:image:height\" content=\"618\" \/>\n\t<meta property=\"og:image:type\" content=\"image\/jpeg\" \/>\n<meta name=\"author\" content=\"US5\" \/>\n<meta name=\"twitter:card\" content=\"summary_large_image\" \/>\n<meta name=\"twitter:label1\" content=\"Written by\" \/>\n\t<meta name=\"twitter:data1\" content=\"US5\" \/>\n\t<meta name=\"twitter:label2\" content=\"Est. reading time\" \/>\n\t<meta name=\"twitter:data2\" content=\"3 minutes\" \/>\n<script type=\"application\/ld+json\" class=\"yoast-schema-graph\">{\"@context\":\"https:\/\/schema.org\",\"@graph\":[{\"@type\":\"WebPage\",\"@id\":\"https:\/\/veritasinfo.org\/?p=27392\",\"url\":\"https:\/\/veritasinfo.org\/?p=27392\",\"name\":\"Rreziku i sulmeve terroriste nga Serbia gjithnj\u00eb evident -\",\"isPartOf\":{\"@id\":\"https:\/\/veritasinfo.org\/#website\"},\"primaryImageOfPage\":{\"@id\":\"https:\/\/veritasinfo.org\/?p=27392#primaryimage\"},\"image\":{\"@id\":\"https:\/\/veritasinfo.org\/?p=27392#primaryimage\"},\"thumbnailUrl\":\"https:\/\/veritasinfo.org\/wp-content\/uploads\/2026\/01\/IMG-20260112-WA0000.jpg\",\"datePublished\":\"2026-01-12T07:09:43+00:00\",\"dateModified\":\"2026-01-12T07:27:23+00:00\",\"author\":{\"@id\":\"https:\/\/veritasinfo.org\/#\/schema\/person\/bc442336e35414d04494ab8fb45db4c6\"},\"breadcrumb\":{\"@id\":\"https:\/\/veritasinfo.org\/?p=27392#breadcrumb\"},\"inLanguage\":\"en-US\",\"potentialAction\":[{\"@type\":\"ReadAction\",\"target\":[\"https:\/\/veritasinfo.org\/?p=27392\"]}]},{\"@type\":\"ImageObject\",\"inLanguage\":\"en-US\",\"@id\":\"https:\/\/veritasinfo.org\/?p=27392#primaryimage\",\"url\":\"https:\/\/veritasinfo.org\/wp-content\/uploads\/2026\/01\/IMG-20260112-WA0000.jpg\",\"contentUrl\":\"https:\/\/veritasinfo.org\/wp-content\/uploads\/2026\/01\/IMG-20260112-WA0000.jpg\",\"width\":882,\"height\":618},{\"@type\":\"BreadcrumbList\",\"@id\":\"https:\/\/veritasinfo.org\/?p=27392#breadcrumb\",\"itemListElement\":[{\"@type\":\"ListItem\",\"position\":1,\"name\":\"Home\",\"item\":\"https:\/\/veritasinfo.org\/\"},{\"@type\":\"ListItem\",\"position\":2,\"name\":\"Rreziku i sulmeve terroriste nga Serbia gjithnj\u00eb evident\"}]},{\"@type\":\"WebSite\",\"@id\":\"https:\/\/veritasinfo.org\/#website\",\"url\":\"https:\/\/veritasinfo.org\/\",\"name\":\"\",\"description\":\"\",\"potentialAction\":[{\"@type\":\"SearchAction\",\"target\":{\"@type\":\"EntryPoint\",\"urlTemplate\":\"https:\/\/veritasinfo.org\/?s={search_term_string}\"},\"query-input\":{\"@type\":\"PropertyValueSpecification\",\"valueRequired\":true,\"valueName\":\"search_term_string\"}}],\"inLanguage\":\"en-US\"},{\"@type\":\"Person\",\"@id\":\"https:\/\/veritasinfo.org\/#\/schema\/person\/bc442336e35414d04494ab8fb45db4c6\",\"name\":\"US5\",\"image\":{\"@type\":\"ImageObject\",\"inLanguage\":\"en-US\",\"@id\":\"https:\/\/veritasinfo.org\/#\/schema\/person\/image\/\",\"url\":\"https:\/\/secure.gravatar.com\/avatar\/16a61e7272a0c5d001121ebb9e60e925d5816e4ac1e443ed3e640d9a6ae55d0c?s=96&d=mm&r=g\",\"contentUrl\":\"https:\/\/secure.gravatar.com\/avatar\/16a61e7272a0c5d001121ebb9e60e925d5816e4ac1e443ed3e640d9a6ae55d0c?s=96&d=mm&r=g\",\"caption\":\"US5\"},\"url\":\"https:\/\/veritasinfo.org\/?author=6\"}]}<\/script>\n<!-- \/ Yoast SEO plugin. -->","yoast_head_json":{"title":"Rreziku i sulmeve terroriste nga Serbia gjithnj\u00eb evident -","robots":{"index":"index","follow":"follow","max-snippet":"max-snippet:-1","max-image-preview":"max-image-preview:large","max-video-preview":"max-video-preview:-1"},"canonical":"https:\/\/veritasinfo.org\/?p=27392","og_locale":"en_US","og_type":"article","og_title":"Rreziku i sulmeve terroriste nga Serbia gjithnj\u00eb evident -","og_description":"Prishtin\u00eb 12 Janar 2026 08:07 Numri i personave q\u00eb u p\u00ebrfshin\u00eb n\u00eb p\u00ebrgatitjen dhe realizimin e sulmit n\u00eb Banjsk\u00eb p\u00ebrfshin m\u00eb shum\u00eb se sa 44","og_url":"https:\/\/veritasinfo.org\/?p=27392","article_published_time":"2026-01-12T07:09:43+00:00","article_modified_time":"2026-01-12T07:27:23+00:00","og_image":[{"width":882,"height":618,"url":"https:\/\/veritasinfo.org\/wp-content\/uploads\/2026\/01\/IMG-20260112-WA0000.jpg","type":"image\/jpeg"}],"author":"US5","twitter_card":"summary_large_image","twitter_misc":{"Written by":"US5","Est. reading time":"3 minutes"},"schema":{"@context":"https:\/\/schema.org","@graph":[{"@type":"WebPage","@id":"https:\/\/veritasinfo.org\/?p=27392","url":"https:\/\/veritasinfo.org\/?p=27392","name":"Rreziku i sulmeve terroriste nga Serbia gjithnj\u00eb evident -","isPartOf":{"@id":"https:\/\/veritasinfo.org\/#website"},"primaryImageOfPage":{"@id":"https:\/\/veritasinfo.org\/?p=27392#primaryimage"},"image":{"@id":"https:\/\/veritasinfo.org\/?p=27392#primaryimage"},"thumbnailUrl":"https:\/\/veritasinfo.org\/wp-content\/uploads\/2026\/01\/IMG-20260112-WA0000.jpg","datePublished":"2026-01-12T07:09:43+00:00","dateModified":"2026-01-12T07:27:23+00:00","author":{"@id":"https:\/\/veritasinfo.org\/#\/schema\/person\/bc442336e35414d04494ab8fb45db4c6"},"breadcrumb":{"@id":"https:\/\/veritasinfo.org\/?p=27392#breadcrumb"},"inLanguage":"en-US","potentialAction":[{"@type":"ReadAction","target":["https:\/\/veritasinfo.org\/?p=27392"]}]},{"@type":"ImageObject","inLanguage":"en-US","@id":"https:\/\/veritasinfo.org\/?p=27392#primaryimage","url":"https:\/\/veritasinfo.org\/wp-content\/uploads\/2026\/01\/IMG-20260112-WA0000.jpg","contentUrl":"https:\/\/veritasinfo.org\/wp-content\/uploads\/2026\/01\/IMG-20260112-WA0000.jpg","width":882,"height":618},{"@type":"BreadcrumbList","@id":"https:\/\/veritasinfo.org\/?p=27392#breadcrumb","itemListElement":[{"@type":"ListItem","position":1,"name":"Home","item":"https:\/\/veritasinfo.org\/"},{"@type":"ListItem","position":2,"name":"Rreziku i sulmeve terroriste nga Serbia gjithnj\u00eb evident"}]},{"@type":"WebSite","@id":"https:\/\/veritasinfo.org\/#website","url":"https:\/\/veritasinfo.org\/","name":"","description":"","potentialAction":[{"@type":"SearchAction","target":{"@type":"EntryPoint","urlTemplate":"https:\/\/veritasinfo.org\/?s={search_term_string}"},"query-input":{"@type":"PropertyValueSpecification","valueRequired":true,"valueName":"search_term_string"}}],"inLanguage":"en-US"},{"@type":"Person","@id":"https:\/\/veritasinfo.org\/#\/schema\/person\/bc442336e35414d04494ab8fb45db4c6","name":"US5","image":{"@type":"ImageObject","inLanguage":"en-US","@id":"https:\/\/veritasinfo.org\/#\/schema\/person\/image\/","url":"https:\/\/secure.gravatar.com\/avatar\/16a61e7272a0c5d001121ebb9e60e925d5816e4ac1e443ed3e640d9a6ae55d0c?s=96&d=mm&r=g","contentUrl":"https:\/\/secure.gravatar.com\/avatar\/16a61e7272a0c5d001121ebb9e60e925d5816e4ac1e443ed3e640d9a6ae55d0c?s=96&d=mm&r=g","caption":"US5"},"url":"https:\/\/veritasinfo.org\/?author=6"}]}},"featured_image_urls":{"full":["https:\/\/veritasinfo.org\/wp-content\/uploads\/2026\/01\/IMG-20260112-WA0000.jpg",882,618,false],"thumbnail":["https:\/\/veritasinfo.org\/wp-content\/uploads\/2026\/01\/IMG-20260112-WA0000-150x150.jpg",150,150,true],"medium":["https:\/\/veritasinfo.org\/wp-content\/uploads\/2026\/01\/IMG-20260112-WA0000-300x210.jpg",300,210,true],"medium_large":["https:\/\/veritasinfo.org\/wp-content\/uploads\/2026\/01\/IMG-20260112-WA0000-768x538.jpg",640,448,true],"large":["https:\/\/veritasinfo.org\/wp-content\/uploads\/2026\/01\/IMG-20260112-WA0000.jpg",640,448,false],"1536x1536":["https:\/\/veritasinfo.org\/wp-content\/uploads\/2026\/01\/IMG-20260112-WA0000.jpg",882,618,false],"2048x2048":["https:\/\/veritasinfo.org\/wp-content\/uploads\/2026\/01\/IMG-20260112-WA0000.jpg",882,618,false],"kreeti-slider-full":["https:\/\/veritasinfo.org\/wp-content\/uploads\/2026\/01\/IMG-20260112-WA0000.jpg",882,618,false],"kreeti-featured":["https:\/\/veritasinfo.org\/wp-content\/uploads\/2026\/01\/IMG-20260112-WA0000.jpg",882,618,false],"kreeti-medium":["https:\/\/veritasinfo.org\/wp-content\/uploads\/2026\/01\/IMG-20260112-WA0000.jpg",720,504,false],"kreeti-medium-square":["https:\/\/veritasinfo.org\/wp-content\/uploads\/2026\/01\/IMG-20260112-WA0000.jpg",350,245,false]},"author_info":{"info":["US5"]},"category_info":"<a href=\"https:\/\/veritasinfo.org\/?cat=60\" rel=\"category\">Shoq\u00ebrore<\/a>","tag_info":"Shoq\u00ebrore","comment_count":"0","_links":{"self":[{"href":"https:\/\/veritasinfo.org\/index.php?rest_route=\/wp\/v2\/posts\/27392","targetHints":{"allow":["GET"]}}],"collection":[{"href":"https:\/\/veritasinfo.org\/index.php?rest_route=\/wp\/v2\/posts"}],"about":[{"href":"https:\/\/veritasinfo.org\/index.php?rest_route=\/wp\/v2\/types\/post"}],"author":[{"embeddable":true,"href":"https:\/\/veritasinfo.org\/index.php?rest_route=\/wp\/v2\/users\/6"}],"replies":[{"embeddable":true,"href":"https:\/\/veritasinfo.org\/index.php?rest_route=%2Fwp%2Fv2%2Fcomments&post=27392"}],"version-history":[{"count":2,"href":"https:\/\/veritasinfo.org\/index.php?rest_route=\/wp\/v2\/posts\/27392\/revisions"}],"predecessor-version":[{"id":27405,"href":"https:\/\/veritasinfo.org\/index.php?rest_route=\/wp\/v2\/posts\/27392\/revisions\/27405"}],"wp:featuredmedia":[{"embeddable":true,"href":"https:\/\/veritasinfo.org\/index.php?rest_route=\/wp\/v2\/media\/27394"}],"wp:attachment":[{"href":"https:\/\/veritasinfo.org\/index.php?rest_route=%2Fwp%2Fv2%2Fmedia&parent=27392"}],"wp:term":[{"taxonomy":"category","embeddable":true,"href":"https:\/\/veritasinfo.org\/index.php?rest_route=%2Fwp%2Fv2%2Fcategories&post=27392"},{"taxonomy":"post_tag","embeddable":true,"href":"https:\/\/veritasinfo.org\/index.php?rest_route=%2Fwp%2Fv2%2Ftags&post=27392"}],"curies":[{"name":"wp","href":"https:\/\/api.w.org\/{rel}","templated":true}]}}