{"id":27386,"date":"2026-01-12T06:36:52","date_gmt":"2026-01-12T05:36:52","guid":{"rendered":"https:\/\/veritasinfo.org\/?p=27386"},"modified":"2026-01-12T06:36:52","modified_gmt":"2026-01-12T05:36:52","slug":"safet-kamberi-zgjidhet-kryesues-i-kuvendit-komunal-te-mitrovices","status":"publish","type":"post","link":"https:\/\/veritasinfo.org\/?p=27386","title":{"rendered":"Safet Kamberi zgjidhet kryesues i Kuvendit Komunal t\u00eb Mitrovic\u00ebs"},"content":{"rendered":"<p>Mitrovic\u00eb, 12 janar 2026 06:34<\/p>\n<p>Kuvendi Komunal i Mitrovic\u00ebs, sonte n\u00eb nj\u00eb seanc\u00eb t\u00eb jasht\u00ebzakonshme me 18 vota p\u00ebr, 10 kund\u00ebr dhe 2 vota t\u00eb pavlefshme, ka zgjedhur Safet Kamberin nga radh\u00ebt e LDK-s\u00eb, kryesues t\u00eb Kuvendit.<\/p>\n<p>N\u00eb k\u00ebt\u00eb mbledhje jan\u00eb shqyrtuar dy pika t\u00eb rendit t\u00eb dit\u00ebs: betimi i an\u00ebtarit t\u00eb ri t\u00eb Kuvendit t\u00eb Komun\u00ebs, Arian Tahiri.<\/p>\n<div class=\"jeg_ad jeg_ad_article jnews_content_inline_ads  \">\n<div class=\"ads-wrapper align-center \">Kryesuesi i sapozgjedhur, Safet Kamberi, fal\u00ebnderoi t\u00eb gjith\u00eb asamblist\u00ebt p\u00ebr besimin e dh\u00ebn\u00eb, duke premtuar se do t\u00eb angazhohet p\u00ebr ruajtjen e frym\u00ebs demokratike t\u00eb pun\u00ebs dhe bashk\u00ebpunim t\u00eb hapur me t\u00eb gjith\u00eb k\u00ebshilltar\u00ebt e Kuvendit t\u00eb Komun\u00ebs, thuhet n\u00eb njoftimin e komun\u00ebs.<\/div>\n<\/div>\n","protected":false},"excerpt":{"rendered":"<p>Mitrovic\u00eb, 12 janar 2026 06:34 Kuvendi Komunal i Mitrovic\u00ebs, sonte n\u00eb nj\u00eb seanc\u00eb t\u00eb jasht\u00ebzakonshme me 18 vota p\u00ebr, 10 kund\u00ebr dhe 2 vota t\u00eb<\/p>\n","protected":false},"author":7,"featured_media":27387,"comment_status":"open","ping_status":"open","sticky":false,"template":"","format":"standard","meta":{"footnotes":""},"categories":[52],"tags":[],"class_list":["post-27386","post","type-post","status-publish","format-standard","has-post-thumbnail","hentry","category-komunat-sq"],"yoast_head":"<!-- This site is optimized with the Yoast SEO plugin v25.3.1 - https:\/\/yoast.com\/wordpress\/plugins\/seo\/ -->\n<title>Safet Kamberi zgjidhet kryesues i Kuvendit Komunal t\u00eb Mitrovic\u00ebs -<\/title>\n<meta name=\"robots\" content=\"index, follow, max-snippet:-1, max-image-preview:large, max-video-preview:-1\" \/>\n<link rel=\"canonical\" href=\"https:\/\/veritasinfo.org\/?p=27386\" \/>\n<meta property=\"og:locale\" content=\"en_US\" \/>\n<meta property=\"og:type\" content=\"article\" \/>\n<meta property=\"og:title\" content=\"Safet Kamberi zgjidhet kryesues i Kuvendit Komunal t\u00eb Mitrovic\u00ebs -\" \/>\n<meta property=\"og:description\" content=\"Mitrovic\u00eb, 12 janar 2026 06:34 Kuvendi Komunal i Mitrovic\u00ebs, sonte n\u00eb nj\u00eb seanc\u00eb t\u00eb jasht\u00ebzakonshme me 18 vota p\u00ebr, 10 kund\u00ebr dhe 2 vota t\u00eb\" \/>\n<meta property=\"og:url\" content=\"https:\/\/veritasinfo.org\/?p=27386\" \/>\n<meta property=\"article:published_time\" content=\"2026-01-12T05:36:52+00:00\" \/>\n<meta property=\"og:image\" content=\"https:\/\/veritasinfo.org\/wp-content\/uploads\/2026\/01\/ggggg.jpg\" \/>\n\t<meta property=\"og:image:width\" content=\"1147\" \/>\n\t<meta property=\"og:image:height\" content=\"824\" \/>\n\t<meta property=\"og:image:type\" content=\"image\/jpeg\" \/>\n<meta name=\"author\" content=\"US6\" \/>\n<meta name=\"twitter:card\" content=\"summary_large_image\" \/>\n<meta name=\"twitter:label1\" content=\"Written by\" \/>\n\t<meta name=\"twitter:data1\" content=\"US6\" \/>\n\t<meta name=\"twitter:label2\" content=\"Est. reading time\" \/>\n\t<meta name=\"twitter:data2\" content=\"1 minute\" \/>\n<script type=\"application\/ld+json\" class=\"yoast-schema-graph\">{\"@context\":\"https:\/\/schema.org\",\"@graph\":[{\"@type\":\"WebPage\",\"@id\":\"https:\/\/veritasinfo.org\/?p=27386\",\"url\":\"https:\/\/veritasinfo.org\/?p=27386\",\"name\":\"Safet Kamberi zgjidhet kryesues i Kuvendit Komunal t\u00eb Mitrovic\u00ebs -\",\"isPartOf\":{\"@id\":\"https:\/\/veritasinfo.org\/#website\"},\"primaryImageOfPage\":{\"@id\":\"https:\/\/veritasinfo.org\/?p=27386#primaryimage\"},\"image\":{\"@id\":\"https:\/\/veritasinfo.org\/?p=27386#primaryimage\"},\"thumbnailUrl\":\"https:\/\/veritasinfo.org\/wp-content\/uploads\/2026\/01\/ggggg.jpg\",\"datePublished\":\"2026-01-12T05:36:52+00:00\",\"author\":{\"@id\":\"https:\/\/veritasinfo.org\/#\/schema\/person\/fe199eede04c3937362892b7444747cc\"},\"breadcrumb\":{\"@id\":\"https:\/\/veritasinfo.org\/?p=27386#breadcrumb\"},\"inLanguage\":\"en-US\",\"potentialAction\":[{\"@type\":\"ReadAction\",\"target\":[\"https:\/\/veritasinfo.org\/?p=27386\"]}]},{\"@type\":\"ImageObject\",\"inLanguage\":\"en-US\",\"@id\":\"https:\/\/veritasinfo.org\/?p=27386#primaryimage\",\"url\":\"https:\/\/veritasinfo.org\/wp-content\/uploads\/2026\/01\/ggggg.jpg\",\"contentUrl\":\"https:\/\/veritasinfo.org\/wp-content\/uploads\/2026\/01\/ggggg.jpg\",\"width\":1147,\"height\":824},{\"@type\":\"BreadcrumbList\",\"@id\":\"https:\/\/veritasinfo.org\/?p=27386#breadcrumb\",\"itemListElement\":[{\"@type\":\"ListItem\",\"position\":1,\"name\":\"Home\",\"item\":\"https:\/\/veritasinfo.org\/\"},{\"@type\":\"ListItem\",\"position\":2,\"name\":\"Safet Kamberi zgjidhet kryesues i Kuvendit Komunal t\u00eb Mitrovic\u00ebs\"}]},{\"@type\":\"WebSite\",\"@id\":\"https:\/\/veritasinfo.org\/#website\",\"url\":\"https:\/\/veritasinfo.org\/\",\"name\":\"\",\"description\":\"\",\"potentialAction\":[{\"@type\":\"SearchAction\",\"target\":{\"@type\":\"EntryPoint\",\"urlTemplate\":\"https:\/\/veritasinfo.org\/?s={search_term_string}\"},\"query-input\":{\"@type\":\"PropertyValueSpecification\",\"valueRequired\":true,\"valueName\":\"search_term_string\"}}],\"inLanguage\":\"en-US\"},{\"@type\":\"Person\",\"@id\":\"https:\/\/veritasinfo.org\/#\/schema\/person\/fe199eede04c3937362892b7444747cc\",\"name\":\"US6\",\"image\":{\"@type\":\"ImageObject\",\"inLanguage\":\"en-US\",\"@id\":\"https:\/\/veritasinfo.org\/#\/schema\/person\/image\/\",\"url\":\"https:\/\/secure.gravatar.com\/avatar\/cb16c3c31c9d23b9b8c705964598220b3014e42ff51eb540ff23cefa3ae8c15f?s=96&d=mm&r=g\",\"contentUrl\":\"https:\/\/secure.gravatar.com\/avatar\/cb16c3c31c9d23b9b8c705964598220b3014e42ff51eb540ff23cefa3ae8c15f?s=96&d=mm&r=g\",\"caption\":\"US6\"},\"url\":\"https:\/\/veritasinfo.org\/?author=7\"}]}<\/script>\n<!-- \/ Yoast SEO plugin. -->","yoast_head_json":{"title":"Safet Kamberi zgjidhet kryesues i Kuvendit Komunal t\u00eb Mitrovic\u00ebs -","robots":{"index":"index","follow":"follow","max-snippet":"max-snippet:-1","max-image-preview":"max-image-preview:large","max-video-preview":"max-video-preview:-1"},"canonical":"https:\/\/veritasinfo.org\/?p=27386","og_locale":"en_US","og_type":"article","og_title":"Safet Kamberi zgjidhet kryesues i Kuvendit Komunal t\u00eb Mitrovic\u00ebs -","og_description":"Mitrovic\u00eb, 12 janar 2026 06:34 Kuvendi Komunal i Mitrovic\u00ebs, sonte n\u00eb nj\u00eb seanc\u00eb t\u00eb jasht\u00ebzakonshme me 18 vota p\u00ebr, 10 kund\u00ebr dhe 2 vota t\u00eb","og_url":"https:\/\/veritasinfo.org\/?p=27386","article_published_time":"2026-01-12T05:36:52+00:00","og_image":[{"width":1147,"height":824,"url":"https:\/\/veritasinfo.org\/wp-content\/uploads\/2026\/01\/ggggg.jpg","type":"image\/jpeg"}],"author":"US6","twitter_card":"summary_large_image","twitter_misc":{"Written by":"US6","Est. reading time":"1 minute"},"schema":{"@context":"https:\/\/schema.org","@graph":[{"@type":"WebPage","@id":"https:\/\/veritasinfo.org\/?p=27386","url":"https:\/\/veritasinfo.org\/?p=27386","name":"Safet Kamberi zgjidhet kryesues i Kuvendit Komunal t\u00eb Mitrovic\u00ebs -","isPartOf":{"@id":"https:\/\/veritasinfo.org\/#website"},"primaryImageOfPage":{"@id":"https:\/\/veritasinfo.org\/?p=27386#primaryimage"},"image":{"@id":"https:\/\/veritasinfo.org\/?p=27386#primaryimage"},"thumbnailUrl":"https:\/\/veritasinfo.org\/wp-content\/uploads\/2026\/01\/ggggg.jpg","datePublished":"2026-01-12T05:36:52+00:00","author":{"@id":"https:\/\/veritasinfo.org\/#\/schema\/person\/fe199eede04c3937362892b7444747cc"},"breadcrumb":{"@id":"https:\/\/veritasinfo.org\/?p=27386#breadcrumb"},"inLanguage":"en-US","potentialAction":[{"@type":"ReadAction","target":["https:\/\/veritasinfo.org\/?p=27386"]}]},{"@type":"ImageObject","inLanguage":"en-US","@id":"https:\/\/veritasinfo.org\/?p=27386#primaryimage","url":"https:\/\/veritasinfo.org\/wp-content\/uploads\/2026\/01\/ggggg.jpg","contentUrl":"https:\/\/veritasinfo.org\/wp-content\/uploads\/2026\/01\/ggggg.jpg","width":1147,"height":824},{"@type":"BreadcrumbList","@id":"https:\/\/veritasinfo.org\/?p=27386#breadcrumb","itemListElement":[{"@type":"ListItem","position":1,"name":"Home","item":"https:\/\/veritasinfo.org\/"},{"@type":"ListItem","position":2,"name":"Safet Kamberi zgjidhet kryesues i Kuvendit Komunal t\u00eb Mitrovic\u00ebs"}]},{"@type":"WebSite","@id":"https:\/\/veritasinfo.org\/#website","url":"https:\/\/veritasinfo.org\/","name":"","description":"","potentialAction":[{"@type":"SearchAction","target":{"@type":"EntryPoint","urlTemplate":"https:\/\/veritasinfo.org\/?s={search_term_string}"},"query-input":{"@type":"PropertyValueSpecification","valueRequired":true,"valueName":"search_term_string"}}],"inLanguage":"en-US"},{"@type":"Person","@id":"https:\/\/veritasinfo.org\/#\/schema\/person\/fe199eede04c3937362892b7444747cc","name":"US6","image":{"@type":"ImageObject","inLanguage":"en-US","@id":"https:\/\/veritasinfo.org\/#\/schema\/person\/image\/","url":"https:\/\/secure.gravatar.com\/avatar\/cb16c3c31c9d23b9b8c705964598220b3014e42ff51eb540ff23cefa3ae8c15f?s=96&d=mm&r=g","contentUrl":"https:\/\/secure.gravatar.com\/avatar\/cb16c3c31c9d23b9b8c705964598220b3014e42ff51eb540ff23cefa3ae8c15f?s=96&d=mm&r=g","caption":"US6"},"url":"https:\/\/veritasinfo.org\/?author=7"}]}},"featured_image_urls":{"full":["https:\/\/veritasinfo.org\/wp-content\/uploads\/2026\/01\/ggggg.jpg",1147,824,false],"thumbnail":["https:\/\/veritasinfo.org\/wp-content\/uploads\/2026\/01\/ggggg-150x150.jpg",150,150,true],"medium":["https:\/\/veritasinfo.org\/wp-content\/uploads\/2026\/01\/ggggg-300x216.jpg",300,216,true],"medium_large":["https:\/\/veritasinfo.org\/wp-content\/uploads\/2026\/01\/ggggg-768x552.jpg",640,460,true],"large":["https:\/\/veritasinfo.org\/wp-content\/uploads\/2026\/01\/ggggg-1024x736.jpg",640,460,true],"1536x1536":["https:\/\/veritasinfo.org\/wp-content\/uploads\/2026\/01\/ggggg.jpg",1147,824,false],"2048x2048":["https:\/\/veritasinfo.org\/wp-content\/uploads\/2026\/01\/ggggg.jpg",1147,824,false],"kreeti-slider-full":["https:\/\/veritasinfo.org\/wp-content\/uploads\/2026\/01\/ggggg.jpg",1002,720,false],"kreeti-featured":["https:\/\/veritasinfo.org\/wp-content\/uploads\/2026\/01\/ggggg.jpg",1024,736,false],"kreeti-medium":["https:\/\/veritasinfo.org\/wp-content\/uploads\/2026\/01\/ggggg.jpg",720,517,false],"kreeti-medium-square":["https:\/\/veritasinfo.org\/wp-content\/uploads\/2026\/01\/ggggg.jpg",350,251,false]},"author_info":{"info":["US6"]},"category_info":"<a href=\"https:\/\/veritasinfo.org\/?cat=52\" rel=\"category\">Komunat<\/a>","tag_info":"Komunat","comment_count":"0","_links":{"self":[{"href":"https:\/\/veritasinfo.org\/index.php?rest_route=\/wp\/v2\/posts\/27386","targetHints":{"allow":["GET"]}}],"collection":[{"href":"https:\/\/veritasinfo.org\/index.php?rest_route=\/wp\/v2\/posts"}],"about":[{"href":"https:\/\/veritasinfo.org\/index.php?rest_route=\/wp\/v2\/types\/post"}],"author":[{"embeddable":true,"href":"https:\/\/veritasinfo.org\/index.php?rest_route=\/wp\/v2\/users\/7"}],"replies":[{"embeddable":true,"href":"https:\/\/veritasinfo.org\/index.php?rest_route=%2Fwp%2Fv2%2Fcomments&post=27386"}],"version-history":[{"count":1,"href":"https:\/\/veritasinfo.org\/index.php?rest_route=\/wp\/v2\/posts\/27386\/revisions"}],"predecessor-version":[{"id":27388,"href":"https:\/\/veritasinfo.org\/index.php?rest_route=\/wp\/v2\/posts\/27386\/revisions\/27388"}],"wp:featuredmedia":[{"embeddable":true,"href":"https:\/\/veritasinfo.org\/index.php?rest_route=\/wp\/v2\/media\/27387"}],"wp:attachment":[{"href":"https:\/\/veritasinfo.org\/index.php?rest_route=%2Fwp%2Fv2%2Fmedia&parent=27386"}],"wp:term":[{"taxonomy":"category","embeddable":true,"href":"https:\/\/veritasinfo.org\/index.php?rest_route=%2Fwp%2Fv2%2Fcategories&post=27386"},{"taxonomy":"post_tag","embeddable":true,"href":"https:\/\/veritasinfo.org\/index.php?rest_route=%2Fwp%2Fv2%2Ftags&post=27386"}],"curies":[{"name":"wp","href":"https:\/\/api.w.org\/{rel}","templated":true}]}}