{"id":27381,"date":"2026-01-11T21:02:51","date_gmt":"2026-01-11T20:02:51","guid":{"rendered":"https:\/\/veritasinfo.org\/?p=27381"},"modified":"2026-01-11T21:02:51","modified_gmt":"2026-01-11T20:02:51","slug":"drenasi-merr-vendim-mesimi-pezullohet-deri-me-14-janar","status":"publish","type":"post","link":"https:\/\/veritasinfo.org\/?p=27381","title":{"rendered":"Drenasi merr vendim, m\u00ebsimi pezullohet deri m\u00eb 14 janar"},"content":{"rendered":"<p>Drenas, 11 janar 2026 21:02<\/p>\n<p>Nisja e gjysm\u00ebvjetorit t\u00eb dyt\u00eb n\u00eb shkollat e Drenasit \u00ebsht\u00eb shtyr\u00eb deri m\u00eb 14 janar.<\/p>\n<p>Vendimi \u00ebsht\u00eb marr\u00eb nga kryetari i k\u00ebsaj komune, Ramiz Lladrovci.<\/p>\n<p>&#8220;P\u00ebr shkak t\u00eb rrethanave t\u00eb krijuara nga v\u00ebrshimet, bora, ngricat dhe mungesa e ujit t\u00eb pijes n\u00eb disa pjes\u00eb t\u00eb komun\u00ebs, Kryetari i Komun\u00ebs s\u00eb Drenasit ka marr\u00eb vendim q\u00eb t\u00eb pezullohet vijimi i m\u00ebsimit n\u00eb t\u00eb gjitha nivelet e arsimit parashkollor dhe shkollor\u201d, thuhet n\u00eb njoftim.<\/p>\n<p>&#8220;Ky vendim \u00ebsht\u00eb marr\u00eb me q\u00ebllim t\u00eb ruajtjes s\u00eb siguris\u00eb s\u00eb nx\u00ebn\u00ebsve, m\u00ebsimdh\u00ebn\u00ebsve dhe stafit arsimor. Ekipet emergjente dhe institucionet tjera lokale jan\u00eb t\u00eb p\u00ebrkushtuara p\u00ebr ta normalizuar gjendjen, n\u00eb bashk\u00ebpunim me Policin\u00eb e Kosov\u00ebs, me qytetar\u00ebt dhe kompanit\u00eb n\u00eb t\u00ebr\u00eb territorin e komun\u00ebs s\u00eb Drenasit\u201d, thuhet tutje n\u00eb njoftim.<\/p>\n","protected":false},"excerpt":{"rendered":"<p>Drenas, 11 janar 2026 21:02 Nisja e gjysm\u00ebvjetorit t\u00eb dyt\u00eb n\u00eb shkollat e Drenasit \u00ebsht\u00eb shtyr\u00eb deri m\u00eb 14 janar. Vendimi \u00ebsht\u00eb marr\u00eb nga kryetari<\/p>\n","protected":false},"author":7,"featured_media":27382,"comment_status":"open","ping_status":"open","sticky":false,"template":"","format":"standard","meta":{"footnotes":""},"categories":[52],"tags":[],"class_list":["post-27381","post","type-post","status-publish","format-standard","has-post-thumbnail","hentry","category-komunat-sq"],"yoast_head":"<!-- This site is optimized with the Yoast SEO plugin v25.3.1 - https:\/\/yoast.com\/wordpress\/plugins\/seo\/ -->\n<title>Drenasi merr vendim, m\u00ebsimi pezullohet deri m\u00eb 14 janar -<\/title>\n<meta name=\"robots\" content=\"index, follow, max-snippet:-1, max-image-preview:large, max-video-preview:-1\" \/>\n<link rel=\"canonical\" href=\"https:\/\/veritasinfo.org\/?p=27381\" \/>\n<meta property=\"og:locale\" content=\"en_US\" \/>\n<meta property=\"og:type\" content=\"article\" \/>\n<meta property=\"og:title\" content=\"Drenasi merr vendim, m\u00ebsimi pezullohet deri m\u00eb 14 janar -\" \/>\n<meta property=\"og:description\" content=\"Drenas, 11 janar 2026 21:02 Nisja e gjysm\u00ebvjetorit t\u00eb dyt\u00eb n\u00eb shkollat e Drenasit \u00ebsht\u00eb shtyr\u00eb deri m\u00eb 14 janar. Vendimi \u00ebsht\u00eb marr\u00eb nga kryetari\" \/>\n<meta property=\"og:url\" content=\"https:\/\/veritasinfo.org\/?p=27381\" \/>\n<meta property=\"article:published_time\" content=\"2026-01-11T20:02:51+00:00\" \/>\n<meta property=\"og:image\" content=\"https:\/\/veritasinfo.org\/wp-content\/uploads\/2026\/01\/SHKOLLA.jpg\" \/>\n\t<meta property=\"og:image:width\" content=\"909\" \/>\n\t<meta property=\"og:image:height\" content=\"687\" \/>\n\t<meta property=\"og:image:type\" content=\"image\/jpeg\" \/>\n<meta name=\"author\" content=\"US6\" \/>\n<meta name=\"twitter:card\" content=\"summary_large_image\" \/>\n<meta name=\"twitter:label1\" content=\"Written by\" \/>\n\t<meta name=\"twitter:data1\" content=\"US6\" \/>\n\t<meta name=\"twitter:label2\" content=\"Est. reading time\" \/>\n\t<meta name=\"twitter:data2\" content=\"1 minute\" \/>\n<script type=\"application\/ld+json\" class=\"yoast-schema-graph\">{\"@context\":\"https:\/\/schema.org\",\"@graph\":[{\"@type\":\"WebPage\",\"@id\":\"https:\/\/veritasinfo.org\/?p=27381\",\"url\":\"https:\/\/veritasinfo.org\/?p=27381\",\"name\":\"Drenasi merr vendim, m\u00ebsimi pezullohet deri m\u00eb 14 janar -\",\"isPartOf\":{\"@id\":\"https:\/\/veritasinfo.org\/#website\"},\"primaryImageOfPage\":{\"@id\":\"https:\/\/veritasinfo.org\/?p=27381#primaryimage\"},\"image\":{\"@id\":\"https:\/\/veritasinfo.org\/?p=27381#primaryimage\"},\"thumbnailUrl\":\"https:\/\/veritasinfo.org\/wp-content\/uploads\/2026\/01\/SHKOLLA.jpg\",\"datePublished\":\"2026-01-11T20:02:51+00:00\",\"author\":{\"@id\":\"https:\/\/veritasinfo.org\/#\/schema\/person\/fe199eede04c3937362892b7444747cc\"},\"breadcrumb\":{\"@id\":\"https:\/\/veritasinfo.org\/?p=27381#breadcrumb\"},\"inLanguage\":\"en-US\",\"potentialAction\":[{\"@type\":\"ReadAction\",\"target\":[\"https:\/\/veritasinfo.org\/?p=27381\"]}]},{\"@type\":\"ImageObject\",\"inLanguage\":\"en-US\",\"@id\":\"https:\/\/veritasinfo.org\/?p=27381#primaryimage\",\"url\":\"https:\/\/veritasinfo.org\/wp-content\/uploads\/2026\/01\/SHKOLLA.jpg\",\"contentUrl\":\"https:\/\/veritasinfo.org\/wp-content\/uploads\/2026\/01\/SHKOLLA.jpg\",\"width\":909,\"height\":687},{\"@type\":\"BreadcrumbList\",\"@id\":\"https:\/\/veritasinfo.org\/?p=27381#breadcrumb\",\"itemListElement\":[{\"@type\":\"ListItem\",\"position\":1,\"name\":\"Home\",\"item\":\"https:\/\/veritasinfo.org\/\"},{\"@type\":\"ListItem\",\"position\":2,\"name\":\"Drenasi merr vendim, m\u00ebsimi pezullohet deri m\u00eb 14 janar\"}]},{\"@type\":\"WebSite\",\"@id\":\"https:\/\/veritasinfo.org\/#website\",\"url\":\"https:\/\/veritasinfo.org\/\",\"name\":\"\",\"description\":\"\",\"potentialAction\":[{\"@type\":\"SearchAction\",\"target\":{\"@type\":\"EntryPoint\",\"urlTemplate\":\"https:\/\/veritasinfo.org\/?s={search_term_string}\"},\"query-input\":{\"@type\":\"PropertyValueSpecification\",\"valueRequired\":true,\"valueName\":\"search_term_string\"}}],\"inLanguage\":\"en-US\"},{\"@type\":\"Person\",\"@id\":\"https:\/\/veritasinfo.org\/#\/schema\/person\/fe199eede04c3937362892b7444747cc\",\"name\":\"US6\",\"image\":{\"@type\":\"ImageObject\",\"inLanguage\":\"en-US\",\"@id\":\"https:\/\/veritasinfo.org\/#\/schema\/person\/image\/\",\"url\":\"https:\/\/secure.gravatar.com\/avatar\/cb16c3c31c9d23b9b8c705964598220b3014e42ff51eb540ff23cefa3ae8c15f?s=96&d=mm&r=g\",\"contentUrl\":\"https:\/\/secure.gravatar.com\/avatar\/cb16c3c31c9d23b9b8c705964598220b3014e42ff51eb540ff23cefa3ae8c15f?s=96&d=mm&r=g\",\"caption\":\"US6\"},\"url\":\"https:\/\/veritasinfo.org\/?author=7\"}]}<\/script>\n<!-- \/ Yoast SEO plugin. -->","yoast_head_json":{"title":"Drenasi merr vendim, m\u00ebsimi pezullohet deri m\u00eb 14 janar -","robots":{"index":"index","follow":"follow","max-snippet":"max-snippet:-1","max-image-preview":"max-image-preview:large","max-video-preview":"max-video-preview:-1"},"canonical":"https:\/\/veritasinfo.org\/?p=27381","og_locale":"en_US","og_type":"article","og_title":"Drenasi merr vendim, m\u00ebsimi pezullohet deri m\u00eb 14 janar -","og_description":"Drenas, 11 janar 2026 21:02 Nisja e gjysm\u00ebvjetorit t\u00eb dyt\u00eb n\u00eb shkollat e Drenasit \u00ebsht\u00eb shtyr\u00eb deri m\u00eb 14 janar. Vendimi \u00ebsht\u00eb marr\u00eb nga kryetari","og_url":"https:\/\/veritasinfo.org\/?p=27381","article_published_time":"2026-01-11T20:02:51+00:00","og_image":[{"width":909,"height":687,"url":"https:\/\/veritasinfo.org\/wp-content\/uploads\/2026\/01\/SHKOLLA.jpg","type":"image\/jpeg"}],"author":"US6","twitter_card":"summary_large_image","twitter_misc":{"Written by":"US6","Est. reading time":"1 minute"},"schema":{"@context":"https:\/\/schema.org","@graph":[{"@type":"WebPage","@id":"https:\/\/veritasinfo.org\/?p=27381","url":"https:\/\/veritasinfo.org\/?p=27381","name":"Drenasi merr vendim, m\u00ebsimi pezullohet deri m\u00eb 14 janar -","isPartOf":{"@id":"https:\/\/veritasinfo.org\/#website"},"primaryImageOfPage":{"@id":"https:\/\/veritasinfo.org\/?p=27381#primaryimage"},"image":{"@id":"https:\/\/veritasinfo.org\/?p=27381#primaryimage"},"thumbnailUrl":"https:\/\/veritasinfo.org\/wp-content\/uploads\/2026\/01\/SHKOLLA.jpg","datePublished":"2026-01-11T20:02:51+00:00","author":{"@id":"https:\/\/veritasinfo.org\/#\/schema\/person\/fe199eede04c3937362892b7444747cc"},"breadcrumb":{"@id":"https:\/\/veritasinfo.org\/?p=27381#breadcrumb"},"inLanguage":"en-US","potentialAction":[{"@type":"ReadAction","target":["https:\/\/veritasinfo.org\/?p=27381"]}]},{"@type":"ImageObject","inLanguage":"en-US","@id":"https:\/\/veritasinfo.org\/?p=27381#primaryimage","url":"https:\/\/veritasinfo.org\/wp-content\/uploads\/2026\/01\/SHKOLLA.jpg","contentUrl":"https:\/\/veritasinfo.org\/wp-content\/uploads\/2026\/01\/SHKOLLA.jpg","width":909,"height":687},{"@type":"BreadcrumbList","@id":"https:\/\/veritasinfo.org\/?p=27381#breadcrumb","itemListElement":[{"@type":"ListItem","position":1,"name":"Home","item":"https:\/\/veritasinfo.org\/"},{"@type":"ListItem","position":2,"name":"Drenasi merr vendim, m\u00ebsimi pezullohet deri m\u00eb 14 janar"}]},{"@type":"WebSite","@id":"https:\/\/veritasinfo.org\/#website","url":"https:\/\/veritasinfo.org\/","name":"","description":"","potentialAction":[{"@type":"SearchAction","target":{"@type":"EntryPoint","urlTemplate":"https:\/\/veritasinfo.org\/?s={search_term_string}"},"query-input":{"@type":"PropertyValueSpecification","valueRequired":true,"valueName":"search_term_string"}}],"inLanguage":"en-US"},{"@type":"Person","@id":"https:\/\/veritasinfo.org\/#\/schema\/person\/fe199eede04c3937362892b7444747cc","name":"US6","image":{"@type":"ImageObject","inLanguage":"en-US","@id":"https:\/\/veritasinfo.org\/#\/schema\/person\/image\/","url":"https:\/\/secure.gravatar.com\/avatar\/cb16c3c31c9d23b9b8c705964598220b3014e42ff51eb540ff23cefa3ae8c15f?s=96&d=mm&r=g","contentUrl":"https:\/\/secure.gravatar.com\/avatar\/cb16c3c31c9d23b9b8c705964598220b3014e42ff51eb540ff23cefa3ae8c15f?s=96&d=mm&r=g","caption":"US6"},"url":"https:\/\/veritasinfo.org\/?author=7"}]}},"featured_image_urls":{"full":["https:\/\/veritasinfo.org\/wp-content\/uploads\/2026\/01\/SHKOLLA.jpg",909,687,false],"thumbnail":["https:\/\/veritasinfo.org\/wp-content\/uploads\/2026\/01\/SHKOLLA-150x150.jpg",150,150,true],"medium":["https:\/\/veritasinfo.org\/wp-content\/uploads\/2026\/01\/SHKOLLA-300x227.jpg",300,227,true],"medium_large":["https:\/\/veritasinfo.org\/wp-content\/uploads\/2026\/01\/SHKOLLA-768x580.jpg",640,483,true],"large":["https:\/\/veritasinfo.org\/wp-content\/uploads\/2026\/01\/SHKOLLA.jpg",640,484,false],"1536x1536":["https:\/\/veritasinfo.org\/wp-content\/uploads\/2026\/01\/SHKOLLA.jpg",909,687,false],"2048x2048":["https:\/\/veritasinfo.org\/wp-content\/uploads\/2026\/01\/SHKOLLA.jpg",909,687,false],"kreeti-slider-full":["https:\/\/veritasinfo.org\/wp-content\/uploads\/2026\/01\/SHKOLLA.jpg",909,687,false],"kreeti-featured":["https:\/\/veritasinfo.org\/wp-content\/uploads\/2026\/01\/SHKOLLA.jpg",909,687,false],"kreeti-medium":["https:\/\/veritasinfo.org\/wp-content\/uploads\/2026\/01\/SHKOLLA.jpg",701,530,false],"kreeti-medium-square":["https:\/\/veritasinfo.org\/wp-content\/uploads\/2026\/01\/SHKOLLA.jpg",350,265,false]},"author_info":{"info":["US6"]},"category_info":"<a href=\"https:\/\/veritasinfo.org\/?cat=52\" rel=\"category\">Komunat<\/a>","tag_info":"Komunat","comment_count":"0","_links":{"self":[{"href":"https:\/\/veritasinfo.org\/index.php?rest_route=\/wp\/v2\/posts\/27381","targetHints":{"allow":["GET"]}}],"collection":[{"href":"https:\/\/veritasinfo.org\/index.php?rest_route=\/wp\/v2\/posts"}],"about":[{"href":"https:\/\/veritasinfo.org\/index.php?rest_route=\/wp\/v2\/types\/post"}],"author":[{"embeddable":true,"href":"https:\/\/veritasinfo.org\/index.php?rest_route=\/wp\/v2\/users\/7"}],"replies":[{"embeddable":true,"href":"https:\/\/veritasinfo.org\/index.php?rest_route=%2Fwp%2Fv2%2Fcomments&post=27381"}],"version-history":[{"count":1,"href":"https:\/\/veritasinfo.org\/index.php?rest_route=\/wp\/v2\/posts\/27381\/revisions"}],"predecessor-version":[{"id":27383,"href":"https:\/\/veritasinfo.org\/index.php?rest_route=\/wp\/v2\/posts\/27381\/revisions\/27383"}],"wp:featuredmedia":[{"embeddable":true,"href":"https:\/\/veritasinfo.org\/index.php?rest_route=\/wp\/v2\/media\/27382"}],"wp:attachment":[{"href":"https:\/\/veritasinfo.org\/index.php?rest_route=%2Fwp%2Fv2%2Fmedia&parent=27381"}],"wp:term":[{"taxonomy":"category","embeddable":true,"href":"https:\/\/veritasinfo.org\/index.php?rest_route=%2Fwp%2Fv2%2Fcategories&post=27381"},{"taxonomy":"post_tag","embeddable":true,"href":"https:\/\/veritasinfo.org\/index.php?rest_route=%2Fwp%2Fv2%2Ftags&post=27381"}],"curies":[{"name":"wp","href":"https:\/\/api.w.org\/{rel}","templated":true}]}}