{"id":27373,"date":"2026-01-11T17:58:15","date_gmt":"2026-01-11T16:58:15","guid":{"rendered":"https:\/\/veritasinfo.org\/?p=27373"},"modified":"2026-01-11T18:02:03","modified_gmt":"2026-01-11T17:02:03","slug":"pocetak-drugog-polugodista-u-kosovu-polju-i-malisevu-je-odlozen","status":"publish","type":"post","link":"https:\/\/veritasinfo.org\/?p=27373&lang=sr","title":{"rendered":"Po\u010detak drugog polugodi\u0161ta u Kosovu Polju i Mali\u0161evu je odlo\u017een"},"content":{"rendered":"<p>Pri\u0161tina, 11. januar 2026. 17:53<\/p>\n<p>Direktorija za obrazovanje u op\u0161tini Kosovo Polje objavila je da je po\u010detak drugog polugodi\u0161ta u obrazovnim ustanovama ove op\u0161tine odlo\u017een za 19. januar 2026. godine.<\/p>\n<p>Prema zvani\u010dnom saop\u0161tenju, ova odluka je doneta zbog trenutne situacije koju su stvorili nepovoljni vremenski uslovi. Ki\u0161a i sneg su ote\u017eali saobrac\u0301aj, dok su u nekim \u0161kolama utvr\u0111eni problemi i sa obezbe\u0111ivanjem grejanja.<\/p>\n<p>Op\u0161tinska direkcija za obrazovanje je procenila da, u ovim okolnostima, nisu stvoreni minimalni uslovi za normalan razvoj obrazovnog procesa. Odluka, kako se dalje isti\u010de, doneta je kako bi se osigurala bezbednost u\u010denika i obrazovnog osoblja, kao i garantovao redovan tok obrazovnog procesa.<\/p>\n<p>Op\u0161tinske vlasti su pozvale rukovodioce obrazovnih ustanova da blagovremeno obaveste nastavno osoblje i roditelje o ovom odlaganju.<\/p>\n<p>Za sve dodatne informacije ili eventualne promene, javnost c\u0301e biti obave\u0161tena putem zvani\u010dnih kanala Op\u0161tine Kosovo Polje.<\/p>\n<p>Op\u0161tina Mali\u0161eva je tako\u0111e objavila da je odlo\u017eila po\u010detak drugog polugodi\u0161ta.<\/p>\n<p>\u201eObave\u0161tenje za u\u010denike i nastavnike<\/p>\n<p>Nastava u \u0161kolama u op\u0161tini Mali\u0161eva odla\u017ee se do 14. januara 2026. godine\u201c, navodi se u saop\u0161tenju ove op\u0161tine.<\/p>\n","protected":false},"excerpt":{"rendered":"<p>Pri\u0161tina, 11. januar 2026. 17:53 Direktorija za obrazovanje u op\u0161tini Kosovo Polje objavila je da je po\u010detak drugog polugodi\u0161ta u obrazovnim ustanovama ove op\u0161tine odlo\u017een<\/p>\n","protected":false},"author":7,"featured_media":27370,"comment_status":"open","ping_status":"open","sticky":false,"template":"","format":"standard","meta":{"footnotes":""},"categories":[32],"tags":[],"class_list":["post-27373","post","type-post","status-publish","format-standard","has-post-thumbnail","hentry","category-opstine"],"yoast_head":"<!-- This site is optimized with the Yoast SEO plugin v25.3.1 - https:\/\/yoast.com\/wordpress\/plugins\/seo\/ -->\n<title>Po\u010detak drugog polugodi\u0161ta u Kosovu Polju i Mali\u0161evu je odlo\u017een -<\/title>\n<meta name=\"robots\" content=\"index, follow, max-snippet:-1, max-image-preview:large, max-video-preview:-1\" \/>\n<link rel=\"canonical\" href=\"https:\/\/veritasinfo.org\/?p=27373&lang=sr\" \/>\n<meta property=\"og:locale\" content=\"en_US\" \/>\n<meta property=\"og:type\" content=\"article\" \/>\n<meta property=\"og:title\" content=\"Po\u010detak drugog polugodi\u0161ta u Kosovu Polju i Mali\u0161evu je odlo\u017een -\" \/>\n<meta property=\"og:description\" content=\"Pri\u0161tina, 11. januar 2026. 17:53 Direktorija za obrazovanje u op\u0161tini Kosovo Polje objavila je da je po\u010detak drugog polugodi\u0161ta u obrazovnim ustanovama ove op\u0161tine odlo\u017een\" \/>\n<meta property=\"og:url\" content=\"https:\/\/veritasinfo.org\/?p=27373&amp;lang=sr\" \/>\n<meta property=\"article:published_time\" content=\"2026-01-11T16:58:15+00:00\" \/>\n<meta property=\"article:modified_time\" content=\"2026-01-11T17:02:03+00:00\" \/>\n<meta property=\"og:image\" content=\"https:\/\/veritasinfo.org\/wp-content\/uploads\/2026\/01\/images-2.jpeg\" \/>\n\t<meta property=\"og:image:width\" content=\"754\" \/>\n\t<meta property=\"og:image:height\" content=\"407\" \/>\n\t<meta property=\"og:image:type\" content=\"image\/jpeg\" \/>\n<meta name=\"author\" content=\"US6\" \/>\n<meta name=\"twitter:card\" content=\"summary_large_image\" \/>\n<meta name=\"twitter:label1\" content=\"Written by\" \/>\n\t<meta name=\"twitter:data1\" content=\"US6\" \/>\n\t<meta name=\"twitter:label2\" content=\"Est. reading time\" \/>\n\t<meta name=\"twitter:data2\" content=\"1 minute\" \/>\n<script type=\"application\/ld+json\" class=\"yoast-schema-graph\">{\"@context\":\"https:\/\/schema.org\",\"@graph\":[{\"@type\":\"WebPage\",\"@id\":\"https:\/\/veritasinfo.org\/?p=27373&lang=sr\",\"url\":\"https:\/\/veritasinfo.org\/?p=27373&lang=sr\",\"name\":\"Po\u010detak drugog polugodi\u0161ta u Kosovu Polju i Mali\u0161evu je odlo\u017een -\",\"isPartOf\":{\"@id\":\"https:\/\/veritasinfo.org\/#website\"},\"primaryImageOfPage\":{\"@id\":\"https:\/\/veritasinfo.org\/?p=27373&lang=sr#primaryimage\"},\"image\":{\"@id\":\"https:\/\/veritasinfo.org\/?p=27373&lang=sr#primaryimage\"},\"thumbnailUrl\":\"https:\/\/veritasinfo.org\/wp-content\/uploads\/2026\/01\/images-2.jpeg\",\"datePublished\":\"2026-01-11T16:58:15+00:00\",\"dateModified\":\"2026-01-11T17:02:03+00:00\",\"author\":{\"@id\":\"https:\/\/veritasinfo.org\/#\/schema\/person\/fe199eede04c3937362892b7444747cc\"},\"breadcrumb\":{\"@id\":\"https:\/\/veritasinfo.org\/?p=27373&lang=sr#breadcrumb\"},\"inLanguage\":\"en-US\",\"potentialAction\":[{\"@type\":\"ReadAction\",\"target\":[\"https:\/\/veritasinfo.org\/?p=27373&lang=sr\"]}]},{\"@type\":\"ImageObject\",\"inLanguage\":\"en-US\",\"@id\":\"https:\/\/veritasinfo.org\/?p=27373&lang=sr#primaryimage\",\"url\":\"https:\/\/veritasinfo.org\/wp-content\/uploads\/2026\/01\/images-2.jpeg\",\"contentUrl\":\"https:\/\/veritasinfo.org\/wp-content\/uploads\/2026\/01\/images-2.jpeg\",\"width\":754,\"height\":407},{\"@type\":\"BreadcrumbList\",\"@id\":\"https:\/\/veritasinfo.org\/?p=27373&lang=sr#breadcrumb\",\"itemListElement\":[{\"@type\":\"ListItem\",\"position\":1,\"name\":\"Home\",\"item\":\"https:\/\/veritasinfo.org\/\"},{\"@type\":\"ListItem\",\"position\":2,\"name\":\"Po\u010detak drugog polugodi\u0161ta u Kosovu Polju i Mali\u0161evu je odlo\u017een\"}]},{\"@type\":\"WebSite\",\"@id\":\"https:\/\/veritasinfo.org\/#website\",\"url\":\"https:\/\/veritasinfo.org\/\",\"name\":\"\",\"description\":\"\",\"potentialAction\":[{\"@type\":\"SearchAction\",\"target\":{\"@type\":\"EntryPoint\",\"urlTemplate\":\"https:\/\/veritasinfo.org\/?s={search_term_string}\"},\"query-input\":{\"@type\":\"PropertyValueSpecification\",\"valueRequired\":true,\"valueName\":\"search_term_string\"}}],\"inLanguage\":\"en-US\"},{\"@type\":\"Person\",\"@id\":\"https:\/\/veritasinfo.org\/#\/schema\/person\/fe199eede04c3937362892b7444747cc\",\"name\":\"US6\",\"image\":{\"@type\":\"ImageObject\",\"inLanguage\":\"en-US\",\"@id\":\"https:\/\/veritasinfo.org\/#\/schema\/person\/image\/\",\"url\":\"https:\/\/secure.gravatar.com\/avatar\/cb16c3c31c9d23b9b8c705964598220b3014e42ff51eb540ff23cefa3ae8c15f?s=96&d=mm&r=g\",\"contentUrl\":\"https:\/\/secure.gravatar.com\/avatar\/cb16c3c31c9d23b9b8c705964598220b3014e42ff51eb540ff23cefa3ae8c15f?s=96&d=mm&r=g\",\"caption\":\"US6\"},\"url\":\"https:\/\/veritasinfo.org\/?author=7\"}]}<\/script>\n<!-- \/ Yoast SEO plugin. -->","yoast_head_json":{"title":"Po\u010detak drugog polugodi\u0161ta u Kosovu Polju i Mali\u0161evu je odlo\u017een -","robots":{"index":"index","follow":"follow","max-snippet":"max-snippet:-1","max-image-preview":"max-image-preview:large","max-video-preview":"max-video-preview:-1"},"canonical":"https:\/\/veritasinfo.org\/?p=27373&lang=sr","og_locale":"en_US","og_type":"article","og_title":"Po\u010detak drugog polugodi\u0161ta u Kosovu Polju i Mali\u0161evu je odlo\u017een -","og_description":"Pri\u0161tina, 11. januar 2026. 17:53 Direktorija za obrazovanje u op\u0161tini Kosovo Polje objavila je da je po\u010detak drugog polugodi\u0161ta u obrazovnim ustanovama ove op\u0161tine odlo\u017een","og_url":"https:\/\/veritasinfo.org\/?p=27373&lang=sr","article_published_time":"2026-01-11T16:58:15+00:00","article_modified_time":"2026-01-11T17:02:03+00:00","og_image":[{"width":754,"height":407,"url":"https:\/\/veritasinfo.org\/wp-content\/uploads\/2026\/01\/images-2.jpeg","type":"image\/jpeg"}],"author":"US6","twitter_card":"summary_large_image","twitter_misc":{"Written by":"US6","Est. reading time":"1 minute"},"schema":{"@context":"https:\/\/schema.org","@graph":[{"@type":"WebPage","@id":"https:\/\/veritasinfo.org\/?p=27373&lang=sr","url":"https:\/\/veritasinfo.org\/?p=27373&lang=sr","name":"Po\u010detak drugog polugodi\u0161ta u Kosovu Polju i Mali\u0161evu je odlo\u017een -","isPartOf":{"@id":"https:\/\/veritasinfo.org\/#website"},"primaryImageOfPage":{"@id":"https:\/\/veritasinfo.org\/?p=27373&lang=sr#primaryimage"},"image":{"@id":"https:\/\/veritasinfo.org\/?p=27373&lang=sr#primaryimage"},"thumbnailUrl":"https:\/\/veritasinfo.org\/wp-content\/uploads\/2026\/01\/images-2.jpeg","datePublished":"2026-01-11T16:58:15+00:00","dateModified":"2026-01-11T17:02:03+00:00","author":{"@id":"https:\/\/veritasinfo.org\/#\/schema\/person\/fe199eede04c3937362892b7444747cc"},"breadcrumb":{"@id":"https:\/\/veritasinfo.org\/?p=27373&lang=sr#breadcrumb"},"inLanguage":"en-US","potentialAction":[{"@type":"ReadAction","target":["https:\/\/veritasinfo.org\/?p=27373&lang=sr"]}]},{"@type":"ImageObject","inLanguage":"en-US","@id":"https:\/\/veritasinfo.org\/?p=27373&lang=sr#primaryimage","url":"https:\/\/veritasinfo.org\/wp-content\/uploads\/2026\/01\/images-2.jpeg","contentUrl":"https:\/\/veritasinfo.org\/wp-content\/uploads\/2026\/01\/images-2.jpeg","width":754,"height":407},{"@type":"BreadcrumbList","@id":"https:\/\/veritasinfo.org\/?p=27373&lang=sr#breadcrumb","itemListElement":[{"@type":"ListItem","position":1,"name":"Home","item":"https:\/\/veritasinfo.org\/"},{"@type":"ListItem","position":2,"name":"Po\u010detak drugog polugodi\u0161ta u Kosovu Polju i Mali\u0161evu je odlo\u017een"}]},{"@type":"WebSite","@id":"https:\/\/veritasinfo.org\/#website","url":"https:\/\/veritasinfo.org\/","name":"","description":"","potentialAction":[{"@type":"SearchAction","target":{"@type":"EntryPoint","urlTemplate":"https:\/\/veritasinfo.org\/?s={search_term_string}"},"query-input":{"@type":"PropertyValueSpecification","valueRequired":true,"valueName":"search_term_string"}}],"inLanguage":"en-US"},{"@type":"Person","@id":"https:\/\/veritasinfo.org\/#\/schema\/person\/fe199eede04c3937362892b7444747cc","name":"US6","image":{"@type":"ImageObject","inLanguage":"en-US","@id":"https:\/\/veritasinfo.org\/#\/schema\/person\/image\/","url":"https:\/\/secure.gravatar.com\/avatar\/cb16c3c31c9d23b9b8c705964598220b3014e42ff51eb540ff23cefa3ae8c15f?s=96&d=mm&r=g","contentUrl":"https:\/\/secure.gravatar.com\/avatar\/cb16c3c31c9d23b9b8c705964598220b3014e42ff51eb540ff23cefa3ae8c15f?s=96&d=mm&r=g","caption":"US6"},"url":"https:\/\/veritasinfo.org\/?author=7"}]}},"featured_image_urls":{"full":["https:\/\/veritasinfo.org\/wp-content\/uploads\/2026\/01\/images-2.jpeg",754,407,false],"thumbnail":["https:\/\/veritasinfo.org\/wp-content\/uploads\/2026\/01\/images-2-150x150.jpeg",150,150,true],"medium":["https:\/\/veritasinfo.org\/wp-content\/uploads\/2026\/01\/images-2-300x162.jpeg",300,162,true],"medium_large":["https:\/\/veritasinfo.org\/wp-content\/uploads\/2026\/01\/images-2.jpeg",640,345,false],"large":["https:\/\/veritasinfo.org\/wp-content\/uploads\/2026\/01\/images-2.jpeg",640,345,false],"1536x1536":["https:\/\/veritasinfo.org\/wp-content\/uploads\/2026\/01\/images-2.jpeg",754,407,false],"2048x2048":["https:\/\/veritasinfo.org\/wp-content\/uploads\/2026\/01\/images-2.jpeg",754,407,false],"kreeti-slider-full":["https:\/\/veritasinfo.org\/wp-content\/uploads\/2026\/01\/images-2.jpeg",754,407,false],"kreeti-featured":["https:\/\/veritasinfo.org\/wp-content\/uploads\/2026\/01\/images-2.jpeg",754,407,false],"kreeti-medium":["https:\/\/veritasinfo.org\/wp-content\/uploads\/2026\/01\/images-2.jpeg",720,389,false],"kreeti-medium-square":["https:\/\/veritasinfo.org\/wp-content\/uploads\/2026\/01\/images-2.jpeg",350,189,false]},"author_info":{"info":["US6"]},"category_info":"<a href=\"https:\/\/veritasinfo.org\/?cat=32&#038;lang=sr\" rel=\"category\">Op\u0161tine<\/a>","tag_info":"Op\u0161tine","comment_count":"0","_links":{"self":[{"href":"https:\/\/veritasinfo.org\/index.php?rest_route=\/wp\/v2\/posts\/27373","targetHints":{"allow":["GET"]}}],"collection":[{"href":"https:\/\/veritasinfo.org\/index.php?rest_route=\/wp\/v2\/posts"}],"about":[{"href":"https:\/\/veritasinfo.org\/index.php?rest_route=\/wp\/v2\/types\/post"}],"author":[{"embeddable":true,"href":"https:\/\/veritasinfo.org\/index.php?rest_route=\/wp\/v2\/users\/7"}],"replies":[{"embeddable":true,"href":"https:\/\/veritasinfo.org\/index.php?rest_route=%2Fwp%2Fv2%2Fcomments&post=27373"}],"version-history":[{"count":1,"href":"https:\/\/veritasinfo.org\/index.php?rest_route=\/wp\/v2\/posts\/27373\/revisions"}],"predecessor-version":[{"id":27374,"href":"https:\/\/veritasinfo.org\/index.php?rest_route=\/wp\/v2\/posts\/27373\/revisions\/27374"}],"wp:featuredmedia":[{"embeddable":true,"href":"https:\/\/veritasinfo.org\/index.php?rest_route=\/wp\/v2\/media\/27370"}],"wp:attachment":[{"href":"https:\/\/veritasinfo.org\/index.php?rest_route=%2Fwp%2Fv2%2Fmedia&parent=27373"}],"wp:term":[{"taxonomy":"category","embeddable":true,"href":"https:\/\/veritasinfo.org\/index.php?rest_route=%2Fwp%2Fv2%2Fcategories&post=27373"},{"taxonomy":"post_tag","embeddable":true,"href":"https:\/\/veritasinfo.org\/index.php?rest_route=%2Fwp%2Fv2%2Ftags&post=27373"}],"curies":[{"name":"wp","href":"https:\/\/api.w.org\/{rel}","templated":true}]}}