{"id":27369,"date":"2026-01-11T17:54:04","date_gmt":"2026-01-11T16:54:04","guid":{"rendered":"https:\/\/veritasinfo.org\/?p=27369"},"modified":"2026-01-11T18:02:16","modified_gmt":"2026-01-11T17:02:16","slug":"shtyhet-fillimi-i-gjysmevjetorit-te-dyte-ne-fushe-kosove-dhe-ne-malisheve","status":"publish","type":"post","link":"https:\/\/veritasinfo.org\/?p=27369","title":{"rendered":"Shtyhet fillimi i gjysm\u00ebvjetorit t\u00eb dyt\u00eb n\u00eb Fush\u00eb Kosov\u00eb dhe n\u00eb Malishev\u00eb"},"content":{"rendered":"<p>Prishtin\u00eb, 11 janar 2026 17:51<\/p>\n<p>Drejtoria p\u00ebr Arsim n\u00eb Komun\u00ebn e Fush\u00eb Kosov\u00ebs ka njoftuar se fillimi i gjysm\u00ebvjetorit t\u00eb dyt\u00eb n\u00eb institucionet arsimore t\u00eb k\u00ebsaj komune \u00ebsht\u00eb shtyr\u00eb deri m\u00eb 19 janar 2026.<\/p>\n<p>Sipas njoftimit zyrtar, ky vendim \u00ebsht\u00eb marr\u00eb p\u00ebr shkak t\u00eb gjendjes aktuale t\u00eb krijuar nga kushtet e pafavorshme atmosferike. Reshjet e shiut dhe bor\u00ebs kan\u00eb v\u00ebshtir\u00ebsuar qarkullimin, nd\u00ebrsa n\u00eb disa shkolla jan\u00eb evidentuar probleme edhe me sigurimin e ngrohjes.<\/p>\n<p>Drejtoria Komunale e Arsimit ka vler\u00ebsuar se, n\u00eb k\u00ebto rrethana, nuk jan\u00eb krijuar kushtet minimale p\u00ebr zhvillimin normal t\u00eb procesit m\u00ebsimor. Vendimi, theksohet m\u00eb tej, \u00ebsht\u00eb marr\u00eb n\u00eb funksion t\u00eb siguris\u00eb s\u00eb nx\u00ebn\u00ebsve dhe stafit arsimor, si dhe p\u00ebr t\u00eb garantuar mbar\u00ebvajtjen e rregullt t\u00eb procesit arsimor.<\/p>\n<p>Autoritetet komunale u kan\u00eb b\u00ebr\u00eb thirrje drejtuesve t\u00eb institucioneve arsimore q\u00eb t\u00eb njoftojn\u00eb me koh\u00eb stafin m\u00ebsimdh\u00ebn\u00ebs dhe prind\u00ebrit lidhur me k\u00ebt\u00eb shtyrje.<\/p>\n<p>P\u00ebr \u00e7do informat\u00eb shtes\u00eb ose ndryshim eventual, publiku do t\u00eb informohet p\u00ebrmes kanaleve zyrtare t\u00eb Komun\u00ebs s\u00eb Fush\u00eb Kosov\u00ebs.<\/p>\n<p>Edhe Komuna e Malishev\u00ebs ka njoftuar se ka shtyr\u00eb fillimin e gjysmevjetorit t\u00eb dyt\u00eb.<\/p>\n<p>&#8220;Njoftim p\u00ebr nx\u00ebn\u00ebs dhe m\u00ebsimdh\u00ebn\u00ebs<\/p>\n<p>M\u00ebsimi n\u00eb shkollat e Komun\u00ebs s\u00eb Malishev\u00ebs shtyhet deri m\u00eb 14 janar 2026&#8221;, thuhet n\u00eb njoftimin e k\u00ebsaj komune.<\/p>\n","protected":false},"excerpt":{"rendered":"<p>Prishtin\u00eb, 11 janar 2026 17:51 Drejtoria p\u00ebr Arsim n\u00eb Komun\u00ebn e Fush\u00eb Kosov\u00ebs ka njoftuar se fillimi i gjysm\u00ebvjetorit t\u00eb dyt\u00eb n\u00eb institucionet arsimore t\u00eb<\/p>\n","protected":false},"author":7,"featured_media":27370,"comment_status":"open","ping_status":"open","sticky":false,"template":"","format":"standard","meta":{"footnotes":""},"categories":[52],"tags":[],"class_list":["post-27369","post","type-post","status-publish","format-standard","has-post-thumbnail","hentry","category-komunat-sq"],"yoast_head":"<!-- This site is optimized with the Yoast SEO plugin v25.3.1 - https:\/\/yoast.com\/wordpress\/plugins\/seo\/ -->\n<title>Shtyhet fillimi i gjysm\u00ebvjetorit t\u00eb dyt\u00eb n\u00eb Fush\u00eb Kosov\u00eb dhe n\u00eb Malishev\u00eb -<\/title>\n<meta name=\"robots\" content=\"index, follow, max-snippet:-1, max-image-preview:large, max-video-preview:-1\" \/>\n<link rel=\"canonical\" href=\"https:\/\/veritasinfo.org\/?p=27369\" \/>\n<meta property=\"og:locale\" content=\"en_US\" \/>\n<meta property=\"og:type\" content=\"article\" \/>\n<meta property=\"og:title\" content=\"Shtyhet fillimi i gjysm\u00ebvjetorit t\u00eb dyt\u00eb n\u00eb Fush\u00eb Kosov\u00eb dhe n\u00eb Malishev\u00eb -\" \/>\n<meta property=\"og:description\" content=\"Prishtin\u00eb, 11 janar 2026 17:51 Drejtoria p\u00ebr Arsim n\u00eb Komun\u00ebn e Fush\u00eb Kosov\u00ebs ka njoftuar se fillimi i gjysm\u00ebvjetorit t\u00eb dyt\u00eb n\u00eb institucionet arsimore t\u00eb\" \/>\n<meta property=\"og:url\" content=\"https:\/\/veritasinfo.org\/?p=27369\" \/>\n<meta property=\"article:published_time\" content=\"2026-01-11T16:54:04+00:00\" \/>\n<meta property=\"article:modified_time\" content=\"2026-01-11T17:02:16+00:00\" \/>\n<meta property=\"og:image\" content=\"https:\/\/veritasinfo.org\/wp-content\/uploads\/2026\/01\/images-2.jpeg\" \/>\n\t<meta property=\"og:image:width\" content=\"754\" \/>\n\t<meta property=\"og:image:height\" content=\"407\" \/>\n\t<meta property=\"og:image:type\" content=\"image\/jpeg\" \/>\n<meta name=\"author\" content=\"US6\" \/>\n<meta name=\"twitter:card\" content=\"summary_large_image\" \/>\n<meta name=\"twitter:label1\" content=\"Written by\" \/>\n\t<meta name=\"twitter:data1\" content=\"US6\" \/>\n\t<meta name=\"twitter:label2\" content=\"Est. reading time\" \/>\n\t<meta name=\"twitter:data2\" content=\"2 minutes\" \/>\n<script type=\"application\/ld+json\" class=\"yoast-schema-graph\">{\"@context\":\"https:\/\/schema.org\",\"@graph\":[{\"@type\":\"WebPage\",\"@id\":\"https:\/\/veritasinfo.org\/?p=27369\",\"url\":\"https:\/\/veritasinfo.org\/?p=27369\",\"name\":\"Shtyhet fillimi i gjysm\u00ebvjetorit t\u00eb dyt\u00eb n\u00eb Fush\u00eb Kosov\u00eb dhe n\u00eb Malishev\u00eb -\",\"isPartOf\":{\"@id\":\"https:\/\/veritasinfo.org\/#website\"},\"primaryImageOfPage\":{\"@id\":\"https:\/\/veritasinfo.org\/?p=27369#primaryimage\"},\"image\":{\"@id\":\"https:\/\/veritasinfo.org\/?p=27369#primaryimage\"},\"thumbnailUrl\":\"https:\/\/veritasinfo.org\/wp-content\/uploads\/2026\/01\/images-2.jpeg\",\"datePublished\":\"2026-01-11T16:54:04+00:00\",\"dateModified\":\"2026-01-11T17:02:16+00:00\",\"author\":{\"@id\":\"https:\/\/veritasinfo.org\/#\/schema\/person\/fe199eede04c3937362892b7444747cc\"},\"breadcrumb\":{\"@id\":\"https:\/\/veritasinfo.org\/?p=27369#breadcrumb\"},\"inLanguage\":\"en-US\",\"potentialAction\":[{\"@type\":\"ReadAction\",\"target\":[\"https:\/\/veritasinfo.org\/?p=27369\"]}]},{\"@type\":\"ImageObject\",\"inLanguage\":\"en-US\",\"@id\":\"https:\/\/veritasinfo.org\/?p=27369#primaryimage\",\"url\":\"https:\/\/veritasinfo.org\/wp-content\/uploads\/2026\/01\/images-2.jpeg\",\"contentUrl\":\"https:\/\/veritasinfo.org\/wp-content\/uploads\/2026\/01\/images-2.jpeg\",\"width\":754,\"height\":407},{\"@type\":\"BreadcrumbList\",\"@id\":\"https:\/\/veritasinfo.org\/?p=27369#breadcrumb\",\"itemListElement\":[{\"@type\":\"ListItem\",\"position\":1,\"name\":\"Home\",\"item\":\"https:\/\/veritasinfo.org\/\"},{\"@type\":\"ListItem\",\"position\":2,\"name\":\"Shtyhet fillimi i gjysm\u00ebvjetorit t\u00eb dyt\u00eb n\u00eb Fush\u00eb Kosov\u00eb dhe n\u00eb Malishev\u00eb\"}]},{\"@type\":\"WebSite\",\"@id\":\"https:\/\/veritasinfo.org\/#website\",\"url\":\"https:\/\/veritasinfo.org\/\",\"name\":\"\",\"description\":\"\",\"potentialAction\":[{\"@type\":\"SearchAction\",\"target\":{\"@type\":\"EntryPoint\",\"urlTemplate\":\"https:\/\/veritasinfo.org\/?s={search_term_string}\"},\"query-input\":{\"@type\":\"PropertyValueSpecification\",\"valueRequired\":true,\"valueName\":\"search_term_string\"}}],\"inLanguage\":\"en-US\"},{\"@type\":\"Person\",\"@id\":\"https:\/\/veritasinfo.org\/#\/schema\/person\/fe199eede04c3937362892b7444747cc\",\"name\":\"US6\",\"image\":{\"@type\":\"ImageObject\",\"inLanguage\":\"en-US\",\"@id\":\"https:\/\/veritasinfo.org\/#\/schema\/person\/image\/\",\"url\":\"https:\/\/secure.gravatar.com\/avatar\/cb16c3c31c9d23b9b8c705964598220b3014e42ff51eb540ff23cefa3ae8c15f?s=96&d=mm&r=g\",\"contentUrl\":\"https:\/\/secure.gravatar.com\/avatar\/cb16c3c31c9d23b9b8c705964598220b3014e42ff51eb540ff23cefa3ae8c15f?s=96&d=mm&r=g\",\"caption\":\"US6\"},\"url\":\"https:\/\/veritasinfo.org\/?author=7\"}]}<\/script>\n<!-- \/ Yoast SEO plugin. -->","yoast_head_json":{"title":"Shtyhet fillimi i gjysm\u00ebvjetorit t\u00eb dyt\u00eb n\u00eb Fush\u00eb Kosov\u00eb dhe n\u00eb Malishev\u00eb -","robots":{"index":"index","follow":"follow","max-snippet":"max-snippet:-1","max-image-preview":"max-image-preview:large","max-video-preview":"max-video-preview:-1"},"canonical":"https:\/\/veritasinfo.org\/?p=27369","og_locale":"en_US","og_type":"article","og_title":"Shtyhet fillimi i gjysm\u00ebvjetorit t\u00eb dyt\u00eb n\u00eb Fush\u00eb Kosov\u00eb dhe n\u00eb Malishev\u00eb -","og_description":"Prishtin\u00eb, 11 janar 2026 17:51 Drejtoria p\u00ebr Arsim n\u00eb Komun\u00ebn e Fush\u00eb Kosov\u00ebs ka njoftuar se fillimi i gjysm\u00ebvjetorit t\u00eb dyt\u00eb n\u00eb institucionet arsimore t\u00eb","og_url":"https:\/\/veritasinfo.org\/?p=27369","article_published_time":"2026-01-11T16:54:04+00:00","article_modified_time":"2026-01-11T17:02:16+00:00","og_image":[{"width":754,"height":407,"url":"https:\/\/veritasinfo.org\/wp-content\/uploads\/2026\/01\/images-2.jpeg","type":"image\/jpeg"}],"author":"US6","twitter_card":"summary_large_image","twitter_misc":{"Written by":"US6","Est. reading time":"2 minutes"},"schema":{"@context":"https:\/\/schema.org","@graph":[{"@type":"WebPage","@id":"https:\/\/veritasinfo.org\/?p=27369","url":"https:\/\/veritasinfo.org\/?p=27369","name":"Shtyhet fillimi i gjysm\u00ebvjetorit t\u00eb dyt\u00eb n\u00eb Fush\u00eb Kosov\u00eb dhe n\u00eb Malishev\u00eb -","isPartOf":{"@id":"https:\/\/veritasinfo.org\/#website"},"primaryImageOfPage":{"@id":"https:\/\/veritasinfo.org\/?p=27369#primaryimage"},"image":{"@id":"https:\/\/veritasinfo.org\/?p=27369#primaryimage"},"thumbnailUrl":"https:\/\/veritasinfo.org\/wp-content\/uploads\/2026\/01\/images-2.jpeg","datePublished":"2026-01-11T16:54:04+00:00","dateModified":"2026-01-11T17:02:16+00:00","author":{"@id":"https:\/\/veritasinfo.org\/#\/schema\/person\/fe199eede04c3937362892b7444747cc"},"breadcrumb":{"@id":"https:\/\/veritasinfo.org\/?p=27369#breadcrumb"},"inLanguage":"en-US","potentialAction":[{"@type":"ReadAction","target":["https:\/\/veritasinfo.org\/?p=27369"]}]},{"@type":"ImageObject","inLanguage":"en-US","@id":"https:\/\/veritasinfo.org\/?p=27369#primaryimage","url":"https:\/\/veritasinfo.org\/wp-content\/uploads\/2026\/01\/images-2.jpeg","contentUrl":"https:\/\/veritasinfo.org\/wp-content\/uploads\/2026\/01\/images-2.jpeg","width":754,"height":407},{"@type":"BreadcrumbList","@id":"https:\/\/veritasinfo.org\/?p=27369#breadcrumb","itemListElement":[{"@type":"ListItem","position":1,"name":"Home","item":"https:\/\/veritasinfo.org\/"},{"@type":"ListItem","position":2,"name":"Shtyhet fillimi i gjysm\u00ebvjetorit t\u00eb dyt\u00eb n\u00eb Fush\u00eb Kosov\u00eb dhe n\u00eb Malishev\u00eb"}]},{"@type":"WebSite","@id":"https:\/\/veritasinfo.org\/#website","url":"https:\/\/veritasinfo.org\/","name":"","description":"","potentialAction":[{"@type":"SearchAction","target":{"@type":"EntryPoint","urlTemplate":"https:\/\/veritasinfo.org\/?s={search_term_string}"},"query-input":{"@type":"PropertyValueSpecification","valueRequired":true,"valueName":"search_term_string"}}],"inLanguage":"en-US"},{"@type":"Person","@id":"https:\/\/veritasinfo.org\/#\/schema\/person\/fe199eede04c3937362892b7444747cc","name":"US6","image":{"@type":"ImageObject","inLanguage":"en-US","@id":"https:\/\/veritasinfo.org\/#\/schema\/person\/image\/","url":"https:\/\/secure.gravatar.com\/avatar\/cb16c3c31c9d23b9b8c705964598220b3014e42ff51eb540ff23cefa3ae8c15f?s=96&d=mm&r=g","contentUrl":"https:\/\/secure.gravatar.com\/avatar\/cb16c3c31c9d23b9b8c705964598220b3014e42ff51eb540ff23cefa3ae8c15f?s=96&d=mm&r=g","caption":"US6"},"url":"https:\/\/veritasinfo.org\/?author=7"}]}},"featured_image_urls":{"full":["https:\/\/veritasinfo.org\/wp-content\/uploads\/2026\/01\/images-2.jpeg",754,407,false],"thumbnail":["https:\/\/veritasinfo.org\/wp-content\/uploads\/2026\/01\/images-2-150x150.jpeg",150,150,true],"medium":["https:\/\/veritasinfo.org\/wp-content\/uploads\/2026\/01\/images-2-300x162.jpeg",300,162,true],"medium_large":["https:\/\/veritasinfo.org\/wp-content\/uploads\/2026\/01\/images-2.jpeg",640,345,false],"large":["https:\/\/veritasinfo.org\/wp-content\/uploads\/2026\/01\/images-2.jpeg",640,345,false],"1536x1536":["https:\/\/veritasinfo.org\/wp-content\/uploads\/2026\/01\/images-2.jpeg",754,407,false],"2048x2048":["https:\/\/veritasinfo.org\/wp-content\/uploads\/2026\/01\/images-2.jpeg",754,407,false],"kreeti-slider-full":["https:\/\/veritasinfo.org\/wp-content\/uploads\/2026\/01\/images-2.jpeg",754,407,false],"kreeti-featured":["https:\/\/veritasinfo.org\/wp-content\/uploads\/2026\/01\/images-2.jpeg",754,407,false],"kreeti-medium":["https:\/\/veritasinfo.org\/wp-content\/uploads\/2026\/01\/images-2.jpeg",720,389,false],"kreeti-medium-square":["https:\/\/veritasinfo.org\/wp-content\/uploads\/2026\/01\/images-2.jpeg",350,189,false]},"author_info":{"info":["US6"]},"category_info":"<a href=\"https:\/\/veritasinfo.org\/?cat=52\" rel=\"category\">Komunat<\/a>","tag_info":"Komunat","comment_count":"0","_links":{"self":[{"href":"https:\/\/veritasinfo.org\/index.php?rest_route=\/wp\/v2\/posts\/27369","targetHints":{"allow":["GET"]}}],"collection":[{"href":"https:\/\/veritasinfo.org\/index.php?rest_route=\/wp\/v2\/posts"}],"about":[{"href":"https:\/\/veritasinfo.org\/index.php?rest_route=\/wp\/v2\/types\/post"}],"author":[{"embeddable":true,"href":"https:\/\/veritasinfo.org\/index.php?rest_route=\/wp\/v2\/users\/7"}],"replies":[{"embeddable":true,"href":"https:\/\/veritasinfo.org\/index.php?rest_route=%2Fwp%2Fv2%2Fcomments&post=27369"}],"version-history":[{"count":1,"href":"https:\/\/veritasinfo.org\/index.php?rest_route=\/wp\/v2\/posts\/27369\/revisions"}],"predecessor-version":[{"id":27371,"href":"https:\/\/veritasinfo.org\/index.php?rest_route=\/wp\/v2\/posts\/27369\/revisions\/27371"}],"wp:featuredmedia":[{"embeddable":true,"href":"https:\/\/veritasinfo.org\/index.php?rest_route=\/wp\/v2\/media\/27370"}],"wp:attachment":[{"href":"https:\/\/veritasinfo.org\/index.php?rest_route=%2Fwp%2Fv2%2Fmedia&parent=27369"}],"wp:term":[{"taxonomy":"category","embeddable":true,"href":"https:\/\/veritasinfo.org\/index.php?rest_route=%2Fwp%2Fv2%2Fcategories&post=27369"},{"taxonomy":"post_tag","embeddable":true,"href":"https:\/\/veritasinfo.org\/index.php?rest_route=%2Fwp%2Fv2%2Ftags&post=27369"}],"curies":[{"name":"wp","href":"https:\/\/api.w.org\/{rel}","templated":true}]}}