{"id":27340,"date":"2026-01-11T12:10:41","date_gmt":"2026-01-11T11:10:41","guid":{"rendered":"https:\/\/veritasinfo.org\/?p=27340"},"modified":"2026-01-11T12:17:22","modified_gmt":"2026-01-11T11:17:22","slug":"dezinformimi-i-mediave-serbe-nje-pasqyre-e-shtremberuar-e-jetes-ne-kosove-video","status":"publish","type":"post","link":"https:\/\/veritasinfo.org\/?p=27340","title":{"rendered":"Dezinformimi i mediave serbe: Nj\u00eb pasqyr\u00eb e shtremb\u00ebruar e jet\u00ebs n\u00eb Kosov\u00eb (Video)"},"content":{"rendered":"<p>Prishtin\u00eb, 11 janar 2026 12:09<\/p>\n<p>Jetesa n\u00eb Kosov\u00eb p\u00ebr qytetar\u00ebt serb\u00eb mbetet nj\u00eb koncept i larg\u00ebt dhe shpesh i deformuar, kryesisht p\u00ebr shkak t\u00eb informacionit q\u00eb arrin nga mediat n\u00eb Serbi. Gazetar\u00ebt dhe analist\u00ebt e Ballkanit, p\u00ebrfshir\u00eb Tijana Uzelac dhe Marija Popoviq nga BIRN, paralajm\u00ebrojn\u00eb se qytetar\u00ebt serb\u00eb nuk kan\u00eb nj\u00eb pamje t\u00eb qart\u00eb dhe t\u00eb sakt\u00eb t\u00eb realitetit n\u00eb Kosov\u00eb, p\u00ebr shkak t\u00eb p\u00ebrhapjes s\u00eb dezinformatave dhe raportimit nj\u00ebansh\u00ebm.<\/p>\n<p>\u201cDezinformatat vijn\u00eb m\u00eb s\u00eb shumti pik\u00ebrisht nga mediat\u201d, shpjegon Uzelac.<\/p>\n<p>Sipas saj,\u00a0dikush q\u00eb jeton n\u00eb Serbi nuk e ka nj\u00eb pasqyr\u00eb t\u00eb qart\u00eb se si \u00ebsht\u00eb jeta n\u00eb Kosov\u00eb. Burimet kryesore t\u00eb dezinformimit jan\u00eb akter\u00ebt politik, ku n\u00eb krye t\u00eb list\u00ebs \u00ebsht\u00eb partia n\u00eb pushtet, Partia P\u00ebrparimtare Serbe (SNS), por edhe partit\u00eb tjera.<\/p>\n<p>Gazetarja shton se, qytetar\u00ebt serb\u00eb shpesh nuk din\u00eb asgj\u00eb p\u00ebr jet\u00ebn e komuniteteve t\u00eb ndryshme n\u00eb Kosov\u00eb, p\u00ebrve\u00e7 n\u00ebse kan\u00eb kontakt t\u00eb drejtp\u00ebrdrejt me njer\u00ebzit q\u00eb jetojn\u00eb atje.<\/p>\n<p>\u201cKjo pasqyr\u00eb e tyre shtremb\u00ebrohet p\u00ebrmes raportimit t\u00eb mediave, sepse n\u00ebse bazohen vet\u00ebm n\u00eb media, ata nuk do t\u00eb ken\u00eb nj\u00eb ide t\u00eb plot\u00eb se si duket jeta e serb\u00ebve apo shqiptar\u00ebve n\u00eb Kosov\u00eb dhe marr\u00ebdh\u00ebniet nd\u00ebrkomunitare,\u201d thekson ajo.<\/p>\n<p>Marija Popoviq, gjithashtu nga BIRN, v\u00eb n\u00eb dukje se narrativat q\u00eb promovohen n\u00eb Serbi shpesh jan\u00eb t\u00eb nj\u00ebanshme dhe krijohen me q\u00ebllim politik.<\/p>\n<p>\u201cFotografia mediatike \u00ebsht\u00eb e till\u00eb q\u00eb informatat jan\u00eb ekskluzivisht t\u00eb nj\u00ebanshme, dhe ne nuk e kemi fotografin\u00eb e v\u00ebrtet\u00eb. Narrativi q\u00eb plasohet n\u00eb Serbi \u00ebsht\u00eb se serb\u00ebt kurr\u00eb nuk kan\u00eb faj p\u00ebr asgj\u00eb dhe gjithmon\u00eb fajtor \u00ebsht\u00eb dikush tjet\u00ebr\u201d, shprehet Popoviq.<\/p>\n<p>Gazetar\u00ebt n\u00eb rajon theksojn\u00eb nevoj\u00ebn p\u00ebr nj\u00eb edukim m\u00eb t\u00eb mir\u00eb mediatik dhe p\u00ebr verifikimin e informacionit. Megjithat\u00eb, sipas Popoviq, publiku shpesh nuk ka mjetet ose njohurit\u00eb p\u00ebr t\u00eb dalluar mes raportimeve t\u00eb sakta dhe propagand\u00ebs politike. \u201cN\u00eb Kosov\u00eb, Serbi dhe Shqip\u00ebri nuk jemi ende mjaftuesh\u00ebm t\u00eb edukuar n\u00eb aspektin e verifikimit t\u00eb asaj q\u00eb d\u00ebgjojm\u00eb,\u201d shprehet ajo.<\/p>\n<p>Sipas gazetareve serbe nga BIRN,\u00a0pa nj\u00eb media t\u00eb pavarur dhe t\u00eb p\u00ebrgjegjshme, qytetar\u00ebt serb\u00eb do t\u00eb vazhdojn\u00eb t\u00eb jetojn\u00eb n\u00eb nj\u00eb realitet t\u00eb shtremb\u00ebruar, duke u ndikuar drejtp\u00ebrdrejt nga interesat politike t\u00eb partis\u00eb n\u00eb pushtet dhe mediave t\u00eb saj.<\/p>\n<div style=\"width: 360px;\" class=\"wp-video\"><video class=\"wp-video-shortcode\" id=\"video-27340-1\" width=\"360\" height=\"360\" preload=\"metadata\" controls=\"controls\"><source type=\"video\/mp4\" src=\"https:\/\/veritasinfo.org\/wp-content\/uploads\/2026\/01\/AQMiTLklo2wZ6igA0IKPfrkYeFQG1YR8Mn3h_KXiMs6CBRTqA6zfEFkl8wNKe5JkUexZeilk_eM4pPJNCxE1tfkpBqZdtNAPCJMaDA5_9A.mp4?_=1\" \/><a href=\"https:\/\/veritasinfo.org\/wp-content\/uploads\/2026\/01\/AQMiTLklo2wZ6igA0IKPfrkYeFQG1YR8Mn3h_KXiMs6CBRTqA6zfEFkl8wNKe5JkUexZeilk_eM4pPJNCxE1tfkpBqZdtNAPCJMaDA5_9A.mp4\">https:\/\/veritasinfo.org\/wp-content\/uploads\/2026\/01\/AQMiTLklo2wZ6igA0IKPfrkYeFQG1YR8Mn3h_KXiMs6CBRTqA6zfEFkl8wNKe5JkUexZeilk_eM4pPJNCxE1tfkpBqZdtNAPCJMaDA5_9A.mp4<\/a><\/video><\/div>\n","protected":false},"excerpt":{"rendered":"<p>Prishtin\u00eb, 11 janar 2026 12:09 Jetesa n\u00eb Kosov\u00eb p\u00ebr qytetar\u00ebt serb\u00eb mbetet nj\u00eb koncept i larg\u00ebt dhe shpesh i deformuar, kryesisht p\u00ebr shkak t\u00eb informacionit<\/p>\n","protected":false},"author":7,"featured_media":27341,"comment_status":"open","ping_status":"open","sticky":false,"template":"","format":"standard","meta":{"footnotes":""},"categories":[60],"tags":[],"class_list":["post-27340","post","type-post","status-publish","format-standard","has-post-thumbnail","hentry","category-shoqerore-sq"],"yoast_head":"<!-- This site is optimized with the Yoast SEO plugin v25.3.1 - https:\/\/yoast.com\/wordpress\/plugins\/seo\/ -->\n<title>Dezinformimi i mediave serbe: Nj\u00eb pasqyr\u00eb e shtremb\u00ebruar e jet\u00ebs n\u00eb Kosov\u00eb (Video) -<\/title>\n<meta name=\"robots\" content=\"index, follow, max-snippet:-1, max-image-preview:large, max-video-preview:-1\" \/>\n<link rel=\"canonical\" href=\"https:\/\/veritasinfo.org\/?p=27340\" \/>\n<meta property=\"og:locale\" content=\"en_US\" \/>\n<meta property=\"og:type\" content=\"article\" \/>\n<meta property=\"og:title\" content=\"Dezinformimi i mediave serbe: Nj\u00eb pasqyr\u00eb e shtremb\u00ebruar e jet\u00ebs n\u00eb Kosov\u00eb (Video) -\" \/>\n<meta property=\"og:description\" content=\"Prishtin\u00eb, 11 janar 2026 12:09 Jetesa n\u00eb Kosov\u00eb p\u00ebr qytetar\u00ebt serb\u00eb mbetet nj\u00eb koncept i larg\u00ebt dhe shpesh i deformuar, kryesisht p\u00ebr shkak t\u00eb informacionit\" \/>\n<meta property=\"og:url\" content=\"https:\/\/veritasinfo.org\/?p=27340\" \/>\n<meta property=\"article:published_time\" content=\"2026-01-11T11:10:41+00:00\" \/>\n<meta property=\"article:modified_time\" content=\"2026-01-11T11:17:22+00:00\" \/>\n<meta property=\"og:image\" content=\"https:\/\/veritasinfo.org\/wp-content\/uploads\/2026\/01\/1-36.jpg\" \/>\n\t<meta property=\"og:image:width\" content=\"716\" \/>\n\t<meta property=\"og:image:height\" content=\"638\" \/>\n\t<meta property=\"og:image:type\" content=\"image\/jpeg\" \/>\n<meta name=\"author\" content=\"US6\" \/>\n<meta name=\"twitter:card\" content=\"summary_large_image\" \/>\n<meta name=\"twitter:label1\" content=\"Written by\" \/>\n\t<meta name=\"twitter:data1\" content=\"US6\" \/>\n\t<meta name=\"twitter:label2\" content=\"Est. reading time\" \/>\n\t<meta name=\"twitter:data2\" content=\"2 minutes\" \/>\n<script type=\"application\/ld+json\" class=\"yoast-schema-graph\">{\"@context\":\"https:\/\/schema.org\",\"@graph\":[{\"@type\":\"WebPage\",\"@id\":\"https:\/\/veritasinfo.org\/?p=27340\",\"url\":\"https:\/\/veritasinfo.org\/?p=27340\",\"name\":\"Dezinformimi i mediave serbe: Nj\u00eb pasqyr\u00eb e shtremb\u00ebruar e jet\u00ebs n\u00eb Kosov\u00eb (Video) -\",\"isPartOf\":{\"@id\":\"https:\/\/veritasinfo.org\/#website\"},\"primaryImageOfPage\":{\"@id\":\"https:\/\/veritasinfo.org\/?p=27340#primaryimage\"},\"image\":{\"@id\":\"https:\/\/veritasinfo.org\/?p=27340#primaryimage\"},\"thumbnailUrl\":\"https:\/\/veritasinfo.org\/wp-content\/uploads\/2026\/01\/1-36.jpg\",\"datePublished\":\"2026-01-11T11:10:41+00:00\",\"dateModified\":\"2026-01-11T11:17:22+00:00\",\"author\":{\"@id\":\"https:\/\/veritasinfo.org\/#\/schema\/person\/fe199eede04c3937362892b7444747cc\"},\"breadcrumb\":{\"@id\":\"https:\/\/veritasinfo.org\/?p=27340#breadcrumb\"},\"inLanguage\":\"en-US\",\"potentialAction\":[{\"@type\":\"ReadAction\",\"target\":[\"https:\/\/veritasinfo.org\/?p=27340\"]}]},{\"@type\":\"ImageObject\",\"inLanguage\":\"en-US\",\"@id\":\"https:\/\/veritasinfo.org\/?p=27340#primaryimage\",\"url\":\"https:\/\/veritasinfo.org\/wp-content\/uploads\/2026\/01\/1-36.jpg\",\"contentUrl\":\"https:\/\/veritasinfo.org\/wp-content\/uploads\/2026\/01\/1-36.jpg\",\"width\":716,\"height\":638},{\"@type\":\"BreadcrumbList\",\"@id\":\"https:\/\/veritasinfo.org\/?p=27340#breadcrumb\",\"itemListElement\":[{\"@type\":\"ListItem\",\"position\":1,\"name\":\"Home\",\"item\":\"https:\/\/veritasinfo.org\/\"},{\"@type\":\"ListItem\",\"position\":2,\"name\":\"Dezinformimi i mediave serbe: Nj\u00eb pasqyr\u00eb e shtremb\u00ebruar e jet\u00ebs n\u00eb Kosov\u00eb (Video)\"}]},{\"@type\":\"WebSite\",\"@id\":\"https:\/\/veritasinfo.org\/#website\",\"url\":\"https:\/\/veritasinfo.org\/\",\"name\":\"\",\"description\":\"\",\"potentialAction\":[{\"@type\":\"SearchAction\",\"target\":{\"@type\":\"EntryPoint\",\"urlTemplate\":\"https:\/\/veritasinfo.org\/?s={search_term_string}\"},\"query-input\":{\"@type\":\"PropertyValueSpecification\",\"valueRequired\":true,\"valueName\":\"search_term_string\"}}],\"inLanguage\":\"en-US\"},{\"@type\":\"Person\",\"@id\":\"https:\/\/veritasinfo.org\/#\/schema\/person\/fe199eede04c3937362892b7444747cc\",\"name\":\"US6\",\"image\":{\"@type\":\"ImageObject\",\"inLanguage\":\"en-US\",\"@id\":\"https:\/\/veritasinfo.org\/#\/schema\/person\/image\/\",\"url\":\"https:\/\/secure.gravatar.com\/avatar\/cb16c3c31c9d23b9b8c705964598220b3014e42ff51eb540ff23cefa3ae8c15f?s=96&d=mm&r=g\",\"contentUrl\":\"https:\/\/secure.gravatar.com\/avatar\/cb16c3c31c9d23b9b8c705964598220b3014e42ff51eb540ff23cefa3ae8c15f?s=96&d=mm&r=g\",\"caption\":\"US6\"},\"url\":\"https:\/\/veritasinfo.org\/?author=7\"}]}<\/script>\n<!-- \/ Yoast SEO plugin. -->","yoast_head_json":{"title":"Dezinformimi i mediave serbe: Nj\u00eb pasqyr\u00eb e shtremb\u00ebruar e jet\u00ebs n\u00eb Kosov\u00eb (Video) -","robots":{"index":"index","follow":"follow","max-snippet":"max-snippet:-1","max-image-preview":"max-image-preview:large","max-video-preview":"max-video-preview:-1"},"canonical":"https:\/\/veritasinfo.org\/?p=27340","og_locale":"en_US","og_type":"article","og_title":"Dezinformimi i mediave serbe: Nj\u00eb pasqyr\u00eb e shtremb\u00ebruar e jet\u00ebs n\u00eb Kosov\u00eb (Video) -","og_description":"Prishtin\u00eb, 11 janar 2026 12:09 Jetesa n\u00eb Kosov\u00eb p\u00ebr qytetar\u00ebt serb\u00eb mbetet nj\u00eb koncept i larg\u00ebt dhe shpesh i deformuar, kryesisht p\u00ebr shkak t\u00eb informacionit","og_url":"https:\/\/veritasinfo.org\/?p=27340","article_published_time":"2026-01-11T11:10:41+00:00","article_modified_time":"2026-01-11T11:17:22+00:00","og_image":[{"width":716,"height":638,"url":"https:\/\/veritasinfo.org\/wp-content\/uploads\/2026\/01\/1-36.jpg","type":"image\/jpeg"}],"author":"US6","twitter_card":"summary_large_image","twitter_misc":{"Written by":"US6","Est. reading time":"2 minutes"},"schema":{"@context":"https:\/\/schema.org","@graph":[{"@type":"WebPage","@id":"https:\/\/veritasinfo.org\/?p=27340","url":"https:\/\/veritasinfo.org\/?p=27340","name":"Dezinformimi i mediave serbe: Nj\u00eb pasqyr\u00eb e shtremb\u00ebruar e jet\u00ebs n\u00eb Kosov\u00eb (Video) -","isPartOf":{"@id":"https:\/\/veritasinfo.org\/#website"},"primaryImageOfPage":{"@id":"https:\/\/veritasinfo.org\/?p=27340#primaryimage"},"image":{"@id":"https:\/\/veritasinfo.org\/?p=27340#primaryimage"},"thumbnailUrl":"https:\/\/veritasinfo.org\/wp-content\/uploads\/2026\/01\/1-36.jpg","datePublished":"2026-01-11T11:10:41+00:00","dateModified":"2026-01-11T11:17:22+00:00","author":{"@id":"https:\/\/veritasinfo.org\/#\/schema\/person\/fe199eede04c3937362892b7444747cc"},"breadcrumb":{"@id":"https:\/\/veritasinfo.org\/?p=27340#breadcrumb"},"inLanguage":"en-US","potentialAction":[{"@type":"ReadAction","target":["https:\/\/veritasinfo.org\/?p=27340"]}]},{"@type":"ImageObject","inLanguage":"en-US","@id":"https:\/\/veritasinfo.org\/?p=27340#primaryimage","url":"https:\/\/veritasinfo.org\/wp-content\/uploads\/2026\/01\/1-36.jpg","contentUrl":"https:\/\/veritasinfo.org\/wp-content\/uploads\/2026\/01\/1-36.jpg","width":716,"height":638},{"@type":"BreadcrumbList","@id":"https:\/\/veritasinfo.org\/?p=27340#breadcrumb","itemListElement":[{"@type":"ListItem","position":1,"name":"Home","item":"https:\/\/veritasinfo.org\/"},{"@type":"ListItem","position":2,"name":"Dezinformimi i mediave serbe: Nj\u00eb pasqyr\u00eb e shtremb\u00ebruar e jet\u00ebs n\u00eb Kosov\u00eb (Video)"}]},{"@type":"WebSite","@id":"https:\/\/veritasinfo.org\/#website","url":"https:\/\/veritasinfo.org\/","name":"","description":"","potentialAction":[{"@type":"SearchAction","target":{"@type":"EntryPoint","urlTemplate":"https:\/\/veritasinfo.org\/?s={search_term_string}"},"query-input":{"@type":"PropertyValueSpecification","valueRequired":true,"valueName":"search_term_string"}}],"inLanguage":"en-US"},{"@type":"Person","@id":"https:\/\/veritasinfo.org\/#\/schema\/person\/fe199eede04c3937362892b7444747cc","name":"US6","image":{"@type":"ImageObject","inLanguage":"en-US","@id":"https:\/\/veritasinfo.org\/#\/schema\/person\/image\/","url":"https:\/\/secure.gravatar.com\/avatar\/cb16c3c31c9d23b9b8c705964598220b3014e42ff51eb540ff23cefa3ae8c15f?s=96&d=mm&r=g","contentUrl":"https:\/\/secure.gravatar.com\/avatar\/cb16c3c31c9d23b9b8c705964598220b3014e42ff51eb540ff23cefa3ae8c15f?s=96&d=mm&r=g","caption":"US6"},"url":"https:\/\/veritasinfo.org\/?author=7"}]}},"featured_image_urls":{"full":["https:\/\/veritasinfo.org\/wp-content\/uploads\/2026\/01\/1-36.jpg",716,638,false],"thumbnail":["https:\/\/veritasinfo.org\/wp-content\/uploads\/2026\/01\/1-36-150x150.jpg",150,150,true],"medium":["https:\/\/veritasinfo.org\/wp-content\/uploads\/2026\/01\/1-36-300x267.jpg",300,267,true],"medium_large":["https:\/\/veritasinfo.org\/wp-content\/uploads\/2026\/01\/1-36.jpg",640,570,false],"large":["https:\/\/veritasinfo.org\/wp-content\/uploads\/2026\/01\/1-36.jpg",640,570,false],"1536x1536":["https:\/\/veritasinfo.org\/wp-content\/uploads\/2026\/01\/1-36.jpg",716,638,false],"2048x2048":["https:\/\/veritasinfo.org\/wp-content\/uploads\/2026\/01\/1-36.jpg",716,638,false],"kreeti-slider-full":["https:\/\/veritasinfo.org\/wp-content\/uploads\/2026\/01\/1-36.jpg",716,638,false],"kreeti-featured":["https:\/\/veritasinfo.org\/wp-content\/uploads\/2026\/01\/1-36.jpg",716,638,false],"kreeti-medium":["https:\/\/veritasinfo.org\/wp-content\/uploads\/2026\/01\/1-36.jpg",595,530,false],"kreeti-medium-square":["https:\/\/veritasinfo.org\/wp-content\/uploads\/2026\/01\/1-36.jpg",350,312,false]},"author_info":{"info":["US6"]},"category_info":"<a href=\"https:\/\/veritasinfo.org\/?cat=60\" rel=\"category\">Shoq\u00ebrore<\/a>","tag_info":"Shoq\u00ebrore","comment_count":"0","_links":{"self":[{"href":"https:\/\/veritasinfo.org\/index.php?rest_route=\/wp\/v2\/posts\/27340","targetHints":{"allow":["GET"]}}],"collection":[{"href":"https:\/\/veritasinfo.org\/index.php?rest_route=\/wp\/v2\/posts"}],"about":[{"href":"https:\/\/veritasinfo.org\/index.php?rest_route=\/wp\/v2\/types\/post"}],"author":[{"embeddable":true,"href":"https:\/\/veritasinfo.org\/index.php?rest_route=\/wp\/v2\/users\/7"}],"replies":[{"embeddable":true,"href":"https:\/\/veritasinfo.org\/index.php?rest_route=%2Fwp%2Fv2%2Fcomments&post=27340"}],"version-history":[{"count":2,"href":"https:\/\/veritasinfo.org\/index.php?rest_route=\/wp\/v2\/posts\/27340\/revisions"}],"predecessor-version":[{"id":27348,"href":"https:\/\/veritasinfo.org\/index.php?rest_route=\/wp\/v2\/posts\/27340\/revisions\/27348"}],"wp:featuredmedia":[{"embeddable":true,"href":"https:\/\/veritasinfo.org\/index.php?rest_route=\/wp\/v2\/media\/27341"}],"wp:attachment":[{"href":"https:\/\/veritasinfo.org\/index.php?rest_route=%2Fwp%2Fv2%2Fmedia&parent=27340"}],"wp:term":[{"taxonomy":"category","embeddable":true,"href":"https:\/\/veritasinfo.org\/index.php?rest_route=%2Fwp%2Fv2%2Fcategories&post=27340"},{"taxonomy":"post_tag","embeddable":true,"href":"https:\/\/veritasinfo.org\/index.php?rest_route=%2Fwp%2Fv2%2Ftags&post=27340"}],"curies":[{"name":"wp","href":"https:\/\/api.w.org\/{rel}","templated":true}]}}