{"id":27324,"date":"2026-01-11T08:29:15","date_gmt":"2026-01-11T07:29:15","guid":{"rendered":"https:\/\/veritasinfo.org\/?p=27324"},"modified":"2026-01-11T08:29:15","modified_gmt":"2026-01-11T07:29:15","slug":"dy-ura-te-demtuara-nga-vershimet-ne-lipjan-kryetari-thote-se-situata-u-perkeqesua-gjate-dites","status":"publish","type":"post","link":"https:\/\/veritasinfo.org\/?p=27324","title":{"rendered":"Dy ura t\u00eb d\u00ebmtuara nga v\u00ebrshimet n\u00eb Lipjan \u2013 Kryetari thot\u00eb se situata u p\u00ebrkeq\u00ebsua gjat\u00eb dit\u00ebs"},"content":{"rendered":"<p>Lipjan, 11 janar 2026 08:24<\/p>\n<p>Kryetari i Komun\u00ebs s\u00eb Lipjanit, Imri Ahmeti, ka b\u00ebr\u00eb t\u00eb ditur se situata nga v\u00ebrshimet n\u00eb k\u00ebt\u00eb komun\u00eb \u00ebsht\u00eb p\u00ebrkeq\u00ebsuar gjat\u00eb dit\u00ebs s\u00eb shtun\u00eb, megjith\u00ebse deri m\u00eb sot nuk ka pasur v\u00ebshtir\u00ebsi t\u00eb m\u00ebdha.<\/p>\n<p>Ahmeti ka theksuar se d\u00ebmet kryesore jan\u00eb regjistruar n\u00eb dy ura, nj\u00ebra n\u00eb fshatin Sllamush\u00eb dhe tjetra n\u00eb Gadime t\u00eb Ep\u00ebrme, por se v\u00ebshtir\u00ebsi ka edhe n\u00eb lokalitete t\u00eb tjera.<\/p>\n<p>Si\u00e7 tha kryetari, t\u00eb gjitha rrug\u00ebt jan\u00eb t\u00eb kalueshme, por me v\u00ebshtir\u00ebsi t\u00eb theksuara, sidomos n\u00eb rrug\u00ebt regjionale, p\u00ebrfshir\u00eb aksin nga rrethrrotullimi i Prishtina Mall drejt Ferizajt, si dhe rrug\u00ebn nga Lipjani n\u00eb Magbule, p\u00ebrkat\u00ebsisht drejt aeroportit.<\/p>\n<p>&#8220;Deri sot nuk kemi pasur v\u00ebshtir\u00ebsi, sot jan\u00eb shfaqur bukur shum\u00eb v\u00ebrshime n\u00eb shum\u00eb lokalitete dhe pjes\u00eb t\u00eb lagjeve e fshatrave. Jan\u00eb disa d\u00ebme q\u00eb kan\u00eb ndodhur, kryesoret n\u00eb dy ura, nj\u00ebra n\u00eb fshatin Sllamush\u00eb dhe tjetra n\u00eb Gadime t\u00eb Ep\u00ebrme. Ka v\u00ebshtir\u00ebsi edhe n\u00eb lokalitete t\u00eb tjera. Ekipet tona jan\u00eb n\u00eb terren, n\u00eb bashk\u00ebpunim me zjarrfik\u00ebsit, stacionin policor dhe disa kompani private, duke provuar t\u00eb hapin kanale t\u00eb reja p\u00ebr ta orientuar rrjedh\u00ebn e ujit&#8221;.<\/p>\n<p>Rrug\u00ebt jan\u00eb t\u00eb kalueshme, por me shum\u00eb v\u00ebshtir\u00ebsi, m\u00eb s\u00eb shumti n\u00eb rrug\u00ebt regjionale, n\u00eb rrug\u00ebn prej Prishtina Mall, pra nga rrethrrotullimi p\u00ebr Ferizaj, si dhe rrug\u00ebn q\u00eb shkon prej Lipjanit n\u00eb Magbule, p\u00ebrkat\u00ebsisht drejt aeroportit.<\/p>\n","protected":false},"excerpt":{"rendered":"<p>Lipjan, 11 janar 2026 08:24 Kryetari i Komun\u00ebs s\u00eb Lipjanit, Imri Ahmeti, ka b\u00ebr\u00eb t\u00eb ditur se situata nga v\u00ebrshimet n\u00eb k\u00ebt\u00eb komun\u00eb \u00ebsht\u00eb p\u00ebrkeq\u00ebsuar<\/p>\n","protected":false},"author":7,"featured_media":27325,"comment_status":"open","ping_status":"open","sticky":false,"template":"","format":"standard","meta":{"footnotes":""},"categories":[52],"tags":[],"class_list":["post-27324","post","type-post","status-publish","format-standard","has-post-thumbnail","hentry","category-komunat-sq"],"yoast_head":"<!-- This site is optimized with the Yoast SEO plugin v25.3.1 - https:\/\/yoast.com\/wordpress\/plugins\/seo\/ -->\n<title>Dy ura t\u00eb d\u00ebmtuara nga v\u00ebrshimet n\u00eb Lipjan \u2013 Kryetari thot\u00eb se situata u p\u00ebrkeq\u00ebsua gjat\u00eb dit\u00ebs -<\/title>\n<meta name=\"robots\" content=\"index, follow, max-snippet:-1, max-image-preview:large, max-video-preview:-1\" \/>\n<link rel=\"canonical\" href=\"https:\/\/veritasinfo.org\/?p=27324\" \/>\n<meta property=\"og:locale\" content=\"en_US\" \/>\n<meta property=\"og:type\" content=\"article\" \/>\n<meta property=\"og:title\" content=\"Dy ura t\u00eb d\u00ebmtuara nga v\u00ebrshimet n\u00eb Lipjan \u2013 Kryetari thot\u00eb se situata u p\u00ebrkeq\u00ebsua gjat\u00eb dit\u00ebs -\" \/>\n<meta property=\"og:description\" content=\"Lipjan, 11 janar 2026 08:24 Kryetari i Komun\u00ebs s\u00eb Lipjanit, Imri Ahmeti, ka b\u00ebr\u00eb t\u00eb ditur se situata nga v\u00ebrshimet n\u00eb k\u00ebt\u00eb komun\u00eb \u00ebsht\u00eb p\u00ebrkeq\u00ebsuar\" \/>\n<meta property=\"og:url\" content=\"https:\/\/veritasinfo.org\/?p=27324\" \/>\n<meta property=\"article:published_time\" content=\"2026-01-11T07:29:15+00:00\" \/>\n<meta property=\"og:image\" content=\"https:\/\/veritasinfo.org\/wp-content\/uploads\/2026\/01\/images-1-1.jpeg\" \/>\n\t<meta property=\"og:image:width\" content=\"678\" \/>\n\t<meta property=\"og:image:height\" content=\"452\" \/>\n\t<meta property=\"og:image:type\" content=\"image\/jpeg\" \/>\n<meta name=\"author\" content=\"US6\" \/>\n<meta name=\"twitter:card\" content=\"summary_large_image\" \/>\n<meta name=\"twitter:label1\" content=\"Written by\" \/>\n\t<meta name=\"twitter:data1\" content=\"US6\" \/>\n\t<meta name=\"twitter:label2\" content=\"Est. reading time\" \/>\n\t<meta name=\"twitter:data2\" content=\"2 minutes\" \/>\n<script type=\"application\/ld+json\" class=\"yoast-schema-graph\">{\"@context\":\"https:\/\/schema.org\",\"@graph\":[{\"@type\":\"WebPage\",\"@id\":\"https:\/\/veritasinfo.org\/?p=27324\",\"url\":\"https:\/\/veritasinfo.org\/?p=27324\",\"name\":\"Dy ura t\u00eb d\u00ebmtuara nga v\u00ebrshimet n\u00eb Lipjan \u2013 Kryetari thot\u00eb se situata u p\u00ebrkeq\u00ebsua gjat\u00eb dit\u00ebs -\",\"isPartOf\":{\"@id\":\"https:\/\/veritasinfo.org\/#website\"},\"primaryImageOfPage\":{\"@id\":\"https:\/\/veritasinfo.org\/?p=27324#primaryimage\"},\"image\":{\"@id\":\"https:\/\/veritasinfo.org\/?p=27324#primaryimage\"},\"thumbnailUrl\":\"https:\/\/veritasinfo.org\/wp-content\/uploads\/2026\/01\/images-1-1.jpeg\",\"datePublished\":\"2026-01-11T07:29:15+00:00\",\"author\":{\"@id\":\"https:\/\/veritasinfo.org\/#\/schema\/person\/fe199eede04c3937362892b7444747cc\"},\"breadcrumb\":{\"@id\":\"https:\/\/veritasinfo.org\/?p=27324#breadcrumb\"},\"inLanguage\":\"en-US\",\"potentialAction\":[{\"@type\":\"ReadAction\",\"target\":[\"https:\/\/veritasinfo.org\/?p=27324\"]}]},{\"@type\":\"ImageObject\",\"inLanguage\":\"en-US\",\"@id\":\"https:\/\/veritasinfo.org\/?p=27324#primaryimage\",\"url\":\"https:\/\/veritasinfo.org\/wp-content\/uploads\/2026\/01\/images-1-1.jpeg\",\"contentUrl\":\"https:\/\/veritasinfo.org\/wp-content\/uploads\/2026\/01\/images-1-1.jpeg\",\"width\":678,\"height\":452},{\"@type\":\"BreadcrumbList\",\"@id\":\"https:\/\/veritasinfo.org\/?p=27324#breadcrumb\",\"itemListElement\":[{\"@type\":\"ListItem\",\"position\":1,\"name\":\"Home\",\"item\":\"https:\/\/veritasinfo.org\/\"},{\"@type\":\"ListItem\",\"position\":2,\"name\":\"Dy ura t\u00eb d\u00ebmtuara nga v\u00ebrshimet n\u00eb Lipjan \u2013 Kryetari thot\u00eb se situata u p\u00ebrkeq\u00ebsua gjat\u00eb dit\u00ebs\"}]},{\"@type\":\"WebSite\",\"@id\":\"https:\/\/veritasinfo.org\/#website\",\"url\":\"https:\/\/veritasinfo.org\/\",\"name\":\"\",\"description\":\"\",\"potentialAction\":[{\"@type\":\"SearchAction\",\"target\":{\"@type\":\"EntryPoint\",\"urlTemplate\":\"https:\/\/veritasinfo.org\/?s={search_term_string}\"},\"query-input\":{\"@type\":\"PropertyValueSpecification\",\"valueRequired\":true,\"valueName\":\"search_term_string\"}}],\"inLanguage\":\"en-US\"},{\"@type\":\"Person\",\"@id\":\"https:\/\/veritasinfo.org\/#\/schema\/person\/fe199eede04c3937362892b7444747cc\",\"name\":\"US6\",\"image\":{\"@type\":\"ImageObject\",\"inLanguage\":\"en-US\",\"@id\":\"https:\/\/veritasinfo.org\/#\/schema\/person\/image\/\",\"url\":\"https:\/\/secure.gravatar.com\/avatar\/cb16c3c31c9d23b9b8c705964598220b3014e42ff51eb540ff23cefa3ae8c15f?s=96&d=mm&r=g\",\"contentUrl\":\"https:\/\/secure.gravatar.com\/avatar\/cb16c3c31c9d23b9b8c705964598220b3014e42ff51eb540ff23cefa3ae8c15f?s=96&d=mm&r=g\",\"caption\":\"US6\"},\"url\":\"https:\/\/veritasinfo.org\/?author=7\"}]}<\/script>\n<!-- \/ Yoast SEO plugin. -->","yoast_head_json":{"title":"Dy ura t\u00eb d\u00ebmtuara nga v\u00ebrshimet n\u00eb Lipjan \u2013 Kryetari thot\u00eb se situata u p\u00ebrkeq\u00ebsua gjat\u00eb dit\u00ebs -","robots":{"index":"index","follow":"follow","max-snippet":"max-snippet:-1","max-image-preview":"max-image-preview:large","max-video-preview":"max-video-preview:-1"},"canonical":"https:\/\/veritasinfo.org\/?p=27324","og_locale":"en_US","og_type":"article","og_title":"Dy ura t\u00eb d\u00ebmtuara nga v\u00ebrshimet n\u00eb Lipjan \u2013 Kryetari thot\u00eb se situata u p\u00ebrkeq\u00ebsua gjat\u00eb dit\u00ebs -","og_description":"Lipjan, 11 janar 2026 08:24 Kryetari i Komun\u00ebs s\u00eb Lipjanit, Imri Ahmeti, ka b\u00ebr\u00eb t\u00eb ditur se situata nga v\u00ebrshimet n\u00eb k\u00ebt\u00eb komun\u00eb \u00ebsht\u00eb p\u00ebrkeq\u00ebsuar","og_url":"https:\/\/veritasinfo.org\/?p=27324","article_published_time":"2026-01-11T07:29:15+00:00","og_image":[{"width":678,"height":452,"url":"https:\/\/veritasinfo.org\/wp-content\/uploads\/2026\/01\/images-1-1.jpeg","type":"image\/jpeg"}],"author":"US6","twitter_card":"summary_large_image","twitter_misc":{"Written by":"US6","Est. reading time":"2 minutes"},"schema":{"@context":"https:\/\/schema.org","@graph":[{"@type":"WebPage","@id":"https:\/\/veritasinfo.org\/?p=27324","url":"https:\/\/veritasinfo.org\/?p=27324","name":"Dy ura t\u00eb d\u00ebmtuara nga v\u00ebrshimet n\u00eb Lipjan \u2013 Kryetari thot\u00eb se situata u p\u00ebrkeq\u00ebsua gjat\u00eb dit\u00ebs -","isPartOf":{"@id":"https:\/\/veritasinfo.org\/#website"},"primaryImageOfPage":{"@id":"https:\/\/veritasinfo.org\/?p=27324#primaryimage"},"image":{"@id":"https:\/\/veritasinfo.org\/?p=27324#primaryimage"},"thumbnailUrl":"https:\/\/veritasinfo.org\/wp-content\/uploads\/2026\/01\/images-1-1.jpeg","datePublished":"2026-01-11T07:29:15+00:00","author":{"@id":"https:\/\/veritasinfo.org\/#\/schema\/person\/fe199eede04c3937362892b7444747cc"},"breadcrumb":{"@id":"https:\/\/veritasinfo.org\/?p=27324#breadcrumb"},"inLanguage":"en-US","potentialAction":[{"@type":"ReadAction","target":["https:\/\/veritasinfo.org\/?p=27324"]}]},{"@type":"ImageObject","inLanguage":"en-US","@id":"https:\/\/veritasinfo.org\/?p=27324#primaryimage","url":"https:\/\/veritasinfo.org\/wp-content\/uploads\/2026\/01\/images-1-1.jpeg","contentUrl":"https:\/\/veritasinfo.org\/wp-content\/uploads\/2026\/01\/images-1-1.jpeg","width":678,"height":452},{"@type":"BreadcrumbList","@id":"https:\/\/veritasinfo.org\/?p=27324#breadcrumb","itemListElement":[{"@type":"ListItem","position":1,"name":"Home","item":"https:\/\/veritasinfo.org\/"},{"@type":"ListItem","position":2,"name":"Dy ura t\u00eb d\u00ebmtuara nga v\u00ebrshimet n\u00eb Lipjan \u2013 Kryetari thot\u00eb se situata u p\u00ebrkeq\u00ebsua gjat\u00eb dit\u00ebs"}]},{"@type":"WebSite","@id":"https:\/\/veritasinfo.org\/#website","url":"https:\/\/veritasinfo.org\/","name":"","description":"","potentialAction":[{"@type":"SearchAction","target":{"@type":"EntryPoint","urlTemplate":"https:\/\/veritasinfo.org\/?s={search_term_string}"},"query-input":{"@type":"PropertyValueSpecification","valueRequired":true,"valueName":"search_term_string"}}],"inLanguage":"en-US"},{"@type":"Person","@id":"https:\/\/veritasinfo.org\/#\/schema\/person\/fe199eede04c3937362892b7444747cc","name":"US6","image":{"@type":"ImageObject","inLanguage":"en-US","@id":"https:\/\/veritasinfo.org\/#\/schema\/person\/image\/","url":"https:\/\/secure.gravatar.com\/avatar\/cb16c3c31c9d23b9b8c705964598220b3014e42ff51eb540ff23cefa3ae8c15f?s=96&d=mm&r=g","contentUrl":"https:\/\/secure.gravatar.com\/avatar\/cb16c3c31c9d23b9b8c705964598220b3014e42ff51eb540ff23cefa3ae8c15f?s=96&d=mm&r=g","caption":"US6"},"url":"https:\/\/veritasinfo.org\/?author=7"}]}},"featured_image_urls":{"full":["https:\/\/veritasinfo.org\/wp-content\/uploads\/2026\/01\/images-1-1.jpeg",678,452,false],"thumbnail":["https:\/\/veritasinfo.org\/wp-content\/uploads\/2026\/01\/images-1-1-150x150.jpeg",150,150,true],"medium":["https:\/\/veritasinfo.org\/wp-content\/uploads\/2026\/01\/images-1-1-300x200.jpeg",300,200,true],"medium_large":["https:\/\/veritasinfo.org\/wp-content\/uploads\/2026\/01\/images-1-1.jpeg",640,427,false],"large":["https:\/\/veritasinfo.org\/wp-content\/uploads\/2026\/01\/images-1-1.jpeg",640,427,false],"1536x1536":["https:\/\/veritasinfo.org\/wp-content\/uploads\/2026\/01\/images-1-1.jpeg",678,452,false],"2048x2048":["https:\/\/veritasinfo.org\/wp-content\/uploads\/2026\/01\/images-1-1.jpeg",678,452,false],"kreeti-slider-full":["https:\/\/veritasinfo.org\/wp-content\/uploads\/2026\/01\/images-1-1.jpeg",678,452,false],"kreeti-featured":["https:\/\/veritasinfo.org\/wp-content\/uploads\/2026\/01\/images-1-1.jpeg",678,452,false],"kreeti-medium":["https:\/\/veritasinfo.org\/wp-content\/uploads\/2026\/01\/images-1-1.jpeg",678,452,false],"kreeti-medium-square":["https:\/\/veritasinfo.org\/wp-content\/uploads\/2026\/01\/images-1-1.jpeg",350,233,false]},"author_info":{"info":["US6"]},"category_info":"<a href=\"https:\/\/veritasinfo.org\/?cat=52\" rel=\"category\">Komunat<\/a>","tag_info":"Komunat","comment_count":"0","_links":{"self":[{"href":"https:\/\/veritasinfo.org\/index.php?rest_route=\/wp\/v2\/posts\/27324","targetHints":{"allow":["GET"]}}],"collection":[{"href":"https:\/\/veritasinfo.org\/index.php?rest_route=\/wp\/v2\/posts"}],"about":[{"href":"https:\/\/veritasinfo.org\/index.php?rest_route=\/wp\/v2\/types\/post"}],"author":[{"embeddable":true,"href":"https:\/\/veritasinfo.org\/index.php?rest_route=\/wp\/v2\/users\/7"}],"replies":[{"embeddable":true,"href":"https:\/\/veritasinfo.org\/index.php?rest_route=%2Fwp%2Fv2%2Fcomments&post=27324"}],"version-history":[{"count":1,"href":"https:\/\/veritasinfo.org\/index.php?rest_route=\/wp\/v2\/posts\/27324\/revisions"}],"predecessor-version":[{"id":27326,"href":"https:\/\/veritasinfo.org\/index.php?rest_route=\/wp\/v2\/posts\/27324\/revisions\/27326"}],"wp:featuredmedia":[{"embeddable":true,"href":"https:\/\/veritasinfo.org\/index.php?rest_route=\/wp\/v2\/media\/27325"}],"wp:attachment":[{"href":"https:\/\/veritasinfo.org\/index.php?rest_route=%2Fwp%2Fv2%2Fmedia&parent=27324"}],"wp:term":[{"taxonomy":"category","embeddable":true,"href":"https:\/\/veritasinfo.org\/index.php?rest_route=%2Fwp%2Fv2%2Fcategories&post=27324"},{"taxonomy":"post_tag","embeddable":true,"href":"https:\/\/veritasinfo.org\/index.php?rest_route=%2Fwp%2Fv2%2Ftags&post=27324"}],"curies":[{"name":"wp","href":"https:\/\/api.w.org\/{rel}","templated":true}]}}