{"id":27317,"date":"2026-01-11T07:47:02","date_gmt":"2026-01-11T06:47:02","guid":{"rendered":"https:\/\/veritasinfo.org\/?p=27317"},"modified":"2026-01-11T07:47:02","modified_gmt":"2026-01-11T06:47:02","slug":"agencija-za-vanredne-situacije-situacija-sa-poplavama-teska-ali-bez-gubitaka-zivota","status":"publish","type":"post","link":"https:\/\/veritasinfo.org\/?p=27317&lang=sr","title":{"rendered":"Agencija za vanredne situacije: Situacija sa poplavama te\u0161ka, ali bez gubitaka \u017eivota"},"content":{"rendered":"<p>Pri\u0161tina, 11. januar 2026, 07:45<\/p>\n<p>Agencija za upravljanje vanrednim situacijama (AUVS) pri Ministarstvu unutra\u0161njih poslova objavila je a\u017eurirani izve\u0161taj o stanju poplava u zemlji za period 9\u201310. januar 2026.<\/p>\n<p>Prema najnovijim podacima dobijenim od Operativnih centara za vanredne situacije 112, Vatrogasno-spasila\u010dkih jedinica, Direktorata za javne vanredne slu\u017ebe, kao i na osnovu prijava gra\u0111ana, situacija na nivou zemlje uglavnom je stabilna i pod kontrolom.<\/p>\n<p>AUVS saop\u0161tava da je, nakon smanjenja intenziteta padavina ki\u0161e i po\u010detka sne\u017enih padavina, u ve\u0107ini regiona prime\u0107eno vidno pobolj\u0161anje stanja, uz postepeno opadanje vodostaja reka i potoka. Prema zvani\u010dnom izve\u0161taju, nema prijavljenih gubitaka \u017eivota.<\/p>\n<p>U regionu Pri\u0161tine, poplave su zabele\u017eene u ulici \u201eRifat Beri\u0161a\u201c u Pri\u0161tini, u selu Hajvalija (ulica \u201eBrigada 153\u201c), u selu Smalu\u0161a u op\u0161tini Lipljan, na putu \u0160timlje\u2013Re\u010dak, kao i u Gra\u010danici, uklju\u010duju\u0107i zonu motela \u201eVilla Hilton\u201c i put u blizini Prishtina Mall-a. U me\u0111uvremenu, u Kosovo Polje, Obili\u0107u, Drenasu i Podujevu situacija je mirna, bez slu\u010dajeva koji su zahtevali intervenciju.<\/p>\n<p>U regionu Prizrena, u op\u0161tinama Prizren, Suva Reka, Orahovac i Mamu\u0161a nisu prijavljeni pozivi za intervencije i putevi ostaju prohodni. Dve intervencije realizovane su u Mali\u0161evu zbog puteva blokiranih vodom, dok je u Draga\u0161u izvr\u0161ena jedna tehni\u010dka intervencija u selu Rap\u010da zbog za\u010depljenja \u0161ahte.<\/p>\n<p>U regionu Mitrovice, jedna porodica je evakuisana iz kompleksa \u201eAmina\u201c u Mitrovici od strane Profesionalne vatrogasno-spasila\u010dke jedinice. Prema AUVS-u, trenutno je stanje u ovom regionu mirnije i bez neposrednog rizika od novih poplava. U Skenderaju i Vu\u010ditrnu nisu prijavljeni slu\u010dajevi koji zahtevaju intervenciju. U me\u0111uvremenu, u Termoelektrani \u201eKosovo A\u201c, u 07:05 \u010dasova zatra\u017eena je hitna intervencija za pumpu velikog kapaciteta, koju su realizovali nadle\u017eni timovi.<\/p>\n<p>U regionu Pe\u0107i, uklju\u010duju\u0107i op\u0161tine Pe\u0107, De\u010dane, Klina, Istok i Junik, situacija je stabilna i bez zahteva za intervencijama. AUVS apeluje na poja\u010dan oprez na putnim pravcima Pe\u0107\u2013Rugova i Pe\u0107\u2013Kula, zbog prisustva vode na pojedinim deonicama.<\/p>\n<p>U regionu \u0110akovice, situacija je mirna i stabilna, uz opadanje nivoa vode u rekama. Prijavljeno je jedno blokiranje puta kao posledica odrona zemlji\u0161ta.<\/p>\n<p>U regionu Gnjilana, poplave su prijavljene u ulici Kufca u Gnjilanu, dok je u ostalim op\u0161tinama ovog regiona, uklju\u010duju\u0107i Uro\u0161evac, Kamenicu, Vitinu, Ka\u010danik, Han i Elezit, \u0160trpce i op\u0161tine sa srpskom ve\u0107inom, situacija mirna i bez poplava.<\/p>\n<p>AUVS ocenjuje da trenutna situacija ostaje stabilna i pod kontrolom. Glavni rizici u narednim danima odnose se na sne\u017ene padavine, poledicu i ote\u017eano odvijanje saobra\u0107aja. Prema izve\u0161taju, nema indikacija za eskalaciju situacije.<\/p>\n<p>Operativni centar Agencije za upravljanje vanrednim situacijama i sve strukture za za\u0161titu, spasavanje i pomo\u0107 ostaju u punoj pripravnosti 24 \u010dasa dnevno radi monitoringa i hitnog reagovanja po potrebi.<\/p>\n","protected":false},"excerpt":{"rendered":"<p>Pri\u0161tina, 11. januar 2026, 07:45 Agencija za upravljanje vanrednim situacijama (AUVS) pri Ministarstvu unutra\u0161njih poslova objavila je a\u017eurirani izve\u0161taj o stanju poplava u zemlji za<\/p>\n","protected":false},"author":7,"featured_media":27313,"comment_status":"open","ping_status":"open","sticky":false,"template":"","format":"standard","meta":{"footnotes":""},"categories":[30],"tags":[],"class_list":["post-27317","post","type-post","status-publish","format-standard","has-post-thumbnail","hentry","category-drustvo"],"yoast_head":"<!-- This site is optimized with the Yoast SEO plugin v25.3.1 - https:\/\/yoast.com\/wordpress\/plugins\/seo\/ -->\n<title>Agencija za vanredne situacije: Situacija sa poplavama te\u0161ka, ali bez gubitaka \u017eivota -<\/title>\n<meta name=\"robots\" content=\"index, follow, max-snippet:-1, max-image-preview:large, max-video-preview:-1\" \/>\n<link rel=\"canonical\" href=\"https:\/\/veritasinfo.org\/?p=27317&lang=sr\" \/>\n<meta property=\"og:locale\" content=\"en_US\" \/>\n<meta property=\"og:type\" content=\"article\" \/>\n<meta property=\"og:title\" content=\"Agencija za vanredne situacije: Situacija sa poplavama te\u0161ka, ali bez gubitaka \u017eivota -\" \/>\n<meta property=\"og:description\" content=\"Pri\u0161tina, 11. januar 2026, 07:45 Agencija za upravljanje vanrednim situacijama (AUVS) pri Ministarstvu unutra\u0161njih poslova objavila je a\u017eurirani izve\u0161taj o stanju poplava u zemlji za\" \/>\n<meta property=\"og:url\" content=\"https:\/\/veritasinfo.org\/?p=27317&amp;lang=sr\" \/>\n<meta property=\"article:published_time\" content=\"2026-01-11T06:47:02+00:00\" \/>\n<meta property=\"og:image\" content=\"https:\/\/veritasinfo.org\/wp-content\/uploads\/2026\/01\/714063-rwpXOmwIqE.jpg\" \/>\n\t<meta property=\"og:image:width\" content=\"780\" \/>\n\t<meta property=\"og:image:height\" content=\"500\" \/>\n\t<meta property=\"og:image:type\" content=\"image\/jpeg\" \/>\n<meta name=\"author\" content=\"US6\" \/>\n<meta name=\"twitter:card\" content=\"summary_large_image\" \/>\n<meta name=\"twitter:label1\" content=\"Written by\" \/>\n\t<meta name=\"twitter:data1\" content=\"US6\" \/>\n\t<meta name=\"twitter:label2\" content=\"Est. reading time\" \/>\n\t<meta name=\"twitter:data2\" content=\"3 minutes\" \/>\n<script type=\"application\/ld+json\" class=\"yoast-schema-graph\">{\"@context\":\"https:\/\/schema.org\",\"@graph\":[{\"@type\":\"WebPage\",\"@id\":\"https:\/\/veritasinfo.org\/?p=27317&lang=sr\",\"url\":\"https:\/\/veritasinfo.org\/?p=27317&lang=sr\",\"name\":\"Agencija za vanredne situacije: Situacija sa poplavama te\u0161ka, ali bez gubitaka \u017eivota -\",\"isPartOf\":{\"@id\":\"https:\/\/veritasinfo.org\/#website\"},\"primaryImageOfPage\":{\"@id\":\"https:\/\/veritasinfo.org\/?p=27317&lang=sr#primaryimage\"},\"image\":{\"@id\":\"https:\/\/veritasinfo.org\/?p=27317&lang=sr#primaryimage\"},\"thumbnailUrl\":\"https:\/\/veritasinfo.org\/wp-content\/uploads\/2026\/01\/714063-rwpXOmwIqE.jpg\",\"datePublished\":\"2026-01-11T06:47:02+00:00\",\"author\":{\"@id\":\"https:\/\/veritasinfo.org\/#\/schema\/person\/fe199eede04c3937362892b7444747cc\"},\"breadcrumb\":{\"@id\":\"https:\/\/veritasinfo.org\/?p=27317&lang=sr#breadcrumb\"},\"inLanguage\":\"en-US\",\"potentialAction\":[{\"@type\":\"ReadAction\",\"target\":[\"https:\/\/veritasinfo.org\/?p=27317&lang=sr\"]}]},{\"@type\":\"ImageObject\",\"inLanguage\":\"en-US\",\"@id\":\"https:\/\/veritasinfo.org\/?p=27317&lang=sr#primaryimage\",\"url\":\"https:\/\/veritasinfo.org\/wp-content\/uploads\/2026\/01\/714063-rwpXOmwIqE.jpg\",\"contentUrl\":\"https:\/\/veritasinfo.org\/wp-content\/uploads\/2026\/01\/714063-rwpXOmwIqE.jpg\",\"width\":780,\"height\":500},{\"@type\":\"BreadcrumbList\",\"@id\":\"https:\/\/veritasinfo.org\/?p=27317&lang=sr#breadcrumb\",\"itemListElement\":[{\"@type\":\"ListItem\",\"position\":1,\"name\":\"Home\",\"item\":\"https:\/\/veritasinfo.org\/\"},{\"@type\":\"ListItem\",\"position\":2,\"name\":\"Agencija za vanredne situacije: Situacija sa poplavama te\u0161ka, ali bez gubitaka \u017eivota\"}]},{\"@type\":\"WebSite\",\"@id\":\"https:\/\/veritasinfo.org\/#website\",\"url\":\"https:\/\/veritasinfo.org\/\",\"name\":\"\",\"description\":\"\",\"potentialAction\":[{\"@type\":\"SearchAction\",\"target\":{\"@type\":\"EntryPoint\",\"urlTemplate\":\"https:\/\/veritasinfo.org\/?s={search_term_string}\"},\"query-input\":{\"@type\":\"PropertyValueSpecification\",\"valueRequired\":true,\"valueName\":\"search_term_string\"}}],\"inLanguage\":\"en-US\"},{\"@type\":\"Person\",\"@id\":\"https:\/\/veritasinfo.org\/#\/schema\/person\/fe199eede04c3937362892b7444747cc\",\"name\":\"US6\",\"image\":{\"@type\":\"ImageObject\",\"inLanguage\":\"en-US\",\"@id\":\"https:\/\/veritasinfo.org\/#\/schema\/person\/image\/\",\"url\":\"https:\/\/secure.gravatar.com\/avatar\/cb16c3c31c9d23b9b8c705964598220b3014e42ff51eb540ff23cefa3ae8c15f?s=96&d=mm&r=g\",\"contentUrl\":\"https:\/\/secure.gravatar.com\/avatar\/cb16c3c31c9d23b9b8c705964598220b3014e42ff51eb540ff23cefa3ae8c15f?s=96&d=mm&r=g\",\"caption\":\"US6\"},\"url\":\"https:\/\/veritasinfo.org\/?author=7\"}]}<\/script>\n<!-- \/ Yoast SEO plugin. -->","yoast_head_json":{"title":"Agencija za vanredne situacije: Situacija sa poplavama te\u0161ka, ali bez gubitaka \u017eivota -","robots":{"index":"index","follow":"follow","max-snippet":"max-snippet:-1","max-image-preview":"max-image-preview:large","max-video-preview":"max-video-preview:-1"},"canonical":"https:\/\/veritasinfo.org\/?p=27317&lang=sr","og_locale":"en_US","og_type":"article","og_title":"Agencija za vanredne situacije: Situacija sa poplavama te\u0161ka, ali bez gubitaka \u017eivota -","og_description":"Pri\u0161tina, 11. januar 2026, 07:45 Agencija za upravljanje vanrednim situacijama (AUVS) pri Ministarstvu unutra\u0161njih poslova objavila je a\u017eurirani izve\u0161taj o stanju poplava u zemlji za","og_url":"https:\/\/veritasinfo.org\/?p=27317&lang=sr","article_published_time":"2026-01-11T06:47:02+00:00","og_image":[{"width":780,"height":500,"url":"https:\/\/veritasinfo.org\/wp-content\/uploads\/2026\/01\/714063-rwpXOmwIqE.jpg","type":"image\/jpeg"}],"author":"US6","twitter_card":"summary_large_image","twitter_misc":{"Written by":"US6","Est. reading time":"3 minutes"},"schema":{"@context":"https:\/\/schema.org","@graph":[{"@type":"WebPage","@id":"https:\/\/veritasinfo.org\/?p=27317&lang=sr","url":"https:\/\/veritasinfo.org\/?p=27317&lang=sr","name":"Agencija za vanredne situacije: Situacija sa poplavama te\u0161ka, ali bez gubitaka \u017eivota -","isPartOf":{"@id":"https:\/\/veritasinfo.org\/#website"},"primaryImageOfPage":{"@id":"https:\/\/veritasinfo.org\/?p=27317&lang=sr#primaryimage"},"image":{"@id":"https:\/\/veritasinfo.org\/?p=27317&lang=sr#primaryimage"},"thumbnailUrl":"https:\/\/veritasinfo.org\/wp-content\/uploads\/2026\/01\/714063-rwpXOmwIqE.jpg","datePublished":"2026-01-11T06:47:02+00:00","author":{"@id":"https:\/\/veritasinfo.org\/#\/schema\/person\/fe199eede04c3937362892b7444747cc"},"breadcrumb":{"@id":"https:\/\/veritasinfo.org\/?p=27317&lang=sr#breadcrumb"},"inLanguage":"en-US","potentialAction":[{"@type":"ReadAction","target":["https:\/\/veritasinfo.org\/?p=27317&lang=sr"]}]},{"@type":"ImageObject","inLanguage":"en-US","@id":"https:\/\/veritasinfo.org\/?p=27317&lang=sr#primaryimage","url":"https:\/\/veritasinfo.org\/wp-content\/uploads\/2026\/01\/714063-rwpXOmwIqE.jpg","contentUrl":"https:\/\/veritasinfo.org\/wp-content\/uploads\/2026\/01\/714063-rwpXOmwIqE.jpg","width":780,"height":500},{"@type":"BreadcrumbList","@id":"https:\/\/veritasinfo.org\/?p=27317&lang=sr#breadcrumb","itemListElement":[{"@type":"ListItem","position":1,"name":"Home","item":"https:\/\/veritasinfo.org\/"},{"@type":"ListItem","position":2,"name":"Agencija za vanredne situacije: Situacija sa poplavama te\u0161ka, ali bez gubitaka \u017eivota"}]},{"@type":"WebSite","@id":"https:\/\/veritasinfo.org\/#website","url":"https:\/\/veritasinfo.org\/","name":"","description":"","potentialAction":[{"@type":"SearchAction","target":{"@type":"EntryPoint","urlTemplate":"https:\/\/veritasinfo.org\/?s={search_term_string}"},"query-input":{"@type":"PropertyValueSpecification","valueRequired":true,"valueName":"search_term_string"}}],"inLanguage":"en-US"},{"@type":"Person","@id":"https:\/\/veritasinfo.org\/#\/schema\/person\/fe199eede04c3937362892b7444747cc","name":"US6","image":{"@type":"ImageObject","inLanguage":"en-US","@id":"https:\/\/veritasinfo.org\/#\/schema\/person\/image\/","url":"https:\/\/secure.gravatar.com\/avatar\/cb16c3c31c9d23b9b8c705964598220b3014e42ff51eb540ff23cefa3ae8c15f?s=96&d=mm&r=g","contentUrl":"https:\/\/secure.gravatar.com\/avatar\/cb16c3c31c9d23b9b8c705964598220b3014e42ff51eb540ff23cefa3ae8c15f?s=96&d=mm&r=g","caption":"US6"},"url":"https:\/\/veritasinfo.org\/?author=7"}]}},"featured_image_urls":{"full":["https:\/\/veritasinfo.org\/wp-content\/uploads\/2026\/01\/714063-rwpXOmwIqE.jpg",780,500,false],"thumbnail":["https:\/\/veritasinfo.org\/wp-content\/uploads\/2026\/01\/714063-rwpXOmwIqE-150x150.jpg",150,150,true],"medium":["https:\/\/veritasinfo.org\/wp-content\/uploads\/2026\/01\/714063-rwpXOmwIqE-300x192.jpg",300,192,true],"medium_large":["https:\/\/veritasinfo.org\/wp-content\/uploads\/2026\/01\/714063-rwpXOmwIqE-768x492.jpg",640,410,true],"large":["https:\/\/veritasinfo.org\/wp-content\/uploads\/2026\/01\/714063-rwpXOmwIqE.jpg",640,410,false],"1536x1536":["https:\/\/veritasinfo.org\/wp-content\/uploads\/2026\/01\/714063-rwpXOmwIqE.jpg",780,500,false],"2048x2048":["https:\/\/veritasinfo.org\/wp-content\/uploads\/2026\/01\/714063-rwpXOmwIqE.jpg",780,500,false],"kreeti-slider-full":["https:\/\/veritasinfo.org\/wp-content\/uploads\/2026\/01\/714063-rwpXOmwIqE.jpg",780,500,false],"kreeti-featured":["https:\/\/veritasinfo.org\/wp-content\/uploads\/2026\/01\/714063-rwpXOmwIqE.jpg",780,500,false],"kreeti-medium":["https:\/\/veritasinfo.org\/wp-content\/uploads\/2026\/01\/714063-rwpXOmwIqE.jpg",720,462,false],"kreeti-medium-square":["https:\/\/veritasinfo.org\/wp-content\/uploads\/2026\/01\/714063-rwpXOmwIqE.jpg",350,224,false]},"author_info":{"info":["US6"]},"category_info":"<a href=\"https:\/\/veritasinfo.org\/?cat=30&#038;lang=sr\" rel=\"category\">Dru\u0161tvo<\/a>","tag_info":"Dru\u0161tvo","comment_count":"0","_links":{"self":[{"href":"https:\/\/veritasinfo.org\/index.php?rest_route=\/wp\/v2\/posts\/27317","targetHints":{"allow":["GET"]}}],"collection":[{"href":"https:\/\/veritasinfo.org\/index.php?rest_route=\/wp\/v2\/posts"}],"about":[{"href":"https:\/\/veritasinfo.org\/index.php?rest_route=\/wp\/v2\/types\/post"}],"author":[{"embeddable":true,"href":"https:\/\/veritasinfo.org\/index.php?rest_route=\/wp\/v2\/users\/7"}],"replies":[{"embeddable":true,"href":"https:\/\/veritasinfo.org\/index.php?rest_route=%2Fwp%2Fv2%2Fcomments&post=27317"}],"version-history":[{"count":1,"href":"https:\/\/veritasinfo.org\/index.php?rest_route=\/wp\/v2\/posts\/27317\/revisions"}],"predecessor-version":[{"id":27318,"href":"https:\/\/veritasinfo.org\/index.php?rest_route=\/wp\/v2\/posts\/27317\/revisions\/27318"}],"wp:featuredmedia":[{"embeddable":true,"href":"https:\/\/veritasinfo.org\/index.php?rest_route=\/wp\/v2\/media\/27313"}],"wp:attachment":[{"href":"https:\/\/veritasinfo.org\/index.php?rest_route=%2Fwp%2Fv2%2Fmedia&parent=27317"}],"wp:term":[{"taxonomy":"category","embeddable":true,"href":"https:\/\/veritasinfo.org\/index.php?rest_route=%2Fwp%2Fv2%2Fcategories&post=27317"},{"taxonomy":"post_tag","embeddable":true,"href":"https:\/\/veritasinfo.org\/index.php?rest_route=%2Fwp%2Fv2%2Ftags&post=27317"}],"curies":[{"name":"wp","href":"https:\/\/api.w.org\/{rel}","templated":true}]}}