{"id":27312,"date":"2026-01-11T07:42:06","date_gmt":"2026-01-11T06:42:06","guid":{"rendered":"https:\/\/veritasinfo.org\/?p=27312"},"modified":"2026-01-11T07:44:02","modified_gmt":"2026-01-11T06:44:02","slug":"agjencia-e-emergjencave-situata-nga-vershimet-e-rende-por-pa-humbje-jete","status":"publish","type":"post","link":"https:\/\/veritasinfo.org\/?p=27312","title":{"rendered":"Agjencia e Emergjencave: Situata nga v\u00ebrshimet e r\u00ebnd\u00eb, por pa humbje jete"},"content":{"rendered":"<p>Prishtin\u00eb, 11 janar 2026 07:43<\/p>\n<p>Agjencia e Menaxhimit Emergjent (AME) pran\u00eb Ministris\u00eb s\u00eb Pun\u00ebve t\u00eb Brendshme ka publikuar raportin e p\u00ebrdit\u00ebsuar p\u00ebr gjendjen e v\u00ebrshimeve n\u00eb vend p\u00ebr periudh\u00ebn 9\u201310 janar 2026.<\/p>\n<p>Sipas t\u00eb dh\u00ebnave t\u00eb fundit pranuara nga Qendrat Operative Emergjente 112, Nj\u00ebsit\u00eb e Zjarrfik\u00ebsve dhe Shp\u00ebtimit, Drejtorit\u00eb p\u00ebr Sh\u00ebrbime Publike Emergjente si dhe raportimeve t\u00eb qytetar\u00ebve, situata n\u00eb nivel vendi paraqitet kryesisht stabile dhe e menaxhueshme.<\/p>\n<p>AME njofton se pas r\u00ebnies s\u00eb intensitetit t\u00eb reshjeve t\u00eb shiut dhe fillimit t\u00eb reshjeve t\u00eb bor\u00ebs, n\u00eb shumic\u00ebn e rajoneve \u00ebsht\u00eb v\u00ebrejtur p\u00ebrmir\u00ebsim i duksh\u00ebm i gjendjes, me r\u00ebnie graduale t\u00eb nivelit t\u00eb ujit n\u00eb lumenj dhe p\u00ebrrenj. Sipas raportit zyrtar, nuk raportohet p\u00ebr humbje jete.<\/p>\n<p>N\u00eb rajonin e Prishtin\u00ebs, v\u00ebrshime jan\u00eb regjistruar n\u00eb rrug\u00ebn \u201cRifat Berisha\u201d n\u00eb Prishtin\u00eb, n\u00eb fshatin Hajvali (rruga \u201cBrigada 153\u201d), n\u00eb fshatin Smallush t\u00eb Lipjanit, n\u00eb rrug\u00ebn Shtime\u2013Re\u00e7ak, si dhe n\u00eb Gra\u00e7anic\u00eb, p\u00ebrfshir\u00eb zon\u00ebn e Motel \u201cVilla Hilton\u201d dhe rrug\u00ebn pran\u00eb Prishtina Mall. Nd\u00ebrkoh\u00eb, n\u00eb Fush\u00eb Kosov\u00eb, Obiliq, Drenas dhe Podujev\u00eb situata paraqitet e qet\u00eb, pa raste q\u00eb kan\u00eb k\u00ebrkuar nd\u00ebrhyrje.<\/p>\n<p>N\u00eb rajonin e Prizrenit, n\u00eb komunat Prizren, Suharek\u00eb, Rahovec dhe Mamush\u00eb nuk jan\u00eb raportuar thirrje p\u00ebr intervenim dhe rrug\u00ebt mbesin t\u00eb kalueshme. Dy intervenime jan\u00eb realizuar n\u00eb Malishev\u00eb p\u00ebr rrug\u00eb t\u00eb bllokuara nga uji, nd\u00ebrsa n\u00eb Dragash \u00ebsht\u00eb kryer nj\u00eb intervenim teknik n\u00eb fshatin Rap\u00e7\u00eb p\u00ebr shkak t\u00eb bllokimit t\u00eb puset\u00ebs.<\/p>\n<p>N\u00eb rajonin e Mitrovic\u00ebs, nj\u00eb familje \u00ebsht\u00eb evakuuar nga kompleksi \u201cAmina\u201d n\u00eb Mitrovic\u00eb nga Nj\u00ebsia Profesionale e Zjarrfik\u00ebsve dhe Shp\u00ebtimit. Sipas AME-s\u00eb, aktualisht gjendja n\u00eb k\u00ebt\u00eb rajon \u00ebsht\u00eb m\u00eb e qet\u00eb dhe pa rrezik t\u00eb menj\u00ebhersh\u00ebm p\u00ebr v\u00ebrshime t\u00eb reja. N\u00eb Skenderaj dhe Vushtrri nuk jan\u00eb raportuar raste q\u00eb k\u00ebrkojn\u00eb nd\u00ebrhyrje. Nd\u00ebrkoh\u00eb, n\u00eb Termocentralin \u201cKosova A\u201d, n\u00eb or\u00ebn 07:05 \u00ebsht\u00eb k\u00ebrkuar intervenim urgjent p\u00ebr pomp\u00eb thith\u00ebse me kapacitet t\u00eb madh, nd\u00ebrhyrje e cila \u00ebsht\u00eb realizuar nga ekipet p\u00ebrkat\u00ebse.<\/p>\n<p>N\u00eb rajonin e Pej\u00ebs, p\u00ebrfshir\u00eb komunat Pej\u00eb, De\u00e7an, Klin\u00eb, Istog dhe Junik, situata paraqitet stabile dhe pa k\u00ebrkesa p\u00ebr intervenim. AME b\u00ebn thirrje p\u00ebr kujdes t\u00eb shtuar n\u00eb segmentet rrugore Pej\u00eb\u2013Rugov\u00eb dhe Pej\u00eb\u2013Kull\u00eb, p\u00ebr shkak t\u00eb pranis\u00eb s\u00eb ujit n\u00eb disa pjes\u00eb t\u00eb rrug\u00ebs.<\/p>\n<p>N\u00eb rajonin e Gjakov\u00ebs, situata \u00ebsht\u00eb e qet\u00eb dhe stabile, me r\u00ebnie t\u00eb nivelit t\u00eb ujit n\u00eb lumenj. Raportohet nj\u00eb bllokim rruge si pasoj\u00eb e shembjes s\u00eb dheut.<\/p>\n<p>N\u00eb rajonin e Gjilanit, v\u00ebrshime jan\u00eb raportuar n\u00eb rrug\u00ebn e Kufc\u00ebs n\u00eb Gjilan, nd\u00ebrsa n\u00eb komunat tjera t\u00eb k\u00ebtij rajoni, p\u00ebrfshir\u00eb Ferizajn, Kamenic\u00ebn, Vitin\u00eb, Ka\u00e7anikun, Hanin e Elezit, Sht\u00ebrpc\u00ebn dhe komunat me shumic\u00eb serbe, situata paraqitet e qet\u00eb dhe pa v\u00ebrshime.<\/p>\n<p>AME vler\u00ebson se situata aktuale mbetet stabile dhe e menaxhueshme. Rreziqet kryesore n\u00eb dit\u00ebt n\u00eb vijim lidhen me reshjet e bor\u00ebs, ngricat dhe v\u00ebshtir\u00ebsit\u00eb n\u00eb qarkullim rrugor. Sipas raportit, nuk ka indikacione p\u00ebr p\u00ebrshkall\u00ebzim t\u00eb situat\u00ebs.<\/p>\n<p>Qendra Operative e Agjencis\u00eb s\u00eb Menaxhimit Emergjent dhe t\u00eb gjitha strukturat p\u00ebr Mbrojtje, Shp\u00ebtim dhe Ndihm\u00eb mbeten n\u00eb gatishm\u00ebri t\u00eb plot\u00eb 24 or\u00eb n\u00eb dit\u00eb p\u00ebr monitorim dhe reagim t\u00eb menj\u00ebhersh\u00ebm sipas nevoj\u00ebs.<\/p>\n","protected":false},"excerpt":{"rendered":"<p>Prishtin\u00eb, 11 janar 2026 07:43 Agjencia e Menaxhimit Emergjent (AME) pran\u00eb Ministris\u00eb s\u00eb Pun\u00ebve t\u00eb Brendshme ka publikuar raportin e p\u00ebrdit\u00ebsuar p\u00ebr gjendjen e v\u00ebrshimeve<\/p>\n","protected":false},"author":7,"featured_media":27313,"comment_status":"open","ping_status":"open","sticky":false,"template":"","format":"standard","meta":{"footnotes":""},"categories":[60],"tags":[],"class_list":["post-27312","post","type-post","status-publish","format-standard","has-post-thumbnail","hentry","category-shoqerore-sq"],"yoast_head":"<!-- This site is optimized with the Yoast SEO plugin v25.3.1 - https:\/\/yoast.com\/wordpress\/plugins\/seo\/ -->\n<title>Agjencia e Emergjencave: Situata nga v\u00ebrshimet e r\u00ebnd\u00eb, por pa humbje jete -<\/title>\n<meta name=\"robots\" content=\"index, follow, max-snippet:-1, max-image-preview:large, max-video-preview:-1\" \/>\n<link rel=\"canonical\" href=\"https:\/\/veritasinfo.org\/?p=27312\" \/>\n<meta property=\"og:locale\" content=\"en_US\" \/>\n<meta property=\"og:type\" content=\"article\" \/>\n<meta property=\"og:title\" content=\"Agjencia e Emergjencave: Situata nga v\u00ebrshimet e r\u00ebnd\u00eb, por pa humbje jete -\" \/>\n<meta property=\"og:description\" content=\"Prishtin\u00eb, 11 janar 2026 07:43 Agjencia e Menaxhimit Emergjent (AME) pran\u00eb Ministris\u00eb s\u00eb Pun\u00ebve t\u00eb Brendshme ka publikuar raportin e p\u00ebrdit\u00ebsuar p\u00ebr gjendjen e v\u00ebrshimeve\" \/>\n<meta property=\"og:url\" content=\"https:\/\/veritasinfo.org\/?p=27312\" \/>\n<meta property=\"article:published_time\" content=\"2026-01-11T06:42:06+00:00\" \/>\n<meta property=\"article:modified_time\" content=\"2026-01-11T06:44:02+00:00\" \/>\n<meta property=\"og:image\" content=\"https:\/\/veritasinfo.org\/wp-content\/uploads\/2026\/01\/714063-rwpXOmwIqE.jpg\" \/>\n\t<meta property=\"og:image:width\" content=\"780\" \/>\n\t<meta property=\"og:image:height\" content=\"500\" \/>\n\t<meta property=\"og:image:type\" content=\"image\/jpeg\" \/>\n<meta name=\"author\" content=\"US6\" \/>\n<meta name=\"twitter:card\" content=\"summary_large_image\" \/>\n<meta name=\"twitter:label1\" content=\"Written by\" \/>\n\t<meta name=\"twitter:data1\" content=\"US6\" \/>\n\t<meta name=\"twitter:label2\" content=\"Est. reading time\" \/>\n\t<meta name=\"twitter:data2\" content=\"3 minutes\" \/>\n<script type=\"application\/ld+json\" class=\"yoast-schema-graph\">{\"@context\":\"https:\/\/schema.org\",\"@graph\":[{\"@type\":\"WebPage\",\"@id\":\"https:\/\/veritasinfo.org\/?p=27312\",\"url\":\"https:\/\/veritasinfo.org\/?p=27312\",\"name\":\"Agjencia e Emergjencave: Situata nga v\u00ebrshimet e r\u00ebnd\u00eb, por pa humbje jete -\",\"isPartOf\":{\"@id\":\"https:\/\/veritasinfo.org\/#website\"},\"primaryImageOfPage\":{\"@id\":\"https:\/\/veritasinfo.org\/?p=27312#primaryimage\"},\"image\":{\"@id\":\"https:\/\/veritasinfo.org\/?p=27312#primaryimage\"},\"thumbnailUrl\":\"https:\/\/veritasinfo.org\/wp-content\/uploads\/2026\/01\/714063-rwpXOmwIqE.jpg\",\"datePublished\":\"2026-01-11T06:42:06+00:00\",\"dateModified\":\"2026-01-11T06:44:02+00:00\",\"author\":{\"@id\":\"https:\/\/veritasinfo.org\/#\/schema\/person\/fe199eede04c3937362892b7444747cc\"},\"breadcrumb\":{\"@id\":\"https:\/\/veritasinfo.org\/?p=27312#breadcrumb\"},\"inLanguage\":\"en-US\",\"potentialAction\":[{\"@type\":\"ReadAction\",\"target\":[\"https:\/\/veritasinfo.org\/?p=27312\"]}]},{\"@type\":\"ImageObject\",\"inLanguage\":\"en-US\",\"@id\":\"https:\/\/veritasinfo.org\/?p=27312#primaryimage\",\"url\":\"https:\/\/veritasinfo.org\/wp-content\/uploads\/2026\/01\/714063-rwpXOmwIqE.jpg\",\"contentUrl\":\"https:\/\/veritasinfo.org\/wp-content\/uploads\/2026\/01\/714063-rwpXOmwIqE.jpg\",\"width\":780,\"height\":500},{\"@type\":\"BreadcrumbList\",\"@id\":\"https:\/\/veritasinfo.org\/?p=27312#breadcrumb\",\"itemListElement\":[{\"@type\":\"ListItem\",\"position\":1,\"name\":\"Home\",\"item\":\"https:\/\/veritasinfo.org\/\"},{\"@type\":\"ListItem\",\"position\":2,\"name\":\"Agjencia e Emergjencave: Situata nga v\u00ebrshimet e r\u00ebnd\u00eb, por pa humbje jete\"}]},{\"@type\":\"WebSite\",\"@id\":\"https:\/\/veritasinfo.org\/#website\",\"url\":\"https:\/\/veritasinfo.org\/\",\"name\":\"\",\"description\":\"\",\"potentialAction\":[{\"@type\":\"SearchAction\",\"target\":{\"@type\":\"EntryPoint\",\"urlTemplate\":\"https:\/\/veritasinfo.org\/?s={search_term_string}\"},\"query-input\":{\"@type\":\"PropertyValueSpecification\",\"valueRequired\":true,\"valueName\":\"search_term_string\"}}],\"inLanguage\":\"en-US\"},{\"@type\":\"Person\",\"@id\":\"https:\/\/veritasinfo.org\/#\/schema\/person\/fe199eede04c3937362892b7444747cc\",\"name\":\"US6\",\"image\":{\"@type\":\"ImageObject\",\"inLanguage\":\"en-US\",\"@id\":\"https:\/\/veritasinfo.org\/#\/schema\/person\/image\/\",\"url\":\"https:\/\/secure.gravatar.com\/avatar\/cb16c3c31c9d23b9b8c705964598220b3014e42ff51eb540ff23cefa3ae8c15f?s=96&d=mm&r=g\",\"contentUrl\":\"https:\/\/secure.gravatar.com\/avatar\/cb16c3c31c9d23b9b8c705964598220b3014e42ff51eb540ff23cefa3ae8c15f?s=96&d=mm&r=g\",\"caption\":\"US6\"},\"url\":\"https:\/\/veritasinfo.org\/?author=7\"}]}<\/script>\n<!-- \/ Yoast SEO plugin. -->","yoast_head_json":{"title":"Agjencia e Emergjencave: Situata nga v\u00ebrshimet e r\u00ebnd\u00eb, por pa humbje jete -","robots":{"index":"index","follow":"follow","max-snippet":"max-snippet:-1","max-image-preview":"max-image-preview:large","max-video-preview":"max-video-preview:-1"},"canonical":"https:\/\/veritasinfo.org\/?p=27312","og_locale":"en_US","og_type":"article","og_title":"Agjencia e Emergjencave: Situata nga v\u00ebrshimet e r\u00ebnd\u00eb, por pa humbje jete -","og_description":"Prishtin\u00eb, 11 janar 2026 07:43 Agjencia e Menaxhimit Emergjent (AME) pran\u00eb Ministris\u00eb s\u00eb Pun\u00ebve t\u00eb Brendshme ka publikuar raportin e p\u00ebrdit\u00ebsuar p\u00ebr gjendjen e v\u00ebrshimeve","og_url":"https:\/\/veritasinfo.org\/?p=27312","article_published_time":"2026-01-11T06:42:06+00:00","article_modified_time":"2026-01-11T06:44:02+00:00","og_image":[{"width":780,"height":500,"url":"https:\/\/veritasinfo.org\/wp-content\/uploads\/2026\/01\/714063-rwpXOmwIqE.jpg","type":"image\/jpeg"}],"author":"US6","twitter_card":"summary_large_image","twitter_misc":{"Written by":"US6","Est. reading time":"3 minutes"},"schema":{"@context":"https:\/\/schema.org","@graph":[{"@type":"WebPage","@id":"https:\/\/veritasinfo.org\/?p=27312","url":"https:\/\/veritasinfo.org\/?p=27312","name":"Agjencia e Emergjencave: Situata nga v\u00ebrshimet e r\u00ebnd\u00eb, por pa humbje jete -","isPartOf":{"@id":"https:\/\/veritasinfo.org\/#website"},"primaryImageOfPage":{"@id":"https:\/\/veritasinfo.org\/?p=27312#primaryimage"},"image":{"@id":"https:\/\/veritasinfo.org\/?p=27312#primaryimage"},"thumbnailUrl":"https:\/\/veritasinfo.org\/wp-content\/uploads\/2026\/01\/714063-rwpXOmwIqE.jpg","datePublished":"2026-01-11T06:42:06+00:00","dateModified":"2026-01-11T06:44:02+00:00","author":{"@id":"https:\/\/veritasinfo.org\/#\/schema\/person\/fe199eede04c3937362892b7444747cc"},"breadcrumb":{"@id":"https:\/\/veritasinfo.org\/?p=27312#breadcrumb"},"inLanguage":"en-US","potentialAction":[{"@type":"ReadAction","target":["https:\/\/veritasinfo.org\/?p=27312"]}]},{"@type":"ImageObject","inLanguage":"en-US","@id":"https:\/\/veritasinfo.org\/?p=27312#primaryimage","url":"https:\/\/veritasinfo.org\/wp-content\/uploads\/2026\/01\/714063-rwpXOmwIqE.jpg","contentUrl":"https:\/\/veritasinfo.org\/wp-content\/uploads\/2026\/01\/714063-rwpXOmwIqE.jpg","width":780,"height":500},{"@type":"BreadcrumbList","@id":"https:\/\/veritasinfo.org\/?p=27312#breadcrumb","itemListElement":[{"@type":"ListItem","position":1,"name":"Home","item":"https:\/\/veritasinfo.org\/"},{"@type":"ListItem","position":2,"name":"Agjencia e Emergjencave: Situata nga v\u00ebrshimet e r\u00ebnd\u00eb, por pa humbje jete"}]},{"@type":"WebSite","@id":"https:\/\/veritasinfo.org\/#website","url":"https:\/\/veritasinfo.org\/","name":"","description":"","potentialAction":[{"@type":"SearchAction","target":{"@type":"EntryPoint","urlTemplate":"https:\/\/veritasinfo.org\/?s={search_term_string}"},"query-input":{"@type":"PropertyValueSpecification","valueRequired":true,"valueName":"search_term_string"}}],"inLanguage":"en-US"},{"@type":"Person","@id":"https:\/\/veritasinfo.org\/#\/schema\/person\/fe199eede04c3937362892b7444747cc","name":"US6","image":{"@type":"ImageObject","inLanguage":"en-US","@id":"https:\/\/veritasinfo.org\/#\/schema\/person\/image\/","url":"https:\/\/secure.gravatar.com\/avatar\/cb16c3c31c9d23b9b8c705964598220b3014e42ff51eb540ff23cefa3ae8c15f?s=96&d=mm&r=g","contentUrl":"https:\/\/secure.gravatar.com\/avatar\/cb16c3c31c9d23b9b8c705964598220b3014e42ff51eb540ff23cefa3ae8c15f?s=96&d=mm&r=g","caption":"US6"},"url":"https:\/\/veritasinfo.org\/?author=7"}]}},"featured_image_urls":{"full":["https:\/\/veritasinfo.org\/wp-content\/uploads\/2026\/01\/714063-rwpXOmwIqE.jpg",780,500,false],"thumbnail":["https:\/\/veritasinfo.org\/wp-content\/uploads\/2026\/01\/714063-rwpXOmwIqE-150x150.jpg",150,150,true],"medium":["https:\/\/veritasinfo.org\/wp-content\/uploads\/2026\/01\/714063-rwpXOmwIqE-300x192.jpg",300,192,true],"medium_large":["https:\/\/veritasinfo.org\/wp-content\/uploads\/2026\/01\/714063-rwpXOmwIqE-768x492.jpg",640,410,true],"large":["https:\/\/veritasinfo.org\/wp-content\/uploads\/2026\/01\/714063-rwpXOmwIqE.jpg",640,410,false],"1536x1536":["https:\/\/veritasinfo.org\/wp-content\/uploads\/2026\/01\/714063-rwpXOmwIqE.jpg",780,500,false],"2048x2048":["https:\/\/veritasinfo.org\/wp-content\/uploads\/2026\/01\/714063-rwpXOmwIqE.jpg",780,500,false],"kreeti-slider-full":["https:\/\/veritasinfo.org\/wp-content\/uploads\/2026\/01\/714063-rwpXOmwIqE.jpg",780,500,false],"kreeti-featured":["https:\/\/veritasinfo.org\/wp-content\/uploads\/2026\/01\/714063-rwpXOmwIqE.jpg",780,500,false],"kreeti-medium":["https:\/\/veritasinfo.org\/wp-content\/uploads\/2026\/01\/714063-rwpXOmwIqE.jpg",720,462,false],"kreeti-medium-square":["https:\/\/veritasinfo.org\/wp-content\/uploads\/2026\/01\/714063-rwpXOmwIqE.jpg",350,224,false]},"author_info":{"info":["US6"]},"category_info":"<a href=\"https:\/\/veritasinfo.org\/?cat=60\" rel=\"category\">Shoq\u00ebrore<\/a>","tag_info":"Shoq\u00ebrore","comment_count":"0","_links":{"self":[{"href":"https:\/\/veritasinfo.org\/index.php?rest_route=\/wp\/v2\/posts\/27312","targetHints":{"allow":["GET"]}}],"collection":[{"href":"https:\/\/veritasinfo.org\/index.php?rest_route=\/wp\/v2\/posts"}],"about":[{"href":"https:\/\/veritasinfo.org\/index.php?rest_route=\/wp\/v2\/types\/post"}],"author":[{"embeddable":true,"href":"https:\/\/veritasinfo.org\/index.php?rest_route=\/wp\/v2\/users\/7"}],"replies":[{"embeddable":true,"href":"https:\/\/veritasinfo.org\/index.php?rest_route=%2Fwp%2Fv2%2Fcomments&post=27312"}],"version-history":[{"count":3,"href":"https:\/\/veritasinfo.org\/index.php?rest_route=\/wp\/v2\/posts\/27312\/revisions"}],"predecessor-version":[{"id":27316,"href":"https:\/\/veritasinfo.org\/index.php?rest_route=\/wp\/v2\/posts\/27312\/revisions\/27316"}],"wp:featuredmedia":[{"embeddable":true,"href":"https:\/\/veritasinfo.org\/index.php?rest_route=\/wp\/v2\/media\/27313"}],"wp:attachment":[{"href":"https:\/\/veritasinfo.org\/index.php?rest_route=%2Fwp%2Fv2%2Fmedia&parent=27312"}],"wp:term":[{"taxonomy":"category","embeddable":true,"href":"https:\/\/veritasinfo.org\/index.php?rest_route=%2Fwp%2Fv2%2Fcategories&post=27312"},{"taxonomy":"post_tag","embeddable":true,"href":"https:\/\/veritasinfo.org\/index.php?rest_route=%2Fwp%2Fv2%2Ftags&post=27312"}],"curies":[{"name":"wp","href":"https:\/\/api.w.org\/{rel}","templated":true}]}}