{"id":27304,"date":"2026-01-10T21:07:13","date_gmt":"2026-01-10T20:07:13","guid":{"rendered":"https:\/\/veritasinfo.org\/?p=27304"},"modified":"2026-01-10T21:07:13","modified_gmt":"2026-01-10T20:07:13","slug":"vojna-oklopna-vozila-sota-ka-proizvodnji-i-na-kosovu","status":"publish","type":"post","link":"https:\/\/veritasinfo.org\/?p=27304&lang=sr","title":{"rendered":"Vojna oklopna vozila \u201e\u0160ota\u201c ka proizvodnji i na Kosovu"},"content":{"rendered":"<p>Pri\u0161tina, 10. januar 2026, 21:03<\/p>\n<p>Vojna oklopna vozila albanske proizvodnje \u201e\u0160ota\u201c ubudu\u0107e \u0107e se proizvoditi i na Kosovu. To je potvrdilo Ministarstvo odbrane u odgovoru za T\u00ebv\u00eb1. Poznavaoci bezbednosti navode da je ovaj sporazum u okviru ispunjavanja standarda za \u010dlanstvo Kosova u Severnoatlantskoj alijansi (NATO).<\/p>\n<p>Sporazum je postignut u martu 2025. godine.<\/p>\n<p>Pored Albanije, vojno oklopno vozilo\u00a0 \u201e\u0160ota\u201c sada \u0107e se proizvoditi i na Kosovu.<\/p>\n<p>Ova vojna oprema bi\u0107e dodata zalihama Kosovskih bezbednosnih snaga, nakon sporazuma postignutog izme\u0111u ministara odbrane Ejupa Makedoncija i Pirra Venga.<\/p>\n<p>To je za Teve1 potvrdila portparolka vr\u0161ioca du\u017enosti Ministarstva odbrane, Ljiridona Ga\u0161i.<\/p>\n<p>\u201ePotvr\u0111ujemo da \u0107e vojno oklopno vozilo \u201e\u0160ota\u201c dizajnirano u Albaniji, biti proizvo\u0111eno i na Kosovu, u okviru saradnje u odbrambenoj industriji postignute kroz trilateralni sporazum izme\u0111u Kosova, Albanije i Hrvatske, potpisan u martu 2025. godine. \u0160to se ti\u010de po\u010detka proizvodnje, jo\u0161 uvek smo u fazi logisti\u010dke implementacije ovog sporazuma, me\u0111utim va\u017eno je da postoji saglasnost sa Albanijom da proizvodnja zapo\u010dne i na Kosovu\u201c, izjavila je ona.<\/p>\n<p>Ovaj sporazum kao koristan vidi i biv\u0161i poslanik Pokreta Samoopredeljenje, Enver Dugoli.<\/p>\n<p>\u201eSporazumi o saradnji sa Albanijom su veoma korisni i neophodni, jer pored toga \u0161to je mati\u010dna dr\u017eava i \u0161to smo jedan narod i jedna nacija, ona je i \u010dlanica NATO-a, a njihova iskustva su veoma potrebna i korisna za Republiku Kosovo\u2026 Te\u017eimo da u \u0161to kra\u0107em roku postanemo \u010dlanica NATO-a i ovi elementi predstavljaju veliki plus\u201c, izjavio je on.<\/p>\n<p>Isto mi\u0161ljenje dele i bezbednosni eksperti.<\/p>\n<p>Poznavalac ove oblasti, Fatjon Softa, naglasio je da se time nastoji spre\u010diti svaka eventualna namera Srbije da destabilizuje Zapadni Balkan.<\/p>\n<p>\u201eU stvaranju saradnje za kolektivnu odbranu u slu\u010daju bilo kakve mogu\u0107e situacije koja bi mogla da eskalira na Balkanu. Ovo prvenstveno slu\u017ei odbrani \u2014 razmeni doktrina i savezni\u0161tvu u okviru NATO-a \u2014 kako bi se Kosovo pripremilo da u narednoj fazi postane \u010dlan, ne samo zbog svoje \u017eelje, ve\u0107 i zbog svog bi\u0107a, da bude deo Evroatlantske alijanse.\u201c<\/p>\n<p>Vojno oklopno vozilo \u201e\u0160ota\u201c projektovano kao MRAP vozilo (Mine Resistant Ambush Protected), nudi kapacitet prevoza za 2 \u010dlana posade plus do 8 vojnika, balisti\u010dku za\u0161titu nivoa BR7, otpornu na municiju kalibra 7,62 mm.<\/p>\n<p>Projektovano je za visoku za\u0161titu od mina i eksplozija do 6 kg TNT-a ispod vozila.<\/p>\n<p>Tako\u0111e je prilago\u0111eno te\u0161kim terenima, poseduje protiv-eksploziona sedi\u0161ta, balisti\u010dka stakla i moderan bezbednosni sistem.<\/p>\n","protected":false},"excerpt":{"rendered":"<p>Pri\u0161tina, 10. januar 2026, 21:03 Vojna oklopna vozila albanske proizvodnje \u201e\u0160ota\u201c ubudu\u0107e \u0107e se proizvoditi i na Kosovu. To je potvrdilo Ministarstvo odbrane u odgovoru<\/p>\n","protected":false},"author":7,"featured_media":27302,"comment_status":"open","ping_status":"open","sticky":false,"template":"","format":"standard","meta":{"footnotes":""},"categories":[30],"tags":[],"class_list":["post-27304","post","type-post","status-publish","format-standard","has-post-thumbnail","hentry","category-drustvo"],"yoast_head":"<!-- This site is optimized with the Yoast SEO plugin v25.3.1 - https:\/\/yoast.com\/wordpress\/plugins\/seo\/ -->\n<title>Vojna oklopna vozila \u201e\u0160ota\u201c ka proizvodnji i na Kosovu -<\/title>\n<meta name=\"robots\" content=\"index, follow, max-snippet:-1, max-image-preview:large, max-video-preview:-1\" \/>\n<link rel=\"canonical\" href=\"https:\/\/veritasinfo.org\/?p=27304&lang=sr\" \/>\n<meta property=\"og:locale\" content=\"en_US\" \/>\n<meta property=\"og:type\" content=\"article\" \/>\n<meta property=\"og:title\" content=\"Vojna oklopna vozila \u201e\u0160ota\u201c ka proizvodnji i na Kosovu -\" \/>\n<meta property=\"og:description\" content=\"Pri\u0161tina, 10. januar 2026, 21:03 Vojna oklopna vozila albanske proizvodnje \u201e\u0160ota\u201c ubudu\u0107e \u0107e se proizvoditi i na Kosovu. To je potvrdilo Ministarstvo odbrane u odgovoru\" \/>\n<meta property=\"og:url\" content=\"https:\/\/veritasinfo.org\/?p=27304&amp;lang=sr\" \/>\n<meta property=\"article:published_time\" content=\"2026-01-10T20:07:13+00:00\" \/>\n<meta property=\"og:image\" content=\"https:\/\/veritasinfo.org\/wp-content\/uploads\/2026\/01\/TIMAK_Shota_vehicle.jpg\" \/>\n\t<meta property=\"og:image:width\" content=\"720\" \/>\n\t<meta property=\"og:image:height\" content=\"843\" \/>\n\t<meta property=\"og:image:type\" content=\"image\/jpeg\" \/>\n<meta name=\"author\" content=\"US6\" \/>\n<meta name=\"twitter:card\" content=\"summary_large_image\" \/>\n<meta name=\"twitter:label1\" content=\"Written by\" \/>\n\t<meta name=\"twitter:data1\" content=\"US6\" \/>\n\t<meta name=\"twitter:label2\" content=\"Est. reading time\" \/>\n\t<meta name=\"twitter:data2\" content=\"2 minutes\" \/>\n<script type=\"application\/ld+json\" class=\"yoast-schema-graph\">{\"@context\":\"https:\/\/schema.org\",\"@graph\":[{\"@type\":\"WebPage\",\"@id\":\"https:\/\/veritasinfo.org\/?p=27304&lang=sr\",\"url\":\"https:\/\/veritasinfo.org\/?p=27304&lang=sr\",\"name\":\"Vojna oklopna vozila \u201e\u0160ota\u201c ka proizvodnji i na Kosovu -\",\"isPartOf\":{\"@id\":\"https:\/\/veritasinfo.org\/#website\"},\"primaryImageOfPage\":{\"@id\":\"https:\/\/veritasinfo.org\/?p=27304&lang=sr#primaryimage\"},\"image\":{\"@id\":\"https:\/\/veritasinfo.org\/?p=27304&lang=sr#primaryimage\"},\"thumbnailUrl\":\"https:\/\/veritasinfo.org\/wp-content\/uploads\/2026\/01\/TIMAK_Shota_vehicle.jpg\",\"datePublished\":\"2026-01-10T20:07:13+00:00\",\"author\":{\"@id\":\"https:\/\/veritasinfo.org\/#\/schema\/person\/fe199eede04c3937362892b7444747cc\"},\"breadcrumb\":{\"@id\":\"https:\/\/veritasinfo.org\/?p=27304&lang=sr#breadcrumb\"},\"inLanguage\":\"en-US\",\"potentialAction\":[{\"@type\":\"ReadAction\",\"target\":[\"https:\/\/veritasinfo.org\/?p=27304&lang=sr\"]}]},{\"@type\":\"ImageObject\",\"inLanguage\":\"en-US\",\"@id\":\"https:\/\/veritasinfo.org\/?p=27304&lang=sr#primaryimage\",\"url\":\"https:\/\/veritasinfo.org\/wp-content\/uploads\/2026\/01\/TIMAK_Shota_vehicle.jpg\",\"contentUrl\":\"https:\/\/veritasinfo.org\/wp-content\/uploads\/2026\/01\/TIMAK_Shota_vehicle.jpg\",\"width\":720,\"height\":843},{\"@type\":\"BreadcrumbList\",\"@id\":\"https:\/\/veritasinfo.org\/?p=27304&lang=sr#breadcrumb\",\"itemListElement\":[{\"@type\":\"ListItem\",\"position\":1,\"name\":\"Home\",\"item\":\"https:\/\/veritasinfo.org\/\"},{\"@type\":\"ListItem\",\"position\":2,\"name\":\"Vojna oklopna vozila \u201e\u0160ota\u201c ka proizvodnji i na Kosovu\"}]},{\"@type\":\"WebSite\",\"@id\":\"https:\/\/veritasinfo.org\/#website\",\"url\":\"https:\/\/veritasinfo.org\/\",\"name\":\"\",\"description\":\"\",\"potentialAction\":[{\"@type\":\"SearchAction\",\"target\":{\"@type\":\"EntryPoint\",\"urlTemplate\":\"https:\/\/veritasinfo.org\/?s={search_term_string}\"},\"query-input\":{\"@type\":\"PropertyValueSpecification\",\"valueRequired\":true,\"valueName\":\"search_term_string\"}}],\"inLanguage\":\"en-US\"},{\"@type\":\"Person\",\"@id\":\"https:\/\/veritasinfo.org\/#\/schema\/person\/fe199eede04c3937362892b7444747cc\",\"name\":\"US6\",\"image\":{\"@type\":\"ImageObject\",\"inLanguage\":\"en-US\",\"@id\":\"https:\/\/veritasinfo.org\/#\/schema\/person\/image\/\",\"url\":\"https:\/\/secure.gravatar.com\/avatar\/cb16c3c31c9d23b9b8c705964598220b3014e42ff51eb540ff23cefa3ae8c15f?s=96&d=mm&r=g\",\"contentUrl\":\"https:\/\/secure.gravatar.com\/avatar\/cb16c3c31c9d23b9b8c705964598220b3014e42ff51eb540ff23cefa3ae8c15f?s=96&d=mm&r=g\",\"caption\":\"US6\"},\"url\":\"https:\/\/veritasinfo.org\/?author=7\"}]}<\/script>\n<!-- \/ Yoast SEO plugin. -->","yoast_head_json":{"title":"Vojna oklopna vozila \u201e\u0160ota\u201c ka proizvodnji i na Kosovu -","robots":{"index":"index","follow":"follow","max-snippet":"max-snippet:-1","max-image-preview":"max-image-preview:large","max-video-preview":"max-video-preview:-1"},"canonical":"https:\/\/veritasinfo.org\/?p=27304&lang=sr","og_locale":"en_US","og_type":"article","og_title":"Vojna oklopna vozila \u201e\u0160ota\u201c ka proizvodnji i na Kosovu -","og_description":"Pri\u0161tina, 10. januar 2026, 21:03 Vojna oklopna vozila albanske proizvodnje \u201e\u0160ota\u201c ubudu\u0107e \u0107e se proizvoditi i na Kosovu. To je potvrdilo Ministarstvo odbrane u odgovoru","og_url":"https:\/\/veritasinfo.org\/?p=27304&lang=sr","article_published_time":"2026-01-10T20:07:13+00:00","og_image":[{"width":720,"height":843,"url":"https:\/\/veritasinfo.org\/wp-content\/uploads\/2026\/01\/TIMAK_Shota_vehicle.jpg","type":"image\/jpeg"}],"author":"US6","twitter_card":"summary_large_image","twitter_misc":{"Written by":"US6","Est. reading time":"2 minutes"},"schema":{"@context":"https:\/\/schema.org","@graph":[{"@type":"WebPage","@id":"https:\/\/veritasinfo.org\/?p=27304&lang=sr","url":"https:\/\/veritasinfo.org\/?p=27304&lang=sr","name":"Vojna oklopna vozila \u201e\u0160ota\u201c ka proizvodnji i na Kosovu -","isPartOf":{"@id":"https:\/\/veritasinfo.org\/#website"},"primaryImageOfPage":{"@id":"https:\/\/veritasinfo.org\/?p=27304&lang=sr#primaryimage"},"image":{"@id":"https:\/\/veritasinfo.org\/?p=27304&lang=sr#primaryimage"},"thumbnailUrl":"https:\/\/veritasinfo.org\/wp-content\/uploads\/2026\/01\/TIMAK_Shota_vehicle.jpg","datePublished":"2026-01-10T20:07:13+00:00","author":{"@id":"https:\/\/veritasinfo.org\/#\/schema\/person\/fe199eede04c3937362892b7444747cc"},"breadcrumb":{"@id":"https:\/\/veritasinfo.org\/?p=27304&lang=sr#breadcrumb"},"inLanguage":"en-US","potentialAction":[{"@type":"ReadAction","target":["https:\/\/veritasinfo.org\/?p=27304&lang=sr"]}]},{"@type":"ImageObject","inLanguage":"en-US","@id":"https:\/\/veritasinfo.org\/?p=27304&lang=sr#primaryimage","url":"https:\/\/veritasinfo.org\/wp-content\/uploads\/2026\/01\/TIMAK_Shota_vehicle.jpg","contentUrl":"https:\/\/veritasinfo.org\/wp-content\/uploads\/2026\/01\/TIMAK_Shota_vehicle.jpg","width":720,"height":843},{"@type":"BreadcrumbList","@id":"https:\/\/veritasinfo.org\/?p=27304&lang=sr#breadcrumb","itemListElement":[{"@type":"ListItem","position":1,"name":"Home","item":"https:\/\/veritasinfo.org\/"},{"@type":"ListItem","position":2,"name":"Vojna oklopna vozila \u201e\u0160ota\u201c ka proizvodnji i na Kosovu"}]},{"@type":"WebSite","@id":"https:\/\/veritasinfo.org\/#website","url":"https:\/\/veritasinfo.org\/","name":"","description":"","potentialAction":[{"@type":"SearchAction","target":{"@type":"EntryPoint","urlTemplate":"https:\/\/veritasinfo.org\/?s={search_term_string}"},"query-input":{"@type":"PropertyValueSpecification","valueRequired":true,"valueName":"search_term_string"}}],"inLanguage":"en-US"},{"@type":"Person","@id":"https:\/\/veritasinfo.org\/#\/schema\/person\/fe199eede04c3937362892b7444747cc","name":"US6","image":{"@type":"ImageObject","inLanguage":"en-US","@id":"https:\/\/veritasinfo.org\/#\/schema\/person\/image\/","url":"https:\/\/secure.gravatar.com\/avatar\/cb16c3c31c9d23b9b8c705964598220b3014e42ff51eb540ff23cefa3ae8c15f?s=96&d=mm&r=g","contentUrl":"https:\/\/secure.gravatar.com\/avatar\/cb16c3c31c9d23b9b8c705964598220b3014e42ff51eb540ff23cefa3ae8c15f?s=96&d=mm&r=g","caption":"US6"},"url":"https:\/\/veritasinfo.org\/?author=7"}]}},"featured_image_urls":{"full":["https:\/\/veritasinfo.org\/wp-content\/uploads\/2026\/01\/TIMAK_Shota_vehicle.jpg",720,843,false],"thumbnail":["https:\/\/veritasinfo.org\/wp-content\/uploads\/2026\/01\/TIMAK_Shota_vehicle-150x150.jpg",150,150,true],"medium":["https:\/\/veritasinfo.org\/wp-content\/uploads\/2026\/01\/TIMAK_Shota_vehicle-256x300.jpg",256,300,true],"medium_large":["https:\/\/veritasinfo.org\/wp-content\/uploads\/2026\/01\/TIMAK_Shota_vehicle.jpg",640,749,false],"large":["https:\/\/veritasinfo.org\/wp-content\/uploads\/2026\/01\/TIMAK_Shota_vehicle.jpg",640,749,false],"1536x1536":["https:\/\/veritasinfo.org\/wp-content\/uploads\/2026\/01\/TIMAK_Shota_vehicle.jpg",720,843,false],"2048x2048":["https:\/\/veritasinfo.org\/wp-content\/uploads\/2026\/01\/TIMAK_Shota_vehicle.jpg",720,843,false],"kreeti-slider-full":["https:\/\/veritasinfo.org\/wp-content\/uploads\/2026\/01\/TIMAK_Shota_vehicle.jpg",615,720,false],"kreeti-featured":["https:\/\/veritasinfo.org\/wp-content\/uploads\/2026\/01\/TIMAK_Shota_vehicle.jpg",720,843,false],"kreeti-medium":["https:\/\/veritasinfo.org\/wp-content\/uploads\/2026\/01\/TIMAK_Shota_vehicle.jpg",453,530,false],"kreeti-medium-square":["https:\/\/veritasinfo.org\/wp-content\/uploads\/2026\/01\/TIMAK_Shota_vehicle.jpg",299,350,false]},"author_info":{"info":["US6"]},"category_info":"<a href=\"https:\/\/veritasinfo.org\/?cat=30&#038;lang=sr\" rel=\"category\">Dru\u0161tvo<\/a>","tag_info":"Dru\u0161tvo","comment_count":"0","_links":{"self":[{"href":"https:\/\/veritasinfo.org\/index.php?rest_route=\/wp\/v2\/posts\/27304","targetHints":{"allow":["GET"]}}],"collection":[{"href":"https:\/\/veritasinfo.org\/index.php?rest_route=\/wp\/v2\/posts"}],"about":[{"href":"https:\/\/veritasinfo.org\/index.php?rest_route=\/wp\/v2\/types\/post"}],"author":[{"embeddable":true,"href":"https:\/\/veritasinfo.org\/index.php?rest_route=\/wp\/v2\/users\/7"}],"replies":[{"embeddable":true,"href":"https:\/\/veritasinfo.org\/index.php?rest_route=%2Fwp%2Fv2%2Fcomments&post=27304"}],"version-history":[{"count":1,"href":"https:\/\/veritasinfo.org\/index.php?rest_route=\/wp\/v2\/posts\/27304\/revisions"}],"predecessor-version":[{"id":27305,"href":"https:\/\/veritasinfo.org\/index.php?rest_route=\/wp\/v2\/posts\/27304\/revisions\/27305"}],"wp:featuredmedia":[{"embeddable":true,"href":"https:\/\/veritasinfo.org\/index.php?rest_route=\/wp\/v2\/media\/27302"}],"wp:attachment":[{"href":"https:\/\/veritasinfo.org\/index.php?rest_route=%2Fwp%2Fv2%2Fmedia&parent=27304"}],"wp:term":[{"taxonomy":"category","embeddable":true,"href":"https:\/\/veritasinfo.org\/index.php?rest_route=%2Fwp%2Fv2%2Fcategories&post=27304"},{"taxonomy":"post_tag","embeddable":true,"href":"https:\/\/veritasinfo.org\/index.php?rest_route=%2Fwp%2Fv2%2Ftags&post=27304"}],"curies":[{"name":"wp","href":"https:\/\/api.w.org\/{rel}","templated":true}]}}