{"id":27287,"date":"2026-01-10T18:03:48","date_gmt":"2026-01-10T17:03:48","guid":{"rendered":"https:\/\/veritasinfo.org\/?p=27287"},"modified":"2026-01-10T18:03:48","modified_gmt":"2026-01-10T17:03:48","slug":"srbija-se-plasi-novog-oruzja-kosova","status":"publish","type":"post","link":"https:\/\/veritasinfo.org\/?p=27287&lang=sr","title":{"rendered":"Srbija se pla\u0161i novog oru\u017eja Kosova"},"content":{"rendered":"<p><strong>Pri\u0161tina, 10. januar 2026 18:03<\/strong><\/p>\n<p>Srbija je veoma zabrinuta zbog naoru\u017eavanja Kosova. \u0160tavi\u0161e, kao pretnju sebi vidi \u010dinjenicu da je Kosovo navodno ulo\u017eilo 430 miliona evra u opremu i naoru\u017eanje. Najnovije po\u0161iljke koje su stigle u Pri\u0161tinu, iz Turske, ali i drugih zemalja, prema re\u010dima predsednika takozvanog Parlamentarnog odbora za odbranu i unutra\u0161nje poslove Skup\u0161tine Srbije, Milovana Drecuna, \u201epokazuju intenziviranu militarizaciju kosovskih institucija i da one nose ozbiljne bezbednosne rizike\u201c.<\/p>\n<p>Ista osoba je rekla da je od po\u010detka zavr\u0161ne faze transformacije Kosovskih bezbednosnih snaga \u201eintenzivirano opremanje i obuka ove formacije, \u0161to je, prema njegovim re\u010dima, u suprotnosti sa Rezolucijom 1244\u201c.<\/p>\n<p>Prema Drecunu, u poslednje \u010detiri godine u KBS je ulo\u017eeno 430 miliona evra, uglavnom u opremu i naoru\u017eanje.<\/p>\n<p>Kosovo je 6. januara dobilo sledec\u0301u po\u0161iljku protivtenkovskih raketnih sistema OMTAS, ugovorenih sa turskim dr\u017eavnim proizvo\u0111a\u010dem Roketsan u decembru 2023. godine.<\/p>\n<p>Vest je objavio ministar odbrane Ejup Makedond\u017ei, koji je rekao da je OMTAS (Orta Menzili Tanksavar Silah) sistem moderne protivtenkovske rakete srednjeg dometa, razvijen za neutralizaciju modernih oklopnih vozila, uklju\u010dujuc\u0301i tenkove sa reaktivnom za\u0161titom, kao i&#8230; kao vojna odbrambena utvr\u0111enja.<\/p>\n<p>\u201ePovec\u0301anje raznovrsnosti i koli\u010dine protivtenkovskih raketnih sistema za na\u0161u vojsku ima za cilj pokrivanje razli\u010ditih operativnih udaljenosti, terena i scenarija pretnji, povec\u0301avajuc\u0301i operativnu fleksibilnost\u201c, napisao je na Fejsbuku.<\/p>\n","protected":false},"excerpt":{"rendered":"<p>Pri\u0161tina, 10. januar 2026 18:03 Srbija je veoma zabrinuta zbog naoru\u017eavanja Kosova. \u0160tavi\u0161e, kao pretnju sebi vidi \u010dinjenicu da je Kosovo navodno ulo\u017eilo 430 miliona<\/p>\n","protected":false},"author":2,"featured_media":27285,"comment_status":"open","ping_status":"open","sticky":false,"template":"","format":"standard","meta":{"footnotes":""},"categories":[30],"tags":[],"class_list":["post-27287","post","type-post","status-publish","format-standard","has-post-thumbnail","hentry","category-drustvo"],"yoast_head":"<!-- This site is optimized with the Yoast SEO plugin v25.3.1 - https:\/\/yoast.com\/wordpress\/plugins\/seo\/ -->\n<title>Srbija se pla\u0161i novog oru\u017eja Kosova -<\/title>\n<meta name=\"robots\" content=\"index, follow, max-snippet:-1, max-image-preview:large, max-video-preview:-1\" \/>\n<link rel=\"canonical\" href=\"https:\/\/veritasinfo.org\/?p=27287&lang=sr\" \/>\n<meta property=\"og:locale\" content=\"en_US\" \/>\n<meta property=\"og:type\" content=\"article\" \/>\n<meta property=\"og:title\" content=\"Srbija se pla\u0161i novog oru\u017eja Kosova -\" \/>\n<meta property=\"og:description\" content=\"Pri\u0161tina, 10. januar 2026 18:03 Srbija je veoma zabrinuta zbog naoru\u017eavanja Kosova. \u0160tavi\u0161e, kao pretnju sebi vidi \u010dinjenicu da je Kosovo navodno ulo\u017eilo 430 miliona\" \/>\n<meta property=\"og:url\" content=\"https:\/\/veritasinfo.org\/?p=27287&amp;lang=sr\" \/>\n<meta property=\"article:published_time\" content=\"2026-01-10T17:03:48+00:00\" \/>\n<meta property=\"og:image\" content=\"https:\/\/veritasinfo.org\/wp-content\/uploads\/2026\/01\/armet.webp\" \/>\n\t<meta property=\"og:image:width\" content=\"900\" \/>\n\t<meta property=\"og:image:height\" content=\"527\" \/>\n\t<meta property=\"og:image:type\" content=\"image\/webp\" \/>\n<meta name=\"author\" content=\"US1\" \/>\n<meta name=\"twitter:card\" content=\"summary_large_image\" \/>\n<meta name=\"twitter:label1\" content=\"Written by\" \/>\n\t<meta name=\"twitter:data1\" content=\"US1\" \/>\n\t<meta name=\"twitter:label2\" content=\"Est. reading time\" \/>\n\t<meta name=\"twitter:data2\" content=\"1 minute\" \/>\n<script type=\"application\/ld+json\" class=\"yoast-schema-graph\">{\"@context\":\"https:\/\/schema.org\",\"@graph\":[{\"@type\":\"WebPage\",\"@id\":\"https:\/\/veritasinfo.org\/?p=27287&lang=sr\",\"url\":\"https:\/\/veritasinfo.org\/?p=27287&lang=sr\",\"name\":\"Srbija se pla\u0161i novog oru\u017eja Kosova -\",\"isPartOf\":{\"@id\":\"https:\/\/veritasinfo.org\/#website\"},\"primaryImageOfPage\":{\"@id\":\"https:\/\/veritasinfo.org\/?p=27287&lang=sr#primaryimage\"},\"image\":{\"@id\":\"https:\/\/veritasinfo.org\/?p=27287&lang=sr#primaryimage\"},\"thumbnailUrl\":\"https:\/\/veritasinfo.org\/wp-content\/uploads\/2026\/01\/armet.webp\",\"datePublished\":\"2026-01-10T17:03:48+00:00\",\"author\":{\"@id\":\"https:\/\/veritasinfo.org\/#\/schema\/person\/c2b8be262ea994d0995addca692c5e98\"},\"breadcrumb\":{\"@id\":\"https:\/\/veritasinfo.org\/?p=27287&lang=sr#breadcrumb\"},\"inLanguage\":\"en-US\",\"potentialAction\":[{\"@type\":\"ReadAction\",\"target\":[\"https:\/\/veritasinfo.org\/?p=27287&lang=sr\"]}]},{\"@type\":\"ImageObject\",\"inLanguage\":\"en-US\",\"@id\":\"https:\/\/veritasinfo.org\/?p=27287&lang=sr#primaryimage\",\"url\":\"https:\/\/veritasinfo.org\/wp-content\/uploads\/2026\/01\/armet.webp\",\"contentUrl\":\"https:\/\/veritasinfo.org\/wp-content\/uploads\/2026\/01\/armet.webp\",\"width\":900,\"height\":527},{\"@type\":\"BreadcrumbList\",\"@id\":\"https:\/\/veritasinfo.org\/?p=27287&lang=sr#breadcrumb\",\"itemListElement\":[{\"@type\":\"ListItem\",\"position\":1,\"name\":\"Home\",\"item\":\"https:\/\/veritasinfo.org\/\"},{\"@type\":\"ListItem\",\"position\":2,\"name\":\"Srbija se pla\u0161i novog oru\u017eja Kosova\"}]},{\"@type\":\"WebSite\",\"@id\":\"https:\/\/veritasinfo.org\/#website\",\"url\":\"https:\/\/veritasinfo.org\/\",\"name\":\"\",\"description\":\"\",\"potentialAction\":[{\"@type\":\"SearchAction\",\"target\":{\"@type\":\"EntryPoint\",\"urlTemplate\":\"https:\/\/veritasinfo.org\/?s={search_term_string}\"},\"query-input\":{\"@type\":\"PropertyValueSpecification\",\"valueRequired\":true,\"valueName\":\"search_term_string\"}}],\"inLanguage\":\"en-US\"},{\"@type\":\"Person\",\"@id\":\"https:\/\/veritasinfo.org\/#\/schema\/person\/c2b8be262ea994d0995addca692c5e98\",\"name\":\"US1\",\"image\":{\"@type\":\"ImageObject\",\"inLanguage\":\"en-US\",\"@id\":\"https:\/\/veritasinfo.org\/#\/schema\/person\/image\/\",\"url\":\"https:\/\/secure.gravatar.com\/avatar\/4e96a59bd256abf9956eb9963ac891a47461ffb364d47b0e9aab113328fdb75b?s=96&d=mm&r=g\",\"contentUrl\":\"https:\/\/secure.gravatar.com\/avatar\/4e96a59bd256abf9956eb9963ac891a47461ffb364d47b0e9aab113328fdb75b?s=96&d=mm&r=g\",\"caption\":\"US1\"},\"url\":\"https:\/\/veritasinfo.org\/?author=2\"}]}<\/script>\n<!-- \/ Yoast SEO plugin. -->","yoast_head_json":{"title":"Srbija se pla\u0161i novog oru\u017eja Kosova -","robots":{"index":"index","follow":"follow","max-snippet":"max-snippet:-1","max-image-preview":"max-image-preview:large","max-video-preview":"max-video-preview:-1"},"canonical":"https:\/\/veritasinfo.org\/?p=27287&lang=sr","og_locale":"en_US","og_type":"article","og_title":"Srbija se pla\u0161i novog oru\u017eja Kosova -","og_description":"Pri\u0161tina, 10. januar 2026 18:03 Srbija je veoma zabrinuta zbog naoru\u017eavanja Kosova. \u0160tavi\u0161e, kao pretnju sebi vidi \u010dinjenicu da je Kosovo navodno ulo\u017eilo 430 miliona","og_url":"https:\/\/veritasinfo.org\/?p=27287&lang=sr","article_published_time":"2026-01-10T17:03:48+00:00","og_image":[{"width":900,"height":527,"url":"https:\/\/veritasinfo.org\/wp-content\/uploads\/2026\/01\/armet.webp","type":"image\/webp"}],"author":"US1","twitter_card":"summary_large_image","twitter_misc":{"Written by":"US1","Est. reading time":"1 minute"},"schema":{"@context":"https:\/\/schema.org","@graph":[{"@type":"WebPage","@id":"https:\/\/veritasinfo.org\/?p=27287&lang=sr","url":"https:\/\/veritasinfo.org\/?p=27287&lang=sr","name":"Srbija se pla\u0161i novog oru\u017eja Kosova -","isPartOf":{"@id":"https:\/\/veritasinfo.org\/#website"},"primaryImageOfPage":{"@id":"https:\/\/veritasinfo.org\/?p=27287&lang=sr#primaryimage"},"image":{"@id":"https:\/\/veritasinfo.org\/?p=27287&lang=sr#primaryimage"},"thumbnailUrl":"https:\/\/veritasinfo.org\/wp-content\/uploads\/2026\/01\/armet.webp","datePublished":"2026-01-10T17:03:48+00:00","author":{"@id":"https:\/\/veritasinfo.org\/#\/schema\/person\/c2b8be262ea994d0995addca692c5e98"},"breadcrumb":{"@id":"https:\/\/veritasinfo.org\/?p=27287&lang=sr#breadcrumb"},"inLanguage":"en-US","potentialAction":[{"@type":"ReadAction","target":["https:\/\/veritasinfo.org\/?p=27287&lang=sr"]}]},{"@type":"ImageObject","inLanguage":"en-US","@id":"https:\/\/veritasinfo.org\/?p=27287&lang=sr#primaryimage","url":"https:\/\/veritasinfo.org\/wp-content\/uploads\/2026\/01\/armet.webp","contentUrl":"https:\/\/veritasinfo.org\/wp-content\/uploads\/2026\/01\/armet.webp","width":900,"height":527},{"@type":"BreadcrumbList","@id":"https:\/\/veritasinfo.org\/?p=27287&lang=sr#breadcrumb","itemListElement":[{"@type":"ListItem","position":1,"name":"Home","item":"https:\/\/veritasinfo.org\/"},{"@type":"ListItem","position":2,"name":"Srbija se pla\u0161i novog oru\u017eja Kosova"}]},{"@type":"WebSite","@id":"https:\/\/veritasinfo.org\/#website","url":"https:\/\/veritasinfo.org\/","name":"","description":"","potentialAction":[{"@type":"SearchAction","target":{"@type":"EntryPoint","urlTemplate":"https:\/\/veritasinfo.org\/?s={search_term_string}"},"query-input":{"@type":"PropertyValueSpecification","valueRequired":true,"valueName":"search_term_string"}}],"inLanguage":"en-US"},{"@type":"Person","@id":"https:\/\/veritasinfo.org\/#\/schema\/person\/c2b8be262ea994d0995addca692c5e98","name":"US1","image":{"@type":"ImageObject","inLanguage":"en-US","@id":"https:\/\/veritasinfo.org\/#\/schema\/person\/image\/","url":"https:\/\/secure.gravatar.com\/avatar\/4e96a59bd256abf9956eb9963ac891a47461ffb364d47b0e9aab113328fdb75b?s=96&d=mm&r=g","contentUrl":"https:\/\/secure.gravatar.com\/avatar\/4e96a59bd256abf9956eb9963ac891a47461ffb364d47b0e9aab113328fdb75b?s=96&d=mm&r=g","caption":"US1"},"url":"https:\/\/veritasinfo.org\/?author=2"}]}},"featured_image_urls":{"full":["https:\/\/veritasinfo.org\/wp-content\/uploads\/2026\/01\/armet.webp",900,527,false],"thumbnail":["https:\/\/veritasinfo.org\/wp-content\/uploads\/2026\/01\/armet-150x150.webp",150,150,true],"medium":["https:\/\/veritasinfo.org\/wp-content\/uploads\/2026\/01\/armet-300x176.webp",300,176,true],"medium_large":["https:\/\/veritasinfo.org\/wp-content\/uploads\/2026\/01\/armet-768x450.webp",640,375,true],"large":["https:\/\/veritasinfo.org\/wp-content\/uploads\/2026\/01\/armet.webp",640,375,false],"1536x1536":["https:\/\/veritasinfo.org\/wp-content\/uploads\/2026\/01\/armet.webp",900,527,false],"2048x2048":["https:\/\/veritasinfo.org\/wp-content\/uploads\/2026\/01\/armet.webp",900,527,false],"kreeti-slider-full":["https:\/\/veritasinfo.org\/wp-content\/uploads\/2026\/01\/armet.webp",900,527,false],"kreeti-featured":["https:\/\/veritasinfo.org\/wp-content\/uploads\/2026\/01\/armet.webp",900,527,false],"kreeti-medium":["https:\/\/veritasinfo.org\/wp-content\/uploads\/2026\/01\/armet.webp",720,422,false],"kreeti-medium-square":["https:\/\/veritasinfo.org\/wp-content\/uploads\/2026\/01\/armet.webp",350,205,false]},"author_info":{"info":["US1"]},"category_info":"<a href=\"https:\/\/veritasinfo.org\/?cat=30&#038;lang=sr\" rel=\"category\">Dru\u0161tvo<\/a>","tag_info":"Dru\u0161tvo","comment_count":"0","_links":{"self":[{"href":"https:\/\/veritasinfo.org\/index.php?rest_route=\/wp\/v2\/posts\/27287","targetHints":{"allow":["GET"]}}],"collection":[{"href":"https:\/\/veritasinfo.org\/index.php?rest_route=\/wp\/v2\/posts"}],"about":[{"href":"https:\/\/veritasinfo.org\/index.php?rest_route=\/wp\/v2\/types\/post"}],"author":[{"embeddable":true,"href":"https:\/\/veritasinfo.org\/index.php?rest_route=\/wp\/v2\/users\/2"}],"replies":[{"embeddable":true,"href":"https:\/\/veritasinfo.org\/index.php?rest_route=%2Fwp%2Fv2%2Fcomments&post=27287"}],"version-history":[{"count":1,"href":"https:\/\/veritasinfo.org\/index.php?rest_route=\/wp\/v2\/posts\/27287\/revisions"}],"predecessor-version":[{"id":27288,"href":"https:\/\/veritasinfo.org\/index.php?rest_route=\/wp\/v2\/posts\/27287\/revisions\/27288"}],"wp:featuredmedia":[{"embeddable":true,"href":"https:\/\/veritasinfo.org\/index.php?rest_route=\/wp\/v2\/media\/27285"}],"wp:attachment":[{"href":"https:\/\/veritasinfo.org\/index.php?rest_route=%2Fwp%2Fv2%2Fmedia&parent=27287"}],"wp:term":[{"taxonomy":"category","embeddable":true,"href":"https:\/\/veritasinfo.org\/index.php?rest_route=%2Fwp%2Fv2%2Fcategories&post=27287"},{"taxonomy":"post_tag","embeddable":true,"href":"https:\/\/veritasinfo.org\/index.php?rest_route=%2Fwp%2Fv2%2Ftags&post=27287"}],"curies":[{"name":"wp","href":"https:\/\/api.w.org\/{rel}","templated":true}]}}