{"id":27278,"date":"2026-01-10T17:54:35","date_gmt":"2026-01-10T16:54:35","guid":{"rendered":"https:\/\/veritasinfo.org\/?p=27278"},"modified":"2026-01-10T17:55:27","modified_gmt":"2026-01-10T16:55:27","slug":"raportuesi-per-serbine-me-keta-njerez-smund-te-negociohet-per-anetaresim-ne-be-1755","status":"publish","type":"post","link":"https:\/\/veritasinfo.org\/?p=27278","title":{"rendered":"Raportuesi p\u00ebr Serbin\u00eb: Me k\u00ebta njer\u00ebz s\u2019mund t\u00eb negociohet p\u00ebr an\u00ebtar\u00ebsim n\u00eb BE"},"content":{"rendered":"<p><strong>Bruksel, 10 janar 2026 17:55<\/strong><\/p>\n<p>Raportuesi p\u00ebr Serbin\u00eb n\u00eb Parlamentin Evropian, Tonino Picula, ka kritikuar ashp\u00ebr programin skandaloz p\u00ebr krishtlindje n\u00eb TV Informer n\u00eb Beograd, n\u00eb t\u00eb cilin u l\u00ebshuan k\u00ebng\u00eb \u00e7etnike.<\/p>\n<p>Sipas xhirimeve q\u00eb u b\u00ebn\u00eb publike, redaktori Dragan Vu\u00e7iqeviq, i shoq\u00ebruar nga disa ministra, k\u00ebnduan k\u00ebng\u00eb \u00e7etnike. T\u00eb pranish\u00ebm n\u00eb k\u00ebt\u00eb skandal presidenti Aleksandar Vu\u00e7iq kryeparlamentarja Ana B\u00ebrnabiq, krimineli i luft\u00ebs, Vojisllav Sheshel, ministri i Brendsh\u00ebm Ivica Da\u00e7iq e shum\u00eb p\u00ebrfaq\u00ebsues t\u00eb tjer\u00eb.<\/p>\n<p>\u201cNdeja\u201d u organizua nga Dragan Ashanin, vras\u00ebs i d\u00ebnuar, sipas gazet\u00ebs \u201cN1\u201d n\u00eb Serbi. Ai kishte kryer nj\u00eb vrasje m\u00eb 1992 dhe ishte d\u00ebnuar me 11 vjet burgim. I njohur me nofk\u00ebn \u201cAshka\u201d, ai kishte vrar\u00eb partneren e tij, at\u00eb koh\u00eb 18-vje\u00e7are.<\/p>\n<p>Duke marr\u00eb p\u00ebr baz\u00eb k\u00ebto, Picula ka th\u00ebn\u00eb se rasti ishte demonstrim i ri p\u00ebr distancim t\u00eb Serbis\u00eb nga Bashkimi Evropian.<\/p>\n<p>\u201cKjo ngjarje nuk duhet t\u00eb konsiderohet befasi p\u00ebr ask\u00ebnd q\u00eb ndjek sken\u00ebn politike n\u00eb Serbi. \u00cbsht\u00eb thjesht nj\u00eb tjet\u00ebr demonstrim publik i gjith\u00e7kaje q\u00eb mban Serbin\u00eb t\u00eb prangosur n\u00eb koh\u00ebn kur regjimi i Serbis\u00eb s\u00eb Madhe shkaktoi luft\u00ebra dhe vuajtje t\u00eb m\u00ebdha njer\u00ebzish n\u00eb ish-Jugosllavi\u201d, ka th\u00ebn\u00eb ai p\u00ebr \u201cnacional.hr\u201d.<\/p>\n<p>I pyetur n\u00ebse Serbia po largohet nga BE-ja, Picula ka th\u00ebn\u00eb se ky akt ka qen\u00eb vazhdim\u00ebsi e shprehjes s\u00eb k\u00ebrc\u00ebnimeve t\u00eb Serbis\u00eb ndaj fqinj\u00ebve. Tek ka p\u00ebrmendur nj\u00eb nga nj\u00eb figurat q\u00eb mor\u00ebn pjes\u00eb, p\u00ebrfshir\u00eb Sheshelin, Picula ka th\u00ebn\u00eb se \u201cthjesht me k\u00ebta njer\u00ebz dhe politik\u00eb t\u00eb till\u00eb, nuk mund t\u00eb ecet p\u00ebrpara n\u00eb negociatat p\u00ebr an\u00ebtar\u00ebsim n\u00eb BE\u201d.<\/p>\n<p>Picula ka th\u00ebn\u00eb se nuk pret q\u00eb lidershipi i Serbis\u00eb t\u00eb k\u00ebrkoj\u00eb falje pas ndej\u00ebs skandaloze. Ai ka th\u00ebn\u00eb se k\u00ebrkon reagim m\u00eb t\u00eb ashp\u00ebr nga Brukseli.<\/p>\n","protected":false},"excerpt":{"rendered":"<p>Bruksel, 10 janar 2026 17:55 Raportuesi p\u00ebr Serbin\u00eb n\u00eb Parlamentin Evropian, Tonino Picula, ka kritikuar ashp\u00ebr programin skandaloz p\u00ebr krishtlindje n\u00eb TV Informer n\u00eb Beograd,<\/p>\n","protected":false},"author":2,"featured_media":27279,"comment_status":"open","ping_status":"open","sticky":false,"template":"","format":"standard","meta":{"footnotes":""},"categories":[58],"tags":[],"class_list":["post-27278","post","type-post","status-publish","format-standard","has-post-thumbnail","hentry","category-politike-sq"],"yoast_head":"<!-- This site is optimized with the Yoast SEO plugin v25.3.1 - https:\/\/yoast.com\/wordpress\/plugins\/seo\/ -->\n<title>Raportuesi p\u00ebr Serbin\u00eb: Me k\u00ebta njer\u00ebz s\u2019mund t\u00eb negociohet p\u00ebr an\u00ebtar\u00ebsim n\u00eb BE -<\/title>\n<meta name=\"robots\" content=\"index, follow, max-snippet:-1, max-image-preview:large, max-video-preview:-1\" \/>\n<link rel=\"canonical\" href=\"https:\/\/veritasinfo.org\/?p=27278\" \/>\n<meta property=\"og:locale\" content=\"en_US\" \/>\n<meta property=\"og:type\" content=\"article\" \/>\n<meta property=\"og:title\" content=\"Raportuesi p\u00ebr Serbin\u00eb: Me k\u00ebta njer\u00ebz s\u2019mund t\u00eb negociohet p\u00ebr an\u00ebtar\u00ebsim n\u00eb BE -\" \/>\n<meta property=\"og:description\" content=\"Bruksel, 10 janar 2026 17:55 Raportuesi p\u00ebr Serbin\u00eb n\u00eb Parlamentin Evropian, Tonino Picula, ka kritikuar ashp\u00ebr programin skandaloz p\u00ebr krishtlindje n\u00eb TV Informer n\u00eb Beograd,\" \/>\n<meta property=\"og:url\" content=\"https:\/\/veritasinfo.org\/?p=27278\" \/>\n<meta property=\"article:published_time\" content=\"2026-01-10T16:54:35+00:00\" \/>\n<meta property=\"article:modified_time\" content=\"2026-01-10T16:55:27+00:00\" \/>\n<meta property=\"og:image\" content=\"https:\/\/veritasinfo.org\/wp-content\/uploads\/2026\/01\/picula.jpg\" \/>\n\t<meta property=\"og:image:width\" content=\"1024\" \/>\n\t<meta property=\"og:image:height\" content=\"683\" \/>\n\t<meta property=\"og:image:type\" content=\"image\/jpeg\" \/>\n<meta name=\"author\" content=\"US1\" \/>\n<meta name=\"twitter:card\" content=\"summary_large_image\" \/>\n<meta name=\"twitter:label1\" content=\"Written by\" \/>\n\t<meta name=\"twitter:data1\" content=\"US1\" \/>\n\t<meta name=\"twitter:label2\" content=\"Est. reading time\" \/>\n\t<meta name=\"twitter:data2\" content=\"2 minutes\" \/>\n<script type=\"application\/ld+json\" class=\"yoast-schema-graph\">{\"@context\":\"https:\/\/schema.org\",\"@graph\":[{\"@type\":\"WebPage\",\"@id\":\"https:\/\/veritasinfo.org\/?p=27278\",\"url\":\"https:\/\/veritasinfo.org\/?p=27278\",\"name\":\"Raportuesi p\u00ebr Serbin\u00eb: Me k\u00ebta njer\u00ebz s\u2019mund t\u00eb negociohet p\u00ebr an\u00ebtar\u00ebsim n\u00eb BE -\",\"isPartOf\":{\"@id\":\"https:\/\/veritasinfo.org\/#website\"},\"primaryImageOfPage\":{\"@id\":\"https:\/\/veritasinfo.org\/?p=27278#primaryimage\"},\"image\":{\"@id\":\"https:\/\/veritasinfo.org\/?p=27278#primaryimage\"},\"thumbnailUrl\":\"https:\/\/veritasinfo.org\/wp-content\/uploads\/2026\/01\/picula.jpg\",\"datePublished\":\"2026-01-10T16:54:35+00:00\",\"dateModified\":\"2026-01-10T16:55:27+00:00\",\"author\":{\"@id\":\"https:\/\/veritasinfo.org\/#\/schema\/person\/c2b8be262ea994d0995addca692c5e98\"},\"breadcrumb\":{\"@id\":\"https:\/\/veritasinfo.org\/?p=27278#breadcrumb\"},\"inLanguage\":\"en-US\",\"potentialAction\":[{\"@type\":\"ReadAction\",\"target\":[\"https:\/\/veritasinfo.org\/?p=27278\"]}]},{\"@type\":\"ImageObject\",\"inLanguage\":\"en-US\",\"@id\":\"https:\/\/veritasinfo.org\/?p=27278#primaryimage\",\"url\":\"https:\/\/veritasinfo.org\/wp-content\/uploads\/2026\/01\/picula.jpg\",\"contentUrl\":\"https:\/\/veritasinfo.org\/wp-content\/uploads\/2026\/01\/picula.jpg\",\"width\":1024,\"height\":683},{\"@type\":\"BreadcrumbList\",\"@id\":\"https:\/\/veritasinfo.org\/?p=27278#breadcrumb\",\"itemListElement\":[{\"@type\":\"ListItem\",\"position\":1,\"name\":\"Home\",\"item\":\"https:\/\/veritasinfo.org\/\"},{\"@type\":\"ListItem\",\"position\":2,\"name\":\"Raportuesi p\u00ebr Serbin\u00eb: Me k\u00ebta njer\u00ebz s\u2019mund t\u00eb negociohet p\u00ebr an\u00ebtar\u00ebsim n\u00eb BE\"}]},{\"@type\":\"WebSite\",\"@id\":\"https:\/\/veritasinfo.org\/#website\",\"url\":\"https:\/\/veritasinfo.org\/\",\"name\":\"\",\"description\":\"\",\"potentialAction\":[{\"@type\":\"SearchAction\",\"target\":{\"@type\":\"EntryPoint\",\"urlTemplate\":\"https:\/\/veritasinfo.org\/?s={search_term_string}\"},\"query-input\":{\"@type\":\"PropertyValueSpecification\",\"valueRequired\":true,\"valueName\":\"search_term_string\"}}],\"inLanguage\":\"en-US\"},{\"@type\":\"Person\",\"@id\":\"https:\/\/veritasinfo.org\/#\/schema\/person\/c2b8be262ea994d0995addca692c5e98\",\"name\":\"US1\",\"image\":{\"@type\":\"ImageObject\",\"inLanguage\":\"en-US\",\"@id\":\"https:\/\/veritasinfo.org\/#\/schema\/person\/image\/\",\"url\":\"https:\/\/secure.gravatar.com\/avatar\/4e96a59bd256abf9956eb9963ac891a47461ffb364d47b0e9aab113328fdb75b?s=96&d=mm&r=g\",\"contentUrl\":\"https:\/\/secure.gravatar.com\/avatar\/4e96a59bd256abf9956eb9963ac891a47461ffb364d47b0e9aab113328fdb75b?s=96&d=mm&r=g\",\"caption\":\"US1\"},\"url\":\"https:\/\/veritasinfo.org\/?author=2\"}]}<\/script>\n<!-- \/ Yoast SEO plugin. -->","yoast_head_json":{"title":"Raportuesi p\u00ebr Serbin\u00eb: Me k\u00ebta njer\u00ebz s\u2019mund t\u00eb negociohet p\u00ebr an\u00ebtar\u00ebsim n\u00eb BE -","robots":{"index":"index","follow":"follow","max-snippet":"max-snippet:-1","max-image-preview":"max-image-preview:large","max-video-preview":"max-video-preview:-1"},"canonical":"https:\/\/veritasinfo.org\/?p=27278","og_locale":"en_US","og_type":"article","og_title":"Raportuesi p\u00ebr Serbin\u00eb: Me k\u00ebta njer\u00ebz s\u2019mund t\u00eb negociohet p\u00ebr an\u00ebtar\u00ebsim n\u00eb BE -","og_description":"Bruksel, 10 janar 2026 17:55 Raportuesi p\u00ebr Serbin\u00eb n\u00eb Parlamentin Evropian, Tonino Picula, ka kritikuar ashp\u00ebr programin skandaloz p\u00ebr krishtlindje n\u00eb TV Informer n\u00eb Beograd,","og_url":"https:\/\/veritasinfo.org\/?p=27278","article_published_time":"2026-01-10T16:54:35+00:00","article_modified_time":"2026-01-10T16:55:27+00:00","og_image":[{"width":1024,"height":683,"url":"https:\/\/veritasinfo.org\/wp-content\/uploads\/2026\/01\/picula.jpg","type":"image\/jpeg"}],"author":"US1","twitter_card":"summary_large_image","twitter_misc":{"Written by":"US1","Est. reading time":"2 minutes"},"schema":{"@context":"https:\/\/schema.org","@graph":[{"@type":"WebPage","@id":"https:\/\/veritasinfo.org\/?p=27278","url":"https:\/\/veritasinfo.org\/?p=27278","name":"Raportuesi p\u00ebr Serbin\u00eb: Me k\u00ebta njer\u00ebz s\u2019mund t\u00eb negociohet p\u00ebr an\u00ebtar\u00ebsim n\u00eb BE -","isPartOf":{"@id":"https:\/\/veritasinfo.org\/#website"},"primaryImageOfPage":{"@id":"https:\/\/veritasinfo.org\/?p=27278#primaryimage"},"image":{"@id":"https:\/\/veritasinfo.org\/?p=27278#primaryimage"},"thumbnailUrl":"https:\/\/veritasinfo.org\/wp-content\/uploads\/2026\/01\/picula.jpg","datePublished":"2026-01-10T16:54:35+00:00","dateModified":"2026-01-10T16:55:27+00:00","author":{"@id":"https:\/\/veritasinfo.org\/#\/schema\/person\/c2b8be262ea994d0995addca692c5e98"},"breadcrumb":{"@id":"https:\/\/veritasinfo.org\/?p=27278#breadcrumb"},"inLanguage":"en-US","potentialAction":[{"@type":"ReadAction","target":["https:\/\/veritasinfo.org\/?p=27278"]}]},{"@type":"ImageObject","inLanguage":"en-US","@id":"https:\/\/veritasinfo.org\/?p=27278#primaryimage","url":"https:\/\/veritasinfo.org\/wp-content\/uploads\/2026\/01\/picula.jpg","contentUrl":"https:\/\/veritasinfo.org\/wp-content\/uploads\/2026\/01\/picula.jpg","width":1024,"height":683},{"@type":"BreadcrumbList","@id":"https:\/\/veritasinfo.org\/?p=27278#breadcrumb","itemListElement":[{"@type":"ListItem","position":1,"name":"Home","item":"https:\/\/veritasinfo.org\/"},{"@type":"ListItem","position":2,"name":"Raportuesi p\u00ebr Serbin\u00eb: Me k\u00ebta njer\u00ebz s\u2019mund t\u00eb negociohet p\u00ebr an\u00ebtar\u00ebsim n\u00eb BE"}]},{"@type":"WebSite","@id":"https:\/\/veritasinfo.org\/#website","url":"https:\/\/veritasinfo.org\/","name":"","description":"","potentialAction":[{"@type":"SearchAction","target":{"@type":"EntryPoint","urlTemplate":"https:\/\/veritasinfo.org\/?s={search_term_string}"},"query-input":{"@type":"PropertyValueSpecification","valueRequired":true,"valueName":"search_term_string"}}],"inLanguage":"en-US"},{"@type":"Person","@id":"https:\/\/veritasinfo.org\/#\/schema\/person\/c2b8be262ea994d0995addca692c5e98","name":"US1","image":{"@type":"ImageObject","inLanguage":"en-US","@id":"https:\/\/veritasinfo.org\/#\/schema\/person\/image\/","url":"https:\/\/secure.gravatar.com\/avatar\/4e96a59bd256abf9956eb9963ac891a47461ffb364d47b0e9aab113328fdb75b?s=96&d=mm&r=g","contentUrl":"https:\/\/secure.gravatar.com\/avatar\/4e96a59bd256abf9956eb9963ac891a47461ffb364d47b0e9aab113328fdb75b?s=96&d=mm&r=g","caption":"US1"},"url":"https:\/\/veritasinfo.org\/?author=2"}]}},"featured_image_urls":{"full":["https:\/\/veritasinfo.org\/wp-content\/uploads\/2026\/01\/picula.jpg",1024,683,false],"thumbnail":["https:\/\/veritasinfo.org\/wp-content\/uploads\/2026\/01\/picula-150x150.jpg",150,150,true],"medium":["https:\/\/veritasinfo.org\/wp-content\/uploads\/2026\/01\/picula-300x200.jpg",300,200,true],"medium_large":["https:\/\/veritasinfo.org\/wp-content\/uploads\/2026\/01\/picula-768x512.jpg",640,427,true],"large":["https:\/\/veritasinfo.org\/wp-content\/uploads\/2026\/01\/picula.jpg",640,427,false],"1536x1536":["https:\/\/veritasinfo.org\/wp-content\/uploads\/2026\/01\/picula.jpg",1024,683,false],"2048x2048":["https:\/\/veritasinfo.org\/wp-content\/uploads\/2026\/01\/picula.jpg",1024,683,false],"kreeti-slider-full":["https:\/\/veritasinfo.org\/wp-content\/uploads\/2026\/01\/picula.jpg",1024,683,false],"kreeti-featured":["https:\/\/veritasinfo.org\/wp-content\/uploads\/2026\/01\/picula.jpg",1024,683,false],"kreeti-medium":["https:\/\/veritasinfo.org\/wp-content\/uploads\/2026\/01\/picula.jpg",720,480,false],"kreeti-medium-square":["https:\/\/veritasinfo.org\/wp-content\/uploads\/2026\/01\/picula.jpg",350,233,false]},"author_info":{"info":["US1"]},"category_info":"<a href=\"https:\/\/veritasinfo.org\/?cat=58\" rel=\"category\">Politik\u00eb<\/a>","tag_info":"Politik\u00eb","comment_count":"0","_links":{"self":[{"href":"https:\/\/veritasinfo.org\/index.php?rest_route=\/wp\/v2\/posts\/27278","targetHints":{"allow":["GET"]}}],"collection":[{"href":"https:\/\/veritasinfo.org\/index.php?rest_route=\/wp\/v2\/posts"}],"about":[{"href":"https:\/\/veritasinfo.org\/index.php?rest_route=\/wp\/v2\/types\/post"}],"author":[{"embeddable":true,"href":"https:\/\/veritasinfo.org\/index.php?rest_route=\/wp\/v2\/users\/2"}],"replies":[{"embeddable":true,"href":"https:\/\/veritasinfo.org\/index.php?rest_route=%2Fwp%2Fv2%2Fcomments&post=27278"}],"version-history":[{"count":2,"href":"https:\/\/veritasinfo.org\/index.php?rest_route=\/wp\/v2\/posts\/27278\/revisions"}],"predecessor-version":[{"id":27282,"href":"https:\/\/veritasinfo.org\/index.php?rest_route=\/wp\/v2\/posts\/27278\/revisions\/27282"}],"wp:featuredmedia":[{"embeddable":true,"href":"https:\/\/veritasinfo.org\/index.php?rest_route=\/wp\/v2\/media\/27279"}],"wp:attachment":[{"href":"https:\/\/veritasinfo.org\/index.php?rest_route=%2Fwp%2Fv2%2Fmedia&parent=27278"}],"wp:term":[{"taxonomy":"category","embeddable":true,"href":"https:\/\/veritasinfo.org\/index.php?rest_route=%2Fwp%2Fv2%2Fcategories&post=27278"},{"taxonomy":"post_tag","embeddable":true,"href":"https:\/\/veritasinfo.org\/index.php?rest_route=%2Fwp%2Fv2%2Ftags&post=27278"}],"curies":[{"name":"wp","href":"https:\/\/api.w.org\/{rel}","templated":true}]}}