{"id":27257,"date":"2026-01-10T13:04:03","date_gmt":"2026-01-10T12:04:03","guid":{"rendered":"https:\/\/veritasinfo.org\/?p=27257"},"modified":"2026-01-10T13:04:03","modified_gmt":"2026-01-10T12:04:03","slug":"vershimet-dhe-reshjet-e-shiut-vazhdojne-ne-drenas-autoritetet-apelojne-per-kujdes","status":"publish","type":"post","link":"https:\/\/veritasinfo.org\/?p=27257","title":{"rendered":"V\u00ebrshimet dhe reshjet e shiut vazhdojn\u00eb n\u00eb Drenas, autoritetet apelojn\u00eb p\u00ebr kujdes"},"content":{"rendered":"<p>Prishtin\u00eb 10 janar 2026 13:03<\/p>\n<p>Pas v\u00ebrshimeve q\u00eb kan\u00eb prekur Komun\u00ebn e Drenasit dit\u00ebt e fundit, reshjet e shiut q\u00eb kan\u00eb nisur gjat\u00eb nat\u00ebs po rrisin s\u00ebrish nivelin e uj\u00ebrave.<\/p>\n<p>Autoritetet komunale kan\u00eb b\u00ebr\u00eb thirrje p\u00ebr kujdes t\u00eb shtuar, bashk\u00ebpunim dhe solidaritet nga qytetar\u00ebt dhe bizneset, n\u00eb rast t\u00eb p\u00ebrkeq\u00ebsimit t\u00eb situat\u00ebs.<\/p>\n<p>\u201cEkipet emergjente kan\u00eb inspektuar zonat q\u00eb ishin m\u00eb kritike gjat\u00eb k\u00ebtyre dit\u00ebve dhe kan\u00eb nd\u00ebrmarr\u00eb veprime p\u00ebr stabilizimin e gjendjes, p\u00ebrfshir\u00eb edhe pastrimin e rrug\u00ebve kryesore nga bora. Zyrtar\u00ebt komunal\u00eb po q\u00ebndrojn\u00eb n\u00eb terren dhe jan\u00eb duke u marr\u00eb me p\u00ebrmir\u00ebsimin e situat\u00ebs s\u00eb krijuar nga v\u00ebrshimet.Gjat\u00eb k\u00ebtyre dit\u00ebve, jan\u00eb vizituar disa familje t\u00eb prekura nga v\u00ebrshimet, t\u00eb cilat jan\u00eb mb\u00ebshtetur me pako ushqimore fal\u00eb donator\u00ebve. Ndihmat jan\u00eb shp\u00ebrndar\u00eb p\u00ebr familjet me nevojat m\u00eb t\u00eb m\u00ebdha\u201d, ka njoftuar Komuna e Drenasit.<\/p>\n<p>Nd\u00ebrkoh\u00eb, qytetar\u00ebt kan\u00eb filluar paraqitjen e k\u00ebrkesave p\u00ebr vler\u00ebsimin e d\u00ebmeve. \u201cTri komisione komunale do t\u00eb dalin n\u00eb terren p\u00ebr regjistrimin e d\u00ebmeve n\u00eb ekonomit\u00eb familjare, biznese dhe sektorin bujq\u00ebsor. Po ashtu, jan\u00eb vler\u00ebsuar edhe d\u00ebmet infrastrukturore dhe pritet q\u00eb s\u00eb shpejti t\u00eb fillojn\u00eb nd\u00ebrhyrjet p\u00ebr sanimin e tyre\u201d, thuhet n\u00eb njoftim.<\/p>\n<p>Komuna e Drenasit ka fal\u00ebnderuar qytetar\u00ebt dhe kompanit\u00eb p\u00ebr solidaritetin, bashk\u00ebpunimin dhe durimin e treguar, duke theksuar se do t\u00eb mbetet e p\u00ebrkushtuar q\u00eb, brenda mund\u00ebsive ligjore, t\u00eb jet\u00eb n\u00eb sh\u00ebrbim t\u00eb mir\u00ebqenies s\u00eb qytetar\u00ebve.<\/p>\n","protected":false},"excerpt":{"rendered":"<p>Prishtin\u00eb 10 janar 2026 13:03 Pas v\u00ebrshimeve q\u00eb kan\u00eb prekur Komun\u00ebn e Drenasit dit\u00ebt e fundit, reshjet e shiut q\u00eb kan\u00eb nisur gjat\u00eb nat\u00ebs po<\/p>\n","protected":false},"author":6,"featured_media":27258,"comment_status":"open","ping_status":"open","sticky":false,"template":"","format":"standard","meta":{"footnotes":""},"categories":[52],"tags":[],"class_list":["post-27257","post","type-post","status-publish","format-standard","has-post-thumbnail","hentry","category-komunat-sq"],"yoast_head":"<!-- This site is optimized with the Yoast SEO plugin v25.3.1 - https:\/\/yoast.com\/wordpress\/plugins\/seo\/ -->\n<title>V\u00ebrshimet dhe reshjet e shiut vazhdojn\u00eb n\u00eb Drenas, autoritetet apelojn\u00eb p\u00ebr kujdes -<\/title>\n<meta name=\"robots\" content=\"index, follow, max-snippet:-1, max-image-preview:large, max-video-preview:-1\" \/>\n<link rel=\"canonical\" href=\"https:\/\/veritasinfo.org\/?p=27257\" \/>\n<meta property=\"og:locale\" content=\"en_US\" \/>\n<meta property=\"og:type\" content=\"article\" \/>\n<meta property=\"og:title\" content=\"V\u00ebrshimet dhe reshjet e shiut vazhdojn\u00eb n\u00eb Drenas, autoritetet apelojn\u00eb p\u00ebr kujdes -\" \/>\n<meta property=\"og:description\" content=\"Prishtin\u00eb 10 janar 2026 13:03 Pas v\u00ebrshimeve q\u00eb kan\u00eb prekur Komun\u00ebn e Drenasit dit\u00ebt e fundit, reshjet e shiut q\u00eb kan\u00eb nisur gjat\u00eb nat\u00ebs po\" \/>\n<meta property=\"og:url\" content=\"https:\/\/veritasinfo.org\/?p=27257\" \/>\n<meta property=\"article:published_time\" content=\"2026-01-10T12:04:03+00:00\" \/>\n<meta property=\"og:image\" content=\"https:\/\/veritasinfo.org\/wp-content\/uploads\/2026\/01\/614554340_1391356489462273_7862376080330144549_n.jpg\" \/>\n\t<meta property=\"og:image:width\" content=\"900\" \/>\n\t<meta property=\"og:image:height\" content=\"1600\" \/>\n\t<meta property=\"og:image:type\" content=\"image\/jpeg\" \/>\n<meta name=\"author\" content=\"US5\" \/>\n<meta name=\"twitter:card\" content=\"summary_large_image\" \/>\n<meta name=\"twitter:label1\" content=\"Written by\" \/>\n\t<meta name=\"twitter:data1\" content=\"US5\" \/>\n\t<meta name=\"twitter:label2\" content=\"Est. reading time\" \/>\n\t<meta name=\"twitter:data2\" content=\"1 minute\" \/>\n<script type=\"application\/ld+json\" class=\"yoast-schema-graph\">{\"@context\":\"https:\/\/schema.org\",\"@graph\":[{\"@type\":\"WebPage\",\"@id\":\"https:\/\/veritasinfo.org\/?p=27257\",\"url\":\"https:\/\/veritasinfo.org\/?p=27257\",\"name\":\"V\u00ebrshimet dhe reshjet e shiut vazhdojn\u00eb n\u00eb Drenas, autoritetet apelojn\u00eb p\u00ebr kujdes -\",\"isPartOf\":{\"@id\":\"https:\/\/veritasinfo.org\/#website\"},\"primaryImageOfPage\":{\"@id\":\"https:\/\/veritasinfo.org\/?p=27257#primaryimage\"},\"image\":{\"@id\":\"https:\/\/veritasinfo.org\/?p=27257#primaryimage\"},\"thumbnailUrl\":\"https:\/\/veritasinfo.org\/wp-content\/uploads\/2026\/01\/614554340_1391356489462273_7862376080330144549_n.jpg\",\"datePublished\":\"2026-01-10T12:04:03+00:00\",\"author\":{\"@id\":\"https:\/\/veritasinfo.org\/#\/schema\/person\/bc442336e35414d04494ab8fb45db4c6\"},\"breadcrumb\":{\"@id\":\"https:\/\/veritasinfo.org\/?p=27257#breadcrumb\"},\"inLanguage\":\"en-US\",\"potentialAction\":[{\"@type\":\"ReadAction\",\"target\":[\"https:\/\/veritasinfo.org\/?p=27257\"]}]},{\"@type\":\"ImageObject\",\"inLanguage\":\"en-US\",\"@id\":\"https:\/\/veritasinfo.org\/?p=27257#primaryimage\",\"url\":\"https:\/\/veritasinfo.org\/wp-content\/uploads\/2026\/01\/614554340_1391356489462273_7862376080330144549_n.jpg\",\"contentUrl\":\"https:\/\/veritasinfo.org\/wp-content\/uploads\/2026\/01\/614554340_1391356489462273_7862376080330144549_n.jpg\",\"width\":900,\"height\":1600},{\"@type\":\"BreadcrumbList\",\"@id\":\"https:\/\/veritasinfo.org\/?p=27257#breadcrumb\",\"itemListElement\":[{\"@type\":\"ListItem\",\"position\":1,\"name\":\"Home\",\"item\":\"https:\/\/veritasinfo.org\/\"},{\"@type\":\"ListItem\",\"position\":2,\"name\":\"V\u00ebrshimet dhe reshjet e shiut vazhdojn\u00eb n\u00eb Drenas, autoritetet apelojn\u00eb p\u00ebr kujdes\"}]},{\"@type\":\"WebSite\",\"@id\":\"https:\/\/veritasinfo.org\/#website\",\"url\":\"https:\/\/veritasinfo.org\/\",\"name\":\"\",\"description\":\"\",\"potentialAction\":[{\"@type\":\"SearchAction\",\"target\":{\"@type\":\"EntryPoint\",\"urlTemplate\":\"https:\/\/veritasinfo.org\/?s={search_term_string}\"},\"query-input\":{\"@type\":\"PropertyValueSpecification\",\"valueRequired\":true,\"valueName\":\"search_term_string\"}}],\"inLanguage\":\"en-US\"},{\"@type\":\"Person\",\"@id\":\"https:\/\/veritasinfo.org\/#\/schema\/person\/bc442336e35414d04494ab8fb45db4c6\",\"name\":\"US5\",\"image\":{\"@type\":\"ImageObject\",\"inLanguage\":\"en-US\",\"@id\":\"https:\/\/veritasinfo.org\/#\/schema\/person\/image\/\",\"url\":\"https:\/\/secure.gravatar.com\/avatar\/16a61e7272a0c5d001121ebb9e60e925d5816e4ac1e443ed3e640d9a6ae55d0c?s=96&d=mm&r=g\",\"contentUrl\":\"https:\/\/secure.gravatar.com\/avatar\/16a61e7272a0c5d001121ebb9e60e925d5816e4ac1e443ed3e640d9a6ae55d0c?s=96&d=mm&r=g\",\"caption\":\"US5\"},\"url\":\"https:\/\/veritasinfo.org\/?author=6\"}]}<\/script>\n<!-- \/ Yoast SEO plugin. -->","yoast_head_json":{"title":"V\u00ebrshimet dhe reshjet e shiut vazhdojn\u00eb n\u00eb Drenas, autoritetet apelojn\u00eb p\u00ebr kujdes -","robots":{"index":"index","follow":"follow","max-snippet":"max-snippet:-1","max-image-preview":"max-image-preview:large","max-video-preview":"max-video-preview:-1"},"canonical":"https:\/\/veritasinfo.org\/?p=27257","og_locale":"en_US","og_type":"article","og_title":"V\u00ebrshimet dhe reshjet e shiut vazhdojn\u00eb n\u00eb Drenas, autoritetet apelojn\u00eb p\u00ebr kujdes -","og_description":"Prishtin\u00eb 10 janar 2026 13:03 Pas v\u00ebrshimeve q\u00eb kan\u00eb prekur Komun\u00ebn e Drenasit dit\u00ebt e fundit, reshjet e shiut q\u00eb kan\u00eb nisur gjat\u00eb nat\u00ebs po","og_url":"https:\/\/veritasinfo.org\/?p=27257","article_published_time":"2026-01-10T12:04:03+00:00","og_image":[{"width":900,"height":1600,"url":"https:\/\/veritasinfo.org\/wp-content\/uploads\/2026\/01\/614554340_1391356489462273_7862376080330144549_n.jpg","type":"image\/jpeg"}],"author":"US5","twitter_card":"summary_large_image","twitter_misc":{"Written by":"US5","Est. reading time":"1 minute"},"schema":{"@context":"https:\/\/schema.org","@graph":[{"@type":"WebPage","@id":"https:\/\/veritasinfo.org\/?p=27257","url":"https:\/\/veritasinfo.org\/?p=27257","name":"V\u00ebrshimet dhe reshjet e shiut vazhdojn\u00eb n\u00eb Drenas, autoritetet apelojn\u00eb p\u00ebr kujdes -","isPartOf":{"@id":"https:\/\/veritasinfo.org\/#website"},"primaryImageOfPage":{"@id":"https:\/\/veritasinfo.org\/?p=27257#primaryimage"},"image":{"@id":"https:\/\/veritasinfo.org\/?p=27257#primaryimage"},"thumbnailUrl":"https:\/\/veritasinfo.org\/wp-content\/uploads\/2026\/01\/614554340_1391356489462273_7862376080330144549_n.jpg","datePublished":"2026-01-10T12:04:03+00:00","author":{"@id":"https:\/\/veritasinfo.org\/#\/schema\/person\/bc442336e35414d04494ab8fb45db4c6"},"breadcrumb":{"@id":"https:\/\/veritasinfo.org\/?p=27257#breadcrumb"},"inLanguage":"en-US","potentialAction":[{"@type":"ReadAction","target":["https:\/\/veritasinfo.org\/?p=27257"]}]},{"@type":"ImageObject","inLanguage":"en-US","@id":"https:\/\/veritasinfo.org\/?p=27257#primaryimage","url":"https:\/\/veritasinfo.org\/wp-content\/uploads\/2026\/01\/614554340_1391356489462273_7862376080330144549_n.jpg","contentUrl":"https:\/\/veritasinfo.org\/wp-content\/uploads\/2026\/01\/614554340_1391356489462273_7862376080330144549_n.jpg","width":900,"height":1600},{"@type":"BreadcrumbList","@id":"https:\/\/veritasinfo.org\/?p=27257#breadcrumb","itemListElement":[{"@type":"ListItem","position":1,"name":"Home","item":"https:\/\/veritasinfo.org\/"},{"@type":"ListItem","position":2,"name":"V\u00ebrshimet dhe reshjet e shiut vazhdojn\u00eb n\u00eb Drenas, autoritetet apelojn\u00eb p\u00ebr kujdes"}]},{"@type":"WebSite","@id":"https:\/\/veritasinfo.org\/#website","url":"https:\/\/veritasinfo.org\/","name":"","description":"","potentialAction":[{"@type":"SearchAction","target":{"@type":"EntryPoint","urlTemplate":"https:\/\/veritasinfo.org\/?s={search_term_string}"},"query-input":{"@type":"PropertyValueSpecification","valueRequired":true,"valueName":"search_term_string"}}],"inLanguage":"en-US"},{"@type":"Person","@id":"https:\/\/veritasinfo.org\/#\/schema\/person\/bc442336e35414d04494ab8fb45db4c6","name":"US5","image":{"@type":"ImageObject","inLanguage":"en-US","@id":"https:\/\/veritasinfo.org\/#\/schema\/person\/image\/","url":"https:\/\/secure.gravatar.com\/avatar\/16a61e7272a0c5d001121ebb9e60e925d5816e4ac1e443ed3e640d9a6ae55d0c?s=96&d=mm&r=g","contentUrl":"https:\/\/secure.gravatar.com\/avatar\/16a61e7272a0c5d001121ebb9e60e925d5816e4ac1e443ed3e640d9a6ae55d0c?s=96&d=mm&r=g","caption":"US5"},"url":"https:\/\/veritasinfo.org\/?author=6"}]}},"featured_image_urls":{"full":["https:\/\/veritasinfo.org\/wp-content\/uploads\/2026\/01\/614554340_1391356489462273_7862376080330144549_n.jpg",900,1600,false],"thumbnail":["https:\/\/veritasinfo.org\/wp-content\/uploads\/2026\/01\/614554340_1391356489462273_7862376080330144549_n-150x150.jpg",150,150,true],"medium":["https:\/\/veritasinfo.org\/wp-content\/uploads\/2026\/01\/614554340_1391356489462273_7862376080330144549_n-169x300.jpg",169,300,true],"medium_large":["https:\/\/veritasinfo.org\/wp-content\/uploads\/2026\/01\/614554340_1391356489462273_7862376080330144549_n-768x1365.jpg",640,1138,true],"large":["https:\/\/veritasinfo.org\/wp-content\/uploads\/2026\/01\/614554340_1391356489462273_7862376080330144549_n-576x1024.jpg",576,1024,true],"1536x1536":["https:\/\/veritasinfo.org\/wp-content\/uploads\/2026\/01\/614554340_1391356489462273_7862376080330144549_n-864x1536.jpg",864,1536,true],"2048x2048":["https:\/\/veritasinfo.org\/wp-content\/uploads\/2026\/01\/614554340_1391356489462273_7862376080330144549_n.jpg",900,1600,false],"kreeti-slider-full":["https:\/\/veritasinfo.org\/wp-content\/uploads\/2026\/01\/614554340_1391356489462273_7862376080330144549_n.jpg",405,720,false],"kreeti-featured":["https:\/\/veritasinfo.org\/wp-content\/uploads\/2026\/01\/614554340_1391356489462273_7862376080330144549_n.jpg",900,1600,false],"kreeti-medium":["https:\/\/veritasinfo.org\/wp-content\/uploads\/2026\/01\/614554340_1391356489462273_7862376080330144549_n.jpg",298,530,false],"kreeti-medium-square":["https:\/\/veritasinfo.org\/wp-content\/uploads\/2026\/01\/614554340_1391356489462273_7862376080330144549_n.jpg",197,350,false]},"author_info":{"info":["US5"]},"category_info":"<a href=\"https:\/\/veritasinfo.org\/?cat=52\" rel=\"category\">Komunat<\/a>","tag_info":"Komunat","comment_count":"0","_links":{"self":[{"href":"https:\/\/veritasinfo.org\/index.php?rest_route=\/wp\/v2\/posts\/27257","targetHints":{"allow":["GET"]}}],"collection":[{"href":"https:\/\/veritasinfo.org\/index.php?rest_route=\/wp\/v2\/posts"}],"about":[{"href":"https:\/\/veritasinfo.org\/index.php?rest_route=\/wp\/v2\/types\/post"}],"author":[{"embeddable":true,"href":"https:\/\/veritasinfo.org\/index.php?rest_route=\/wp\/v2\/users\/6"}],"replies":[{"embeddable":true,"href":"https:\/\/veritasinfo.org\/index.php?rest_route=%2Fwp%2Fv2%2Fcomments&post=27257"}],"version-history":[{"count":1,"href":"https:\/\/veritasinfo.org\/index.php?rest_route=\/wp\/v2\/posts\/27257\/revisions"}],"predecessor-version":[{"id":27259,"href":"https:\/\/veritasinfo.org\/index.php?rest_route=\/wp\/v2\/posts\/27257\/revisions\/27259"}],"wp:featuredmedia":[{"embeddable":true,"href":"https:\/\/veritasinfo.org\/index.php?rest_route=\/wp\/v2\/media\/27258"}],"wp:attachment":[{"href":"https:\/\/veritasinfo.org\/index.php?rest_route=%2Fwp%2Fv2%2Fmedia&parent=27257"}],"wp:term":[{"taxonomy":"category","embeddable":true,"href":"https:\/\/veritasinfo.org\/index.php?rest_route=%2Fwp%2Fv2%2Fcategories&post=27257"},{"taxonomy":"post_tag","embeddable":true,"href":"https:\/\/veritasinfo.org\/index.php?rest_route=%2Fwp%2Fv2%2Ftags&post=27257"}],"curies":[{"name":"wp","href":"https:\/\/api.w.org\/{rel}","templated":true}]}}