{"id":27221,"date":"2026-01-10T06:46:08","date_gmt":"2026-01-10T05:46:08","guid":{"rendered":"https:\/\/veritasinfo.org\/?p=27221"},"modified":"2026-01-10T06:46:08","modified_gmt":"2026-01-10T05:46:08","slug":"skandal-diplomatik-bernabiq-refuzon-ti-takoje-deputetet-e-be-se","status":"publish","type":"post","link":"https:\/\/veritasinfo.org\/?p=27221","title":{"rendered":"Skandal diplomatik, B\u00ebrnabiq refuzon t\u2019i takoj\u00eb deputet\u00ebt e BE-s\u00eb"},"content":{"rendered":"<p>Prishtin\u00eb, 10 janar 2026 06:44<\/p>\n<p>Vendimi i guximsh\u00ebm i kryetares s\u00eb Kuvendit t\u00eb Serbis\u00eb, Ana B\u00ebrnabiq p\u00ebr t\u00eb mos u takuar me misionin e Parlamentit Evropian, i cili po vjen p\u00ebr t\u00eb kontrolluar gjendjen e demokracis\u00eb n\u00eb Serbi, u p\u00ebrball me kritika t\u00eb ashpra nga opozita dhe ekspert\u00ebt, t\u00eb cil\u00ebt theksojn\u00eb se ky veprim d\u00ebrgon nj\u00eb mesazh pap\u00ebrgjegjshm\u00ebrie dhe injorimi t\u00eb standardeve evropiane.<\/p>\n<p>Kryetarja e Kuvendit t\u00eb Serbis\u00eb, Ana B\u00ebrnabiq deklaroi se nuk do t\u00eb takohet me an\u00ebtar\u00ebt e misionit t\u00eb Parlamentit Evropian, t\u00eb cil\u00ebt duhet t\u00eb vijn\u00eb n\u00eb Serbi nga 22 deri m\u00eb 24 janar, sepse n\u00eb at\u00eb koh\u00eb \u00ebsht\u00eb n\u00eb nj\u00eb vizit\u00eb pune n\u00eb Estoni.<\/p>\n<p>Mund\u00ebsia e misionit v\u00ebzhgues t\u00eb Parlamentit Evropian q\u00eb vjen n\u00eb Serbi u b\u00eb e ditur n\u00eb tetor, kur PE miratoi nj\u00eb rezolut\u00eb mbi Serbin\u00eb q\u00eb d\u00ebnon polarizimin e shoq\u00ebris\u00eb dhe shtypjen shtet\u00ebrore, dhe k\u00ebrkon nj\u00eb hetim t\u00eb hapur t\u00eb tragjedis\u00eb n\u00eb Novi Sad, si dhe d\u00ebrgimin urgjent t\u00eb nj\u00eb misioni informativ t\u00eb BE-s\u00eb n\u00eb vendin ton\u00eb.<\/p>\n<p>N\u00eb Rezolut\u00ebn e Parlamentit Evropian p\u00ebr Serbin\u00eb, t\u00eb miratuar n\u00eb fund t\u00eb tetorit, an\u00ebtar\u00ebt e PE shpreh\u00ebn mb\u00ebshtetjen e tyre p\u00ebr d\u00ebrgimin e shpejt\u00eb t\u00eb nj\u00eb misioni ad hoc t\u00eb BE-s\u00eb p\u00ebr mbledhjen e fakteve n\u00eb Serbi, me pjes\u00ebmarrjen e Parlamentit Evropian. Q\u00ebllimi i misionit do t\u00eb ishte vler\u00ebsimi i gjendjes s\u00eb demokracis\u00eb, protestave aktuale, si dhe akuzave p\u00ebr sulme ndaj demonstruesve dhe shtypje, t\u00eb cilat, sipas PE-s\u00eb, synojn\u00eb student\u00ebt, komunitetin akademik, edukator\u00ebt dhe punonj\u00ebsit e sektorit publik.<\/p>\n<p>\u00cbsht\u00eb nj\u00eb mision q\u00eb do t\u00eb p\u00ebrb\u00ebhet nga an\u00ebtar\u00eb t\u00eb rangut t\u00eb lart\u00eb t\u00eb Parlamentit Evropian, kryesisht an\u00ebtar\u00eb t\u00eb Komitetit t\u00eb Pun\u00ebve t\u00eb Jashtme. Sipas marr\u00ebveshjes paraprake, grupet m\u00eb t\u00eb m\u00ebdha politike n\u00eb PE \u2013 Partia Popullore Evropiane dhe Socialist\u00ebt dhe Demokrat\u00ebt \u2013 do t\u00eb delegojn\u00eb disa nga p\u00ebrfaq\u00ebsuesit e tyre, nd\u00ebrsa grupet e tjera parlamentare do t\u00eb ken\u00eb nga nj\u00eb an\u00ebtar n\u00eb mision.<\/p>\n<p>P\u00ebrfaq\u00ebsuesit e opozit\u00ebs theksojn\u00eb se vendimi i Kryetarit t\u00eb Kuvendit p\u00ebr t\u00eb mos u takuar me misionin e Parlamentit Evropian tregon mendjeleht\u00ebsi dhe shmangie t\u00eb dialogut me BE-n\u00eb, nd\u00ebrsa ekspert\u00ebt theksojn\u00eb r\u00ebnd\u00ebsin\u00eb institucionale dhe politike t\u00eb nj\u00eb veprimi t\u00eb till\u00eb, nd\u00ebrsa politikan\u00ebt e opozit\u00ebs theksojn\u00eb efektin e tij diplomatik dhe strategjik, duke treguar pap\u00ebrgjegj\u00ebsin\u00eb e autoriteteve dhe izolimin e Serbis\u00eb.<\/p>\n<p>Radomir Lazovi\u00e7, bashk\u00ebpresidenti i krahut t\u00eb majt\u00eb t\u00eb Zeeleno-s, e konsideron vendimin e Ana B\u00ebrnabiq p\u00ebr t\u00eb udh\u00ebtuar n\u00eb Estoni dhe p\u00ebr t\u00eb mos u takuar me p\u00ebrfaq\u00ebsuesit e Parlamentit Evropian si absolutisht skandaloz, shkruan Danas.<\/p>\n<p>&nbsp;<\/p>\n<p>Naim Leo Beshiri, drejtor i Institutit p\u00ebr \u00c7\u00ebshtje Evropiane, vler\u00ebson se deklarata e Presidentes s\u00eb Kuvendit, sipas s\u00eb cil\u00ebs ajo nuk ka koh\u00eb t\u00eb takohet me misionin e Parlamentit Evropian p\u00ebr shkak t\u00eb nj\u00eb \u201cvizite pune n\u00eb Estoni\u201d, \u00ebsht\u00eb jo vet\u00ebm diplomatikisht e pavler\u00eb, por edhe thell\u00ebsisht problematike politikisht.<\/p>\n<p>Presidentja e parlamentit serb B\u00ebrnabiq refuzoi t\u00eb takohej me deputet\u00ebt e BE-s\u00eb q\u00eb erdh\u00ebn n\u00eb Beograd p\u00ebr t\u00eb marr\u00eb n\u00eb konsiderat\u00eb situat\u00ebn e drejt\u00ebsis\u00eb dhe medias. Mediat opozitare flasin p\u00ebr nj\u00eb skandal diplomatik.<\/p>\n","protected":false},"excerpt":{"rendered":"<p>Prishtin\u00eb, 10 janar 2026 06:44 Vendimi i guximsh\u00ebm i kryetares s\u00eb Kuvendit t\u00eb Serbis\u00eb, Ana B\u00ebrnabiq p\u00ebr t\u00eb mos u takuar me misionin e Parlamentit<\/p>\n","protected":false},"author":7,"featured_media":27222,"comment_status":"open","ping_status":"open","sticky":false,"template":"","format":"standard","meta":{"footnotes":""},"categories":[58],"tags":[],"class_list":["post-27221","post","type-post","status-publish","format-standard","has-post-thumbnail","hentry","category-politike-sq"],"yoast_head":"<!-- This site is optimized with the Yoast SEO plugin v25.3.1 - https:\/\/yoast.com\/wordpress\/plugins\/seo\/ -->\n<title>Skandal diplomatik, B\u00ebrnabiq refuzon t\u2019i takoj\u00eb deputet\u00ebt e BE-s\u00eb -<\/title>\n<meta name=\"robots\" content=\"index, follow, max-snippet:-1, max-image-preview:large, max-video-preview:-1\" \/>\n<link rel=\"canonical\" href=\"https:\/\/veritasinfo.org\/?p=27221\" \/>\n<meta property=\"og:locale\" content=\"en_US\" \/>\n<meta property=\"og:type\" content=\"article\" \/>\n<meta property=\"og:title\" content=\"Skandal diplomatik, B\u00ebrnabiq refuzon t\u2019i takoj\u00eb deputet\u00ebt e BE-s\u00eb -\" \/>\n<meta property=\"og:description\" content=\"Prishtin\u00eb, 10 janar 2026 06:44 Vendimi i guximsh\u00ebm i kryetares s\u00eb Kuvendit t\u00eb Serbis\u00eb, Ana B\u00ebrnabiq p\u00ebr t\u00eb mos u takuar me misionin e Parlamentit\" \/>\n<meta property=\"og:url\" content=\"https:\/\/veritasinfo.org\/?p=27221\" \/>\n<meta property=\"article:published_time\" content=\"2026-01-10T05:46:08+00:00\" \/>\n<meta property=\"og:image\" content=\"https:\/\/veritasinfo.org\/wp-content\/uploads\/2026\/01\/images-1.jpeg\" \/>\n\t<meta property=\"og:image:width\" content=\"600\" \/>\n\t<meta property=\"og:image:height\" content=\"347\" \/>\n\t<meta property=\"og:image:type\" content=\"image\/jpeg\" \/>\n<meta name=\"author\" content=\"US6\" \/>\n<meta name=\"twitter:card\" content=\"summary_large_image\" \/>\n<meta name=\"twitter:label1\" content=\"Written by\" \/>\n\t<meta name=\"twitter:data1\" content=\"US6\" \/>\n\t<meta name=\"twitter:label2\" content=\"Est. reading time\" \/>\n\t<meta name=\"twitter:data2\" content=\"3 minutes\" \/>\n<script type=\"application\/ld+json\" class=\"yoast-schema-graph\">{\"@context\":\"https:\/\/schema.org\",\"@graph\":[{\"@type\":\"WebPage\",\"@id\":\"https:\/\/veritasinfo.org\/?p=27221\",\"url\":\"https:\/\/veritasinfo.org\/?p=27221\",\"name\":\"Skandal diplomatik, B\u00ebrnabiq refuzon t\u2019i takoj\u00eb deputet\u00ebt e BE-s\u00eb -\",\"isPartOf\":{\"@id\":\"https:\/\/veritasinfo.org\/#website\"},\"primaryImageOfPage\":{\"@id\":\"https:\/\/veritasinfo.org\/?p=27221#primaryimage\"},\"image\":{\"@id\":\"https:\/\/veritasinfo.org\/?p=27221#primaryimage\"},\"thumbnailUrl\":\"https:\/\/veritasinfo.org\/wp-content\/uploads\/2026\/01\/images-1.jpeg\",\"datePublished\":\"2026-01-10T05:46:08+00:00\",\"author\":{\"@id\":\"https:\/\/veritasinfo.org\/#\/schema\/person\/fe199eede04c3937362892b7444747cc\"},\"breadcrumb\":{\"@id\":\"https:\/\/veritasinfo.org\/?p=27221#breadcrumb\"},\"inLanguage\":\"en-US\",\"potentialAction\":[{\"@type\":\"ReadAction\",\"target\":[\"https:\/\/veritasinfo.org\/?p=27221\"]}]},{\"@type\":\"ImageObject\",\"inLanguage\":\"en-US\",\"@id\":\"https:\/\/veritasinfo.org\/?p=27221#primaryimage\",\"url\":\"https:\/\/veritasinfo.org\/wp-content\/uploads\/2026\/01\/images-1.jpeg\",\"contentUrl\":\"https:\/\/veritasinfo.org\/wp-content\/uploads\/2026\/01\/images-1.jpeg\",\"width\":600,\"height\":347},{\"@type\":\"BreadcrumbList\",\"@id\":\"https:\/\/veritasinfo.org\/?p=27221#breadcrumb\",\"itemListElement\":[{\"@type\":\"ListItem\",\"position\":1,\"name\":\"Home\",\"item\":\"https:\/\/veritasinfo.org\/\"},{\"@type\":\"ListItem\",\"position\":2,\"name\":\"Skandal diplomatik, B\u00ebrnabiq refuzon t\u2019i takoj\u00eb deputet\u00ebt e BE-s\u00eb\"}]},{\"@type\":\"WebSite\",\"@id\":\"https:\/\/veritasinfo.org\/#website\",\"url\":\"https:\/\/veritasinfo.org\/\",\"name\":\"\",\"description\":\"\",\"potentialAction\":[{\"@type\":\"SearchAction\",\"target\":{\"@type\":\"EntryPoint\",\"urlTemplate\":\"https:\/\/veritasinfo.org\/?s={search_term_string}\"},\"query-input\":{\"@type\":\"PropertyValueSpecification\",\"valueRequired\":true,\"valueName\":\"search_term_string\"}}],\"inLanguage\":\"en-US\"},{\"@type\":\"Person\",\"@id\":\"https:\/\/veritasinfo.org\/#\/schema\/person\/fe199eede04c3937362892b7444747cc\",\"name\":\"US6\",\"image\":{\"@type\":\"ImageObject\",\"inLanguage\":\"en-US\",\"@id\":\"https:\/\/veritasinfo.org\/#\/schema\/person\/image\/\",\"url\":\"https:\/\/secure.gravatar.com\/avatar\/cb16c3c31c9d23b9b8c705964598220b3014e42ff51eb540ff23cefa3ae8c15f?s=96&d=mm&r=g\",\"contentUrl\":\"https:\/\/secure.gravatar.com\/avatar\/cb16c3c31c9d23b9b8c705964598220b3014e42ff51eb540ff23cefa3ae8c15f?s=96&d=mm&r=g\",\"caption\":\"US6\"},\"url\":\"https:\/\/veritasinfo.org\/?author=7\"}]}<\/script>\n<!-- \/ Yoast SEO plugin. -->","yoast_head_json":{"title":"Skandal diplomatik, B\u00ebrnabiq refuzon t\u2019i takoj\u00eb deputet\u00ebt e BE-s\u00eb -","robots":{"index":"index","follow":"follow","max-snippet":"max-snippet:-1","max-image-preview":"max-image-preview:large","max-video-preview":"max-video-preview:-1"},"canonical":"https:\/\/veritasinfo.org\/?p=27221","og_locale":"en_US","og_type":"article","og_title":"Skandal diplomatik, B\u00ebrnabiq refuzon t\u2019i takoj\u00eb deputet\u00ebt e BE-s\u00eb -","og_description":"Prishtin\u00eb, 10 janar 2026 06:44 Vendimi i guximsh\u00ebm i kryetares s\u00eb Kuvendit t\u00eb Serbis\u00eb, Ana B\u00ebrnabiq p\u00ebr t\u00eb mos u takuar me misionin e Parlamentit","og_url":"https:\/\/veritasinfo.org\/?p=27221","article_published_time":"2026-01-10T05:46:08+00:00","og_image":[{"width":600,"height":347,"url":"https:\/\/veritasinfo.org\/wp-content\/uploads\/2026\/01\/images-1.jpeg","type":"image\/jpeg"}],"author":"US6","twitter_card":"summary_large_image","twitter_misc":{"Written by":"US6","Est. reading time":"3 minutes"},"schema":{"@context":"https:\/\/schema.org","@graph":[{"@type":"WebPage","@id":"https:\/\/veritasinfo.org\/?p=27221","url":"https:\/\/veritasinfo.org\/?p=27221","name":"Skandal diplomatik, B\u00ebrnabiq refuzon t\u2019i takoj\u00eb deputet\u00ebt e BE-s\u00eb -","isPartOf":{"@id":"https:\/\/veritasinfo.org\/#website"},"primaryImageOfPage":{"@id":"https:\/\/veritasinfo.org\/?p=27221#primaryimage"},"image":{"@id":"https:\/\/veritasinfo.org\/?p=27221#primaryimage"},"thumbnailUrl":"https:\/\/veritasinfo.org\/wp-content\/uploads\/2026\/01\/images-1.jpeg","datePublished":"2026-01-10T05:46:08+00:00","author":{"@id":"https:\/\/veritasinfo.org\/#\/schema\/person\/fe199eede04c3937362892b7444747cc"},"breadcrumb":{"@id":"https:\/\/veritasinfo.org\/?p=27221#breadcrumb"},"inLanguage":"en-US","potentialAction":[{"@type":"ReadAction","target":["https:\/\/veritasinfo.org\/?p=27221"]}]},{"@type":"ImageObject","inLanguage":"en-US","@id":"https:\/\/veritasinfo.org\/?p=27221#primaryimage","url":"https:\/\/veritasinfo.org\/wp-content\/uploads\/2026\/01\/images-1.jpeg","contentUrl":"https:\/\/veritasinfo.org\/wp-content\/uploads\/2026\/01\/images-1.jpeg","width":600,"height":347},{"@type":"BreadcrumbList","@id":"https:\/\/veritasinfo.org\/?p=27221#breadcrumb","itemListElement":[{"@type":"ListItem","position":1,"name":"Home","item":"https:\/\/veritasinfo.org\/"},{"@type":"ListItem","position":2,"name":"Skandal diplomatik, B\u00ebrnabiq refuzon t\u2019i takoj\u00eb deputet\u00ebt e BE-s\u00eb"}]},{"@type":"WebSite","@id":"https:\/\/veritasinfo.org\/#website","url":"https:\/\/veritasinfo.org\/","name":"","description":"","potentialAction":[{"@type":"SearchAction","target":{"@type":"EntryPoint","urlTemplate":"https:\/\/veritasinfo.org\/?s={search_term_string}"},"query-input":{"@type":"PropertyValueSpecification","valueRequired":true,"valueName":"search_term_string"}}],"inLanguage":"en-US"},{"@type":"Person","@id":"https:\/\/veritasinfo.org\/#\/schema\/person\/fe199eede04c3937362892b7444747cc","name":"US6","image":{"@type":"ImageObject","inLanguage":"en-US","@id":"https:\/\/veritasinfo.org\/#\/schema\/person\/image\/","url":"https:\/\/secure.gravatar.com\/avatar\/cb16c3c31c9d23b9b8c705964598220b3014e42ff51eb540ff23cefa3ae8c15f?s=96&d=mm&r=g","contentUrl":"https:\/\/secure.gravatar.com\/avatar\/cb16c3c31c9d23b9b8c705964598220b3014e42ff51eb540ff23cefa3ae8c15f?s=96&d=mm&r=g","caption":"US6"},"url":"https:\/\/veritasinfo.org\/?author=7"}]}},"featured_image_urls":{"full":["https:\/\/veritasinfo.org\/wp-content\/uploads\/2026\/01\/images-1.jpeg",600,347,false],"thumbnail":["https:\/\/veritasinfo.org\/wp-content\/uploads\/2026\/01\/images-1-150x150.jpeg",150,150,true],"medium":["https:\/\/veritasinfo.org\/wp-content\/uploads\/2026\/01\/images-1-300x174.jpeg",300,174,true],"medium_large":["https:\/\/veritasinfo.org\/wp-content\/uploads\/2026\/01\/images-1.jpeg",600,347,false],"large":["https:\/\/veritasinfo.org\/wp-content\/uploads\/2026\/01\/images-1.jpeg",600,347,false],"1536x1536":["https:\/\/veritasinfo.org\/wp-content\/uploads\/2026\/01\/images-1.jpeg",600,347,false],"2048x2048":["https:\/\/veritasinfo.org\/wp-content\/uploads\/2026\/01\/images-1.jpeg",600,347,false],"kreeti-slider-full":["https:\/\/veritasinfo.org\/wp-content\/uploads\/2026\/01\/images-1.jpeg",600,347,false],"kreeti-featured":["https:\/\/veritasinfo.org\/wp-content\/uploads\/2026\/01\/images-1.jpeg",600,347,false],"kreeti-medium":["https:\/\/veritasinfo.org\/wp-content\/uploads\/2026\/01\/images-1.jpeg",600,347,false],"kreeti-medium-square":["https:\/\/veritasinfo.org\/wp-content\/uploads\/2026\/01\/images-1.jpeg",350,202,false]},"author_info":{"info":["US6"]},"category_info":"<a href=\"https:\/\/veritasinfo.org\/?cat=58\" rel=\"category\">Politik\u00eb<\/a>","tag_info":"Politik\u00eb","comment_count":"0","_links":{"self":[{"href":"https:\/\/veritasinfo.org\/index.php?rest_route=\/wp\/v2\/posts\/27221","targetHints":{"allow":["GET"]}}],"collection":[{"href":"https:\/\/veritasinfo.org\/index.php?rest_route=\/wp\/v2\/posts"}],"about":[{"href":"https:\/\/veritasinfo.org\/index.php?rest_route=\/wp\/v2\/types\/post"}],"author":[{"embeddable":true,"href":"https:\/\/veritasinfo.org\/index.php?rest_route=\/wp\/v2\/users\/7"}],"replies":[{"embeddable":true,"href":"https:\/\/veritasinfo.org\/index.php?rest_route=%2Fwp%2Fv2%2Fcomments&post=27221"}],"version-history":[{"count":1,"href":"https:\/\/veritasinfo.org\/index.php?rest_route=\/wp\/v2\/posts\/27221\/revisions"}],"predecessor-version":[{"id":27223,"href":"https:\/\/veritasinfo.org\/index.php?rest_route=\/wp\/v2\/posts\/27221\/revisions\/27223"}],"wp:featuredmedia":[{"embeddable":true,"href":"https:\/\/veritasinfo.org\/index.php?rest_route=\/wp\/v2\/media\/27222"}],"wp:attachment":[{"href":"https:\/\/veritasinfo.org\/index.php?rest_route=%2Fwp%2Fv2%2Fmedia&parent=27221"}],"wp:term":[{"taxonomy":"category","embeddable":true,"href":"https:\/\/veritasinfo.org\/index.php?rest_route=%2Fwp%2Fv2%2Fcategories&post=27221"},{"taxonomy":"post_tag","embeddable":true,"href":"https:\/\/veritasinfo.org\/index.php?rest_route=%2Fwp%2Fv2%2Ftags&post=27221"}],"curies":[{"name":"wp","href":"https:\/\/api.w.org\/{rel}","templated":true}]}}