{"id":27209,"date":"2026-01-09T21:23:12","date_gmt":"2026-01-09T20:23:12","guid":{"rendered":"https:\/\/veritasinfo.org\/?p=27209"},"modified":"2026-01-09T21:23:45","modified_gmt":"2026-01-09T20:23:45","slug":"vuciq-feston-krishtlindjen-mes-kengeve-cetnike-dhe-nje-vrasesi-te-denuar-foto","status":"publish","type":"post","link":"https:\/\/veritasinfo.org\/?p=27209","title":{"rendered":"Vu\u00e7iq feston Krishtlindjen mes k\u00ebng\u00ebve \u00e7etnike dhe nj\u00eb vras\u00ebsi t\u00eb d\u00ebnuar (Foto)"},"content":{"rendered":"<p><strong>Prishtin\u00eb, 9 janar 2026 21:21<\/strong><\/p>\n<p>Krishtlindja Ortodokse n\u00eb Serbi u sh\u00ebnua nga pushteti me nj\u00eb program shum\u00ebor\u00ebsh televiziv n\u00eb \u201cInformer TV\u201d, media tabloide e af\u00ebrt me presidentin Aleksandar Vu\u00e7iq, i cili u shnd\u00ebrrua n\u00eb nj\u00eb p\u00ebrzierje t\u00eb pazakont\u00eb ahengu, ku iu hap rruga promovimit t\u00eb hapur t\u00eb ikonografis\u00eb \u00e7etnike dhe faktit q\u00eb gjith\u00e7ka u transmetua n\u00eb televizion komb\u00ebtar, me pjes\u00ebmarrjen direkte t\u00eb presidentit t\u00eb Serbis\u00eb.<\/p>\n<p>Programi live u drejtua nga kryeredaktori Dragan\u00a0 Vuci\u00e7eviq, nd\u00ebrsa sipas javores \u201cVreme\u201d, atmosfera n\u00eb studio i ngjante m\u00eb shum\u00eb nj\u00eb tubimi \u00e7etnik sesa nj\u00eb feste fetare, shkruan mediumi &#8220;Vijesti&#8221;.<\/p>\n<p>N\u00eb studio ishin t\u00eb pranish\u00ebm nj\u00eb s\u00ebr\u00eb figurash t\u00eb larta shtet\u00ebrore dhe politike, p\u00ebrfshir\u00eb kryetaren e Kuvendit t\u00eb Serbis\u00eb Ana Brnabiq, ministrin e Brendsh\u00ebm Ivica Da\u00e7iq, kriminelin e d\u00ebnuar p\u00ebr krime lufte Vojislav Sheshel, si dhe disa ministra t\u00eb tjer\u00eb t\u00eb qeveris\u00eb serbe.<\/p>\n<p>Festa e Krishtlindjes u shoq\u00ebrua me mish t\u00eb pjekur, harmonik\u00eb dhe k\u00ebng\u00eb \u00e7etnike, p\u00ebrfshir\u00eb k\u00ebng\u00eb q\u00eb glorifikojn\u00eb l\u00ebvizjen \u00e7etnike dhe ideologjin\u00eb nacionaliste serbe. Muzikant\u00ebt u shp\u00ebrblyen me para t\u00eb gatshme, t\u00eb cilat t\u00eb ftuarit ua vendosnin n\u00eb duar dhe mbi instrumente, nd\u00ebrsa programi vazhdonte drejtp\u00ebrdrejt n\u00eb televizion me frekuenc\u00eb komb\u00ebtare.<\/p>\n<p>Reagime t\u00eb forta nxiti edhe interpretimi i k\u00ebng\u00ebs \u201cOj, vojvodo Sindhelicu\u201d, ku nj\u00eb varg u ndryshua n\u00eb m\u00ebnyr\u00eb fyese, duke shkaktuar zem\u00ebrim dhe kritika n\u00eb opinionin publik.<\/p>\n<p>M\u00eb pas u zbulua se k\u00ebng\u00ebt \u00e7etnike n\u00eb k\u00ebt\u00eb fest\u00eb i interpretonte Dragan Ashanin, nj\u00eb person i d\u00ebnuar n\u00eb vitin 1992 me 12 vjet burg p\u00ebr vrasjen e k\u00ebng\u00ebtares 18-vje\u00e7are Jasmina Gjorgjeviq.<\/p>\n<p>Jasmina, e konsideruar n\u00eb at\u00eb koh\u00eb si nj\u00eb nga talentet m\u00eb premtuese t\u00eb muzik\u00ebs popullore serbe, u vra me arm\u00eb zjarri nga Ashanin pas nj\u00eb konflikti, n\u00eb sy t\u00eb v\u00ebllait t\u00eb saj t\u00eb mitur. E plagosur r\u00ebnd\u00eb, ajo nd\u00ebrroi jet\u00eb rrug\u00ebs p\u00ebr n\u00eb spital, nd\u00ebrsa fjal\u00ebt e saj t\u00eb fundit, sipas mediave t\u00eb koh\u00ebs, ishin: \u201cDua t\u00eb jetoj. Ju lutem, m\u00eb ndihmoni.\u201d<\/p>\n<p><img fetchpriority=\"high\" decoding=\"async\" class=\"wp-image-27211 alignleft\" src=\"https:\/\/veritasinfo.org\/wp-content\/uploads\/2026\/01\/1-33-217x300.jpg\" alt=\"\" width=\"392\" height=\"542\" srcset=\"https:\/\/veritasinfo.org\/wp-content\/uploads\/2026\/01\/1-33-217x300.jpg 217w, https:\/\/veritasinfo.org\/wp-content\/uploads\/2026\/01\/1-33.jpg 309w\" sizes=\"(max-width: 392px) 100vw, 392px\" \/><\/p>\n<p>Pavar\u00ebsisht k\u00ebtij krimi t\u00eb r\u00ebnd\u00eb, Ashanin sot shfaqet lirsh\u00ebm n\u00eb programe televizive dhe k\u00ebndon n\u00eb ngjarje ku marrin pjes\u00eb funksionar\u00ebt m\u00eb t\u00eb lart\u00eb t\u00eb shtetit serb, nd\u00ebrsa emri i viktim\u00ebs pothuajse nuk p\u00ebrmendet m\u00eb.<\/p>\n<p>Gjat\u00eb programit shum\u00ebor\u00ebsh, n\u00eb studio mb\u00ebrriti edhe vet\u00eb presidenti Aleksandar Vu\u00e7iq, i cili q\u00ebndroi afro dy or\u00eb n\u00eb bised\u00eb me drejtuesit e emisionit. Ai foli p\u00ebr, si\u00e7 tha, \u201cp\u00ebrpjekjet p\u00ebr mbylljen e Informerit\u201d, refuzoi ushqimin e ofruar, nd\u00ebrsa n\u00eb dalje nga studio u p\u00ebrsh\u00ebndet dhe i shtr\u00ebngoi duart me Vojislav Sheshelin.<\/p>\n<p>&nbsp;<\/p>\n","protected":false},"excerpt":{"rendered":"<p>Prishtin\u00eb, 9 janar 2026 21:21 Krishtlindja Ortodokse n\u00eb Serbi u sh\u00ebnua nga pushteti me nj\u00eb program shum\u00ebor\u00ebsh televiziv n\u00eb \u201cInformer TV\u201d, media tabloide e af\u00ebrt<\/p>\n","protected":false},"author":7,"featured_media":27210,"comment_status":"open","ping_status":"open","sticky":false,"template":"","format":"standard","meta":{"footnotes":""},"categories":[93],"tags":[],"class_list":["post-27209","post","type-post","status-publish","format-standard","has-post-thumbnail","hentry","category-politika-sq"],"yoast_head":"<!-- This site is optimized with the Yoast SEO plugin v25.3.1 - https:\/\/yoast.com\/wordpress\/plugins\/seo\/ -->\n<title>Vu\u00e7iq feston Krishtlindjen mes k\u00ebng\u00ebve \u00e7etnike dhe nj\u00eb vras\u00ebsi t\u00eb d\u00ebnuar (Foto) -<\/title>\n<meta name=\"robots\" content=\"index, follow, max-snippet:-1, max-image-preview:large, max-video-preview:-1\" \/>\n<link rel=\"canonical\" href=\"https:\/\/veritasinfo.org\/?p=27209\" \/>\n<meta property=\"og:locale\" content=\"en_US\" \/>\n<meta property=\"og:type\" content=\"article\" \/>\n<meta property=\"og:title\" content=\"Vu\u00e7iq feston Krishtlindjen mes k\u00ebng\u00ebve \u00e7etnike dhe nj\u00eb vras\u00ebsi t\u00eb d\u00ebnuar (Foto) -\" \/>\n<meta property=\"og:description\" content=\"Prishtin\u00eb, 9 janar 2026 21:21 Krishtlindja Ortodokse n\u00eb Serbi u sh\u00ebnua nga pushteti me nj\u00eb program shum\u00ebor\u00ebsh televiziv n\u00eb \u201cInformer TV\u201d, media tabloide e af\u00ebrt\" \/>\n<meta property=\"og:url\" content=\"https:\/\/veritasinfo.org\/?p=27209\" \/>\n<meta property=\"article:published_time\" content=\"2026-01-09T20:23:12+00:00\" \/>\n<meta property=\"article:modified_time\" content=\"2026-01-09T20:23:45+00:00\" \/>\n<meta property=\"og:image\" content=\"https:\/\/veritasinfo.org\/wp-content\/uploads\/2026\/01\/2.jpg\" \/>\n\t<meta property=\"og:image:width\" content=\"560\" \/>\n\t<meta property=\"og:image:height\" content=\"543\" \/>\n\t<meta property=\"og:image:type\" content=\"image\/jpeg\" \/>\n<meta name=\"author\" content=\"US6\" \/>\n<meta name=\"twitter:card\" content=\"summary_large_image\" \/>\n<meta name=\"twitter:label1\" content=\"Written by\" \/>\n\t<meta name=\"twitter:data1\" content=\"US6\" \/>\n\t<meta name=\"twitter:label2\" content=\"Est. reading time\" \/>\n\t<meta name=\"twitter:data2\" content=\"3 minutes\" \/>\n<script type=\"application\/ld+json\" class=\"yoast-schema-graph\">{\"@context\":\"https:\/\/schema.org\",\"@graph\":[{\"@type\":\"WebPage\",\"@id\":\"https:\/\/veritasinfo.org\/?p=27209\",\"url\":\"https:\/\/veritasinfo.org\/?p=27209\",\"name\":\"Vu\u00e7iq feston Krishtlindjen mes k\u00ebng\u00ebve \u00e7etnike dhe nj\u00eb vras\u00ebsi t\u00eb d\u00ebnuar (Foto) -\",\"isPartOf\":{\"@id\":\"https:\/\/veritasinfo.org\/#website\"},\"primaryImageOfPage\":{\"@id\":\"https:\/\/veritasinfo.org\/?p=27209#primaryimage\"},\"image\":{\"@id\":\"https:\/\/veritasinfo.org\/?p=27209#primaryimage\"},\"thumbnailUrl\":\"https:\/\/veritasinfo.org\/wp-content\/uploads\/2026\/01\/2.jpg\",\"datePublished\":\"2026-01-09T20:23:12+00:00\",\"dateModified\":\"2026-01-09T20:23:45+00:00\",\"author\":{\"@id\":\"https:\/\/veritasinfo.org\/#\/schema\/person\/fe199eede04c3937362892b7444747cc\"},\"breadcrumb\":{\"@id\":\"https:\/\/veritasinfo.org\/?p=27209#breadcrumb\"},\"inLanguage\":\"en-US\",\"potentialAction\":[{\"@type\":\"ReadAction\",\"target\":[\"https:\/\/veritasinfo.org\/?p=27209\"]}]},{\"@type\":\"ImageObject\",\"inLanguage\":\"en-US\",\"@id\":\"https:\/\/veritasinfo.org\/?p=27209#primaryimage\",\"url\":\"https:\/\/veritasinfo.org\/wp-content\/uploads\/2026\/01\/2.jpg\",\"contentUrl\":\"https:\/\/veritasinfo.org\/wp-content\/uploads\/2026\/01\/2.jpg\",\"width\":560,\"height\":543},{\"@type\":\"BreadcrumbList\",\"@id\":\"https:\/\/veritasinfo.org\/?p=27209#breadcrumb\",\"itemListElement\":[{\"@type\":\"ListItem\",\"position\":1,\"name\":\"Home\",\"item\":\"https:\/\/veritasinfo.org\/\"},{\"@type\":\"ListItem\",\"position\":2,\"name\":\"Vu\u00e7iq feston Krishtlindjen mes k\u00ebng\u00ebve \u00e7etnike dhe nj\u00eb vras\u00ebsi t\u00eb d\u00ebnuar (Foto)\"}]},{\"@type\":\"WebSite\",\"@id\":\"https:\/\/veritasinfo.org\/#website\",\"url\":\"https:\/\/veritasinfo.org\/\",\"name\":\"\",\"description\":\"\",\"potentialAction\":[{\"@type\":\"SearchAction\",\"target\":{\"@type\":\"EntryPoint\",\"urlTemplate\":\"https:\/\/veritasinfo.org\/?s={search_term_string}\"},\"query-input\":{\"@type\":\"PropertyValueSpecification\",\"valueRequired\":true,\"valueName\":\"search_term_string\"}}],\"inLanguage\":\"en-US\"},{\"@type\":\"Person\",\"@id\":\"https:\/\/veritasinfo.org\/#\/schema\/person\/fe199eede04c3937362892b7444747cc\",\"name\":\"US6\",\"image\":{\"@type\":\"ImageObject\",\"inLanguage\":\"en-US\",\"@id\":\"https:\/\/veritasinfo.org\/#\/schema\/person\/image\/\",\"url\":\"https:\/\/secure.gravatar.com\/avatar\/cb16c3c31c9d23b9b8c705964598220b3014e42ff51eb540ff23cefa3ae8c15f?s=96&d=mm&r=g\",\"contentUrl\":\"https:\/\/secure.gravatar.com\/avatar\/cb16c3c31c9d23b9b8c705964598220b3014e42ff51eb540ff23cefa3ae8c15f?s=96&d=mm&r=g\",\"caption\":\"US6\"},\"url\":\"https:\/\/veritasinfo.org\/?author=7\"}]}<\/script>\n<!-- \/ Yoast SEO plugin. -->","yoast_head_json":{"title":"Vu\u00e7iq feston Krishtlindjen mes k\u00ebng\u00ebve \u00e7etnike dhe nj\u00eb vras\u00ebsi t\u00eb d\u00ebnuar (Foto) -","robots":{"index":"index","follow":"follow","max-snippet":"max-snippet:-1","max-image-preview":"max-image-preview:large","max-video-preview":"max-video-preview:-1"},"canonical":"https:\/\/veritasinfo.org\/?p=27209","og_locale":"en_US","og_type":"article","og_title":"Vu\u00e7iq feston Krishtlindjen mes k\u00ebng\u00ebve \u00e7etnike dhe nj\u00eb vras\u00ebsi t\u00eb d\u00ebnuar (Foto) -","og_description":"Prishtin\u00eb, 9 janar 2026 21:21 Krishtlindja Ortodokse n\u00eb Serbi u sh\u00ebnua nga pushteti me nj\u00eb program shum\u00ebor\u00ebsh televiziv n\u00eb \u201cInformer TV\u201d, media tabloide e af\u00ebrt","og_url":"https:\/\/veritasinfo.org\/?p=27209","article_published_time":"2026-01-09T20:23:12+00:00","article_modified_time":"2026-01-09T20:23:45+00:00","og_image":[{"width":560,"height":543,"url":"https:\/\/veritasinfo.org\/wp-content\/uploads\/2026\/01\/2.jpg","type":"image\/jpeg"}],"author":"US6","twitter_card":"summary_large_image","twitter_misc":{"Written by":"US6","Est. reading time":"3 minutes"},"schema":{"@context":"https:\/\/schema.org","@graph":[{"@type":"WebPage","@id":"https:\/\/veritasinfo.org\/?p=27209","url":"https:\/\/veritasinfo.org\/?p=27209","name":"Vu\u00e7iq feston Krishtlindjen mes k\u00ebng\u00ebve \u00e7etnike dhe nj\u00eb vras\u00ebsi t\u00eb d\u00ebnuar (Foto) -","isPartOf":{"@id":"https:\/\/veritasinfo.org\/#website"},"primaryImageOfPage":{"@id":"https:\/\/veritasinfo.org\/?p=27209#primaryimage"},"image":{"@id":"https:\/\/veritasinfo.org\/?p=27209#primaryimage"},"thumbnailUrl":"https:\/\/veritasinfo.org\/wp-content\/uploads\/2026\/01\/2.jpg","datePublished":"2026-01-09T20:23:12+00:00","dateModified":"2026-01-09T20:23:45+00:00","author":{"@id":"https:\/\/veritasinfo.org\/#\/schema\/person\/fe199eede04c3937362892b7444747cc"},"breadcrumb":{"@id":"https:\/\/veritasinfo.org\/?p=27209#breadcrumb"},"inLanguage":"en-US","potentialAction":[{"@type":"ReadAction","target":["https:\/\/veritasinfo.org\/?p=27209"]}]},{"@type":"ImageObject","inLanguage":"en-US","@id":"https:\/\/veritasinfo.org\/?p=27209#primaryimage","url":"https:\/\/veritasinfo.org\/wp-content\/uploads\/2026\/01\/2.jpg","contentUrl":"https:\/\/veritasinfo.org\/wp-content\/uploads\/2026\/01\/2.jpg","width":560,"height":543},{"@type":"BreadcrumbList","@id":"https:\/\/veritasinfo.org\/?p=27209#breadcrumb","itemListElement":[{"@type":"ListItem","position":1,"name":"Home","item":"https:\/\/veritasinfo.org\/"},{"@type":"ListItem","position":2,"name":"Vu\u00e7iq feston Krishtlindjen mes k\u00ebng\u00ebve \u00e7etnike dhe nj\u00eb vras\u00ebsi t\u00eb d\u00ebnuar (Foto)"}]},{"@type":"WebSite","@id":"https:\/\/veritasinfo.org\/#website","url":"https:\/\/veritasinfo.org\/","name":"","description":"","potentialAction":[{"@type":"SearchAction","target":{"@type":"EntryPoint","urlTemplate":"https:\/\/veritasinfo.org\/?s={search_term_string}"},"query-input":{"@type":"PropertyValueSpecification","valueRequired":true,"valueName":"search_term_string"}}],"inLanguage":"en-US"},{"@type":"Person","@id":"https:\/\/veritasinfo.org\/#\/schema\/person\/fe199eede04c3937362892b7444747cc","name":"US6","image":{"@type":"ImageObject","inLanguage":"en-US","@id":"https:\/\/veritasinfo.org\/#\/schema\/person\/image\/","url":"https:\/\/secure.gravatar.com\/avatar\/cb16c3c31c9d23b9b8c705964598220b3014e42ff51eb540ff23cefa3ae8c15f?s=96&d=mm&r=g","contentUrl":"https:\/\/secure.gravatar.com\/avatar\/cb16c3c31c9d23b9b8c705964598220b3014e42ff51eb540ff23cefa3ae8c15f?s=96&d=mm&r=g","caption":"US6"},"url":"https:\/\/veritasinfo.org\/?author=7"}]}},"featured_image_urls":{"full":["https:\/\/veritasinfo.org\/wp-content\/uploads\/2026\/01\/2.jpg",560,543,false],"thumbnail":["https:\/\/veritasinfo.org\/wp-content\/uploads\/2026\/01\/2-150x150.jpg",150,150,true],"medium":["https:\/\/veritasinfo.org\/wp-content\/uploads\/2026\/01\/2-300x291.jpg",300,291,true],"medium_large":["https:\/\/veritasinfo.org\/wp-content\/uploads\/2026\/01\/2.jpg",560,543,false],"large":["https:\/\/veritasinfo.org\/wp-content\/uploads\/2026\/01\/2.jpg",560,543,false],"1536x1536":["https:\/\/veritasinfo.org\/wp-content\/uploads\/2026\/01\/2.jpg",560,543,false],"2048x2048":["https:\/\/veritasinfo.org\/wp-content\/uploads\/2026\/01\/2.jpg",560,543,false],"kreeti-slider-full":["https:\/\/veritasinfo.org\/wp-content\/uploads\/2026\/01\/2.jpg",560,543,false],"kreeti-featured":["https:\/\/veritasinfo.org\/wp-content\/uploads\/2026\/01\/2.jpg",560,543,false],"kreeti-medium":["https:\/\/veritasinfo.org\/wp-content\/uploads\/2026\/01\/2.jpg",547,530,false],"kreeti-medium-square":["https:\/\/veritasinfo.org\/wp-content\/uploads\/2026\/01\/2.jpg",350,339,false]},"author_info":{"info":["US6"]},"category_info":"<a href=\"https:\/\/veritasinfo.org\/?cat=93\" rel=\"category\">Politika<\/a>","tag_info":"Politika","comment_count":"0","_links":{"self":[{"href":"https:\/\/veritasinfo.org\/index.php?rest_route=\/wp\/v2\/posts\/27209","targetHints":{"allow":["GET"]}}],"collection":[{"href":"https:\/\/veritasinfo.org\/index.php?rest_route=\/wp\/v2\/posts"}],"about":[{"href":"https:\/\/veritasinfo.org\/index.php?rest_route=\/wp\/v2\/types\/post"}],"author":[{"embeddable":true,"href":"https:\/\/veritasinfo.org\/index.php?rest_route=\/wp\/v2\/users\/7"}],"replies":[{"embeddable":true,"href":"https:\/\/veritasinfo.org\/index.php?rest_route=%2Fwp%2Fv2%2Fcomments&post=27209"}],"version-history":[{"count":2,"href":"https:\/\/veritasinfo.org\/index.php?rest_route=\/wp\/v2\/posts\/27209\/revisions"}],"predecessor-version":[{"id":27213,"href":"https:\/\/veritasinfo.org\/index.php?rest_route=\/wp\/v2\/posts\/27209\/revisions\/27213"}],"wp:featuredmedia":[{"embeddable":true,"href":"https:\/\/veritasinfo.org\/index.php?rest_route=\/wp\/v2\/media\/27210"}],"wp:attachment":[{"href":"https:\/\/veritasinfo.org\/index.php?rest_route=%2Fwp%2Fv2%2Fmedia&parent=27209"}],"wp:term":[{"taxonomy":"category","embeddable":true,"href":"https:\/\/veritasinfo.org\/index.php?rest_route=%2Fwp%2Fv2%2Fcategories&post=27209"},{"taxonomy":"post_tag","embeddable":true,"href":"https:\/\/veritasinfo.org\/index.php?rest_route=%2Fwp%2Fv2%2Ftags&post=27209"}],"curies":[{"name":"wp","href":"https:\/\/api.w.org\/{rel}","templated":true}]}}