{"id":2714,"date":"2025-07-06T19:40:13","date_gmt":"2025-07-06T17:40:13","guid":{"rendered":"https:\/\/veritasinfo.org\/?p=2714"},"modified":"2025-07-06T19:40:13","modified_gmt":"2025-07-06T17:40:13","slug":"vlajiq-e-pranon-se-rekrutoi-punetoren-e-osbe-se-ne-bia-mblodhi-informata-edhe-ne-eulex-e-kfor","status":"publish","type":"post","link":"https:\/\/veritasinfo.org\/?p=2714","title":{"rendered":"Vlajiq e pranon se rekrutoi pun\u00ebtoren e OSBE-s\u00eb n\u00eb BIA, mblodhi informata edhe n\u00eb EULEX e KFOR"},"content":{"rendered":"<h2><span style=\"font-weight: normal; font-size: 17px;\">Prishtin\u00eb, 06 Korrik 2025<\/span><\/h2>\n<h2><span style=\"font-weight: normal; font-size: 18px;\">Aleksandar Vlajiq, personi i par\u00eb q\u00eb Kosova e ka d\u00ebnuar p\u00ebr spiunazh, ka pranuar se e ka rekrutuar pun\u00ebtoren e OSBE-s\u00eb, Jelena Gjukanoviq. Me t\u00eb dyshuar\u00ebn p\u00ebr spiunazh, sipas aktakuz\u00ebs p\u00ebr t\u00eb cil\u00ebn ai e pranoi faj\u00ebsin\u00eb, ka komunikuar me shtat\u00eb numra telefoni, t\u00eb cil\u00ebt i nd\u00ebrronte. N\u00eb aktakuz\u00eb thuhet se ai mblodhi informata edhe n\u00eb EULEX e KFOR.<\/span><\/h2>\n<div class=\"instream-video\">\n<div data-id=\"2kQm8Ze4251g\">\n<div class=\"orp-player-wrapper orp-aspectRateFixed orp-tiny-size orp-player-ipm orp-player-ipm-hidden orp-force-hide-player\"><strong>Prokuroria Speciale pretendon se t\u00eb dyshuar\u00ebn p\u00ebr spiunazh Jelena Gjukanoviq e ka rekrutuar Aleksandar Vlajiq \u2013 personi i par\u00eb q\u00eb Kosova e ka d\u00ebnuar p\u00ebr spiunazh q\u00eb nga shpallja e pavar\u00ebsis\u00eb.<\/strong><\/div>\n<\/div>\n<\/div>\n<p>M\u00eb 5 qershor Gjykata Themelore n\u00eb Prishtin\u00eb e ka d\u00ebnuar pjes\u00ebtarin e BIA-s, Aleksandar Vlajiq, me pes\u00eb vjet burgim.<\/p>\n<p>Spiuni i Agjencis\u00eb p\u00ebr Siguri t\u00eb Inteligjenc\u00ebs s\u00eb Serbis\u00eb &#8211; BIA, e ka pranuar faj\u00ebsin\u00eb edhe se e ka rekrutuar punonj\u00ebsen e OSBE-s\u00eb, e cila \u00ebsht\u00eb n\u00eb paraburgim.<\/p>\n<p>\u201cNd\u00ebrsa n\u00eb lidhje me komunikimet e t\u00eb pandehurit Vlajiq me t\u00eb pandehur\u00ebn Jelena Gjukanoviq, t\u00eb cil\u00ebn edhe e ka rekrutuar n\u00eb sh\u00ebrbimin e BIA-s, duke e v\u00ebn\u00eb n\u00eb kontakte me zyrtar\u00ebt e saj (t\u00eb BIA-s dhe organizimin e takimeve me zyrtar\u00ebt e saj), dhe e cila i ka ndihmuar n\u00eb vazhdim\u00ebsi me ofrimin e informacioneve dhe dokumenteve tep\u00ebr sensitive t\u00eb pun\u00ebs s\u00eb misionit t\u00eb OSBE-s\u00eb n\u00eb Kosov\u00eb, e q\u00eb kan\u00eb t\u00eb b\u00ebjn\u00eb me sigurin\u00eb dhe funksionimin e institucioneve t\u00eb shtetit t\u00eb Kosov\u00ebs, q\u00eb jan\u00eb elaboruar n\u00eb kuad\u00ebr t\u00eb raportit policor me num\u00ebr reference <a href=\"tel:08\/1- 03\/103\">08\/1- 03\/103<\/a>\/2025, respektivisht nga ekzaminimi i pajisjeve elektronike t\u00eb t\u00eb pandehur\u00ebs s\u00eb lartcekur\u201d, thuhet n\u00eb aktakuz\u00ebn ndaj Vlajiqit.<\/p>\n<p>Me Gjukanoviqin sipas aktakuz\u00ebs, Vlajiqi ka komunikuar me shtat\u00eb numra n\u00eb m\u00ebnyr\u00eb q\u00eb t\u2019i humbte gjurm\u00ebt.<\/p>\n<p>Nd\u00ebr t\u00eb tjera, n\u00eb aktakuz\u00eb thuhet se Gjukanoviq i ka \u00e7uar raporte t\u00eb brendshme t\u00eb OSBE-s\u00eb dhe informata nga takimet e ish-shefit t\u00eb misionit, Michael Davenport.<\/p>\n<div id=\"__ads-300x250in-7\" class=\"__ads-300x250-inarticle\" data-google-query-id=\"CJHj1rHiqI4DFRdShAYd-gsDxg\">\n<div id=\"futureads_async_1819679697\" data-zone=\"75ad420e-1de5-4209-9067-ba1c1e0e9247\" data-sender=\"futureads\" data-parent-id=\"google_ads_iframe_\/21895329656\/300x250-in-article_1__container__\">\n<div class=\"resize-sensor\" dir=\"ltr\">\n<div class=\"resize-sensor-expand\">\n<div><\/div>\n<\/div>\n<div class=\"resize-sensor-shrink\">\n<div><\/div>\n<\/div>\n<\/div>\n<\/div>\n<\/div>\n<p>Gjat\u00eb komunikimit t\u00eb agjentit t\u00eb d\u00ebnuar dhe t\u00eb dyshuar\u00ebs si agjente Jelena Gjukanoviq, sipas prokuroris\u00eb, ata e quanin BIA-n \u201cfirma\u201d.<\/p>\n<p>\u201cKjo konfirmohet n\u00eb komunikimin e realizuar nd\u00ebrmjet tyre t\u00eb dt. 7 dhjetor 2022, ora 16:11:02, ku pasi q\u00eb Jelena i d\u00ebrgon disa fotografi nga raportet zyrtare t\u00eb OSBE-s\u00eb, m\u00eb pas thekson se \u201cmendoj se pas k\u00ebtyre ata (BIA) do t\u00eb t\u00eb ndalojn\u00eb t\u2019u d\u00ebrgoni raporte nga un\u00eb\u201d, sepse \u201cdo t\u00eb lodhen duke lexuar\u201d. Nd\u00ebrsa i pandehuri Vlajiq i referohet BIA-s me termin \u201cfirma\u201d, dhe i thot\u00eb Jelen\u00ebs se \u201cata (BIA) jan\u00eb nj\u00eb firm\u00eb e madhe dhe me shum\u00eb njer\u00ebz t\u00eb men\u00e7ur\u201d. M\u00eb pas e konfirmon se materialet q\u00eb ka pranuar nga Jelena, i ka dor\u00ebzuar tek BIA, pasi q\u00eb Jelena ankohet se \u00ebsht\u00eb lodhur dhe nuk kishte mund\u00ebsi t\u00eb shkruante (por vet\u00ebm t\u00eb fotografonte raporte) dhe i pandehuri Vlajiq i thot\u00eb \u201cpusho, t\u00eb gjitha jan\u00eb t\u00eb qarta, ata (BIA) i kan\u00eb t\u00eb gjitha ato dhe ka kush merret me to\u201d, thuhet tutje n\u00eb aktakuz\u00eb.<\/p>\n<p>N\u00eb aktakuz\u00eb thuhet se Vlajiq ka mbledhur informacione p\u00ebr t\u2019i \u00e7uar n\u00eb BIA edhe nga organizata t\u00eb tjera nd\u00ebrkomb\u00ebtare.<\/p>\n<p>\u201cP\u00ebr m\u00eb shum\u00eb, nga ekzaminimi i telefonit t\u00eb lartcekur, konstatohet se n\u00eb cil\u00ebsin\u00eb e bashk\u00ebpun\u00ebtorit t\u00eb BIA-s, Aleksandar Vlajiq shfryt\u00ebzon p\u00ebr t\u00eb mbledhur informacione t\u00eb ndryshme serb\u00ebt e pun\u00ebsuar n\u00eb organizata nd\u00ebrkomb\u00ebtare n\u00eb Kosov\u00eb, si\u00e7 jan\u00eb: OSBE, EULEX, UNMIK dhe KFOR. P\u00ebr pjes\u00ebn e OSBE-s\u00eb shfryt\u00ebzon personin Jelena D (tani e dyshuar p\u00ebr vepr\u00ebn penale t\u00eb spiunazhit); p\u00ebr EULEX shfryt\u00ebzon personin Martin; p\u00ebr UNMIK shfryt\u00ebzon personin Nenad KALABA; nd\u00ebrsa p\u00ebr KFOR dyshohet se shfryt\u00ebzon personin Nikita 64, t\u00eb gjith\u00eb k\u00ebta persona nga komuniteti serb\u201d, thuhet tutje aty.<\/p>\n<p>Nj\u00eb nd\u00ebr mesazhet e shumta q\u00eb i ka shk\u00ebmbyer Vlajiq, i akuzuar edhe p\u00ebr sulmin terrorist t\u00eb 2022-t\u00ebs n\u00eb KKZ, \u00ebsht\u00eb kur nxit nj\u00eb person tjet\u00ebr p\u00ebr sulme t\u00eb tilla si\u00e7 i b\u00ebnte IRA n\u00eb Irland\u00eb t\u00eb Veriut kur b\u00ebnte sulme ndaj autoriteteve t\u00eb siguris\u00eb s\u00eb Mbret\u00ebris\u00eb s\u00eb Bashkuar.<\/p>\n<p>\u201cBarrikadat u minuan me shum\u00eb eksploziv. Gjithashtu nuk \u00ebsht\u00eb sekret q\u00eb veriu \u00ebsht\u00eb plot me arm\u00eb dhe se ka shum\u00eb djem t\u00eb aft\u00eb dhe jo pak kan\u00eb ardhur. Ne duhet t\u00eb luftojm\u00eb si Ushtria republikane Irlandeze dhe t\u00eb vijm\u00eb nga ushtria n\u00eb krahun politik. Nuk kemi asnj\u00eb shans tjet\u00ebr dhe kemi t\u00eb gjith\u00eb ndihm\u00ebn e Serbis\u00eb. Nga ky shkrim n\u00ebnkuptohet se i pandehur Vlajiq ka njohuri p\u00ebr minimin e barrikadave me eksploziv dhe ka njohuri p\u00ebr pranin\u00eb e personave t\u00eb armatosur n\u00eb k\u00ebt\u00eb pjes\u00eb t\u00eb Kosov\u00ebs, dhe ardhjen e t\u00eb tjer\u00ebve nga Serbia, si dhe shpreh d\u00ebshir\u00ebn p\u00ebr t\u00eb luftuar ashtu si\u00e7 b\u00ebjn\u00eb \u201cIRA\u201d n\u00eb Irland\u00ebn e Veriut.<\/p>\n<p>N\u00eb aktakuz\u00ebn p\u00ebr t\u00eb cil\u00ebn e ka pranuar faj\u00ebsin\u00eb i pandehuri p\u00ebrmendet edhe nj\u00eb rast ku ai e komenton faktin se nj\u00eb OJQ nga veriu ka marr\u00eb fonde nga Ministria p\u00ebr Komunitete dhe Kthim.<\/p>\n<p>Megjithat\u00eb, si n\u00eb k\u00ebt\u00eb pjes\u00eb ashtu edhe n\u00eb pjes\u00eb t\u00eb tjera t\u00eb aktakuz\u00ebs nuk b\u00ebhet e qart\u00eb se me k\u00eb ishte duke folur i akuzuari dhe Prokuroria u referohet personave t\u00eb panjohur.<\/p>\n<p>E n\u00eb rastet kur dihet se me k\u00eb ka folur, ai i ka dh\u00ebn\u00eb informata Ratko Gajtanoviqit, epror i BIA-s n\u00eb Novi-Pazar.<\/p>\n","protected":false},"excerpt":{"rendered":"<p>Prishtin\u00eb, 06 Korrik 2025 Aleksandar Vlajiq, personi i par\u00eb q\u00eb Kosova e ka d\u00ebnuar p\u00ebr spiunazh, ka pranuar se e ka rekrutuar pun\u00ebtoren e OSBE-s\u00eb,<\/p>\n","protected":false},"author":1,"featured_media":2715,"comment_status":"open","ping_status":"open","sticky":false,"template":"","format":"standard","meta":{"footnotes":""},"categories":[60],"tags":[],"class_list":["post-2714","post","type-post","status-publish","format-standard","has-post-thumbnail","hentry","category-shoqerore-sq"],"yoast_head":"<!-- This site is optimized with the Yoast SEO plugin v25.3.1 - https:\/\/yoast.com\/wordpress\/plugins\/seo\/ -->\n<title>Vlajiq e pranon se rekrutoi pun\u00ebtoren e OSBE-s\u00eb n\u00eb BIA, mblodhi informata edhe n\u00eb EULEX e KFOR -<\/title>\n<meta name=\"robots\" content=\"index, follow, max-snippet:-1, max-image-preview:large, max-video-preview:-1\" \/>\n<link rel=\"canonical\" href=\"https:\/\/veritasinfo.org\/?p=2714\" \/>\n<meta property=\"og:locale\" content=\"en_US\" \/>\n<meta property=\"og:type\" content=\"article\" \/>\n<meta property=\"og:title\" content=\"Vlajiq e pranon se rekrutoi pun\u00ebtoren e OSBE-s\u00eb n\u00eb BIA, mblodhi informata edhe n\u00eb EULEX e KFOR -\" \/>\n<meta property=\"og:description\" content=\"Prishtin\u00eb, 06 Korrik 2025 Aleksandar Vlajiq, personi i par\u00eb q\u00eb Kosova e ka d\u00ebnuar p\u00ebr spiunazh, ka pranuar se e ka rekrutuar pun\u00ebtoren e OSBE-s\u00eb,\" \/>\n<meta property=\"og:url\" content=\"https:\/\/veritasinfo.org\/?p=2714\" \/>\n<meta property=\"article:published_time\" content=\"2025-07-06T17:40:13+00:00\" \/>\n<meta property=\"og:image\" content=\"https:\/\/veritasinfo.org\/wp-content\/uploads\/2025\/07\/IMG_1747.jpeg\" \/>\n\t<meta property=\"og:image:width\" content=\"1920\" \/>\n\t<meta property=\"og:image:height\" content=\"1080\" \/>\n\t<meta property=\"og:image:type\" content=\"image\/jpeg\" \/>\n<meta name=\"author\" content=\"admin\" \/>\n<meta name=\"twitter:card\" content=\"summary_large_image\" \/>\n<meta name=\"twitter:label1\" content=\"Written by\" \/>\n\t<meta name=\"twitter:data1\" content=\"admin\" \/>\n\t<meta name=\"twitter:label2\" content=\"Est. reading time\" \/>\n\t<meta name=\"twitter:data2\" content=\"4 minutes\" \/>\n<script type=\"application\/ld+json\" class=\"yoast-schema-graph\">{\"@context\":\"https:\/\/schema.org\",\"@graph\":[{\"@type\":\"WebPage\",\"@id\":\"https:\/\/veritasinfo.org\/?p=2714\",\"url\":\"https:\/\/veritasinfo.org\/?p=2714\",\"name\":\"Vlajiq e pranon se rekrutoi pun\u00ebtoren e OSBE-s\u00eb n\u00eb BIA, mblodhi informata edhe n\u00eb EULEX e KFOR -\",\"isPartOf\":{\"@id\":\"https:\/\/veritasinfo.org\/#website\"},\"primaryImageOfPage\":{\"@id\":\"https:\/\/veritasinfo.org\/?p=2714#primaryimage\"},\"image\":{\"@id\":\"https:\/\/veritasinfo.org\/?p=2714#primaryimage\"},\"thumbnailUrl\":\"https:\/\/veritasinfo.org\/wp-content\/uploads\/2025\/07\/IMG_1747.jpeg\",\"datePublished\":\"2025-07-06T17:40:13+00:00\",\"author\":{\"@id\":\"https:\/\/veritasinfo.org\/#\/schema\/person\/7701f8c088bece422266b100a712374f\"},\"breadcrumb\":{\"@id\":\"https:\/\/veritasinfo.org\/?p=2714#breadcrumb\"},\"inLanguage\":\"en-US\",\"potentialAction\":[{\"@type\":\"ReadAction\",\"target\":[\"https:\/\/veritasinfo.org\/?p=2714\"]}]},{\"@type\":\"ImageObject\",\"inLanguage\":\"en-US\",\"@id\":\"https:\/\/veritasinfo.org\/?p=2714#primaryimage\",\"url\":\"https:\/\/veritasinfo.org\/wp-content\/uploads\/2025\/07\/IMG_1747.jpeg\",\"contentUrl\":\"https:\/\/veritasinfo.org\/wp-content\/uploads\/2025\/07\/IMG_1747.jpeg\",\"width\":1920,\"height\":1080},{\"@type\":\"BreadcrumbList\",\"@id\":\"https:\/\/veritasinfo.org\/?p=2714#breadcrumb\",\"itemListElement\":[{\"@type\":\"ListItem\",\"position\":1,\"name\":\"Home\",\"item\":\"https:\/\/veritasinfo.org\/\"},{\"@type\":\"ListItem\",\"position\":2,\"name\":\"Vlajiq e pranon se rekrutoi pun\u00ebtoren e OSBE-s\u00eb n\u00eb BIA, mblodhi informata edhe n\u00eb EULEX e KFOR\"}]},{\"@type\":\"WebSite\",\"@id\":\"https:\/\/veritasinfo.org\/#website\",\"url\":\"https:\/\/veritasinfo.org\/\",\"name\":\"\",\"description\":\"\",\"potentialAction\":[{\"@type\":\"SearchAction\",\"target\":{\"@type\":\"EntryPoint\",\"urlTemplate\":\"https:\/\/veritasinfo.org\/?s={search_term_string}\"},\"query-input\":{\"@type\":\"PropertyValueSpecification\",\"valueRequired\":true,\"valueName\":\"search_term_string\"}}],\"inLanguage\":\"en-US\"},{\"@type\":\"Person\",\"@id\":\"https:\/\/veritasinfo.org\/#\/schema\/person\/7701f8c088bece422266b100a712374f\",\"name\":\"admin\",\"image\":{\"@type\":\"ImageObject\",\"inLanguage\":\"en-US\",\"@id\":\"https:\/\/veritasinfo.org\/#\/schema\/person\/image\/\",\"url\":\"https:\/\/secure.gravatar.com\/avatar\/ea53aa3bf6c9a12d5fde8ce4deff43fef3885ae33cf60184161a50d6987cfd2f?s=96&d=mm&r=g\",\"contentUrl\":\"https:\/\/secure.gravatar.com\/avatar\/ea53aa3bf6c9a12d5fde8ce4deff43fef3885ae33cf60184161a50d6987cfd2f?s=96&d=mm&r=g\",\"caption\":\"admin\"},\"sameAs\":[\"https:\/\/veritasinfo.org\"],\"url\":\"https:\/\/veritasinfo.org\/?author=1\"}]}<\/script>\n<!-- \/ Yoast SEO plugin. -->","yoast_head_json":{"title":"Vlajiq e pranon se rekrutoi pun\u00ebtoren e OSBE-s\u00eb n\u00eb BIA, mblodhi informata edhe n\u00eb EULEX e KFOR -","robots":{"index":"index","follow":"follow","max-snippet":"max-snippet:-1","max-image-preview":"max-image-preview:large","max-video-preview":"max-video-preview:-1"},"canonical":"https:\/\/veritasinfo.org\/?p=2714","og_locale":"en_US","og_type":"article","og_title":"Vlajiq e pranon se rekrutoi pun\u00ebtoren e OSBE-s\u00eb n\u00eb BIA, mblodhi informata edhe n\u00eb EULEX e KFOR -","og_description":"Prishtin\u00eb, 06 Korrik 2025 Aleksandar Vlajiq, personi i par\u00eb q\u00eb Kosova e ka d\u00ebnuar p\u00ebr spiunazh, ka pranuar se e ka rekrutuar pun\u00ebtoren e OSBE-s\u00eb,","og_url":"https:\/\/veritasinfo.org\/?p=2714","article_published_time":"2025-07-06T17:40:13+00:00","og_image":[{"width":1920,"height":1080,"url":"https:\/\/veritasinfo.org\/wp-content\/uploads\/2025\/07\/IMG_1747.jpeg","type":"image\/jpeg"}],"author":"admin","twitter_card":"summary_large_image","twitter_misc":{"Written by":"admin","Est. reading time":"4 minutes"},"schema":{"@context":"https:\/\/schema.org","@graph":[{"@type":"WebPage","@id":"https:\/\/veritasinfo.org\/?p=2714","url":"https:\/\/veritasinfo.org\/?p=2714","name":"Vlajiq e pranon se rekrutoi pun\u00ebtoren e OSBE-s\u00eb n\u00eb BIA, mblodhi informata edhe n\u00eb EULEX e KFOR -","isPartOf":{"@id":"https:\/\/veritasinfo.org\/#website"},"primaryImageOfPage":{"@id":"https:\/\/veritasinfo.org\/?p=2714#primaryimage"},"image":{"@id":"https:\/\/veritasinfo.org\/?p=2714#primaryimage"},"thumbnailUrl":"https:\/\/veritasinfo.org\/wp-content\/uploads\/2025\/07\/IMG_1747.jpeg","datePublished":"2025-07-06T17:40:13+00:00","author":{"@id":"https:\/\/veritasinfo.org\/#\/schema\/person\/7701f8c088bece422266b100a712374f"},"breadcrumb":{"@id":"https:\/\/veritasinfo.org\/?p=2714#breadcrumb"},"inLanguage":"en-US","potentialAction":[{"@type":"ReadAction","target":["https:\/\/veritasinfo.org\/?p=2714"]}]},{"@type":"ImageObject","inLanguage":"en-US","@id":"https:\/\/veritasinfo.org\/?p=2714#primaryimage","url":"https:\/\/veritasinfo.org\/wp-content\/uploads\/2025\/07\/IMG_1747.jpeg","contentUrl":"https:\/\/veritasinfo.org\/wp-content\/uploads\/2025\/07\/IMG_1747.jpeg","width":1920,"height":1080},{"@type":"BreadcrumbList","@id":"https:\/\/veritasinfo.org\/?p=2714#breadcrumb","itemListElement":[{"@type":"ListItem","position":1,"name":"Home","item":"https:\/\/veritasinfo.org\/"},{"@type":"ListItem","position":2,"name":"Vlajiq e pranon se rekrutoi pun\u00ebtoren e OSBE-s\u00eb n\u00eb BIA, mblodhi informata edhe n\u00eb EULEX e KFOR"}]},{"@type":"WebSite","@id":"https:\/\/veritasinfo.org\/#website","url":"https:\/\/veritasinfo.org\/","name":"","description":"","potentialAction":[{"@type":"SearchAction","target":{"@type":"EntryPoint","urlTemplate":"https:\/\/veritasinfo.org\/?s={search_term_string}"},"query-input":{"@type":"PropertyValueSpecification","valueRequired":true,"valueName":"search_term_string"}}],"inLanguage":"en-US"},{"@type":"Person","@id":"https:\/\/veritasinfo.org\/#\/schema\/person\/7701f8c088bece422266b100a712374f","name":"admin","image":{"@type":"ImageObject","inLanguage":"en-US","@id":"https:\/\/veritasinfo.org\/#\/schema\/person\/image\/","url":"https:\/\/secure.gravatar.com\/avatar\/ea53aa3bf6c9a12d5fde8ce4deff43fef3885ae33cf60184161a50d6987cfd2f?s=96&d=mm&r=g","contentUrl":"https:\/\/secure.gravatar.com\/avatar\/ea53aa3bf6c9a12d5fde8ce4deff43fef3885ae33cf60184161a50d6987cfd2f?s=96&d=mm&r=g","caption":"admin"},"sameAs":["https:\/\/veritasinfo.org"],"url":"https:\/\/veritasinfo.org\/?author=1"}]}},"featured_image_urls":{"full":["https:\/\/veritasinfo.org\/wp-content\/uploads\/2025\/07\/IMG_1747.jpeg",1920,1080,false],"thumbnail":["https:\/\/veritasinfo.org\/wp-content\/uploads\/2025\/07\/IMG_1747-150x150.jpeg",150,150,true],"medium":["https:\/\/veritasinfo.org\/wp-content\/uploads\/2025\/07\/IMG_1747-300x169.jpeg",300,169,true],"medium_large":["https:\/\/veritasinfo.org\/wp-content\/uploads\/2025\/07\/IMG_1747-768x432.jpeg",640,360,true],"large":["https:\/\/veritasinfo.org\/wp-content\/uploads\/2025\/07\/IMG_1747-1024x576.jpeg",640,360,true],"1536x1536":["https:\/\/veritasinfo.org\/wp-content\/uploads\/2025\/07\/IMG_1747-1536x864.jpeg",1536,864,true],"2048x2048":["https:\/\/veritasinfo.org\/wp-content\/uploads\/2025\/07\/IMG_1747.jpeg",1920,1080,false],"kreeti-slider-full":["https:\/\/veritasinfo.org\/wp-content\/uploads\/2025\/07\/IMG_1747.jpeg",1280,720,false],"kreeti-featured":["https:\/\/veritasinfo.org\/wp-content\/uploads\/2025\/07\/IMG_1747.jpeg",1024,576,false],"kreeti-medium":["https:\/\/veritasinfo.org\/wp-content\/uploads\/2025\/07\/IMG_1747.jpeg",720,405,false],"kreeti-medium-square":["https:\/\/veritasinfo.org\/wp-content\/uploads\/2025\/07\/IMG_1747.jpeg",350,197,false]},"author_info":{"info":["admin"]},"category_info":"<a href=\"https:\/\/veritasinfo.org\/?cat=60\" rel=\"category\">Shoq\u00ebrore<\/a>","tag_info":"Shoq\u00ebrore","comment_count":"0","_links":{"self":[{"href":"https:\/\/veritasinfo.org\/index.php?rest_route=\/wp\/v2\/posts\/2714","targetHints":{"allow":["GET"]}}],"collection":[{"href":"https:\/\/veritasinfo.org\/index.php?rest_route=\/wp\/v2\/posts"}],"about":[{"href":"https:\/\/veritasinfo.org\/index.php?rest_route=\/wp\/v2\/types\/post"}],"author":[{"embeddable":true,"href":"https:\/\/veritasinfo.org\/index.php?rest_route=\/wp\/v2\/users\/1"}],"replies":[{"embeddable":true,"href":"https:\/\/veritasinfo.org\/index.php?rest_route=%2Fwp%2Fv2%2Fcomments&post=2714"}],"version-history":[{"count":1,"href":"https:\/\/veritasinfo.org\/index.php?rest_route=\/wp\/v2\/posts\/2714\/revisions"}],"predecessor-version":[{"id":2716,"href":"https:\/\/veritasinfo.org\/index.php?rest_route=\/wp\/v2\/posts\/2714\/revisions\/2716"}],"wp:featuredmedia":[{"embeddable":true,"href":"https:\/\/veritasinfo.org\/index.php?rest_route=\/wp\/v2\/media\/2715"}],"wp:attachment":[{"href":"https:\/\/veritasinfo.org\/index.php?rest_route=%2Fwp%2Fv2%2Fmedia&parent=2714"}],"wp:term":[{"taxonomy":"category","embeddable":true,"href":"https:\/\/veritasinfo.org\/index.php?rest_route=%2Fwp%2Fv2%2Fcategories&post=2714"},{"taxonomy":"post_tag","embeddable":true,"href":"https:\/\/veritasinfo.org\/index.php?rest_route=%2Fwp%2Fv2%2Ftags&post=2714"}],"curies":[{"name":"wp","href":"https:\/\/api.w.org\/{rel}","templated":true}]}}