{"id":27106,"date":"2026-01-09T08:21:05","date_gmt":"2026-01-09T07:21:05","guid":{"rendered":"https:\/\/veritasinfo.org\/?p=27106"},"modified":"2026-01-09T08:21:05","modified_gmt":"2026-01-09T07:21:05","slug":"serbia-kunder-linjes-se-be-se-refuzon-sanksionet-ndaj-rusise-e-venezueles-ngec-edhe-ne-dialogun-me-kosoven","status":"publish","type":"post","link":"https:\/\/veritasinfo.org\/?p=27106","title":{"rendered":"Serbia kund\u00ebr linj\u00ebs s\u00eb BE-s\u00eb: Refuzon sanksionet ndaj Rusis\u00eb e Venezuel\u00ebs, ngec edhe n\u00eb dialogun me Kosov\u00ebn"},"content":{"rendered":"<p>Prishtin\u00eb 09 janar 2026 08:20<\/p>\n<p>Serbia \u00ebsht\u00eb e vetmja vend kandidate p\u00ebr an\u00ebtar\u00ebsim n\u00eb Bashkimin Evropian nga Ballkani Per\u00ebndimor q\u00eb nuk \u00ebsht\u00eb harmonizuar me tri vendime t\u00eb reja t\u00eb politik\u00ebs s\u00eb jashtme t\u00eb BE-s\u00eb lidhur me Ukrain\u00ebn, Rusin\u00eb dhe Venezuel\u00ebn. Nd\u00ebrkoh\u00eb, ajo \u00ebsht\u00eb harmonizuar me vendimet q\u00eb kan\u00eb t\u00eb b\u00ebjn\u00eb me situatat n\u00eb Koren\u00eb e Veriut, Malin dhe Haitin.<\/p>\n<p>Sipas njoftimit t\u00eb Bashkimit Evropian, me tri vendimet e reja t\u00eb K\u00ebshillit t\u00eb BE-s\u00eb jan\u00eb harmonizuar t\u00eb gjitha vendet e tjera kandidate nga rajoni \u2013 Maqedonia e Veriut, Mali i Zi, Shqip\u00ebria dhe Bosnje e Hercegovina \u2013 t\u00eb cilat jan\u00eb zotuar se do t\u2019i p\u00ebrshtatin politikat e tyre komb\u00ebtare me k\u00ebto vendime. BE-ja ka marr\u00eb n\u00eb dijeni k\u00ebt\u00eb zotim dhe e ka p\u00ebrsh\u00ebndetur at\u00eb.<\/p>\n<p>Serbia nuk \u00ebsht\u00eb harmonizuar me vendimin p\u00ebr zgjerimin e list\u00ebs s\u00eb individ\u00ebve dhe entiteteve ndaj t\u00eb cil\u00ebve zbatohen masa kufizuese p\u00ebr shkak t\u00eb shkeljes ose k\u00ebrc\u00ebnimit t\u00eb integritetit territorial, sovranitetit dhe pavar\u00ebsis\u00eb s\u00eb Ukrain\u00ebs. Po ashtu, Beogradi nuk ka p\u00ebrkrahur as vendimin p\u00ebr masa kufizuese ndaj individ\u00ebve dhe entiteteve p\u00ebr shkak t\u00eb situat\u00ebs n\u00eb Venezuel\u00eb, p\u00ebrfshir\u00eb shkeljen e demokracis\u00eb, sundimit t\u00eb ligjit, t\u00eb drejtave t\u00eb njeriut dhe represionin ndaj shoq\u00ebris\u00eb civile dhe opozit\u00ebs demokratike pas zgjedhjeve presidenciale.<\/p>\n<p>Serbia gjithashtu nuk \u00ebsht\u00eb harmonizuar me vendimin p\u00ebr zgjerimin e list\u00ebs s\u00eb personave dhe entiteteve ndaj t\u00eb cil\u00ebve zbatohen masa kufizuese p\u00ebr aktivitete destabilizuese t\u00eb Rusis\u00eb.Serbia ka nisur negociatat p\u00ebr an\u00ebtar\u00ebsim n\u00eb Bashkimin Evropian n\u00eb janar t\u00eb vitit 2014. Deri m\u00eb tani, ajo ka hapur 22 nga 35 kapituj negociues dhe ka mbyllur p\u00ebrkoh\u00ebsisht vet\u00ebm dy prej tyre. Procesi i negociatave \u00ebsht\u00eb praktikisht i ngrir\u00eb q\u00eb nga dhjetori i vitit 2021, kur u hap\u00ebn kapitujt e fundit.<\/p>\n<p>Edhe pse Komisioni Evropian ka vler\u00ebsuar se Serbia \u00ebsht\u00eb teknikisht e gatshme p\u00ebr hapjen e Klasterit 3, ky klaster nuk \u00ebsht\u00eb hapur as gjat\u00eb vitit 2025, p\u00ebr shkak t\u00eb munges\u00ebs s\u00eb konsensusit t\u00eb plot\u00eb mes vendeve an\u00ebtare t\u00eb BE-s\u00eb.<\/p>\n<p>Sipas vendeve an\u00ebtare t\u00eb BE-s\u00eb, p\u00ebr hapjen e Klasterit 3 Serbia duhet t\u00eb sh\u00ebnoj\u00eb p\u00ebrparim t\u00eb m\u00ebtejsh\u00ebm n\u00eb fush\u00ebn e sundimit t\u00eb ligjit dhe n\u00eb normalizimin e marr\u00ebdh\u00ebnieve me Kosov\u00ebn. Shtyrja e vendimit erdhi pasi u konstatua se nuk ekziston pajtim i mjaftuesh\u00ebm mes shteteve an\u00ebtare p\u00ebr hapjen e k\u00ebtij klasteri.<\/p>\n<p>Komisioni Evropian, n\u00eb dy raportet e fundit t\u00eb progresit p\u00ebr Serbin\u00eb \u2013 n\u00eb fund t\u00eb viteve 2024 dhe 2025 \u2013 ka theksuar munges\u00ebn e p\u00ebrparimit n\u00eb funksionimin e institucioneve demokratike, sundimin e ligjit, lirin\u00eb e mediave dhe lirin\u00eb e shprehjes. Raportet p\u00ebrmendin gjithashtu rritjen e represionit t\u00eb autoriteteve gjat\u00eb protestave kund\u00ebr qeveris\u00eb, t\u00eb cilat kan\u00eb nisur n\u00eb fund t\u00eb vitit 2024.<\/p>\n<p>Klasteri 3 p\u00ebrfshin tet\u00eb kapituj: transformimin digjital dhe mediat, tatimet, politik\u00ebn ekonomike dhe monetare, politik\u00ebn sociale dhe pun\u00ebsimin, politik\u00ebn industriale dhe t\u00eb nd\u00ebrmarr\u00ebsis\u00eb, shkenc\u00ebn dhe k\u00ebrkimin, arsimin dhe kultur\u00ebn, si dhe bashkimin doganor. Nga k\u00ebta kapituj, Serbia kishte hapur pes\u00eb prej tyre para ndryshimit t\u00eb metodologjis\u00eb s\u00eb negociatave n\u00eb vitin 2020, e cila parashikon hapjen e kapitujve t\u00eb grupuar n\u00eb gjasht\u00eb klaster\u00eb tematik\u00eb.<\/p>\n<p>Autoritetet serbe vler\u00ebsojn\u00eb se vendi ka p\u00ebrmbushur kushtet p\u00ebr hapjen e Klasterit 3, ndon\u00ebse Serbia ka sh\u00ebnuar ngecje n\u00eb procesin e integrimit evropian dhe gjat\u00eb kat\u00ebr viteve t\u00eb fundit nuk ka hapur asnj\u00eb kapitull t\u00eb ri negociues.<\/p>\n","protected":false},"excerpt":{"rendered":"<p>Prishtin\u00eb 09 janar 2026 08:20 Serbia \u00ebsht\u00eb e vetmja vend kandidate p\u00ebr an\u00ebtar\u00ebsim n\u00eb Bashkimin Evropian nga Ballkani Per\u00ebndimor q\u00eb nuk \u00ebsht\u00eb harmonizuar me tri<\/p>\n","protected":false},"author":6,"featured_media":27107,"comment_status":"open","ping_status":"open","sticky":false,"template":"","format":"standard","meta":{"footnotes":""},"categories":[58],"tags":[],"class_list":["post-27106","post","type-post","status-publish","format-standard","has-post-thumbnail","hentry","category-politike-sq"],"yoast_head":"<!-- This site is optimized with the Yoast SEO plugin v25.3.1 - https:\/\/yoast.com\/wordpress\/plugins\/seo\/ -->\n<title>Serbia kund\u00ebr linj\u00ebs s\u00eb BE-s\u00eb: Refuzon sanksionet ndaj Rusis\u00eb e Venezuel\u00ebs, ngec edhe n\u00eb dialogun me Kosov\u00ebn -<\/title>\n<meta name=\"robots\" content=\"index, follow, max-snippet:-1, max-image-preview:large, max-video-preview:-1\" \/>\n<link rel=\"canonical\" href=\"https:\/\/veritasinfo.org\/?p=27106\" \/>\n<meta property=\"og:locale\" content=\"en_US\" \/>\n<meta property=\"og:type\" content=\"article\" \/>\n<meta property=\"og:title\" content=\"Serbia kund\u00ebr linj\u00ebs s\u00eb BE-s\u00eb: Refuzon sanksionet ndaj Rusis\u00eb e Venezuel\u00ebs, ngec edhe n\u00eb dialogun me Kosov\u00ebn -\" \/>\n<meta property=\"og:description\" content=\"Prishtin\u00eb 09 janar 2026 08:20 Serbia \u00ebsht\u00eb e vetmja vend kandidate p\u00ebr an\u00ebtar\u00ebsim n\u00eb Bashkimin Evropian nga Ballkani Per\u00ebndimor q\u00eb nuk \u00ebsht\u00eb harmonizuar me tri\" \/>\n<meta property=\"og:url\" content=\"https:\/\/veritasinfo.org\/?p=27106\" \/>\n<meta property=\"article:published_time\" content=\"2026-01-09T07:21:05+00:00\" \/>\n<meta property=\"og:image\" content=\"https:\/\/veritasinfo.org\/wp-content\/uploads\/2026\/01\/v-13-600x360-1.jpg\" \/>\n\t<meta property=\"og:image:width\" content=\"600\" \/>\n\t<meta property=\"og:image:height\" content=\"360\" \/>\n\t<meta property=\"og:image:type\" content=\"image\/jpeg\" \/>\n<meta name=\"author\" content=\"US5\" \/>\n<meta name=\"twitter:card\" content=\"summary_large_image\" \/>\n<meta name=\"twitter:label1\" content=\"Written by\" \/>\n\t<meta name=\"twitter:data1\" content=\"US5\" \/>\n<script type=\"application\/ld+json\" class=\"yoast-schema-graph\">{\"@context\":\"https:\/\/schema.org\",\"@graph\":[{\"@type\":\"WebPage\",\"@id\":\"https:\/\/veritasinfo.org\/?p=27106\",\"url\":\"https:\/\/veritasinfo.org\/?p=27106\",\"name\":\"Serbia kund\u00ebr linj\u00ebs s\u00eb BE-s\u00eb: Refuzon sanksionet ndaj Rusis\u00eb e Venezuel\u00ebs, ngec edhe n\u00eb dialogun me Kosov\u00ebn -\",\"isPartOf\":{\"@id\":\"https:\/\/veritasinfo.org\/#website\"},\"primaryImageOfPage\":{\"@id\":\"https:\/\/veritasinfo.org\/?p=27106#primaryimage\"},\"image\":{\"@id\":\"https:\/\/veritasinfo.org\/?p=27106#primaryimage\"},\"thumbnailUrl\":\"https:\/\/veritasinfo.org\/wp-content\/uploads\/2026\/01\/v-13-600x360-1.jpg\",\"datePublished\":\"2026-01-09T07:21:05+00:00\",\"author\":{\"@id\":\"https:\/\/veritasinfo.org\/#\/schema\/person\/bc442336e35414d04494ab8fb45db4c6\"},\"breadcrumb\":{\"@id\":\"https:\/\/veritasinfo.org\/?p=27106#breadcrumb\"},\"inLanguage\":\"en-US\",\"potentialAction\":[{\"@type\":\"ReadAction\",\"target\":[\"https:\/\/veritasinfo.org\/?p=27106\"]}]},{\"@type\":\"ImageObject\",\"inLanguage\":\"en-US\",\"@id\":\"https:\/\/veritasinfo.org\/?p=27106#primaryimage\",\"url\":\"https:\/\/veritasinfo.org\/wp-content\/uploads\/2026\/01\/v-13-600x360-1.jpg\",\"contentUrl\":\"https:\/\/veritasinfo.org\/wp-content\/uploads\/2026\/01\/v-13-600x360-1.jpg\",\"width\":600,\"height\":360,\"caption\":\"Beograd 15.10.2025. Slu\u017ebena poseta Ursule fon der Lajen Beogradu. Palata Srbija, Ursula fon der Lajen, Ursula von der Leyen, Aleksandar Vu\u010di\u0107 Foto: Amir Hamzagi\u0107\/Nova.rs\"},{\"@type\":\"BreadcrumbList\",\"@id\":\"https:\/\/veritasinfo.org\/?p=27106#breadcrumb\",\"itemListElement\":[{\"@type\":\"ListItem\",\"position\":1,\"name\":\"Home\",\"item\":\"https:\/\/veritasinfo.org\/\"},{\"@type\":\"ListItem\",\"position\":2,\"name\":\"Serbia kund\u00ebr linj\u00ebs s\u00eb BE-s\u00eb: Refuzon sanksionet ndaj Rusis\u00eb e Venezuel\u00ebs, ngec edhe n\u00eb dialogun me Kosov\u00ebn\"}]},{\"@type\":\"WebSite\",\"@id\":\"https:\/\/veritasinfo.org\/#website\",\"url\":\"https:\/\/veritasinfo.org\/\",\"name\":\"\",\"description\":\"\",\"potentialAction\":[{\"@type\":\"SearchAction\",\"target\":{\"@type\":\"EntryPoint\",\"urlTemplate\":\"https:\/\/veritasinfo.org\/?s={search_term_string}\"},\"query-input\":{\"@type\":\"PropertyValueSpecification\",\"valueRequired\":true,\"valueName\":\"search_term_string\"}}],\"inLanguage\":\"en-US\"},{\"@type\":\"Person\",\"@id\":\"https:\/\/veritasinfo.org\/#\/schema\/person\/bc442336e35414d04494ab8fb45db4c6\",\"name\":\"US5\",\"image\":{\"@type\":\"ImageObject\",\"inLanguage\":\"en-US\",\"@id\":\"https:\/\/veritasinfo.org\/#\/schema\/person\/image\/\",\"url\":\"https:\/\/secure.gravatar.com\/avatar\/16a61e7272a0c5d001121ebb9e60e925d5816e4ac1e443ed3e640d9a6ae55d0c?s=96&d=mm&r=g\",\"contentUrl\":\"https:\/\/secure.gravatar.com\/avatar\/16a61e7272a0c5d001121ebb9e60e925d5816e4ac1e443ed3e640d9a6ae55d0c?s=96&d=mm&r=g\",\"caption\":\"US5\"},\"url\":\"https:\/\/veritasinfo.org\/?author=6\"}]}<\/script>\n<!-- \/ Yoast SEO plugin. -->","yoast_head_json":{"title":"Serbia kund\u00ebr linj\u00ebs s\u00eb BE-s\u00eb: Refuzon sanksionet ndaj Rusis\u00eb e Venezuel\u00ebs, ngec edhe n\u00eb dialogun me Kosov\u00ebn -","robots":{"index":"index","follow":"follow","max-snippet":"max-snippet:-1","max-image-preview":"max-image-preview:large","max-video-preview":"max-video-preview:-1"},"canonical":"https:\/\/veritasinfo.org\/?p=27106","og_locale":"en_US","og_type":"article","og_title":"Serbia kund\u00ebr linj\u00ebs s\u00eb BE-s\u00eb: Refuzon sanksionet ndaj Rusis\u00eb e Venezuel\u00ebs, ngec edhe n\u00eb dialogun me Kosov\u00ebn -","og_description":"Prishtin\u00eb 09 janar 2026 08:20 Serbia \u00ebsht\u00eb e vetmja vend kandidate p\u00ebr an\u00ebtar\u00ebsim n\u00eb Bashkimin Evropian nga Ballkani Per\u00ebndimor q\u00eb nuk \u00ebsht\u00eb harmonizuar me tri","og_url":"https:\/\/veritasinfo.org\/?p=27106","article_published_time":"2026-01-09T07:21:05+00:00","og_image":[{"width":600,"height":360,"url":"https:\/\/veritasinfo.org\/wp-content\/uploads\/2026\/01\/v-13-600x360-1.jpg","type":"image\/jpeg"}],"author":"US5","twitter_card":"summary_large_image","twitter_misc":{"Written by":"US5"},"schema":{"@context":"https:\/\/schema.org","@graph":[{"@type":"WebPage","@id":"https:\/\/veritasinfo.org\/?p=27106","url":"https:\/\/veritasinfo.org\/?p=27106","name":"Serbia kund\u00ebr linj\u00ebs s\u00eb BE-s\u00eb: Refuzon sanksionet ndaj Rusis\u00eb e Venezuel\u00ebs, ngec edhe n\u00eb dialogun me Kosov\u00ebn -","isPartOf":{"@id":"https:\/\/veritasinfo.org\/#website"},"primaryImageOfPage":{"@id":"https:\/\/veritasinfo.org\/?p=27106#primaryimage"},"image":{"@id":"https:\/\/veritasinfo.org\/?p=27106#primaryimage"},"thumbnailUrl":"https:\/\/veritasinfo.org\/wp-content\/uploads\/2026\/01\/v-13-600x360-1.jpg","datePublished":"2026-01-09T07:21:05+00:00","author":{"@id":"https:\/\/veritasinfo.org\/#\/schema\/person\/bc442336e35414d04494ab8fb45db4c6"},"breadcrumb":{"@id":"https:\/\/veritasinfo.org\/?p=27106#breadcrumb"},"inLanguage":"en-US","potentialAction":[{"@type":"ReadAction","target":["https:\/\/veritasinfo.org\/?p=27106"]}]},{"@type":"ImageObject","inLanguage":"en-US","@id":"https:\/\/veritasinfo.org\/?p=27106#primaryimage","url":"https:\/\/veritasinfo.org\/wp-content\/uploads\/2026\/01\/v-13-600x360-1.jpg","contentUrl":"https:\/\/veritasinfo.org\/wp-content\/uploads\/2026\/01\/v-13-600x360-1.jpg","width":600,"height":360,"caption":"Beograd 15.10.2025. Slu\u017ebena poseta Ursule fon der Lajen Beogradu. Palata Srbija, Ursula fon der Lajen, Ursula von der Leyen, Aleksandar Vu\u010di\u0107 Foto: Amir Hamzagi\u0107\/Nova.rs"},{"@type":"BreadcrumbList","@id":"https:\/\/veritasinfo.org\/?p=27106#breadcrumb","itemListElement":[{"@type":"ListItem","position":1,"name":"Home","item":"https:\/\/veritasinfo.org\/"},{"@type":"ListItem","position":2,"name":"Serbia kund\u00ebr linj\u00ebs s\u00eb BE-s\u00eb: Refuzon sanksionet ndaj Rusis\u00eb e Venezuel\u00ebs, ngec edhe n\u00eb dialogun me Kosov\u00ebn"}]},{"@type":"WebSite","@id":"https:\/\/veritasinfo.org\/#website","url":"https:\/\/veritasinfo.org\/","name":"","description":"","potentialAction":[{"@type":"SearchAction","target":{"@type":"EntryPoint","urlTemplate":"https:\/\/veritasinfo.org\/?s={search_term_string}"},"query-input":{"@type":"PropertyValueSpecification","valueRequired":true,"valueName":"search_term_string"}}],"inLanguage":"en-US"},{"@type":"Person","@id":"https:\/\/veritasinfo.org\/#\/schema\/person\/bc442336e35414d04494ab8fb45db4c6","name":"US5","image":{"@type":"ImageObject","inLanguage":"en-US","@id":"https:\/\/veritasinfo.org\/#\/schema\/person\/image\/","url":"https:\/\/secure.gravatar.com\/avatar\/16a61e7272a0c5d001121ebb9e60e925d5816e4ac1e443ed3e640d9a6ae55d0c?s=96&d=mm&r=g","contentUrl":"https:\/\/secure.gravatar.com\/avatar\/16a61e7272a0c5d001121ebb9e60e925d5816e4ac1e443ed3e640d9a6ae55d0c?s=96&d=mm&r=g","caption":"US5"},"url":"https:\/\/veritasinfo.org\/?author=6"}]}},"featured_image_urls":{"full":["https:\/\/veritasinfo.org\/wp-content\/uploads\/2026\/01\/v-13-600x360-1.jpg",600,360,false],"thumbnail":["https:\/\/veritasinfo.org\/wp-content\/uploads\/2026\/01\/v-13-600x360-1-150x150.jpg",150,150,true],"medium":["https:\/\/veritasinfo.org\/wp-content\/uploads\/2026\/01\/v-13-600x360-1-300x180.jpg",300,180,true],"medium_large":["https:\/\/veritasinfo.org\/wp-content\/uploads\/2026\/01\/v-13-600x360-1.jpg",600,360,false],"large":["https:\/\/veritasinfo.org\/wp-content\/uploads\/2026\/01\/v-13-600x360-1.jpg",600,360,false],"1536x1536":["https:\/\/veritasinfo.org\/wp-content\/uploads\/2026\/01\/v-13-600x360-1.jpg",600,360,false],"2048x2048":["https:\/\/veritasinfo.org\/wp-content\/uploads\/2026\/01\/v-13-600x360-1.jpg",600,360,false],"kreeti-slider-full":["https:\/\/veritasinfo.org\/wp-content\/uploads\/2026\/01\/v-13-600x360-1.jpg",600,360,false],"kreeti-featured":["https:\/\/veritasinfo.org\/wp-content\/uploads\/2026\/01\/v-13-600x360-1.jpg",600,360,false],"kreeti-medium":["https:\/\/veritasinfo.org\/wp-content\/uploads\/2026\/01\/v-13-600x360-1.jpg",600,360,false],"kreeti-medium-square":["https:\/\/veritasinfo.org\/wp-content\/uploads\/2026\/01\/v-13-600x360-1.jpg",350,210,false]},"author_info":{"info":["US5"]},"category_info":"<a href=\"https:\/\/veritasinfo.org\/?cat=58\" rel=\"category\">Politik\u00eb<\/a>","tag_info":"Politik\u00eb","comment_count":"0","_links":{"self":[{"href":"https:\/\/veritasinfo.org\/index.php?rest_route=\/wp\/v2\/posts\/27106","targetHints":{"allow":["GET"]}}],"collection":[{"href":"https:\/\/veritasinfo.org\/index.php?rest_route=\/wp\/v2\/posts"}],"about":[{"href":"https:\/\/veritasinfo.org\/index.php?rest_route=\/wp\/v2\/types\/post"}],"author":[{"embeddable":true,"href":"https:\/\/veritasinfo.org\/index.php?rest_route=\/wp\/v2\/users\/6"}],"replies":[{"embeddable":true,"href":"https:\/\/veritasinfo.org\/index.php?rest_route=%2Fwp%2Fv2%2Fcomments&post=27106"}],"version-history":[{"count":1,"href":"https:\/\/veritasinfo.org\/index.php?rest_route=\/wp\/v2\/posts\/27106\/revisions"}],"predecessor-version":[{"id":27108,"href":"https:\/\/veritasinfo.org\/index.php?rest_route=\/wp\/v2\/posts\/27106\/revisions\/27108"}],"wp:featuredmedia":[{"embeddable":true,"href":"https:\/\/veritasinfo.org\/index.php?rest_route=\/wp\/v2\/media\/27107"}],"wp:attachment":[{"href":"https:\/\/veritasinfo.org\/index.php?rest_route=%2Fwp%2Fv2%2Fmedia&parent=27106"}],"wp:term":[{"taxonomy":"category","embeddable":true,"href":"https:\/\/veritasinfo.org\/index.php?rest_route=%2Fwp%2Fv2%2Fcategories&post=27106"},{"taxonomy":"post_tag","embeddable":true,"href":"https:\/\/veritasinfo.org\/index.php?rest_route=%2Fwp%2Fv2%2Ftags&post=27106"}],"curies":[{"name":"wp","href":"https:\/\/api.w.org\/{rel}","templated":true}]}}