{"id":2708,"date":"2025-07-06T19:24:42","date_gmt":"2025-07-06T17:24:42","guid":{"rendered":"https:\/\/veritasinfo.org\/?p=2708"},"modified":"2025-07-06T19:24:42","modified_gmt":"2025-07-06T17:24:42","slug":"terroristet-e-banjskes-po-e-ruajne-vuciqin-opozita-atje-i-dorezon-be-se-lista-me-police-serbe","status":"publish","type":"post","link":"https:\/\/veritasinfo.org\/?p=2708","title":{"rendered":"Terrorist\u00ebt e Banjsk\u00ebs po e ruajn\u00eb Vu\u00e7iqin, opozita atje i dor\u00ebzon BE-s\u00eb lista me polic\u00eb serb\u00eb"},"content":{"rendered":"<p>Beograd, 06 Korrik 2025<\/p>\n<p>Protestat e student\u00ebve n\u00eb Serbi kan\u00eb hyr\u00eb n\u00eb dit\u00ebn e tet\u00eb, teksa pushteti i Aleksandar Vu\u00e7iqit nuk po zmbrapset.<\/p>\n<p>Kryetari i Partis\u00eb Demokratike t\u00eb Serbis\u00eb, Sergjan Millivojeviq, tha se ia ka dor\u00ebzuar BE-s\u00eb nj\u00eb list\u00eb me emra e mbiemra t\u00eb polic\u00ebve t\u00eb cil\u00ebt sipas tij, kan\u00eb shkelur ligjet p\u00ebr shkak t\u00eb nd\u00ebrhyrjeve brutale.<\/p>\n<p>Deputeti opozitar tha se me k\u00ebt\u00eb list\u00eb th\u00ebrrasin BE-n\u00eb q\u00eb polic\u00ebve t\u00eb shtetit t\u00eb tij e q\u00eb jan\u00eb t\u00eb renditur aty t\u00eb ju ndalohet hyrja n\u00eb 27 shtetet e unionit evropian.<\/p>\n<p>Kurse nj\u00eb list\u00eb, ndon\u00ebse jo-zyrtarisht \u00ebsht\u00eb p\u00ebrpiluar dhe qarkullon, edhe me emrat e mbiemrat e\u00a0 af\u00ebr 200 persona t\u00eb cil\u00ebt\u00a0 tash e sa muaj po i b\u00ebjn\u00eb roje fizike Vu\u00e7iqit.<\/p>\n<p>N\u00eb k\u00ebt\u00eb list\u00eb q\u00eb ende nuk \u00ebsht\u00eb zyrtare figurojn\u00eb edhe emrat e disa terrorist\u00ebve q\u00eb mor\u00ebn pjes\u00eb n\u00eb agresionin n\u00eb Banjsk\u00eb dhe ndaj t\u00eb cil\u00ebve Prokuroria Speciale e Kosov\u00ebs ka ngritur aktakuz\u00eb p\u00ebr ta.<\/p>\n","protected":false},"excerpt":{"rendered":"<p>Beograd, 06 Korrik 2025 Protestat e student\u00ebve n\u00eb Serbi kan\u00eb hyr\u00eb n\u00eb dit\u00ebn e tet\u00eb, teksa pushteti i Aleksandar Vu\u00e7iqit nuk po zmbrapset. Kryetari i<\/p>\n","protected":false},"author":1,"featured_media":2709,"comment_status":"open","ping_status":"open","sticky":false,"template":"","format":"standard","meta":{"footnotes":""},"categories":[72],"tags":[],"class_list":["post-2708","post","type-post","status-publish","format-standard","has-post-thumbnail","hentry","category-bota"],"yoast_head":"<!-- This site is optimized with the Yoast SEO plugin v25.3.1 - https:\/\/yoast.com\/wordpress\/plugins\/seo\/ -->\n<title>Terrorist\u00ebt e Banjsk\u00ebs po e ruajn\u00eb Vu\u00e7iqin, opozita atje i dor\u00ebzon BE-s\u00eb lista me polic\u00eb serb\u00eb -<\/title>\n<meta name=\"robots\" content=\"index, follow, max-snippet:-1, max-image-preview:large, max-video-preview:-1\" \/>\n<link rel=\"canonical\" href=\"https:\/\/veritasinfo.org\/?p=2708\" \/>\n<meta property=\"og:locale\" content=\"en_US\" \/>\n<meta property=\"og:type\" content=\"article\" \/>\n<meta property=\"og:title\" content=\"Terrorist\u00ebt e Banjsk\u00ebs po e ruajn\u00eb Vu\u00e7iqin, opozita atje i dor\u00ebzon BE-s\u00eb lista me polic\u00eb serb\u00eb -\" \/>\n<meta property=\"og:description\" content=\"Beograd, 06 Korrik 2025 Protestat e student\u00ebve n\u00eb Serbi kan\u00eb hyr\u00eb n\u00eb dit\u00ebn e tet\u00eb, teksa pushteti i Aleksandar Vu\u00e7iqit nuk po zmbrapset. Kryetari i\" \/>\n<meta property=\"og:url\" content=\"https:\/\/veritasinfo.org\/?p=2708\" \/>\n<meta property=\"article:published_time\" content=\"2025-07-06T17:24:42+00:00\" \/>\n<meta property=\"og:image\" content=\"https:\/\/veritasinfo.org\/wp-content\/uploads\/2025\/07\/IMG_1745.jpeg\" \/>\n\t<meta property=\"og:image:width\" content=\"600\" \/>\n\t<meta property=\"og:image:height\" content=\"360\" \/>\n\t<meta property=\"og:image:type\" content=\"image\/jpeg\" \/>\n<meta name=\"author\" content=\"admin\" \/>\n<meta name=\"twitter:card\" content=\"summary_large_image\" \/>\n<meta name=\"twitter:label1\" content=\"Written by\" \/>\n\t<meta name=\"twitter:data1\" content=\"admin\" \/>\n\t<meta name=\"twitter:label2\" content=\"Est. reading time\" \/>\n\t<meta name=\"twitter:data2\" content=\"1 minute\" \/>\n<script type=\"application\/ld+json\" class=\"yoast-schema-graph\">{\"@context\":\"https:\/\/schema.org\",\"@graph\":[{\"@type\":\"WebPage\",\"@id\":\"https:\/\/veritasinfo.org\/?p=2708\",\"url\":\"https:\/\/veritasinfo.org\/?p=2708\",\"name\":\"Terrorist\u00ebt e Banjsk\u00ebs po e ruajn\u00eb Vu\u00e7iqin, opozita atje i dor\u00ebzon BE-s\u00eb lista me polic\u00eb serb\u00eb -\",\"isPartOf\":{\"@id\":\"https:\/\/veritasinfo.org\/#website\"},\"primaryImageOfPage\":{\"@id\":\"https:\/\/veritasinfo.org\/?p=2708#primaryimage\"},\"image\":{\"@id\":\"https:\/\/veritasinfo.org\/?p=2708#primaryimage\"},\"thumbnailUrl\":\"https:\/\/veritasinfo.org\/wp-content\/uploads\/2025\/07\/IMG_1745.jpeg\",\"datePublished\":\"2025-07-06T17:24:42+00:00\",\"author\":{\"@id\":\"https:\/\/veritasinfo.org\/#\/schema\/person\/7701f8c088bece422266b100a712374f\"},\"breadcrumb\":{\"@id\":\"https:\/\/veritasinfo.org\/?p=2708#breadcrumb\"},\"inLanguage\":\"en-US\",\"potentialAction\":[{\"@type\":\"ReadAction\",\"target\":[\"https:\/\/veritasinfo.org\/?p=2708\"]}]},{\"@type\":\"ImageObject\",\"inLanguage\":\"en-US\",\"@id\":\"https:\/\/veritasinfo.org\/?p=2708#primaryimage\",\"url\":\"https:\/\/veritasinfo.org\/wp-content\/uploads\/2025\/07\/IMG_1745.jpeg\",\"contentUrl\":\"https:\/\/veritasinfo.org\/wp-content\/uploads\/2025\/07\/IMG_1745.jpeg\",\"width\":600,\"height\":360},{\"@type\":\"BreadcrumbList\",\"@id\":\"https:\/\/veritasinfo.org\/?p=2708#breadcrumb\",\"itemListElement\":[{\"@type\":\"ListItem\",\"position\":1,\"name\":\"Home\",\"item\":\"https:\/\/veritasinfo.org\/\"},{\"@type\":\"ListItem\",\"position\":2,\"name\":\"Terrorist\u00ebt e Banjsk\u00ebs po e ruajn\u00eb Vu\u00e7iqin, opozita atje i dor\u00ebzon BE-s\u00eb lista me polic\u00eb serb\u00eb\"}]},{\"@type\":\"WebSite\",\"@id\":\"https:\/\/veritasinfo.org\/#website\",\"url\":\"https:\/\/veritasinfo.org\/\",\"name\":\"\",\"description\":\"\",\"potentialAction\":[{\"@type\":\"SearchAction\",\"target\":{\"@type\":\"EntryPoint\",\"urlTemplate\":\"https:\/\/veritasinfo.org\/?s={search_term_string}\"},\"query-input\":{\"@type\":\"PropertyValueSpecification\",\"valueRequired\":true,\"valueName\":\"search_term_string\"}}],\"inLanguage\":\"en-US\"},{\"@type\":\"Person\",\"@id\":\"https:\/\/veritasinfo.org\/#\/schema\/person\/7701f8c088bece422266b100a712374f\",\"name\":\"admin\",\"image\":{\"@type\":\"ImageObject\",\"inLanguage\":\"en-US\",\"@id\":\"https:\/\/veritasinfo.org\/#\/schema\/person\/image\/\",\"url\":\"https:\/\/secure.gravatar.com\/avatar\/ea53aa3bf6c9a12d5fde8ce4deff43fef3885ae33cf60184161a50d6987cfd2f?s=96&d=mm&r=g\",\"contentUrl\":\"https:\/\/secure.gravatar.com\/avatar\/ea53aa3bf6c9a12d5fde8ce4deff43fef3885ae33cf60184161a50d6987cfd2f?s=96&d=mm&r=g\",\"caption\":\"admin\"},\"sameAs\":[\"https:\/\/veritasinfo.org\"],\"url\":\"https:\/\/veritasinfo.org\/?author=1\"}]}<\/script>\n<!-- \/ Yoast SEO plugin. -->","yoast_head_json":{"title":"Terrorist\u00ebt e Banjsk\u00ebs po e ruajn\u00eb Vu\u00e7iqin, opozita atje i dor\u00ebzon BE-s\u00eb lista me polic\u00eb serb\u00eb -","robots":{"index":"index","follow":"follow","max-snippet":"max-snippet:-1","max-image-preview":"max-image-preview:large","max-video-preview":"max-video-preview:-1"},"canonical":"https:\/\/veritasinfo.org\/?p=2708","og_locale":"en_US","og_type":"article","og_title":"Terrorist\u00ebt e Banjsk\u00ebs po e ruajn\u00eb Vu\u00e7iqin, opozita atje i dor\u00ebzon BE-s\u00eb lista me polic\u00eb serb\u00eb -","og_description":"Beograd, 06 Korrik 2025 Protestat e student\u00ebve n\u00eb Serbi kan\u00eb hyr\u00eb n\u00eb dit\u00ebn e tet\u00eb, teksa pushteti i Aleksandar Vu\u00e7iqit nuk po zmbrapset. Kryetari i","og_url":"https:\/\/veritasinfo.org\/?p=2708","article_published_time":"2025-07-06T17:24:42+00:00","og_image":[{"width":600,"height":360,"url":"https:\/\/veritasinfo.org\/wp-content\/uploads\/2025\/07\/IMG_1745.jpeg","type":"image\/jpeg"}],"author":"admin","twitter_card":"summary_large_image","twitter_misc":{"Written by":"admin","Est. reading time":"1 minute"},"schema":{"@context":"https:\/\/schema.org","@graph":[{"@type":"WebPage","@id":"https:\/\/veritasinfo.org\/?p=2708","url":"https:\/\/veritasinfo.org\/?p=2708","name":"Terrorist\u00ebt e Banjsk\u00ebs po e ruajn\u00eb Vu\u00e7iqin, opozita atje i dor\u00ebzon BE-s\u00eb lista me polic\u00eb serb\u00eb -","isPartOf":{"@id":"https:\/\/veritasinfo.org\/#website"},"primaryImageOfPage":{"@id":"https:\/\/veritasinfo.org\/?p=2708#primaryimage"},"image":{"@id":"https:\/\/veritasinfo.org\/?p=2708#primaryimage"},"thumbnailUrl":"https:\/\/veritasinfo.org\/wp-content\/uploads\/2025\/07\/IMG_1745.jpeg","datePublished":"2025-07-06T17:24:42+00:00","author":{"@id":"https:\/\/veritasinfo.org\/#\/schema\/person\/7701f8c088bece422266b100a712374f"},"breadcrumb":{"@id":"https:\/\/veritasinfo.org\/?p=2708#breadcrumb"},"inLanguage":"en-US","potentialAction":[{"@type":"ReadAction","target":["https:\/\/veritasinfo.org\/?p=2708"]}]},{"@type":"ImageObject","inLanguage":"en-US","@id":"https:\/\/veritasinfo.org\/?p=2708#primaryimage","url":"https:\/\/veritasinfo.org\/wp-content\/uploads\/2025\/07\/IMG_1745.jpeg","contentUrl":"https:\/\/veritasinfo.org\/wp-content\/uploads\/2025\/07\/IMG_1745.jpeg","width":600,"height":360},{"@type":"BreadcrumbList","@id":"https:\/\/veritasinfo.org\/?p=2708#breadcrumb","itemListElement":[{"@type":"ListItem","position":1,"name":"Home","item":"https:\/\/veritasinfo.org\/"},{"@type":"ListItem","position":2,"name":"Terrorist\u00ebt e Banjsk\u00ebs po e ruajn\u00eb Vu\u00e7iqin, opozita atje i dor\u00ebzon BE-s\u00eb lista me polic\u00eb serb\u00eb"}]},{"@type":"WebSite","@id":"https:\/\/veritasinfo.org\/#website","url":"https:\/\/veritasinfo.org\/","name":"","description":"","potentialAction":[{"@type":"SearchAction","target":{"@type":"EntryPoint","urlTemplate":"https:\/\/veritasinfo.org\/?s={search_term_string}"},"query-input":{"@type":"PropertyValueSpecification","valueRequired":true,"valueName":"search_term_string"}}],"inLanguage":"en-US"},{"@type":"Person","@id":"https:\/\/veritasinfo.org\/#\/schema\/person\/7701f8c088bece422266b100a712374f","name":"admin","image":{"@type":"ImageObject","inLanguage":"en-US","@id":"https:\/\/veritasinfo.org\/#\/schema\/person\/image\/","url":"https:\/\/secure.gravatar.com\/avatar\/ea53aa3bf6c9a12d5fde8ce4deff43fef3885ae33cf60184161a50d6987cfd2f?s=96&d=mm&r=g","contentUrl":"https:\/\/secure.gravatar.com\/avatar\/ea53aa3bf6c9a12d5fde8ce4deff43fef3885ae33cf60184161a50d6987cfd2f?s=96&d=mm&r=g","caption":"admin"},"sameAs":["https:\/\/veritasinfo.org"],"url":"https:\/\/veritasinfo.org\/?author=1"}]}},"featured_image_urls":{"full":["https:\/\/veritasinfo.org\/wp-content\/uploads\/2025\/07\/IMG_1745.jpeg",600,360,false],"thumbnail":["https:\/\/veritasinfo.org\/wp-content\/uploads\/2025\/07\/IMG_1745-150x150.jpeg",150,150,true],"medium":["https:\/\/veritasinfo.org\/wp-content\/uploads\/2025\/07\/IMG_1745-300x180.jpeg",300,180,true],"medium_large":["https:\/\/veritasinfo.org\/wp-content\/uploads\/2025\/07\/IMG_1745.jpeg",600,360,false],"large":["https:\/\/veritasinfo.org\/wp-content\/uploads\/2025\/07\/IMG_1745.jpeg",600,360,false],"1536x1536":["https:\/\/veritasinfo.org\/wp-content\/uploads\/2025\/07\/IMG_1745.jpeg",600,360,false],"2048x2048":["https:\/\/veritasinfo.org\/wp-content\/uploads\/2025\/07\/IMG_1745.jpeg",600,360,false],"kreeti-slider-full":["https:\/\/veritasinfo.org\/wp-content\/uploads\/2025\/07\/IMG_1745.jpeg",600,360,false],"kreeti-featured":["https:\/\/veritasinfo.org\/wp-content\/uploads\/2025\/07\/IMG_1745.jpeg",600,360,false],"kreeti-medium":["https:\/\/veritasinfo.org\/wp-content\/uploads\/2025\/07\/IMG_1745.jpeg",600,360,false],"kreeti-medium-square":["https:\/\/veritasinfo.org\/wp-content\/uploads\/2025\/07\/IMG_1745.jpeg",350,210,false]},"author_info":{"info":["admin"]},"category_info":"<a href=\"https:\/\/veritasinfo.org\/?cat=72\" rel=\"category\">Bota<\/a>","tag_info":"Bota","comment_count":"0","_links":{"self":[{"href":"https:\/\/veritasinfo.org\/index.php?rest_route=\/wp\/v2\/posts\/2708","targetHints":{"allow":["GET"]}}],"collection":[{"href":"https:\/\/veritasinfo.org\/index.php?rest_route=\/wp\/v2\/posts"}],"about":[{"href":"https:\/\/veritasinfo.org\/index.php?rest_route=\/wp\/v2\/types\/post"}],"author":[{"embeddable":true,"href":"https:\/\/veritasinfo.org\/index.php?rest_route=\/wp\/v2\/users\/1"}],"replies":[{"embeddable":true,"href":"https:\/\/veritasinfo.org\/index.php?rest_route=%2Fwp%2Fv2%2Fcomments&post=2708"}],"version-history":[{"count":1,"href":"https:\/\/veritasinfo.org\/index.php?rest_route=\/wp\/v2\/posts\/2708\/revisions"}],"predecessor-version":[{"id":2710,"href":"https:\/\/veritasinfo.org\/index.php?rest_route=\/wp\/v2\/posts\/2708\/revisions\/2710"}],"wp:featuredmedia":[{"embeddable":true,"href":"https:\/\/veritasinfo.org\/index.php?rest_route=\/wp\/v2\/media\/2709"}],"wp:attachment":[{"href":"https:\/\/veritasinfo.org\/index.php?rest_route=%2Fwp%2Fv2%2Fmedia&parent=2708"}],"wp:term":[{"taxonomy":"category","embeddable":true,"href":"https:\/\/veritasinfo.org\/index.php?rest_route=%2Fwp%2Fv2%2Fcategories&post=2708"},{"taxonomy":"post_tag","embeddable":true,"href":"https:\/\/veritasinfo.org\/index.php?rest_route=%2Fwp%2Fv2%2Ftags&post=2708"}],"curies":[{"name":"wp","href":"https:\/\/api.w.org\/{rel}","templated":true}]}}