{"id":27068,"date":"2026-01-08T18:41:22","date_gmt":"2026-01-08T17:41:22","guid":{"rendered":"https:\/\/veritasinfo.org\/?p=27068"},"modified":"2026-01-08T18:41:22","modified_gmt":"2026-01-08T17:41:22","slug":"opstina-pristina-u-nekim-zonama-moguce-obustavljanje-javnog-prevoza","status":"publish","type":"post","link":"https:\/\/veritasinfo.org\/?p=27068&lang=sr","title":{"rendered":"Op\u0161tina Pri\u0161tina: U nekim zonama mogu\u0107e obustavljanje javnog prevoza"},"content":{"rendered":"<p>Pri\u0161tina, 8. januar 2026. 18:38<\/p>\n<p>Op\u0161tina Pri\u0161tina je upozorila na pogor\u0161anje vremenskih uslova u narednim danima, uz apel za poja\u010dani oprez u saobra\u0107aju.<\/p>\n<p>\u0160to se ti\u010de gradskog prevoza, Op\u0161tina je saop\u0161tila da mo\u017ee do\u0107i do ka\u0161njenja na pojedinim linijama, a u nekim zonama \u201egde se procenjuje rizik po sigurnost saobra\u0107aja\u201c, javni prevoz \u0107e biti privremeno obustavljen dok se uslovi ne normalizuju.<\/p>\n<p>\u201eO svim takvim slu\u010dajevima gra\u0111ani \u0107e biti pravovremeno obave\u0161teni\u201c, navodi se u saop\u0161tenju.<\/p>\n<p>Op\u0161tina je tako\u0111e dala kontakte za gra\u0111ane kojima je potrebna pomo\u0107.<\/p>\n<p>Puni tekst objave:<\/p>\n<p>Obave\u0161tenje za gra\u0111ane<\/p>\n<p>U narednim danima o\u010dekuje se pogor\u0161anje vremenskih uslova, sa niskim temperaturama, poledicom i sne\u017enim padavinama. Molimo vas da budete posebno oprezni u saobra\u0107aju. Preporu\u010duje se:<\/p>\n<p>ograni\u010diti kretanje samo na neophodne slu\u010dajeve i koristiti obaveznu zimsku opremu,<\/p>\n<p>izbegavati prekomernu brzinu i po\u0161tovati saobra\u0107ajne znakove.<\/p>\n<p>Zbog vremenskih uslova mo\u017ee do\u0107i do ka\u0161njenja na pojedinim linijama. U zonama gde se procenjuje rizik po sigurnost saobra\u0107aja, javni prevoz \u0107e biti privremeno obustavljen dok se uslovi ne normalizuju; o svim takvim slu\u010dajevima gra\u0111ani \u0107e biti pravovremeno obave\u0161teni.<\/p>\n<p>Centar za pozive<\/p>\n<p>Za sve prepreke u saobra\u0107aju ili situacije koje zahtevaju intervenciju, gra\u0111ani mogu kontaktirati na:<\/p>\n<p>0800 122 33 ili 0800 122 44<\/p>\n","protected":false},"excerpt":{"rendered":"<p>Pri\u0161tina, 8. januar 2026. 18:38 Op\u0161tina Pri\u0161tina je upozorila na pogor\u0161anje vremenskih uslova u narednim danima, uz apel za poja\u010dani oprez u saobra\u0107aju. \u0160to se<\/p>\n","protected":false},"author":7,"featured_media":27066,"comment_status":"open","ping_status":"open","sticky":false,"template":"","format":"standard","meta":{"footnotes":""},"categories":[32],"tags":[],"class_list":["post-27068","post","type-post","status-publish","format-standard","has-post-thumbnail","hentry","category-opstine"],"yoast_head":"<!-- This site is optimized with the Yoast SEO plugin v25.3.1 - https:\/\/yoast.com\/wordpress\/plugins\/seo\/ -->\n<title>Op\u0161tina Pri\u0161tina: U nekim zonama mogu\u0107e obustavljanje javnog prevoza -<\/title>\n<meta name=\"robots\" content=\"index, follow, max-snippet:-1, max-image-preview:large, max-video-preview:-1\" \/>\n<link rel=\"canonical\" href=\"https:\/\/veritasinfo.org\/?p=27068&lang=sr\" \/>\n<meta property=\"og:locale\" content=\"en_US\" \/>\n<meta property=\"og:type\" content=\"article\" \/>\n<meta property=\"og:title\" content=\"Op\u0161tina Pri\u0161tina: U nekim zonama mogu\u0107e obustavljanje javnog prevoza -\" \/>\n<meta property=\"og:description\" content=\"Pri\u0161tina, 8. januar 2026. 18:38 Op\u0161tina Pri\u0161tina je upozorila na pogor\u0161anje vremenskih uslova u narednim danima, uz apel za poja\u010dani oprez u saobra\u0107aju. \u0160to se\" \/>\n<meta property=\"og:url\" content=\"https:\/\/veritasinfo.org\/?p=27068&amp;lang=sr\" \/>\n<meta property=\"article:published_time\" content=\"2026-01-08T17:41:22+00:00\" \/>\n<meta property=\"og:image\" content=\"https:\/\/veritasinfo.org\/wp-content\/uploads\/2026\/01\/trafiku-urban.jpg\" \/>\n\t<meta property=\"og:image:width\" content=\"960\" \/>\n\t<meta property=\"og:image:height\" content=\"639\" \/>\n\t<meta property=\"og:image:type\" content=\"image\/jpeg\" \/>\n<meta name=\"author\" content=\"US6\" \/>\n<meta name=\"twitter:card\" content=\"summary_large_image\" \/>\n<meta name=\"twitter:label1\" content=\"Written by\" \/>\n\t<meta name=\"twitter:data1\" content=\"US6\" \/>\n\t<meta name=\"twitter:label2\" content=\"Est. reading time\" \/>\n\t<meta name=\"twitter:data2\" content=\"2 minutes\" \/>\n<script type=\"application\/ld+json\" class=\"yoast-schema-graph\">{\"@context\":\"https:\/\/schema.org\",\"@graph\":[{\"@type\":\"WebPage\",\"@id\":\"https:\/\/veritasinfo.org\/?p=27068&lang=sr\",\"url\":\"https:\/\/veritasinfo.org\/?p=27068&lang=sr\",\"name\":\"Op\u0161tina Pri\u0161tina: U nekim zonama mogu\u0107e obustavljanje javnog prevoza -\",\"isPartOf\":{\"@id\":\"https:\/\/veritasinfo.org\/#website\"},\"primaryImageOfPage\":{\"@id\":\"https:\/\/veritasinfo.org\/?p=27068&lang=sr#primaryimage\"},\"image\":{\"@id\":\"https:\/\/veritasinfo.org\/?p=27068&lang=sr#primaryimage\"},\"thumbnailUrl\":\"https:\/\/veritasinfo.org\/wp-content\/uploads\/2026\/01\/trafiku-urban.jpg\",\"datePublished\":\"2026-01-08T17:41:22+00:00\",\"author\":{\"@id\":\"https:\/\/veritasinfo.org\/#\/schema\/person\/fe199eede04c3937362892b7444747cc\"},\"breadcrumb\":{\"@id\":\"https:\/\/veritasinfo.org\/?p=27068&lang=sr#breadcrumb\"},\"inLanguage\":\"en-US\",\"potentialAction\":[{\"@type\":\"ReadAction\",\"target\":[\"https:\/\/veritasinfo.org\/?p=27068&lang=sr\"]}]},{\"@type\":\"ImageObject\",\"inLanguage\":\"en-US\",\"@id\":\"https:\/\/veritasinfo.org\/?p=27068&lang=sr#primaryimage\",\"url\":\"https:\/\/veritasinfo.org\/wp-content\/uploads\/2026\/01\/trafiku-urban.jpg\",\"contentUrl\":\"https:\/\/veritasinfo.org\/wp-content\/uploads\/2026\/01\/trafiku-urban.jpg\",\"width\":960,\"height\":639},{\"@type\":\"BreadcrumbList\",\"@id\":\"https:\/\/veritasinfo.org\/?p=27068&lang=sr#breadcrumb\",\"itemListElement\":[{\"@type\":\"ListItem\",\"position\":1,\"name\":\"Home\",\"item\":\"https:\/\/veritasinfo.org\/\"},{\"@type\":\"ListItem\",\"position\":2,\"name\":\"Op\u0161tina Pri\u0161tina: U nekim zonama mogu\u0107e obustavljanje javnog prevoza\"}]},{\"@type\":\"WebSite\",\"@id\":\"https:\/\/veritasinfo.org\/#website\",\"url\":\"https:\/\/veritasinfo.org\/\",\"name\":\"\",\"description\":\"\",\"potentialAction\":[{\"@type\":\"SearchAction\",\"target\":{\"@type\":\"EntryPoint\",\"urlTemplate\":\"https:\/\/veritasinfo.org\/?s={search_term_string}\"},\"query-input\":{\"@type\":\"PropertyValueSpecification\",\"valueRequired\":true,\"valueName\":\"search_term_string\"}}],\"inLanguage\":\"en-US\"},{\"@type\":\"Person\",\"@id\":\"https:\/\/veritasinfo.org\/#\/schema\/person\/fe199eede04c3937362892b7444747cc\",\"name\":\"US6\",\"image\":{\"@type\":\"ImageObject\",\"inLanguage\":\"en-US\",\"@id\":\"https:\/\/veritasinfo.org\/#\/schema\/person\/image\/\",\"url\":\"https:\/\/secure.gravatar.com\/avatar\/cb16c3c31c9d23b9b8c705964598220b3014e42ff51eb540ff23cefa3ae8c15f?s=96&d=mm&r=g\",\"contentUrl\":\"https:\/\/secure.gravatar.com\/avatar\/cb16c3c31c9d23b9b8c705964598220b3014e42ff51eb540ff23cefa3ae8c15f?s=96&d=mm&r=g\",\"caption\":\"US6\"},\"url\":\"https:\/\/veritasinfo.org\/?author=7\"}]}<\/script>\n<!-- \/ Yoast SEO plugin. -->","yoast_head_json":{"title":"Op\u0161tina Pri\u0161tina: U nekim zonama mogu\u0107e obustavljanje javnog prevoza -","robots":{"index":"index","follow":"follow","max-snippet":"max-snippet:-1","max-image-preview":"max-image-preview:large","max-video-preview":"max-video-preview:-1"},"canonical":"https:\/\/veritasinfo.org\/?p=27068&lang=sr","og_locale":"en_US","og_type":"article","og_title":"Op\u0161tina Pri\u0161tina: U nekim zonama mogu\u0107e obustavljanje javnog prevoza -","og_description":"Pri\u0161tina, 8. januar 2026. 18:38 Op\u0161tina Pri\u0161tina je upozorila na pogor\u0161anje vremenskih uslova u narednim danima, uz apel za poja\u010dani oprez u saobra\u0107aju. \u0160to se","og_url":"https:\/\/veritasinfo.org\/?p=27068&lang=sr","article_published_time":"2026-01-08T17:41:22+00:00","og_image":[{"width":960,"height":639,"url":"https:\/\/veritasinfo.org\/wp-content\/uploads\/2026\/01\/trafiku-urban.jpg","type":"image\/jpeg"}],"author":"US6","twitter_card":"summary_large_image","twitter_misc":{"Written by":"US6","Est. reading time":"2 minutes"},"schema":{"@context":"https:\/\/schema.org","@graph":[{"@type":"WebPage","@id":"https:\/\/veritasinfo.org\/?p=27068&lang=sr","url":"https:\/\/veritasinfo.org\/?p=27068&lang=sr","name":"Op\u0161tina Pri\u0161tina: U nekim zonama mogu\u0107e obustavljanje javnog prevoza -","isPartOf":{"@id":"https:\/\/veritasinfo.org\/#website"},"primaryImageOfPage":{"@id":"https:\/\/veritasinfo.org\/?p=27068&lang=sr#primaryimage"},"image":{"@id":"https:\/\/veritasinfo.org\/?p=27068&lang=sr#primaryimage"},"thumbnailUrl":"https:\/\/veritasinfo.org\/wp-content\/uploads\/2026\/01\/trafiku-urban.jpg","datePublished":"2026-01-08T17:41:22+00:00","author":{"@id":"https:\/\/veritasinfo.org\/#\/schema\/person\/fe199eede04c3937362892b7444747cc"},"breadcrumb":{"@id":"https:\/\/veritasinfo.org\/?p=27068&lang=sr#breadcrumb"},"inLanguage":"en-US","potentialAction":[{"@type":"ReadAction","target":["https:\/\/veritasinfo.org\/?p=27068&lang=sr"]}]},{"@type":"ImageObject","inLanguage":"en-US","@id":"https:\/\/veritasinfo.org\/?p=27068&lang=sr#primaryimage","url":"https:\/\/veritasinfo.org\/wp-content\/uploads\/2026\/01\/trafiku-urban.jpg","contentUrl":"https:\/\/veritasinfo.org\/wp-content\/uploads\/2026\/01\/trafiku-urban.jpg","width":960,"height":639},{"@type":"BreadcrumbList","@id":"https:\/\/veritasinfo.org\/?p=27068&lang=sr#breadcrumb","itemListElement":[{"@type":"ListItem","position":1,"name":"Home","item":"https:\/\/veritasinfo.org\/"},{"@type":"ListItem","position":2,"name":"Op\u0161tina Pri\u0161tina: U nekim zonama mogu\u0107e obustavljanje javnog prevoza"}]},{"@type":"WebSite","@id":"https:\/\/veritasinfo.org\/#website","url":"https:\/\/veritasinfo.org\/","name":"","description":"","potentialAction":[{"@type":"SearchAction","target":{"@type":"EntryPoint","urlTemplate":"https:\/\/veritasinfo.org\/?s={search_term_string}"},"query-input":{"@type":"PropertyValueSpecification","valueRequired":true,"valueName":"search_term_string"}}],"inLanguage":"en-US"},{"@type":"Person","@id":"https:\/\/veritasinfo.org\/#\/schema\/person\/fe199eede04c3937362892b7444747cc","name":"US6","image":{"@type":"ImageObject","inLanguage":"en-US","@id":"https:\/\/veritasinfo.org\/#\/schema\/person\/image\/","url":"https:\/\/secure.gravatar.com\/avatar\/cb16c3c31c9d23b9b8c705964598220b3014e42ff51eb540ff23cefa3ae8c15f?s=96&d=mm&r=g","contentUrl":"https:\/\/secure.gravatar.com\/avatar\/cb16c3c31c9d23b9b8c705964598220b3014e42ff51eb540ff23cefa3ae8c15f?s=96&d=mm&r=g","caption":"US6"},"url":"https:\/\/veritasinfo.org\/?author=7"}]}},"featured_image_urls":{"full":["https:\/\/veritasinfo.org\/wp-content\/uploads\/2026\/01\/trafiku-urban.jpg",960,639,false],"thumbnail":["https:\/\/veritasinfo.org\/wp-content\/uploads\/2026\/01\/trafiku-urban-150x150.jpg",150,150,true],"medium":["https:\/\/veritasinfo.org\/wp-content\/uploads\/2026\/01\/trafiku-urban-300x200.jpg",300,200,true],"medium_large":["https:\/\/veritasinfo.org\/wp-content\/uploads\/2026\/01\/trafiku-urban-768x511.jpg",640,426,true],"large":["https:\/\/veritasinfo.org\/wp-content\/uploads\/2026\/01\/trafiku-urban.jpg",640,426,false],"1536x1536":["https:\/\/veritasinfo.org\/wp-content\/uploads\/2026\/01\/trafiku-urban.jpg",960,639,false],"2048x2048":["https:\/\/veritasinfo.org\/wp-content\/uploads\/2026\/01\/trafiku-urban.jpg",960,639,false],"kreeti-slider-full":["https:\/\/veritasinfo.org\/wp-content\/uploads\/2026\/01\/trafiku-urban.jpg",960,639,false],"kreeti-featured":["https:\/\/veritasinfo.org\/wp-content\/uploads\/2026\/01\/trafiku-urban.jpg",960,639,false],"kreeti-medium":["https:\/\/veritasinfo.org\/wp-content\/uploads\/2026\/01\/trafiku-urban.jpg",720,479,false],"kreeti-medium-square":["https:\/\/veritasinfo.org\/wp-content\/uploads\/2026\/01\/trafiku-urban.jpg",350,233,false]},"author_info":{"info":["US6"]},"category_info":"<a href=\"https:\/\/veritasinfo.org\/?cat=32&#038;lang=sr\" rel=\"category\">Op\u0161tine<\/a>","tag_info":"Op\u0161tine","comment_count":"0","_links":{"self":[{"href":"https:\/\/veritasinfo.org\/index.php?rest_route=\/wp\/v2\/posts\/27068","targetHints":{"allow":["GET"]}}],"collection":[{"href":"https:\/\/veritasinfo.org\/index.php?rest_route=\/wp\/v2\/posts"}],"about":[{"href":"https:\/\/veritasinfo.org\/index.php?rest_route=\/wp\/v2\/types\/post"}],"author":[{"embeddable":true,"href":"https:\/\/veritasinfo.org\/index.php?rest_route=\/wp\/v2\/users\/7"}],"replies":[{"embeddable":true,"href":"https:\/\/veritasinfo.org\/index.php?rest_route=%2Fwp%2Fv2%2Fcomments&post=27068"}],"version-history":[{"count":1,"href":"https:\/\/veritasinfo.org\/index.php?rest_route=\/wp\/v2\/posts\/27068\/revisions"}],"predecessor-version":[{"id":27069,"href":"https:\/\/veritasinfo.org\/index.php?rest_route=\/wp\/v2\/posts\/27068\/revisions\/27069"}],"wp:featuredmedia":[{"embeddable":true,"href":"https:\/\/veritasinfo.org\/index.php?rest_route=\/wp\/v2\/media\/27066"}],"wp:attachment":[{"href":"https:\/\/veritasinfo.org\/index.php?rest_route=%2Fwp%2Fv2%2Fmedia&parent=27068"}],"wp:term":[{"taxonomy":"category","embeddable":true,"href":"https:\/\/veritasinfo.org\/index.php?rest_route=%2Fwp%2Fv2%2Fcategories&post=27068"},{"taxonomy":"post_tag","embeddable":true,"href":"https:\/\/veritasinfo.org\/index.php?rest_route=%2Fwp%2Fv2%2Ftags&post=27068"}],"curies":[{"name":"wp","href":"https:\/\/api.w.org\/{rel}","templated":true}]}}