{"id":27065,"date":"2026-01-08T18:39:50","date_gmt":"2026-01-08T17:39:50","guid":{"rendered":"https:\/\/veritasinfo.org\/?p=27065"},"modified":"2026-01-08T18:39:50","modified_gmt":"2026-01-08T17:39:50","slug":"komuna-e-prishtines-thote-se-ne-disa-zona-mund-te-kete-pezullim-te-transportit-publik","status":"publish","type":"post","link":"https:\/\/veritasinfo.org\/?p=27065","title":{"rendered":"Komuna e Prishtin\u00ebs thot\u00eb se n\u00eb disa zona mund t\u00eb ket\u00eb pezullim t\u00eb transportit publik"},"content":{"rendered":"<p>Prishtin\u00eb, 8 janar 2026 18:38<\/p>\n<p>Komuna e Prishtin\u00ebs ka paralajm\u00ebruar p\u00ebr p\u00ebrkeq\u00ebsim t\u00eb kushteve atmosferike n\u00eb dit\u00ebt e ardhshme krahas thirrjes p\u00ebr kujdes t\u00eb shtuar gjat\u00eb qarkullimit.<\/p>\n<p>Sa i p\u00ebrket transportit urban, Komuna tha se n\u00eb disa linja mund t\u00eb ket\u00eb vonesa e n\u00eb disa zona \u201cku vler\u00ebsohet rrezik p\u00ebr qarkullim t\u00eb sigurt\u201d, transporti publik do t\u00eb pezullohet p\u00ebrkoh\u00ebsisht deri n\u00eb normalizimin e kushteve.<\/p>\n<p>\u201cP\u00ebr \u00e7do rast t\u00eb till\u00eb, qytetar\u00ebt do t\u00eb njoftohen me koh\u00eb\u201d, thuhet n\u00eb njoftim.<\/p>\n<p>Komuna po ashtu ka dh\u00ebn\u00eb disa kontakte p\u00ebr qytetar\u00ebt q\u00eb mund t\u2019iu duhet ndihm\u00eb.<\/p>\n<p>Postimi i plot\u00eb:<\/p>\n<p>Njoftim p\u00ebr qytetar\u00ebt<\/p>\n<p>Gjat\u00eb dit\u00ebve n\u00eb vijim pritet p\u00ebrkeq\u00ebsim i kushteve atmosferike, me temperatura t\u00eb ul\u00ebta, ngrica dhe reshje bore. Ju lutemi p\u00ebr kujdes t\u00eb shtuar gjat\u00eb qarkullimit.\u00a0Rekomandohet:<\/p>\n<p>\u2022 t\u00eb kufizoni l\u00ebvizjet vet\u00ebm n\u00eb raste t\u00eb domosdoshme, t\u00eb p\u00ebrdorni pajisjet e detyrueshme t\u00eb dimrit,<\/p>\n<p>\u2022 t\u00eb shmangni shpejt\u00ebsin\u00eb e lart\u00eb dhe t\u00eb respektoni sinjalistik\u00ebn n\u00eb terren.<\/p>\n<p>Si<\/p>\n<p>pasoj\u00eb e kushteve atmosferike, mund t\u00eb ket\u00eb vonesa n\u00eb disa linja. N\u00eb zonat ku vler\u00ebsohet rrezik p\u00ebr qarkullim t\u00eb sigurt, transporti publik do t\u00eb pezullohet p\u00ebrkoh\u00ebsisht deri n\u00eb normalizimin e kushteve; p\u00ebr \u00e7do rast t\u00eb till\u00eb, qytetar\u00ebt do t\u00eb njoftohen me koh\u00eb.<\/p>\n<p>Qendra e Thirrjeve<\/p>\n<p>P\u00ebr \u00e7do penges\u00eb n\u00eb qarkullim apo situat\u00eb q\u00eb k\u00ebrkon nd\u00ebrhyrje, qytetar\u00ebt mund t\u00eb kontaktojn\u00eb n\u00eb:<\/p>\n<p>0800 122 33 ose 0800 122 44&#8243;.<\/p>\n","protected":false},"excerpt":{"rendered":"<p>Prishtin\u00eb, 8 janar 2026 18:38 Komuna e Prishtin\u00ebs ka paralajm\u00ebruar p\u00ebr p\u00ebrkeq\u00ebsim t\u00eb kushteve atmosferike n\u00eb dit\u00ebt e ardhshme krahas thirrjes p\u00ebr kujdes t\u00eb shtuar<\/p>\n","protected":false},"author":7,"featured_media":27066,"comment_status":"open","ping_status":"open","sticky":false,"template":"","format":"standard","meta":{"footnotes":""},"categories":[52],"tags":[],"class_list":["post-27065","post","type-post","status-publish","format-standard","has-post-thumbnail","hentry","category-komunat-sq"],"yoast_head":"<!-- This site is optimized with the Yoast SEO plugin v25.3.1 - https:\/\/yoast.com\/wordpress\/plugins\/seo\/ -->\n<title>Komuna e Prishtin\u00ebs thot\u00eb se n\u00eb disa zona mund t\u00eb ket\u00eb pezullim t\u00eb transportit publik -<\/title>\n<meta name=\"robots\" content=\"index, follow, max-snippet:-1, max-image-preview:large, max-video-preview:-1\" \/>\n<link rel=\"canonical\" href=\"https:\/\/veritasinfo.org\/?p=27065\" \/>\n<meta property=\"og:locale\" content=\"en_US\" \/>\n<meta property=\"og:type\" content=\"article\" \/>\n<meta property=\"og:title\" content=\"Komuna e Prishtin\u00ebs thot\u00eb se n\u00eb disa zona mund t\u00eb ket\u00eb pezullim t\u00eb transportit publik -\" \/>\n<meta property=\"og:description\" content=\"Prishtin\u00eb, 8 janar 2026 18:38 Komuna e Prishtin\u00ebs ka paralajm\u00ebruar p\u00ebr p\u00ebrkeq\u00ebsim t\u00eb kushteve atmosferike n\u00eb dit\u00ebt e ardhshme krahas thirrjes p\u00ebr kujdes t\u00eb shtuar\" \/>\n<meta property=\"og:url\" content=\"https:\/\/veritasinfo.org\/?p=27065\" \/>\n<meta property=\"article:published_time\" content=\"2026-01-08T17:39:50+00:00\" \/>\n<meta property=\"og:image\" content=\"https:\/\/veritasinfo.org\/wp-content\/uploads\/2026\/01\/trafiku-urban.jpg\" \/>\n\t<meta property=\"og:image:width\" content=\"960\" \/>\n\t<meta property=\"og:image:height\" content=\"639\" \/>\n\t<meta property=\"og:image:type\" content=\"image\/jpeg\" \/>\n<meta name=\"author\" content=\"US6\" \/>\n<meta name=\"twitter:card\" content=\"summary_large_image\" \/>\n<meta name=\"twitter:label1\" content=\"Written by\" \/>\n\t<meta name=\"twitter:data1\" content=\"US6\" \/>\n\t<meta name=\"twitter:label2\" content=\"Est. reading time\" \/>\n\t<meta name=\"twitter:data2\" content=\"2 minutes\" \/>\n<script type=\"application\/ld+json\" class=\"yoast-schema-graph\">{\"@context\":\"https:\/\/schema.org\",\"@graph\":[{\"@type\":\"WebPage\",\"@id\":\"https:\/\/veritasinfo.org\/?p=27065\",\"url\":\"https:\/\/veritasinfo.org\/?p=27065\",\"name\":\"Komuna e Prishtin\u00ebs thot\u00eb se n\u00eb disa zona mund t\u00eb ket\u00eb pezullim t\u00eb transportit publik -\",\"isPartOf\":{\"@id\":\"https:\/\/veritasinfo.org\/#website\"},\"primaryImageOfPage\":{\"@id\":\"https:\/\/veritasinfo.org\/?p=27065#primaryimage\"},\"image\":{\"@id\":\"https:\/\/veritasinfo.org\/?p=27065#primaryimage\"},\"thumbnailUrl\":\"https:\/\/veritasinfo.org\/wp-content\/uploads\/2026\/01\/trafiku-urban.jpg\",\"datePublished\":\"2026-01-08T17:39:50+00:00\",\"author\":{\"@id\":\"https:\/\/veritasinfo.org\/#\/schema\/person\/fe199eede04c3937362892b7444747cc\"},\"breadcrumb\":{\"@id\":\"https:\/\/veritasinfo.org\/?p=27065#breadcrumb\"},\"inLanguage\":\"en-US\",\"potentialAction\":[{\"@type\":\"ReadAction\",\"target\":[\"https:\/\/veritasinfo.org\/?p=27065\"]}]},{\"@type\":\"ImageObject\",\"inLanguage\":\"en-US\",\"@id\":\"https:\/\/veritasinfo.org\/?p=27065#primaryimage\",\"url\":\"https:\/\/veritasinfo.org\/wp-content\/uploads\/2026\/01\/trafiku-urban.jpg\",\"contentUrl\":\"https:\/\/veritasinfo.org\/wp-content\/uploads\/2026\/01\/trafiku-urban.jpg\",\"width\":960,\"height\":639},{\"@type\":\"BreadcrumbList\",\"@id\":\"https:\/\/veritasinfo.org\/?p=27065#breadcrumb\",\"itemListElement\":[{\"@type\":\"ListItem\",\"position\":1,\"name\":\"Home\",\"item\":\"https:\/\/veritasinfo.org\/\"},{\"@type\":\"ListItem\",\"position\":2,\"name\":\"Komuna e Prishtin\u00ebs thot\u00eb se n\u00eb disa zona mund t\u00eb ket\u00eb pezullim t\u00eb transportit publik\"}]},{\"@type\":\"WebSite\",\"@id\":\"https:\/\/veritasinfo.org\/#website\",\"url\":\"https:\/\/veritasinfo.org\/\",\"name\":\"\",\"description\":\"\",\"potentialAction\":[{\"@type\":\"SearchAction\",\"target\":{\"@type\":\"EntryPoint\",\"urlTemplate\":\"https:\/\/veritasinfo.org\/?s={search_term_string}\"},\"query-input\":{\"@type\":\"PropertyValueSpecification\",\"valueRequired\":true,\"valueName\":\"search_term_string\"}}],\"inLanguage\":\"en-US\"},{\"@type\":\"Person\",\"@id\":\"https:\/\/veritasinfo.org\/#\/schema\/person\/fe199eede04c3937362892b7444747cc\",\"name\":\"US6\",\"image\":{\"@type\":\"ImageObject\",\"inLanguage\":\"en-US\",\"@id\":\"https:\/\/veritasinfo.org\/#\/schema\/person\/image\/\",\"url\":\"https:\/\/secure.gravatar.com\/avatar\/cb16c3c31c9d23b9b8c705964598220b3014e42ff51eb540ff23cefa3ae8c15f?s=96&d=mm&r=g\",\"contentUrl\":\"https:\/\/secure.gravatar.com\/avatar\/cb16c3c31c9d23b9b8c705964598220b3014e42ff51eb540ff23cefa3ae8c15f?s=96&d=mm&r=g\",\"caption\":\"US6\"},\"url\":\"https:\/\/veritasinfo.org\/?author=7\"}]}<\/script>\n<!-- \/ Yoast SEO plugin. -->","yoast_head_json":{"title":"Komuna e Prishtin\u00ebs thot\u00eb se n\u00eb disa zona mund t\u00eb ket\u00eb pezullim t\u00eb transportit publik -","robots":{"index":"index","follow":"follow","max-snippet":"max-snippet:-1","max-image-preview":"max-image-preview:large","max-video-preview":"max-video-preview:-1"},"canonical":"https:\/\/veritasinfo.org\/?p=27065","og_locale":"en_US","og_type":"article","og_title":"Komuna e Prishtin\u00ebs thot\u00eb se n\u00eb disa zona mund t\u00eb ket\u00eb pezullim t\u00eb transportit publik -","og_description":"Prishtin\u00eb, 8 janar 2026 18:38 Komuna e Prishtin\u00ebs ka paralajm\u00ebruar p\u00ebr p\u00ebrkeq\u00ebsim t\u00eb kushteve atmosferike n\u00eb dit\u00ebt e ardhshme krahas thirrjes p\u00ebr kujdes t\u00eb shtuar","og_url":"https:\/\/veritasinfo.org\/?p=27065","article_published_time":"2026-01-08T17:39:50+00:00","og_image":[{"width":960,"height":639,"url":"https:\/\/veritasinfo.org\/wp-content\/uploads\/2026\/01\/trafiku-urban.jpg","type":"image\/jpeg"}],"author":"US6","twitter_card":"summary_large_image","twitter_misc":{"Written by":"US6","Est. reading time":"2 minutes"},"schema":{"@context":"https:\/\/schema.org","@graph":[{"@type":"WebPage","@id":"https:\/\/veritasinfo.org\/?p=27065","url":"https:\/\/veritasinfo.org\/?p=27065","name":"Komuna e Prishtin\u00ebs thot\u00eb se n\u00eb disa zona mund t\u00eb ket\u00eb pezullim t\u00eb transportit publik -","isPartOf":{"@id":"https:\/\/veritasinfo.org\/#website"},"primaryImageOfPage":{"@id":"https:\/\/veritasinfo.org\/?p=27065#primaryimage"},"image":{"@id":"https:\/\/veritasinfo.org\/?p=27065#primaryimage"},"thumbnailUrl":"https:\/\/veritasinfo.org\/wp-content\/uploads\/2026\/01\/trafiku-urban.jpg","datePublished":"2026-01-08T17:39:50+00:00","author":{"@id":"https:\/\/veritasinfo.org\/#\/schema\/person\/fe199eede04c3937362892b7444747cc"},"breadcrumb":{"@id":"https:\/\/veritasinfo.org\/?p=27065#breadcrumb"},"inLanguage":"en-US","potentialAction":[{"@type":"ReadAction","target":["https:\/\/veritasinfo.org\/?p=27065"]}]},{"@type":"ImageObject","inLanguage":"en-US","@id":"https:\/\/veritasinfo.org\/?p=27065#primaryimage","url":"https:\/\/veritasinfo.org\/wp-content\/uploads\/2026\/01\/trafiku-urban.jpg","contentUrl":"https:\/\/veritasinfo.org\/wp-content\/uploads\/2026\/01\/trafiku-urban.jpg","width":960,"height":639},{"@type":"BreadcrumbList","@id":"https:\/\/veritasinfo.org\/?p=27065#breadcrumb","itemListElement":[{"@type":"ListItem","position":1,"name":"Home","item":"https:\/\/veritasinfo.org\/"},{"@type":"ListItem","position":2,"name":"Komuna e Prishtin\u00ebs thot\u00eb se n\u00eb disa zona mund t\u00eb ket\u00eb pezullim t\u00eb transportit publik"}]},{"@type":"WebSite","@id":"https:\/\/veritasinfo.org\/#website","url":"https:\/\/veritasinfo.org\/","name":"","description":"","potentialAction":[{"@type":"SearchAction","target":{"@type":"EntryPoint","urlTemplate":"https:\/\/veritasinfo.org\/?s={search_term_string}"},"query-input":{"@type":"PropertyValueSpecification","valueRequired":true,"valueName":"search_term_string"}}],"inLanguage":"en-US"},{"@type":"Person","@id":"https:\/\/veritasinfo.org\/#\/schema\/person\/fe199eede04c3937362892b7444747cc","name":"US6","image":{"@type":"ImageObject","inLanguage":"en-US","@id":"https:\/\/veritasinfo.org\/#\/schema\/person\/image\/","url":"https:\/\/secure.gravatar.com\/avatar\/cb16c3c31c9d23b9b8c705964598220b3014e42ff51eb540ff23cefa3ae8c15f?s=96&d=mm&r=g","contentUrl":"https:\/\/secure.gravatar.com\/avatar\/cb16c3c31c9d23b9b8c705964598220b3014e42ff51eb540ff23cefa3ae8c15f?s=96&d=mm&r=g","caption":"US6"},"url":"https:\/\/veritasinfo.org\/?author=7"}]}},"featured_image_urls":{"full":["https:\/\/veritasinfo.org\/wp-content\/uploads\/2026\/01\/trafiku-urban.jpg",960,639,false],"thumbnail":["https:\/\/veritasinfo.org\/wp-content\/uploads\/2026\/01\/trafiku-urban-150x150.jpg",150,150,true],"medium":["https:\/\/veritasinfo.org\/wp-content\/uploads\/2026\/01\/trafiku-urban-300x200.jpg",300,200,true],"medium_large":["https:\/\/veritasinfo.org\/wp-content\/uploads\/2026\/01\/trafiku-urban-768x511.jpg",640,426,true],"large":["https:\/\/veritasinfo.org\/wp-content\/uploads\/2026\/01\/trafiku-urban.jpg",640,426,false],"1536x1536":["https:\/\/veritasinfo.org\/wp-content\/uploads\/2026\/01\/trafiku-urban.jpg",960,639,false],"2048x2048":["https:\/\/veritasinfo.org\/wp-content\/uploads\/2026\/01\/trafiku-urban.jpg",960,639,false],"kreeti-slider-full":["https:\/\/veritasinfo.org\/wp-content\/uploads\/2026\/01\/trafiku-urban.jpg",960,639,false],"kreeti-featured":["https:\/\/veritasinfo.org\/wp-content\/uploads\/2026\/01\/trafiku-urban.jpg",960,639,false],"kreeti-medium":["https:\/\/veritasinfo.org\/wp-content\/uploads\/2026\/01\/trafiku-urban.jpg",720,479,false],"kreeti-medium-square":["https:\/\/veritasinfo.org\/wp-content\/uploads\/2026\/01\/trafiku-urban.jpg",350,233,false]},"author_info":{"info":["US6"]},"category_info":"<a href=\"https:\/\/veritasinfo.org\/?cat=52\" rel=\"category\">Komunat<\/a>","tag_info":"Komunat","comment_count":"0","_links":{"self":[{"href":"https:\/\/veritasinfo.org\/index.php?rest_route=\/wp\/v2\/posts\/27065","targetHints":{"allow":["GET"]}}],"collection":[{"href":"https:\/\/veritasinfo.org\/index.php?rest_route=\/wp\/v2\/posts"}],"about":[{"href":"https:\/\/veritasinfo.org\/index.php?rest_route=\/wp\/v2\/types\/post"}],"author":[{"embeddable":true,"href":"https:\/\/veritasinfo.org\/index.php?rest_route=\/wp\/v2\/users\/7"}],"replies":[{"embeddable":true,"href":"https:\/\/veritasinfo.org\/index.php?rest_route=%2Fwp%2Fv2%2Fcomments&post=27065"}],"version-history":[{"count":1,"href":"https:\/\/veritasinfo.org\/index.php?rest_route=\/wp\/v2\/posts\/27065\/revisions"}],"predecessor-version":[{"id":27067,"href":"https:\/\/veritasinfo.org\/index.php?rest_route=\/wp\/v2\/posts\/27065\/revisions\/27067"}],"wp:featuredmedia":[{"embeddable":true,"href":"https:\/\/veritasinfo.org\/index.php?rest_route=\/wp\/v2\/media\/27066"}],"wp:attachment":[{"href":"https:\/\/veritasinfo.org\/index.php?rest_route=%2Fwp%2Fv2%2Fmedia&parent=27065"}],"wp:term":[{"taxonomy":"category","embeddable":true,"href":"https:\/\/veritasinfo.org\/index.php?rest_route=%2Fwp%2Fv2%2Fcategories&post=27065"},{"taxonomy":"post_tag","embeddable":true,"href":"https:\/\/veritasinfo.org\/index.php?rest_route=%2Fwp%2Fv2%2Ftags&post=27065"}],"curies":[{"name":"wp","href":"https:\/\/api.w.org\/{rel}","templated":true}]}}