{"id":27044,"date":"2026-01-08T16:36:29","date_gmt":"2026-01-08T15:36:29","guid":{"rendered":"https:\/\/veritasinfo.org\/?p=27044"},"modified":"2026-01-08T16:36:29","modified_gmt":"2026-01-08T15:36:29","slug":"komuna-e-skenderajt-do-te-filloje-te-premten-vleresimin-e-demeve-nga-vershimet","status":"publish","type":"post","link":"https:\/\/veritasinfo.org\/?p=27044","title":{"rendered":"Komuna e Skenderajt do t\u00eb filloj\u00eb t\u00eb premten vler\u00ebsimin e d\u00ebmeve nga v\u00ebrshimet"},"content":{"rendered":"<p>Skenderaj, 8 janar 2026 16:35<\/p>\n<p>Komuna e Skenderajt ka njoftuar qytetar\u00ebt se nga data 9 janar fillon procesi i aplikimit p\u00ebr vler\u00ebsimin e d\u00ebmeve t\u00eb shkaktuara n\u00eb ekonomit\u00eb familjare dhe biznese, si pasoj\u00eb e d\u00ebmtimeve t\u00eb evidentuara nga v\u00ebrshimet.<\/p>\n<p>&#8220;T\u00eb gjith\u00eb qytetar\u00ebt e prekur ftohen q\u00eb brenda afatit t\u00eb p\u00ebrcaktuar t\u00eb paraqesin k\u00ebrkes\u00ebn e tyre pran\u00eb Komisionit Komunal p\u00ebr Vler\u00ebsimin e D\u00ebmeve\u201d, tha komuna n\u00eb njoftim.<\/p>\n<p>Dokumentacioni i nevojsh\u00ebm p\u00ebr aplikim:<\/p>\n<p>1. T\u00eb dh\u00ebnat personale t\u00eb aplikuesit (emri, mbiemri, numri personal, adresa dhe numri kontaktues);<\/p>\n<p>2. Kopje e let\u00ebrnjoftimit;<\/p>\n<p>3. Konfirmimi bankar (llogaria bankare n\u00eb em\u00ebr t\u00eb aplikuesit);<\/p>\n<p>4. Fotografi q\u00eb d\u00ebshmojn\u00eb gjendjen reale t\u00eb d\u00ebmeve, t\u00eb realizuara nga vendi i d\u00ebmtuar;<\/p>\n<p>5. \u00c7do dokument shtes\u00eb q\u00eb v\u00ebrteton pron\u00ebsin\u00eb ose d\u00ebmin e p\u00ebsuar (n\u00ebse ka).<\/p>\n<p>Afati p\u00ebr aplikim:<\/p>\n<p>Afati p\u00ebr dor\u00ebzimin e k\u00ebrkesave \u00ebsht\u00eb 8 (tet\u00eb) dit\u00eb pune nga data e publikimit t\u00eb k\u00ebtij njoftimi.<\/p>\n<p>Vendndodhja p\u00ebr dor\u00ebzim:<\/p>\n<p>K\u00ebrkesat dor\u00ebzohen personalisht pran\u00eb Komisionit Komunal p\u00ebr Vler\u00ebsimin e D\u00ebmeve, sporteli num\u00ebr 13, Komuna e Skenderajt.<\/p>\n<p>P\u00ebr informata shtes\u00eb, Komuna tha se qytetar\u00ebt mund t\u00eb drejtohen n\u00eb zyrat e Komun\u00ebs s\u00eb Skenderajt gjat\u00eb orarit zyrtar t\u00eb pun\u00ebs.<\/p>\n","protected":false},"excerpt":{"rendered":"<p>Skenderaj, 8 janar 2026 16:35 Komuna e Skenderajt ka njoftuar qytetar\u00ebt se nga data 9 janar fillon procesi i aplikimit p\u00ebr vler\u00ebsimin e d\u00ebmeve t\u00eb<\/p>\n","protected":false},"author":7,"featured_media":27045,"comment_status":"open","ping_status":"open","sticky":false,"template":"","format":"standard","meta":{"footnotes":""},"categories":[52],"tags":[],"class_list":["post-27044","post","type-post","status-publish","format-standard","has-post-thumbnail","hentry","category-komunat-sq"],"yoast_head":"<!-- This site is optimized with the Yoast SEO plugin v25.3.1 - https:\/\/yoast.com\/wordpress\/plugins\/seo\/ -->\n<title>Komuna e Skenderajt do t\u00eb filloj\u00eb t\u00eb premten vler\u00ebsimin e d\u00ebmeve nga v\u00ebrshimet -<\/title>\n<meta name=\"robots\" content=\"index, follow, max-snippet:-1, max-image-preview:large, max-video-preview:-1\" \/>\n<link rel=\"canonical\" href=\"https:\/\/veritasinfo.org\/?p=27044\" \/>\n<meta property=\"og:locale\" content=\"en_US\" \/>\n<meta property=\"og:type\" content=\"article\" \/>\n<meta property=\"og:title\" content=\"Komuna e Skenderajt do t\u00eb filloj\u00eb t\u00eb premten vler\u00ebsimin e d\u00ebmeve nga v\u00ebrshimet -\" \/>\n<meta property=\"og:description\" content=\"Skenderaj, 8 janar 2026 16:35 Komuna e Skenderajt ka njoftuar qytetar\u00ebt se nga data 9 janar fillon procesi i aplikimit p\u00ebr vler\u00ebsimin e d\u00ebmeve t\u00eb\" \/>\n<meta property=\"og:url\" content=\"https:\/\/veritasinfo.org\/?p=27044\" \/>\n<meta property=\"article:published_time\" content=\"2026-01-08T15:36:29+00:00\" \/>\n<meta property=\"og:image\" content=\"https:\/\/veritasinfo.org\/wp-content\/uploads\/2026\/01\/611803964_1302262918595755_4189853225214878756_n-1536x864-1.jpg\" \/>\n\t<meta property=\"og:image:width\" content=\"1536\" \/>\n\t<meta property=\"og:image:height\" content=\"864\" \/>\n\t<meta property=\"og:image:type\" content=\"image\/jpeg\" \/>\n<meta name=\"author\" content=\"US6\" \/>\n<meta name=\"twitter:card\" content=\"summary_large_image\" \/>\n<meta name=\"twitter:label1\" content=\"Written by\" \/>\n\t<meta name=\"twitter:data1\" content=\"US6\" \/>\n\t<meta name=\"twitter:label2\" content=\"Est. reading time\" \/>\n\t<meta name=\"twitter:data2\" content=\"2 minutes\" \/>\n<script type=\"application\/ld+json\" class=\"yoast-schema-graph\">{\"@context\":\"https:\/\/schema.org\",\"@graph\":[{\"@type\":\"WebPage\",\"@id\":\"https:\/\/veritasinfo.org\/?p=27044\",\"url\":\"https:\/\/veritasinfo.org\/?p=27044\",\"name\":\"Komuna e Skenderajt do t\u00eb filloj\u00eb t\u00eb premten vler\u00ebsimin e d\u00ebmeve nga v\u00ebrshimet -\",\"isPartOf\":{\"@id\":\"https:\/\/veritasinfo.org\/#website\"},\"primaryImageOfPage\":{\"@id\":\"https:\/\/veritasinfo.org\/?p=27044#primaryimage\"},\"image\":{\"@id\":\"https:\/\/veritasinfo.org\/?p=27044#primaryimage\"},\"thumbnailUrl\":\"https:\/\/veritasinfo.org\/wp-content\/uploads\/2026\/01\/611803964_1302262918595755_4189853225214878756_n-1536x864-1.jpg\",\"datePublished\":\"2026-01-08T15:36:29+00:00\",\"author\":{\"@id\":\"https:\/\/veritasinfo.org\/#\/schema\/person\/fe199eede04c3937362892b7444747cc\"},\"breadcrumb\":{\"@id\":\"https:\/\/veritasinfo.org\/?p=27044#breadcrumb\"},\"inLanguage\":\"en-US\",\"potentialAction\":[{\"@type\":\"ReadAction\",\"target\":[\"https:\/\/veritasinfo.org\/?p=27044\"]}]},{\"@type\":\"ImageObject\",\"inLanguage\":\"en-US\",\"@id\":\"https:\/\/veritasinfo.org\/?p=27044#primaryimage\",\"url\":\"https:\/\/veritasinfo.org\/wp-content\/uploads\/2026\/01\/611803964_1302262918595755_4189853225214878756_n-1536x864-1.jpg\",\"contentUrl\":\"https:\/\/veritasinfo.org\/wp-content\/uploads\/2026\/01\/611803964_1302262918595755_4189853225214878756_n-1536x864-1.jpg\",\"width\":1536,\"height\":864},{\"@type\":\"BreadcrumbList\",\"@id\":\"https:\/\/veritasinfo.org\/?p=27044#breadcrumb\",\"itemListElement\":[{\"@type\":\"ListItem\",\"position\":1,\"name\":\"Home\",\"item\":\"https:\/\/veritasinfo.org\/\"},{\"@type\":\"ListItem\",\"position\":2,\"name\":\"Komuna e Skenderajt do t\u00eb filloj\u00eb t\u00eb premten vler\u00ebsimin e d\u00ebmeve nga v\u00ebrshimet\"}]},{\"@type\":\"WebSite\",\"@id\":\"https:\/\/veritasinfo.org\/#website\",\"url\":\"https:\/\/veritasinfo.org\/\",\"name\":\"\",\"description\":\"\",\"potentialAction\":[{\"@type\":\"SearchAction\",\"target\":{\"@type\":\"EntryPoint\",\"urlTemplate\":\"https:\/\/veritasinfo.org\/?s={search_term_string}\"},\"query-input\":{\"@type\":\"PropertyValueSpecification\",\"valueRequired\":true,\"valueName\":\"search_term_string\"}}],\"inLanguage\":\"en-US\"},{\"@type\":\"Person\",\"@id\":\"https:\/\/veritasinfo.org\/#\/schema\/person\/fe199eede04c3937362892b7444747cc\",\"name\":\"US6\",\"image\":{\"@type\":\"ImageObject\",\"inLanguage\":\"en-US\",\"@id\":\"https:\/\/veritasinfo.org\/#\/schema\/person\/image\/\",\"url\":\"https:\/\/secure.gravatar.com\/avatar\/cb16c3c31c9d23b9b8c705964598220b3014e42ff51eb540ff23cefa3ae8c15f?s=96&d=mm&r=g\",\"contentUrl\":\"https:\/\/secure.gravatar.com\/avatar\/cb16c3c31c9d23b9b8c705964598220b3014e42ff51eb540ff23cefa3ae8c15f?s=96&d=mm&r=g\",\"caption\":\"US6\"},\"url\":\"https:\/\/veritasinfo.org\/?author=7\"}]}<\/script>\n<!-- \/ Yoast SEO plugin. -->","yoast_head_json":{"title":"Komuna e Skenderajt do t\u00eb filloj\u00eb t\u00eb premten vler\u00ebsimin e d\u00ebmeve nga v\u00ebrshimet -","robots":{"index":"index","follow":"follow","max-snippet":"max-snippet:-1","max-image-preview":"max-image-preview:large","max-video-preview":"max-video-preview:-1"},"canonical":"https:\/\/veritasinfo.org\/?p=27044","og_locale":"en_US","og_type":"article","og_title":"Komuna e Skenderajt do t\u00eb filloj\u00eb t\u00eb premten vler\u00ebsimin e d\u00ebmeve nga v\u00ebrshimet -","og_description":"Skenderaj, 8 janar 2026 16:35 Komuna e Skenderajt ka njoftuar qytetar\u00ebt se nga data 9 janar fillon procesi i aplikimit p\u00ebr vler\u00ebsimin e d\u00ebmeve t\u00eb","og_url":"https:\/\/veritasinfo.org\/?p=27044","article_published_time":"2026-01-08T15:36:29+00:00","og_image":[{"width":1536,"height":864,"url":"https:\/\/veritasinfo.org\/wp-content\/uploads\/2026\/01\/611803964_1302262918595755_4189853225214878756_n-1536x864-1.jpg","type":"image\/jpeg"}],"author":"US6","twitter_card":"summary_large_image","twitter_misc":{"Written by":"US6","Est. reading time":"2 minutes"},"schema":{"@context":"https:\/\/schema.org","@graph":[{"@type":"WebPage","@id":"https:\/\/veritasinfo.org\/?p=27044","url":"https:\/\/veritasinfo.org\/?p=27044","name":"Komuna e Skenderajt do t\u00eb filloj\u00eb t\u00eb premten vler\u00ebsimin e d\u00ebmeve nga v\u00ebrshimet -","isPartOf":{"@id":"https:\/\/veritasinfo.org\/#website"},"primaryImageOfPage":{"@id":"https:\/\/veritasinfo.org\/?p=27044#primaryimage"},"image":{"@id":"https:\/\/veritasinfo.org\/?p=27044#primaryimage"},"thumbnailUrl":"https:\/\/veritasinfo.org\/wp-content\/uploads\/2026\/01\/611803964_1302262918595755_4189853225214878756_n-1536x864-1.jpg","datePublished":"2026-01-08T15:36:29+00:00","author":{"@id":"https:\/\/veritasinfo.org\/#\/schema\/person\/fe199eede04c3937362892b7444747cc"},"breadcrumb":{"@id":"https:\/\/veritasinfo.org\/?p=27044#breadcrumb"},"inLanguage":"en-US","potentialAction":[{"@type":"ReadAction","target":["https:\/\/veritasinfo.org\/?p=27044"]}]},{"@type":"ImageObject","inLanguage":"en-US","@id":"https:\/\/veritasinfo.org\/?p=27044#primaryimage","url":"https:\/\/veritasinfo.org\/wp-content\/uploads\/2026\/01\/611803964_1302262918595755_4189853225214878756_n-1536x864-1.jpg","contentUrl":"https:\/\/veritasinfo.org\/wp-content\/uploads\/2026\/01\/611803964_1302262918595755_4189853225214878756_n-1536x864-1.jpg","width":1536,"height":864},{"@type":"BreadcrumbList","@id":"https:\/\/veritasinfo.org\/?p=27044#breadcrumb","itemListElement":[{"@type":"ListItem","position":1,"name":"Home","item":"https:\/\/veritasinfo.org\/"},{"@type":"ListItem","position":2,"name":"Komuna e Skenderajt do t\u00eb filloj\u00eb t\u00eb premten vler\u00ebsimin e d\u00ebmeve nga v\u00ebrshimet"}]},{"@type":"WebSite","@id":"https:\/\/veritasinfo.org\/#website","url":"https:\/\/veritasinfo.org\/","name":"","description":"","potentialAction":[{"@type":"SearchAction","target":{"@type":"EntryPoint","urlTemplate":"https:\/\/veritasinfo.org\/?s={search_term_string}"},"query-input":{"@type":"PropertyValueSpecification","valueRequired":true,"valueName":"search_term_string"}}],"inLanguage":"en-US"},{"@type":"Person","@id":"https:\/\/veritasinfo.org\/#\/schema\/person\/fe199eede04c3937362892b7444747cc","name":"US6","image":{"@type":"ImageObject","inLanguage":"en-US","@id":"https:\/\/veritasinfo.org\/#\/schema\/person\/image\/","url":"https:\/\/secure.gravatar.com\/avatar\/cb16c3c31c9d23b9b8c705964598220b3014e42ff51eb540ff23cefa3ae8c15f?s=96&d=mm&r=g","contentUrl":"https:\/\/secure.gravatar.com\/avatar\/cb16c3c31c9d23b9b8c705964598220b3014e42ff51eb540ff23cefa3ae8c15f?s=96&d=mm&r=g","caption":"US6"},"url":"https:\/\/veritasinfo.org\/?author=7"}]}},"featured_image_urls":{"full":["https:\/\/veritasinfo.org\/wp-content\/uploads\/2026\/01\/611803964_1302262918595755_4189853225214878756_n-1536x864-1.jpg",1536,864,false],"thumbnail":["https:\/\/veritasinfo.org\/wp-content\/uploads\/2026\/01\/611803964_1302262918595755_4189853225214878756_n-1536x864-1-150x150.jpg",150,150,true],"medium":["https:\/\/veritasinfo.org\/wp-content\/uploads\/2026\/01\/611803964_1302262918595755_4189853225214878756_n-1536x864-1-300x169.jpg",300,169,true],"medium_large":["https:\/\/veritasinfo.org\/wp-content\/uploads\/2026\/01\/611803964_1302262918595755_4189853225214878756_n-1536x864-1-768x432.jpg",640,360,true],"large":["https:\/\/veritasinfo.org\/wp-content\/uploads\/2026\/01\/611803964_1302262918595755_4189853225214878756_n-1536x864-1-1024x576.jpg",640,360,true],"1536x1536":["https:\/\/veritasinfo.org\/wp-content\/uploads\/2026\/01\/611803964_1302262918595755_4189853225214878756_n-1536x864-1.jpg",1536,864,false],"2048x2048":["https:\/\/veritasinfo.org\/wp-content\/uploads\/2026\/01\/611803964_1302262918595755_4189853225214878756_n-1536x864-1.jpg",1536,864,false],"kreeti-slider-full":["https:\/\/veritasinfo.org\/wp-content\/uploads\/2026\/01\/611803964_1302262918595755_4189853225214878756_n-1536x864-1.jpg",1280,720,false],"kreeti-featured":["https:\/\/veritasinfo.org\/wp-content\/uploads\/2026\/01\/611803964_1302262918595755_4189853225214878756_n-1536x864-1.jpg",1024,576,false],"kreeti-medium":["https:\/\/veritasinfo.org\/wp-content\/uploads\/2026\/01\/611803964_1302262918595755_4189853225214878756_n-1536x864-1.jpg",720,405,false],"kreeti-medium-square":["https:\/\/veritasinfo.org\/wp-content\/uploads\/2026\/01\/611803964_1302262918595755_4189853225214878756_n-1536x864-1.jpg",350,197,false]},"author_info":{"info":["US6"]},"category_info":"<a href=\"https:\/\/veritasinfo.org\/?cat=52\" rel=\"category\">Komunat<\/a>","tag_info":"Komunat","comment_count":"0","_links":{"self":[{"href":"https:\/\/veritasinfo.org\/index.php?rest_route=\/wp\/v2\/posts\/27044","targetHints":{"allow":["GET"]}}],"collection":[{"href":"https:\/\/veritasinfo.org\/index.php?rest_route=\/wp\/v2\/posts"}],"about":[{"href":"https:\/\/veritasinfo.org\/index.php?rest_route=\/wp\/v2\/types\/post"}],"author":[{"embeddable":true,"href":"https:\/\/veritasinfo.org\/index.php?rest_route=\/wp\/v2\/users\/7"}],"replies":[{"embeddable":true,"href":"https:\/\/veritasinfo.org\/index.php?rest_route=%2Fwp%2Fv2%2Fcomments&post=27044"}],"version-history":[{"count":1,"href":"https:\/\/veritasinfo.org\/index.php?rest_route=\/wp\/v2\/posts\/27044\/revisions"}],"predecessor-version":[{"id":27046,"href":"https:\/\/veritasinfo.org\/index.php?rest_route=\/wp\/v2\/posts\/27044\/revisions\/27046"}],"wp:featuredmedia":[{"embeddable":true,"href":"https:\/\/veritasinfo.org\/index.php?rest_route=\/wp\/v2\/media\/27045"}],"wp:attachment":[{"href":"https:\/\/veritasinfo.org\/index.php?rest_route=%2Fwp%2Fv2%2Fmedia&parent=27044"}],"wp:term":[{"taxonomy":"category","embeddable":true,"href":"https:\/\/veritasinfo.org\/index.php?rest_route=%2Fwp%2Fv2%2Fcategories&post=27044"},{"taxonomy":"post_tag","embeddable":true,"href":"https:\/\/veritasinfo.org\/index.php?rest_route=%2Fwp%2Fv2%2Ftags&post=27044"}],"curies":[{"name":"wp","href":"https:\/\/api.w.org\/{rel}","templated":true}]}}