{"id":27025,"date":"2026-01-08T13:57:35","date_gmt":"2026-01-08T12:57:35","guid":{"rendered":"https:\/\/veritasinfo.org\/?p=27025"},"modified":"2026-01-08T13:57:35","modified_gmt":"2026-01-08T12:57:35","slug":"smajl-latifi-poziva-gradjane-orahovca-da-podnesu-zahteve-za-procenu-stete-od-poplava","status":"publish","type":"post","link":"https:\/\/veritasinfo.org\/?p=27025&lang=sr","title":{"rendered":"Smajl Latifi poziva gra\u0111ane Orahovca da podnesu zahteve za procenu \u0161tete od poplava"},"content":{"rendered":"<p>Pri\u0161tina, 08. januar 2026. 13:53<\/p>\n<p>Predsednik Op\u0161tine Orahovac, Smajl Latifi, ima va\u017eno obave\u0161tenje za gra\u0111ane op\u0161tine kojom rukovodi. Latifi je saop\u0161tio da je zapo\u010deta registracija i procena \u0161tete nastale usled poslednjih padavina.<\/p>\n<p>On je pozvao gra\u0111ane koji su pogo\u0111eni poplavama da svoje zahteve podnesu Op\u0161tinskoj komisiji za procenu \u0161tete u op\u0161tinskoj administraciji u Orahovcu, najkasnije do 14. januara 2026. godine.<\/p>\n<p>\u201eNakon poslednjih padavina i nastale situacije, mobilisao sam Op\u0161tinsku komisiju za evidentiranje i procenu \u0161tete, kao i formirao dodatne timove kako bi se ubrzao proces procene na terenu. Pozivam sve gra\u0111ane koji su pogo\u0111eni poplavama da svoje zahteve podnesu Op\u0161tinskoj komisiji za procenu \u0161tete u op\u0161tinskoj administraciji u Orahovcu, najkasnije do 14. januara 2026. godine\u201c, rekao je Latifi.<\/p>\n<p>Latifi je tako\u0111e naveo da \u0107e, nakon podno\u0161enja zahteva, op\u0161tinska komisija kontaktirati gra\u0111ane, a nadle\u017eni tim \u0107e iza\u0107i na teren radi procene \u0161tete.<\/p>\n<p>Potrebna dokumentacija koju je potrebno dostaviti:<\/p>\n<p>Zahtev (uz koji treba prilo\u017eiti i fotografije u boji);<\/p>\n<p>Kopija li\u010dne karte;<\/p>\n<p>Potvrda o bankovnom ra\u010dunu.<\/p>\n<p>Hvala vam na saradnji!<\/p>\n","protected":false},"excerpt":{"rendered":"<p>Pri\u0161tina, 08. januar 2026. 13:53 Predsednik Op\u0161tine Orahovac, Smajl Latifi, ima va\u017eno obave\u0161tenje za gra\u0111ane op\u0161tine kojom rukovodi. Latifi je saop\u0161tio da je zapo\u010deta registracija<\/p>\n","protected":false},"author":6,"featured_media":27023,"comment_status":"open","ping_status":"open","sticky":false,"template":"","format":"standard","meta":{"footnotes":""},"categories":[32],"tags":[],"class_list":["post-27025","post","type-post","status-publish","format-standard","has-post-thumbnail","hentry","category-opstine"],"yoast_head":"<!-- This site is optimized with the Yoast SEO plugin v25.3.1 - https:\/\/yoast.com\/wordpress\/plugins\/seo\/ -->\n<title>Smajl Latifi poziva gra\u0111ane Orahovca da podnesu zahteve za procenu \u0161tete od poplava -<\/title>\n<meta name=\"robots\" content=\"index, follow, max-snippet:-1, max-image-preview:large, max-video-preview:-1\" \/>\n<link rel=\"canonical\" href=\"https:\/\/veritasinfo.org\/?p=27025&lang=sr\" \/>\n<meta property=\"og:locale\" content=\"en_US\" \/>\n<meta property=\"og:type\" content=\"article\" \/>\n<meta property=\"og:title\" content=\"Smajl Latifi poziva gra\u0111ane Orahovca da podnesu zahteve za procenu \u0161tete od poplava -\" \/>\n<meta property=\"og:description\" content=\"Pri\u0161tina, 08. januar 2026. 13:53 Predsednik Op\u0161tine Orahovac, Smajl Latifi, ima va\u017eno obave\u0161tenje za gra\u0111ane op\u0161tine kojom rukovodi. Latifi je saop\u0161tio da je zapo\u010deta registracija\" \/>\n<meta property=\"og:url\" content=\"https:\/\/veritasinfo.org\/?p=27025&amp;lang=sr\" \/>\n<meta property=\"article:published_time\" content=\"2026-01-08T12:57:35+00:00\" \/>\n<meta property=\"og:image\" content=\"https:\/\/veritasinfo.org\/wp-content\/uploads\/2026\/01\/smajl-latifi.jpg\" \/>\n\t<meta property=\"og:image:width\" content=\"675\" \/>\n\t<meta property=\"og:image:height\" content=\"345\" \/>\n\t<meta property=\"og:image:type\" content=\"image\/jpeg\" \/>\n<meta name=\"author\" content=\"US5\" \/>\n<meta name=\"twitter:card\" content=\"summary_large_image\" \/>\n<meta name=\"twitter:label1\" content=\"Written by\" \/>\n\t<meta name=\"twitter:data1\" content=\"US5\" \/>\n<script type=\"application\/ld+json\" class=\"yoast-schema-graph\">{\"@context\":\"https:\/\/schema.org\",\"@graph\":[{\"@type\":\"WebPage\",\"@id\":\"https:\/\/veritasinfo.org\/?p=27025&lang=sr\",\"url\":\"https:\/\/veritasinfo.org\/?p=27025&lang=sr\",\"name\":\"Smajl Latifi poziva gra\u0111ane Orahovca da podnesu zahteve za procenu \u0161tete od poplava -\",\"isPartOf\":{\"@id\":\"https:\/\/veritasinfo.org\/#website\"},\"primaryImageOfPage\":{\"@id\":\"https:\/\/veritasinfo.org\/?p=27025&lang=sr#primaryimage\"},\"image\":{\"@id\":\"https:\/\/veritasinfo.org\/?p=27025&lang=sr#primaryimage\"},\"thumbnailUrl\":\"https:\/\/veritasinfo.org\/wp-content\/uploads\/2026\/01\/smajl-latifi.jpg\",\"datePublished\":\"2026-01-08T12:57:35+00:00\",\"author\":{\"@id\":\"https:\/\/veritasinfo.org\/#\/schema\/person\/bc442336e35414d04494ab8fb45db4c6\"},\"breadcrumb\":{\"@id\":\"https:\/\/veritasinfo.org\/?p=27025&lang=sr#breadcrumb\"},\"inLanguage\":\"en-US\",\"potentialAction\":[{\"@type\":\"ReadAction\",\"target\":[\"https:\/\/veritasinfo.org\/?p=27025&lang=sr\"]}]},{\"@type\":\"ImageObject\",\"inLanguage\":\"en-US\",\"@id\":\"https:\/\/veritasinfo.org\/?p=27025&lang=sr#primaryimage\",\"url\":\"https:\/\/veritasinfo.org\/wp-content\/uploads\/2026\/01\/smajl-latifi.jpg\",\"contentUrl\":\"https:\/\/veritasinfo.org\/wp-content\/uploads\/2026\/01\/smajl-latifi.jpg\",\"width\":675,\"height\":345},{\"@type\":\"BreadcrumbList\",\"@id\":\"https:\/\/veritasinfo.org\/?p=27025&lang=sr#breadcrumb\",\"itemListElement\":[{\"@type\":\"ListItem\",\"position\":1,\"name\":\"Home\",\"item\":\"https:\/\/veritasinfo.org\/\"},{\"@type\":\"ListItem\",\"position\":2,\"name\":\"Smajl Latifi poziva gra\u0111ane Orahovca da podnesu zahteve za procenu \u0161tete od poplava\"}]},{\"@type\":\"WebSite\",\"@id\":\"https:\/\/veritasinfo.org\/#website\",\"url\":\"https:\/\/veritasinfo.org\/\",\"name\":\"\",\"description\":\"\",\"potentialAction\":[{\"@type\":\"SearchAction\",\"target\":{\"@type\":\"EntryPoint\",\"urlTemplate\":\"https:\/\/veritasinfo.org\/?s={search_term_string}\"},\"query-input\":{\"@type\":\"PropertyValueSpecification\",\"valueRequired\":true,\"valueName\":\"search_term_string\"}}],\"inLanguage\":\"en-US\"},{\"@type\":\"Person\",\"@id\":\"https:\/\/veritasinfo.org\/#\/schema\/person\/bc442336e35414d04494ab8fb45db4c6\",\"name\":\"US5\",\"image\":{\"@type\":\"ImageObject\",\"inLanguage\":\"en-US\",\"@id\":\"https:\/\/veritasinfo.org\/#\/schema\/person\/image\/\",\"url\":\"https:\/\/secure.gravatar.com\/avatar\/16a61e7272a0c5d001121ebb9e60e925d5816e4ac1e443ed3e640d9a6ae55d0c?s=96&d=mm&r=g\",\"contentUrl\":\"https:\/\/secure.gravatar.com\/avatar\/16a61e7272a0c5d001121ebb9e60e925d5816e4ac1e443ed3e640d9a6ae55d0c?s=96&d=mm&r=g\",\"caption\":\"US5\"},\"url\":\"https:\/\/veritasinfo.org\/?author=6\"}]}<\/script>\n<!-- \/ Yoast SEO plugin. -->","yoast_head_json":{"title":"Smajl Latifi poziva gra\u0111ane Orahovca da podnesu zahteve za procenu \u0161tete od poplava -","robots":{"index":"index","follow":"follow","max-snippet":"max-snippet:-1","max-image-preview":"max-image-preview:large","max-video-preview":"max-video-preview:-1"},"canonical":"https:\/\/veritasinfo.org\/?p=27025&lang=sr","og_locale":"en_US","og_type":"article","og_title":"Smajl Latifi poziva gra\u0111ane Orahovca da podnesu zahteve za procenu \u0161tete od poplava -","og_description":"Pri\u0161tina, 08. januar 2026. 13:53 Predsednik Op\u0161tine Orahovac, Smajl Latifi, ima va\u017eno obave\u0161tenje za gra\u0111ane op\u0161tine kojom rukovodi. Latifi je saop\u0161tio da je zapo\u010deta registracija","og_url":"https:\/\/veritasinfo.org\/?p=27025&lang=sr","article_published_time":"2026-01-08T12:57:35+00:00","og_image":[{"width":675,"height":345,"url":"https:\/\/veritasinfo.org\/wp-content\/uploads\/2026\/01\/smajl-latifi.jpg","type":"image\/jpeg"}],"author":"US5","twitter_card":"summary_large_image","twitter_misc":{"Written by":"US5"},"schema":{"@context":"https:\/\/schema.org","@graph":[{"@type":"WebPage","@id":"https:\/\/veritasinfo.org\/?p=27025&lang=sr","url":"https:\/\/veritasinfo.org\/?p=27025&lang=sr","name":"Smajl Latifi poziva gra\u0111ane Orahovca da podnesu zahteve za procenu \u0161tete od poplava -","isPartOf":{"@id":"https:\/\/veritasinfo.org\/#website"},"primaryImageOfPage":{"@id":"https:\/\/veritasinfo.org\/?p=27025&lang=sr#primaryimage"},"image":{"@id":"https:\/\/veritasinfo.org\/?p=27025&lang=sr#primaryimage"},"thumbnailUrl":"https:\/\/veritasinfo.org\/wp-content\/uploads\/2026\/01\/smajl-latifi.jpg","datePublished":"2026-01-08T12:57:35+00:00","author":{"@id":"https:\/\/veritasinfo.org\/#\/schema\/person\/bc442336e35414d04494ab8fb45db4c6"},"breadcrumb":{"@id":"https:\/\/veritasinfo.org\/?p=27025&lang=sr#breadcrumb"},"inLanguage":"en-US","potentialAction":[{"@type":"ReadAction","target":["https:\/\/veritasinfo.org\/?p=27025&lang=sr"]}]},{"@type":"ImageObject","inLanguage":"en-US","@id":"https:\/\/veritasinfo.org\/?p=27025&lang=sr#primaryimage","url":"https:\/\/veritasinfo.org\/wp-content\/uploads\/2026\/01\/smajl-latifi.jpg","contentUrl":"https:\/\/veritasinfo.org\/wp-content\/uploads\/2026\/01\/smajl-latifi.jpg","width":675,"height":345},{"@type":"BreadcrumbList","@id":"https:\/\/veritasinfo.org\/?p=27025&lang=sr#breadcrumb","itemListElement":[{"@type":"ListItem","position":1,"name":"Home","item":"https:\/\/veritasinfo.org\/"},{"@type":"ListItem","position":2,"name":"Smajl Latifi poziva gra\u0111ane Orahovca da podnesu zahteve za procenu \u0161tete od poplava"}]},{"@type":"WebSite","@id":"https:\/\/veritasinfo.org\/#website","url":"https:\/\/veritasinfo.org\/","name":"","description":"","potentialAction":[{"@type":"SearchAction","target":{"@type":"EntryPoint","urlTemplate":"https:\/\/veritasinfo.org\/?s={search_term_string}"},"query-input":{"@type":"PropertyValueSpecification","valueRequired":true,"valueName":"search_term_string"}}],"inLanguage":"en-US"},{"@type":"Person","@id":"https:\/\/veritasinfo.org\/#\/schema\/person\/bc442336e35414d04494ab8fb45db4c6","name":"US5","image":{"@type":"ImageObject","inLanguage":"en-US","@id":"https:\/\/veritasinfo.org\/#\/schema\/person\/image\/","url":"https:\/\/secure.gravatar.com\/avatar\/16a61e7272a0c5d001121ebb9e60e925d5816e4ac1e443ed3e640d9a6ae55d0c?s=96&d=mm&r=g","contentUrl":"https:\/\/secure.gravatar.com\/avatar\/16a61e7272a0c5d001121ebb9e60e925d5816e4ac1e443ed3e640d9a6ae55d0c?s=96&d=mm&r=g","caption":"US5"},"url":"https:\/\/veritasinfo.org\/?author=6"}]}},"featured_image_urls":{"full":["https:\/\/veritasinfo.org\/wp-content\/uploads\/2026\/01\/smajl-latifi.jpg",675,345,false],"thumbnail":["https:\/\/veritasinfo.org\/wp-content\/uploads\/2026\/01\/smajl-latifi-150x150.jpg",150,150,true],"medium":["https:\/\/veritasinfo.org\/wp-content\/uploads\/2026\/01\/smajl-latifi-300x153.jpg",300,153,true],"medium_large":["https:\/\/veritasinfo.org\/wp-content\/uploads\/2026\/01\/smajl-latifi.jpg",640,327,false],"large":["https:\/\/veritasinfo.org\/wp-content\/uploads\/2026\/01\/smajl-latifi.jpg",640,327,false],"1536x1536":["https:\/\/veritasinfo.org\/wp-content\/uploads\/2026\/01\/smajl-latifi.jpg",675,345,false],"2048x2048":["https:\/\/veritasinfo.org\/wp-content\/uploads\/2026\/01\/smajl-latifi.jpg",675,345,false],"kreeti-slider-full":["https:\/\/veritasinfo.org\/wp-content\/uploads\/2026\/01\/smajl-latifi.jpg",675,345,false],"kreeti-featured":["https:\/\/veritasinfo.org\/wp-content\/uploads\/2026\/01\/smajl-latifi.jpg",675,345,false],"kreeti-medium":["https:\/\/veritasinfo.org\/wp-content\/uploads\/2026\/01\/smajl-latifi.jpg",675,345,false],"kreeti-medium-square":["https:\/\/veritasinfo.org\/wp-content\/uploads\/2026\/01\/smajl-latifi.jpg",350,179,false]},"author_info":{"info":["US5"]},"category_info":"<a href=\"https:\/\/veritasinfo.org\/?cat=32&#038;lang=sr\" rel=\"category\">Op\u0161tine<\/a>","tag_info":"Op\u0161tine","comment_count":"0","_links":{"self":[{"href":"https:\/\/veritasinfo.org\/index.php?rest_route=\/wp\/v2\/posts\/27025","targetHints":{"allow":["GET"]}}],"collection":[{"href":"https:\/\/veritasinfo.org\/index.php?rest_route=\/wp\/v2\/posts"}],"about":[{"href":"https:\/\/veritasinfo.org\/index.php?rest_route=\/wp\/v2\/types\/post"}],"author":[{"embeddable":true,"href":"https:\/\/veritasinfo.org\/index.php?rest_route=\/wp\/v2\/users\/6"}],"replies":[{"embeddable":true,"href":"https:\/\/veritasinfo.org\/index.php?rest_route=%2Fwp%2Fv2%2Fcomments&post=27025"}],"version-history":[{"count":1,"href":"https:\/\/veritasinfo.org\/index.php?rest_route=\/wp\/v2\/posts\/27025\/revisions"}],"predecessor-version":[{"id":27026,"href":"https:\/\/veritasinfo.org\/index.php?rest_route=\/wp\/v2\/posts\/27025\/revisions\/27026"}],"wp:featuredmedia":[{"embeddable":true,"href":"https:\/\/veritasinfo.org\/index.php?rest_route=\/wp\/v2\/media\/27023"}],"wp:attachment":[{"href":"https:\/\/veritasinfo.org\/index.php?rest_route=%2Fwp%2Fv2%2Fmedia&parent=27025"}],"wp:term":[{"taxonomy":"category","embeddable":true,"href":"https:\/\/veritasinfo.org\/index.php?rest_route=%2Fwp%2Fv2%2Fcategories&post=27025"},{"taxonomy":"post_tag","embeddable":true,"href":"https:\/\/veritasinfo.org\/index.php?rest_route=%2Fwp%2Fv2%2Ftags&post=27025"}],"curies":[{"name":"wp","href":"https:\/\/api.w.org\/{rel}","templated":true}]}}