{"id":27022,"date":"2026-01-08T13:54:59","date_gmt":"2026-01-08T12:54:59","guid":{"rendered":"https:\/\/veritasinfo.org\/?p=27022"},"modified":"2026-01-08T13:54:59","modified_gmt":"2026-01-08T12:54:59","slug":"smajl-latifi-fton-qytetaret-e-rahovecit-te-paraqesin-kerkesat-per-vleresimin-e-demeve-nga-permbytjet","status":"publish","type":"post","link":"https:\/\/veritasinfo.org\/?p=27022","title":{"rendered":"Smajl Latifi fton qytetar\u00ebt e Rahovecit t\u00eb paraqesin k\u00ebrkesat p\u00ebr vler\u00ebsimin e d\u00ebmeve nga p\u00ebrmbytjet"},"content":{"rendered":"<p>Prishtin\u00eb 08 janar 2026 13:53<\/p>\n<p>Kryetari i Komun\u00ebs s\u00eb Rahovecit Smajl Latifi ka nj\u00eb njoftim t\u00eb r\u00ebnd\u00ebsish\u00ebm p\u00ebr qytetar\u00ebt e komun\u00ebs q\u00eb ai udh\u00ebheq. Latifi ka th\u00ebn\u00eb se ka filluar regjistrimi dhe vler\u00ebsimi i d\u00ebmeve nga reshjet e fundit.<\/p>\n<p>Nd\u00ebrsa u ka b\u00ebr\u00eb ftes\u00eb qytetar\u00ebve t\u00eb cil\u00ebt jan\u00eb prekur nga p\u00ebrmbytjet t\u00eb paraqesin k\u00ebrkes\u00ebn e tyre te Komisioni komunal p\u00ebr vler\u00ebsimin e d\u00ebmeve n\u00eb administrat\u00ebn komunale t\u00eb Rahovecit, m\u00eb s\u00eb largu deri m\u00eb 14 janar 2026.<\/p>\n<p>\u201cPas reshjeve t\u00eb fundit dhe situat\u00ebs s\u00eb krijuar, kam mobilizuar Komisionin komunal p\u00ebr regjistrimin, vler\u00ebsimin e d\u00ebmeve, si edhe kam formuar ekipe shtes\u00eb p\u00ebr t\u00eb ndihmuar n\u00eb p\u00ebrshpejtimin e procesit t\u00eb vler\u00ebsimit n\u00eb terren. Ftoj t\u00eb gjith\u00eb qytetar\u00ebt q\u00eb jan\u00eb prekur nga p\u00ebrmbytjet t\u00eb paraqesin k\u00ebrkes\u00ebn e tyre te Komisioni komunal p\u00ebr vler\u00ebsimin e d\u00ebmeve n\u00eb administrat\u00ebn komunale t\u00eb Rahovecit, m\u00eb s\u00eb largu deri m\u00eb 14 janar 2026\u201d, ka th\u00ebn\u00eb Latifi.<\/p>\n<p>Latifi ka th\u00ebn\u00eb po ashtu se pas paraqitjes s\u00eb k\u00ebrkes\u00ebs, komisioni komunal do t\u2019ju kontaktoj\u00eb dhe ekipi p\u00ebrkat\u00ebs do t\u00eb dal\u00eb n\u00eb terren p\u00ebr t\u00eb b\u00ebr\u00eb vler\u00ebsimin e d\u00ebmeve.<\/p>\n<p>Dokumentet e nevojshme q\u00eb duhet t\u00eb dor\u00ebzohen:<\/p>\n<p>K\u00ebrkesa (t\u2019i bashk\u00ebngjiten edhe fotografit\u00eb me ngjyra);<\/p>\n<p>Kopja e let\u00ebrnjoftimit;<\/p>\n<p>Konfirmimi i llogaris\u00eb bankare.<\/p>\n<p>Ju fal\u00ebnderoj p\u00ebr bashk\u00ebpunimin!<\/p>\n","protected":false},"excerpt":{"rendered":"<p>Prishtin\u00eb 08 janar 2026 13:53 Kryetari i Komun\u00ebs s\u00eb Rahovecit Smajl Latifi ka nj\u00eb njoftim t\u00eb r\u00ebnd\u00ebsish\u00ebm p\u00ebr qytetar\u00ebt e komun\u00ebs q\u00eb ai udh\u00ebheq. Latifi<\/p>\n","protected":false},"author":6,"featured_media":27023,"comment_status":"open","ping_status":"open","sticky":false,"template":"","format":"standard","meta":{"footnotes":""},"categories":[52],"tags":[],"class_list":["post-27022","post","type-post","status-publish","format-standard","has-post-thumbnail","hentry","category-komunat-sq"],"yoast_head":"<!-- This site is optimized with the Yoast SEO plugin v25.3.1 - https:\/\/yoast.com\/wordpress\/plugins\/seo\/ -->\n<title>Smajl Latifi fton qytetar\u00ebt e Rahovecit t\u00eb paraqesin k\u00ebrkesat p\u00ebr vler\u00ebsimin e d\u00ebmeve nga p\u00ebrmbytjet -<\/title>\n<meta name=\"robots\" content=\"index, follow, max-snippet:-1, max-image-preview:large, max-video-preview:-1\" \/>\n<link rel=\"canonical\" href=\"https:\/\/veritasinfo.org\/?p=27022\" \/>\n<meta property=\"og:locale\" content=\"en_US\" \/>\n<meta property=\"og:type\" content=\"article\" \/>\n<meta property=\"og:title\" content=\"Smajl Latifi fton qytetar\u00ebt e Rahovecit t\u00eb paraqesin k\u00ebrkesat p\u00ebr vler\u00ebsimin e d\u00ebmeve nga p\u00ebrmbytjet -\" \/>\n<meta property=\"og:description\" content=\"Prishtin\u00eb 08 janar 2026 13:53 Kryetari i Komun\u00ebs s\u00eb Rahovecit Smajl Latifi ka nj\u00eb njoftim t\u00eb r\u00ebnd\u00ebsish\u00ebm p\u00ebr qytetar\u00ebt e komun\u00ebs q\u00eb ai udh\u00ebheq. Latifi\" \/>\n<meta property=\"og:url\" content=\"https:\/\/veritasinfo.org\/?p=27022\" \/>\n<meta property=\"article:published_time\" content=\"2026-01-08T12:54:59+00:00\" \/>\n<meta property=\"og:image\" content=\"https:\/\/veritasinfo.org\/wp-content\/uploads\/2026\/01\/smajl-latifi.jpg\" \/>\n\t<meta property=\"og:image:width\" content=\"675\" \/>\n\t<meta property=\"og:image:height\" content=\"345\" \/>\n\t<meta property=\"og:image:type\" content=\"image\/jpeg\" \/>\n<meta name=\"author\" content=\"US5\" \/>\n<meta name=\"twitter:card\" content=\"summary_large_image\" \/>\n<meta name=\"twitter:label1\" content=\"Written by\" \/>\n\t<meta name=\"twitter:data1\" content=\"US5\" \/>\n<script type=\"application\/ld+json\" class=\"yoast-schema-graph\">{\"@context\":\"https:\/\/schema.org\",\"@graph\":[{\"@type\":\"WebPage\",\"@id\":\"https:\/\/veritasinfo.org\/?p=27022\",\"url\":\"https:\/\/veritasinfo.org\/?p=27022\",\"name\":\"Smajl Latifi fton qytetar\u00ebt e Rahovecit t\u00eb paraqesin k\u00ebrkesat p\u00ebr vler\u00ebsimin e d\u00ebmeve nga p\u00ebrmbytjet -\",\"isPartOf\":{\"@id\":\"https:\/\/veritasinfo.org\/#website\"},\"primaryImageOfPage\":{\"@id\":\"https:\/\/veritasinfo.org\/?p=27022#primaryimage\"},\"image\":{\"@id\":\"https:\/\/veritasinfo.org\/?p=27022#primaryimage\"},\"thumbnailUrl\":\"https:\/\/veritasinfo.org\/wp-content\/uploads\/2026\/01\/smajl-latifi.jpg\",\"datePublished\":\"2026-01-08T12:54:59+00:00\",\"author\":{\"@id\":\"https:\/\/veritasinfo.org\/#\/schema\/person\/bc442336e35414d04494ab8fb45db4c6\"},\"breadcrumb\":{\"@id\":\"https:\/\/veritasinfo.org\/?p=27022#breadcrumb\"},\"inLanguage\":\"en-US\",\"potentialAction\":[{\"@type\":\"ReadAction\",\"target\":[\"https:\/\/veritasinfo.org\/?p=27022\"]}]},{\"@type\":\"ImageObject\",\"inLanguage\":\"en-US\",\"@id\":\"https:\/\/veritasinfo.org\/?p=27022#primaryimage\",\"url\":\"https:\/\/veritasinfo.org\/wp-content\/uploads\/2026\/01\/smajl-latifi.jpg\",\"contentUrl\":\"https:\/\/veritasinfo.org\/wp-content\/uploads\/2026\/01\/smajl-latifi.jpg\",\"width\":675,\"height\":345},{\"@type\":\"BreadcrumbList\",\"@id\":\"https:\/\/veritasinfo.org\/?p=27022#breadcrumb\",\"itemListElement\":[{\"@type\":\"ListItem\",\"position\":1,\"name\":\"Home\",\"item\":\"https:\/\/veritasinfo.org\/\"},{\"@type\":\"ListItem\",\"position\":2,\"name\":\"Smajl Latifi fton qytetar\u00ebt e Rahovecit t\u00eb paraqesin k\u00ebrkesat p\u00ebr vler\u00ebsimin e d\u00ebmeve nga p\u00ebrmbytjet\"}]},{\"@type\":\"WebSite\",\"@id\":\"https:\/\/veritasinfo.org\/#website\",\"url\":\"https:\/\/veritasinfo.org\/\",\"name\":\"\",\"description\":\"\",\"potentialAction\":[{\"@type\":\"SearchAction\",\"target\":{\"@type\":\"EntryPoint\",\"urlTemplate\":\"https:\/\/veritasinfo.org\/?s={search_term_string}\"},\"query-input\":{\"@type\":\"PropertyValueSpecification\",\"valueRequired\":true,\"valueName\":\"search_term_string\"}}],\"inLanguage\":\"en-US\"},{\"@type\":\"Person\",\"@id\":\"https:\/\/veritasinfo.org\/#\/schema\/person\/bc442336e35414d04494ab8fb45db4c6\",\"name\":\"US5\",\"image\":{\"@type\":\"ImageObject\",\"inLanguage\":\"en-US\",\"@id\":\"https:\/\/veritasinfo.org\/#\/schema\/person\/image\/\",\"url\":\"https:\/\/secure.gravatar.com\/avatar\/16a61e7272a0c5d001121ebb9e60e925d5816e4ac1e443ed3e640d9a6ae55d0c?s=96&d=mm&r=g\",\"contentUrl\":\"https:\/\/secure.gravatar.com\/avatar\/16a61e7272a0c5d001121ebb9e60e925d5816e4ac1e443ed3e640d9a6ae55d0c?s=96&d=mm&r=g\",\"caption\":\"US5\"},\"url\":\"https:\/\/veritasinfo.org\/?author=6\"}]}<\/script>\n<!-- \/ Yoast SEO plugin. -->","yoast_head_json":{"title":"Smajl Latifi fton qytetar\u00ebt e Rahovecit t\u00eb paraqesin k\u00ebrkesat p\u00ebr vler\u00ebsimin e d\u00ebmeve nga p\u00ebrmbytjet -","robots":{"index":"index","follow":"follow","max-snippet":"max-snippet:-1","max-image-preview":"max-image-preview:large","max-video-preview":"max-video-preview:-1"},"canonical":"https:\/\/veritasinfo.org\/?p=27022","og_locale":"en_US","og_type":"article","og_title":"Smajl Latifi fton qytetar\u00ebt e Rahovecit t\u00eb paraqesin k\u00ebrkesat p\u00ebr vler\u00ebsimin e d\u00ebmeve nga p\u00ebrmbytjet -","og_description":"Prishtin\u00eb 08 janar 2026 13:53 Kryetari i Komun\u00ebs s\u00eb Rahovecit Smajl Latifi ka nj\u00eb njoftim t\u00eb r\u00ebnd\u00ebsish\u00ebm p\u00ebr qytetar\u00ebt e komun\u00ebs q\u00eb ai udh\u00ebheq. Latifi","og_url":"https:\/\/veritasinfo.org\/?p=27022","article_published_time":"2026-01-08T12:54:59+00:00","og_image":[{"width":675,"height":345,"url":"https:\/\/veritasinfo.org\/wp-content\/uploads\/2026\/01\/smajl-latifi.jpg","type":"image\/jpeg"}],"author":"US5","twitter_card":"summary_large_image","twitter_misc":{"Written by":"US5"},"schema":{"@context":"https:\/\/schema.org","@graph":[{"@type":"WebPage","@id":"https:\/\/veritasinfo.org\/?p=27022","url":"https:\/\/veritasinfo.org\/?p=27022","name":"Smajl Latifi fton qytetar\u00ebt e Rahovecit t\u00eb paraqesin k\u00ebrkesat p\u00ebr vler\u00ebsimin e d\u00ebmeve nga p\u00ebrmbytjet -","isPartOf":{"@id":"https:\/\/veritasinfo.org\/#website"},"primaryImageOfPage":{"@id":"https:\/\/veritasinfo.org\/?p=27022#primaryimage"},"image":{"@id":"https:\/\/veritasinfo.org\/?p=27022#primaryimage"},"thumbnailUrl":"https:\/\/veritasinfo.org\/wp-content\/uploads\/2026\/01\/smajl-latifi.jpg","datePublished":"2026-01-08T12:54:59+00:00","author":{"@id":"https:\/\/veritasinfo.org\/#\/schema\/person\/bc442336e35414d04494ab8fb45db4c6"},"breadcrumb":{"@id":"https:\/\/veritasinfo.org\/?p=27022#breadcrumb"},"inLanguage":"en-US","potentialAction":[{"@type":"ReadAction","target":["https:\/\/veritasinfo.org\/?p=27022"]}]},{"@type":"ImageObject","inLanguage":"en-US","@id":"https:\/\/veritasinfo.org\/?p=27022#primaryimage","url":"https:\/\/veritasinfo.org\/wp-content\/uploads\/2026\/01\/smajl-latifi.jpg","contentUrl":"https:\/\/veritasinfo.org\/wp-content\/uploads\/2026\/01\/smajl-latifi.jpg","width":675,"height":345},{"@type":"BreadcrumbList","@id":"https:\/\/veritasinfo.org\/?p=27022#breadcrumb","itemListElement":[{"@type":"ListItem","position":1,"name":"Home","item":"https:\/\/veritasinfo.org\/"},{"@type":"ListItem","position":2,"name":"Smajl Latifi fton qytetar\u00ebt e Rahovecit t\u00eb paraqesin k\u00ebrkesat p\u00ebr vler\u00ebsimin e d\u00ebmeve nga p\u00ebrmbytjet"}]},{"@type":"WebSite","@id":"https:\/\/veritasinfo.org\/#website","url":"https:\/\/veritasinfo.org\/","name":"","description":"","potentialAction":[{"@type":"SearchAction","target":{"@type":"EntryPoint","urlTemplate":"https:\/\/veritasinfo.org\/?s={search_term_string}"},"query-input":{"@type":"PropertyValueSpecification","valueRequired":true,"valueName":"search_term_string"}}],"inLanguage":"en-US"},{"@type":"Person","@id":"https:\/\/veritasinfo.org\/#\/schema\/person\/bc442336e35414d04494ab8fb45db4c6","name":"US5","image":{"@type":"ImageObject","inLanguage":"en-US","@id":"https:\/\/veritasinfo.org\/#\/schema\/person\/image\/","url":"https:\/\/secure.gravatar.com\/avatar\/16a61e7272a0c5d001121ebb9e60e925d5816e4ac1e443ed3e640d9a6ae55d0c?s=96&d=mm&r=g","contentUrl":"https:\/\/secure.gravatar.com\/avatar\/16a61e7272a0c5d001121ebb9e60e925d5816e4ac1e443ed3e640d9a6ae55d0c?s=96&d=mm&r=g","caption":"US5"},"url":"https:\/\/veritasinfo.org\/?author=6"}]}},"featured_image_urls":{"full":["https:\/\/veritasinfo.org\/wp-content\/uploads\/2026\/01\/smajl-latifi.jpg",675,345,false],"thumbnail":["https:\/\/veritasinfo.org\/wp-content\/uploads\/2026\/01\/smajl-latifi-150x150.jpg",150,150,true],"medium":["https:\/\/veritasinfo.org\/wp-content\/uploads\/2026\/01\/smajl-latifi-300x153.jpg",300,153,true],"medium_large":["https:\/\/veritasinfo.org\/wp-content\/uploads\/2026\/01\/smajl-latifi.jpg",640,327,false],"large":["https:\/\/veritasinfo.org\/wp-content\/uploads\/2026\/01\/smajl-latifi.jpg",640,327,false],"1536x1536":["https:\/\/veritasinfo.org\/wp-content\/uploads\/2026\/01\/smajl-latifi.jpg",675,345,false],"2048x2048":["https:\/\/veritasinfo.org\/wp-content\/uploads\/2026\/01\/smajl-latifi.jpg",675,345,false],"kreeti-slider-full":["https:\/\/veritasinfo.org\/wp-content\/uploads\/2026\/01\/smajl-latifi.jpg",675,345,false],"kreeti-featured":["https:\/\/veritasinfo.org\/wp-content\/uploads\/2026\/01\/smajl-latifi.jpg",675,345,false],"kreeti-medium":["https:\/\/veritasinfo.org\/wp-content\/uploads\/2026\/01\/smajl-latifi.jpg",675,345,false],"kreeti-medium-square":["https:\/\/veritasinfo.org\/wp-content\/uploads\/2026\/01\/smajl-latifi.jpg",350,179,false]},"author_info":{"info":["US5"]},"category_info":"<a href=\"https:\/\/veritasinfo.org\/?cat=52\" rel=\"category\">Komunat<\/a>","tag_info":"Komunat","comment_count":"0","_links":{"self":[{"href":"https:\/\/veritasinfo.org\/index.php?rest_route=\/wp\/v2\/posts\/27022","targetHints":{"allow":["GET"]}}],"collection":[{"href":"https:\/\/veritasinfo.org\/index.php?rest_route=\/wp\/v2\/posts"}],"about":[{"href":"https:\/\/veritasinfo.org\/index.php?rest_route=\/wp\/v2\/types\/post"}],"author":[{"embeddable":true,"href":"https:\/\/veritasinfo.org\/index.php?rest_route=\/wp\/v2\/users\/6"}],"replies":[{"embeddable":true,"href":"https:\/\/veritasinfo.org\/index.php?rest_route=%2Fwp%2Fv2%2Fcomments&post=27022"}],"version-history":[{"count":1,"href":"https:\/\/veritasinfo.org\/index.php?rest_route=\/wp\/v2\/posts\/27022\/revisions"}],"predecessor-version":[{"id":27024,"href":"https:\/\/veritasinfo.org\/index.php?rest_route=\/wp\/v2\/posts\/27022\/revisions\/27024"}],"wp:featuredmedia":[{"embeddable":true,"href":"https:\/\/veritasinfo.org\/index.php?rest_route=\/wp\/v2\/media\/27023"}],"wp:attachment":[{"href":"https:\/\/veritasinfo.org\/index.php?rest_route=%2Fwp%2Fv2%2Fmedia&parent=27022"}],"wp:term":[{"taxonomy":"category","embeddable":true,"href":"https:\/\/veritasinfo.org\/index.php?rest_route=%2Fwp%2Fv2%2Fcategories&post=27022"},{"taxonomy":"post_tag","embeddable":true,"href":"https:\/\/veritasinfo.org\/index.php?rest_route=%2Fwp%2Fv2%2Ftags&post=27022"}],"curies":[{"name":"wp","href":"https:\/\/api.w.org\/{rel}","templated":true}]}}