{"id":27020,"date":"2026-01-08T12:14:20","date_gmt":"2026-01-08T11:14:20","guid":{"rendered":"https:\/\/veritasinfo.org\/?p=27020"},"modified":"2026-01-08T12:14:20","modified_gmt":"2026-01-08T11:14:20","slug":"ffk-organizuje-prvu-medicinsku-radionicu-na-nacionalnom-nivou","status":"publish","type":"post","link":"https:\/\/veritasinfo.org\/?p=27020&lang=sr","title":{"rendered":"FFK organizuje prvu medicinsku radionicu na nacionalnom nivou"},"content":{"rendered":"<p>Prishtin\u00eb, 08. januar 2026<\/p>\n<p>Fudbalski savez Kosova, u saradnji sa UEFA-om, danas je organizovao prvu medicinsku radionicu na nacionalnom nivou, okupljaju\u0107i lekare Superlige, Prve lige, \u017eenskog fudbala i reprezentativnih timova u zajedni\u010dki forum.<\/p>\n<p>Ova aktivnost predstavlja neophodan korak ka ja\u010danju medicinskog sistema u kosovskom fudbalu i nastavlja projekat FFK usmeren na dodatnu brigu o zdravlju fudbalera, nakon \u0161to su prethodno klubovima donirani defibrilatori, i deo je uskla\u0111ivanja protokola sa UEFA standardima, pribli\u017eavaju\u0107i ih najvi\u0161im evropskim standardima.<\/p>\n<p>Radionicu je vodio medicinski tim A reprezentacije Kosova: dr Amir Vejseli, Mustaf\u00eb Januzaj, Argjent Hoti i Skifter Imeri, koji su podelili svoje profesionalno znanje i iskustvo ste\u010deno kroz napredne UEFA programe edukacije.<\/p>\n<p>U fokusu predavanja bile su klju\u010dne teme koje se direktno odnose na bezbednost fudbalera, uklju\u010duju\u0107i upravljanje sr\u010danim udarom, tretman cervikalnih povreda, zna\u010daj fizioterapije u fudbalu, kao i upravljanje povredama grudnog ko\u0161a i ekstremiteta. Teorijski deo je pra\u0107en prakti\u010dnim ve\u017ebama, pru\u017eaju\u0107i konkretan pristup delovanju u realnim situacijama tokom utakmica i treninga.<\/p>\n<p>Predsednik Agim Ademi, u svom uvodnom govoru, istakao je da je za\u0161tita zdravlja fudbalera temelj odr\u017eivog razvoja fudbala, te da kontinuirano ja\u010danje profesionalnih kapaciteta medicinskog osoblja ostaje jedna od strate\u0161kih prioriteta FFK-a.<\/p>\n<p>Cilj ove radionice je standardizacija medicinskih protokola, ja\u010danje saradnje izme\u0111u lekara klubova i timova reprezentacije, kao i kreiranje odr\u017eive platforme za kontinuiranu edukaciju, u skladu sa najboljim me\u0111unarodnim praksama.<\/p>\n","protected":false},"excerpt":{"rendered":"<p>Prishtin\u00eb, 08. januar 2026 Fudbalski savez Kosova, u saradnji sa UEFA-om, danas je organizovao prvu medicinsku radionicu na nacionalnom nivou, okupljaju\u0107i lekare Superlige, Prve lige,<\/p>\n","protected":false},"author":6,"featured_media":27018,"comment_status":"open","ping_status":"open","sticky":false,"template":"","format":"standard","meta":{"footnotes":""},"categories":[36],"tags":[],"class_list":["post-27020","post","type-post","status-publish","format-standard","has-post-thumbnail","hentry","category-sport-sr"],"yoast_head":"<!-- This site is optimized with the Yoast SEO plugin v25.3.1 - https:\/\/yoast.com\/wordpress\/plugins\/seo\/ -->\n<title>FFK organizuje prvu medicinsku radionicu na nacionalnom nivou -<\/title>\n<meta name=\"robots\" content=\"index, follow, max-snippet:-1, max-image-preview:large, max-video-preview:-1\" \/>\n<link rel=\"canonical\" href=\"https:\/\/veritasinfo.org\/?p=27020&lang=sr\" \/>\n<meta property=\"og:locale\" content=\"en_US\" \/>\n<meta property=\"og:type\" content=\"article\" \/>\n<meta property=\"og:title\" content=\"FFK organizuje prvu medicinsku radionicu na nacionalnom nivou -\" \/>\n<meta property=\"og:description\" content=\"Prishtin\u00eb, 08. januar 2026 Fudbalski savez Kosova, u saradnji sa UEFA-om, danas je organizovao prvu medicinsku radionicu na nacionalnom nivou, okupljaju\u0107i lekare Superlige, Prve lige,\" \/>\n<meta property=\"og:url\" content=\"https:\/\/veritasinfo.org\/?p=27020&amp;lang=sr\" \/>\n<meta property=\"article:published_time\" content=\"2026-01-08T11:14:20+00:00\" \/>\n<meta property=\"og:image\" content=\"https:\/\/veritasinfo.org\/wp-content\/uploads\/2026\/01\/713860-exwLsfBYKy.jpg\" \/>\n\t<meta property=\"og:image:width\" content=\"780\" \/>\n\t<meta property=\"og:image:height\" content=\"500\" \/>\n\t<meta property=\"og:image:type\" content=\"image\/jpeg\" \/>\n<meta name=\"author\" content=\"US5\" \/>\n<meta name=\"twitter:card\" content=\"summary_large_image\" \/>\n<meta name=\"twitter:label1\" content=\"Written by\" \/>\n\t<meta name=\"twitter:data1\" content=\"US5\" \/>\n<script type=\"application\/ld+json\" class=\"yoast-schema-graph\">{\"@context\":\"https:\/\/schema.org\",\"@graph\":[{\"@type\":\"WebPage\",\"@id\":\"https:\/\/veritasinfo.org\/?p=27020&lang=sr\",\"url\":\"https:\/\/veritasinfo.org\/?p=27020&lang=sr\",\"name\":\"FFK organizuje prvu medicinsku radionicu na nacionalnom nivou -\",\"isPartOf\":{\"@id\":\"https:\/\/veritasinfo.org\/#website\"},\"primaryImageOfPage\":{\"@id\":\"https:\/\/veritasinfo.org\/?p=27020&lang=sr#primaryimage\"},\"image\":{\"@id\":\"https:\/\/veritasinfo.org\/?p=27020&lang=sr#primaryimage\"},\"thumbnailUrl\":\"https:\/\/veritasinfo.org\/wp-content\/uploads\/2026\/01\/713860-exwLsfBYKy.jpg\",\"datePublished\":\"2026-01-08T11:14:20+00:00\",\"author\":{\"@id\":\"https:\/\/veritasinfo.org\/#\/schema\/person\/bc442336e35414d04494ab8fb45db4c6\"},\"breadcrumb\":{\"@id\":\"https:\/\/veritasinfo.org\/?p=27020&lang=sr#breadcrumb\"},\"inLanguage\":\"en-US\",\"potentialAction\":[{\"@type\":\"ReadAction\",\"target\":[\"https:\/\/veritasinfo.org\/?p=27020&lang=sr\"]}]},{\"@type\":\"ImageObject\",\"inLanguage\":\"en-US\",\"@id\":\"https:\/\/veritasinfo.org\/?p=27020&lang=sr#primaryimage\",\"url\":\"https:\/\/veritasinfo.org\/wp-content\/uploads\/2026\/01\/713860-exwLsfBYKy.jpg\",\"contentUrl\":\"https:\/\/veritasinfo.org\/wp-content\/uploads\/2026\/01\/713860-exwLsfBYKy.jpg\",\"width\":780,\"height\":500},{\"@type\":\"BreadcrumbList\",\"@id\":\"https:\/\/veritasinfo.org\/?p=27020&lang=sr#breadcrumb\",\"itemListElement\":[{\"@type\":\"ListItem\",\"position\":1,\"name\":\"Home\",\"item\":\"https:\/\/veritasinfo.org\/\"},{\"@type\":\"ListItem\",\"position\":2,\"name\":\"FFK organizuje prvu medicinsku radionicu na nacionalnom nivou\"}]},{\"@type\":\"WebSite\",\"@id\":\"https:\/\/veritasinfo.org\/#website\",\"url\":\"https:\/\/veritasinfo.org\/\",\"name\":\"\",\"description\":\"\",\"potentialAction\":[{\"@type\":\"SearchAction\",\"target\":{\"@type\":\"EntryPoint\",\"urlTemplate\":\"https:\/\/veritasinfo.org\/?s={search_term_string}\"},\"query-input\":{\"@type\":\"PropertyValueSpecification\",\"valueRequired\":true,\"valueName\":\"search_term_string\"}}],\"inLanguage\":\"en-US\"},{\"@type\":\"Person\",\"@id\":\"https:\/\/veritasinfo.org\/#\/schema\/person\/bc442336e35414d04494ab8fb45db4c6\",\"name\":\"US5\",\"image\":{\"@type\":\"ImageObject\",\"inLanguage\":\"en-US\",\"@id\":\"https:\/\/veritasinfo.org\/#\/schema\/person\/image\/\",\"url\":\"https:\/\/secure.gravatar.com\/avatar\/16a61e7272a0c5d001121ebb9e60e925d5816e4ac1e443ed3e640d9a6ae55d0c?s=96&d=mm&r=g\",\"contentUrl\":\"https:\/\/secure.gravatar.com\/avatar\/16a61e7272a0c5d001121ebb9e60e925d5816e4ac1e443ed3e640d9a6ae55d0c?s=96&d=mm&r=g\",\"caption\":\"US5\"},\"url\":\"https:\/\/veritasinfo.org\/?author=6\"}]}<\/script>\n<!-- \/ Yoast SEO plugin. -->","yoast_head_json":{"title":"FFK organizuje prvu medicinsku radionicu na nacionalnom nivou -","robots":{"index":"index","follow":"follow","max-snippet":"max-snippet:-1","max-image-preview":"max-image-preview:large","max-video-preview":"max-video-preview:-1"},"canonical":"https:\/\/veritasinfo.org\/?p=27020&lang=sr","og_locale":"en_US","og_type":"article","og_title":"FFK organizuje prvu medicinsku radionicu na nacionalnom nivou -","og_description":"Prishtin\u00eb, 08. januar 2026 Fudbalski savez Kosova, u saradnji sa UEFA-om, danas je organizovao prvu medicinsku radionicu na nacionalnom nivou, okupljaju\u0107i lekare Superlige, Prve lige,","og_url":"https:\/\/veritasinfo.org\/?p=27020&lang=sr","article_published_time":"2026-01-08T11:14:20+00:00","og_image":[{"width":780,"height":500,"url":"https:\/\/veritasinfo.org\/wp-content\/uploads\/2026\/01\/713860-exwLsfBYKy.jpg","type":"image\/jpeg"}],"author":"US5","twitter_card":"summary_large_image","twitter_misc":{"Written by":"US5"},"schema":{"@context":"https:\/\/schema.org","@graph":[{"@type":"WebPage","@id":"https:\/\/veritasinfo.org\/?p=27020&lang=sr","url":"https:\/\/veritasinfo.org\/?p=27020&lang=sr","name":"FFK organizuje prvu medicinsku radionicu na nacionalnom nivou -","isPartOf":{"@id":"https:\/\/veritasinfo.org\/#website"},"primaryImageOfPage":{"@id":"https:\/\/veritasinfo.org\/?p=27020&lang=sr#primaryimage"},"image":{"@id":"https:\/\/veritasinfo.org\/?p=27020&lang=sr#primaryimage"},"thumbnailUrl":"https:\/\/veritasinfo.org\/wp-content\/uploads\/2026\/01\/713860-exwLsfBYKy.jpg","datePublished":"2026-01-08T11:14:20+00:00","author":{"@id":"https:\/\/veritasinfo.org\/#\/schema\/person\/bc442336e35414d04494ab8fb45db4c6"},"breadcrumb":{"@id":"https:\/\/veritasinfo.org\/?p=27020&lang=sr#breadcrumb"},"inLanguage":"en-US","potentialAction":[{"@type":"ReadAction","target":["https:\/\/veritasinfo.org\/?p=27020&lang=sr"]}]},{"@type":"ImageObject","inLanguage":"en-US","@id":"https:\/\/veritasinfo.org\/?p=27020&lang=sr#primaryimage","url":"https:\/\/veritasinfo.org\/wp-content\/uploads\/2026\/01\/713860-exwLsfBYKy.jpg","contentUrl":"https:\/\/veritasinfo.org\/wp-content\/uploads\/2026\/01\/713860-exwLsfBYKy.jpg","width":780,"height":500},{"@type":"BreadcrumbList","@id":"https:\/\/veritasinfo.org\/?p=27020&lang=sr#breadcrumb","itemListElement":[{"@type":"ListItem","position":1,"name":"Home","item":"https:\/\/veritasinfo.org\/"},{"@type":"ListItem","position":2,"name":"FFK organizuje prvu medicinsku radionicu na nacionalnom nivou"}]},{"@type":"WebSite","@id":"https:\/\/veritasinfo.org\/#website","url":"https:\/\/veritasinfo.org\/","name":"","description":"","potentialAction":[{"@type":"SearchAction","target":{"@type":"EntryPoint","urlTemplate":"https:\/\/veritasinfo.org\/?s={search_term_string}"},"query-input":{"@type":"PropertyValueSpecification","valueRequired":true,"valueName":"search_term_string"}}],"inLanguage":"en-US"},{"@type":"Person","@id":"https:\/\/veritasinfo.org\/#\/schema\/person\/bc442336e35414d04494ab8fb45db4c6","name":"US5","image":{"@type":"ImageObject","inLanguage":"en-US","@id":"https:\/\/veritasinfo.org\/#\/schema\/person\/image\/","url":"https:\/\/secure.gravatar.com\/avatar\/16a61e7272a0c5d001121ebb9e60e925d5816e4ac1e443ed3e640d9a6ae55d0c?s=96&d=mm&r=g","contentUrl":"https:\/\/secure.gravatar.com\/avatar\/16a61e7272a0c5d001121ebb9e60e925d5816e4ac1e443ed3e640d9a6ae55d0c?s=96&d=mm&r=g","caption":"US5"},"url":"https:\/\/veritasinfo.org\/?author=6"}]}},"featured_image_urls":{"full":["https:\/\/veritasinfo.org\/wp-content\/uploads\/2026\/01\/713860-exwLsfBYKy.jpg",780,500,false],"thumbnail":["https:\/\/veritasinfo.org\/wp-content\/uploads\/2026\/01\/713860-exwLsfBYKy-150x150.jpg",150,150,true],"medium":["https:\/\/veritasinfo.org\/wp-content\/uploads\/2026\/01\/713860-exwLsfBYKy-300x192.jpg",300,192,true],"medium_large":["https:\/\/veritasinfo.org\/wp-content\/uploads\/2026\/01\/713860-exwLsfBYKy-768x492.jpg",640,410,true],"large":["https:\/\/veritasinfo.org\/wp-content\/uploads\/2026\/01\/713860-exwLsfBYKy.jpg",640,410,false],"1536x1536":["https:\/\/veritasinfo.org\/wp-content\/uploads\/2026\/01\/713860-exwLsfBYKy.jpg",780,500,false],"2048x2048":["https:\/\/veritasinfo.org\/wp-content\/uploads\/2026\/01\/713860-exwLsfBYKy.jpg",780,500,false],"kreeti-slider-full":["https:\/\/veritasinfo.org\/wp-content\/uploads\/2026\/01\/713860-exwLsfBYKy.jpg",780,500,false],"kreeti-featured":["https:\/\/veritasinfo.org\/wp-content\/uploads\/2026\/01\/713860-exwLsfBYKy.jpg",780,500,false],"kreeti-medium":["https:\/\/veritasinfo.org\/wp-content\/uploads\/2026\/01\/713860-exwLsfBYKy.jpg",720,462,false],"kreeti-medium-square":["https:\/\/veritasinfo.org\/wp-content\/uploads\/2026\/01\/713860-exwLsfBYKy.jpg",350,224,false]},"author_info":{"info":["US5"]},"category_info":"<a href=\"https:\/\/veritasinfo.org\/?cat=36&#038;lang=sr\" rel=\"category\">Sport<\/a>","tag_info":"Sport","comment_count":"0","_links":{"self":[{"href":"https:\/\/veritasinfo.org\/index.php?rest_route=\/wp\/v2\/posts\/27020","targetHints":{"allow":["GET"]}}],"collection":[{"href":"https:\/\/veritasinfo.org\/index.php?rest_route=\/wp\/v2\/posts"}],"about":[{"href":"https:\/\/veritasinfo.org\/index.php?rest_route=\/wp\/v2\/types\/post"}],"author":[{"embeddable":true,"href":"https:\/\/veritasinfo.org\/index.php?rest_route=\/wp\/v2\/users\/6"}],"replies":[{"embeddable":true,"href":"https:\/\/veritasinfo.org\/index.php?rest_route=%2Fwp%2Fv2%2Fcomments&post=27020"}],"version-history":[{"count":1,"href":"https:\/\/veritasinfo.org\/index.php?rest_route=\/wp\/v2\/posts\/27020\/revisions"}],"predecessor-version":[{"id":27021,"href":"https:\/\/veritasinfo.org\/index.php?rest_route=\/wp\/v2\/posts\/27020\/revisions\/27021"}],"wp:featuredmedia":[{"embeddable":true,"href":"https:\/\/veritasinfo.org\/index.php?rest_route=\/wp\/v2\/media\/27018"}],"wp:attachment":[{"href":"https:\/\/veritasinfo.org\/index.php?rest_route=%2Fwp%2Fv2%2Fmedia&parent=27020"}],"wp:term":[{"taxonomy":"category","embeddable":true,"href":"https:\/\/veritasinfo.org\/index.php?rest_route=%2Fwp%2Fv2%2Fcategories&post=27020"},{"taxonomy":"post_tag","embeddable":true,"href":"https:\/\/veritasinfo.org\/index.php?rest_route=%2Fwp%2Fv2%2Ftags&post=27020"}],"curies":[{"name":"wp","href":"https:\/\/api.w.org\/{rel}","templated":true}]}}