{"id":2702,"date":"2025-07-06T19:01:31","date_gmt":"2025-07-06T17:01:31","guid":{"rendered":"https:\/\/veritasinfo.org\/?p=2702"},"modified":"2025-07-06T19:01:31","modified_gmt":"2025-07-06T17:01:31","slug":"vazhdojne-bllokadat-ne-gjithe-serbine","status":"publish","type":"post","link":"https:\/\/veritasinfo.org\/?p=2702","title":{"rendered":"Vazhdojn\u00eb bllokadat n\u00eb gjith\u00eb Serbin\u00eb"},"content":{"rendered":"<p>Beograd, 06 Korrik 2025<\/p>\n<p>Protestat dhe bllokadat vazhdojn\u00eb n\u00eb disa qytete t\u00eb Serbis\u00eb<\/p>\n<p>Edhe sot n\u00eb disa qytete t\u00eb Serbis\u00eb po mbahen protesta, bllokime t\u00eb rrug\u00ebve dhe kryq\u00ebzimeve, nd\u00ebrsa p\u00ebr mbr\u00ebmjen jan\u00eb paralajm\u00ebruar tubime n\u00eb mb\u00ebshtetje t\u00eb personave t\u00eb arrestuar gjat\u00eb protestave.<\/p>\n<p>N\u00eb lagjen Zemun, bllokada vazhdon. Qytetar\u00ebt kan\u00eb vendosur n\u00eb rrug\u00eb mbeturina nd\u00ebrtimi, mobilje t\u00eb vjetra dhe barrikada t\u00eb ndryshme. Aty ndodhet edhe nj\u00eb mbishkrim simbolik q\u00eb paraqet pik\u00ebn kufitare Jarinj\u00eb.<\/p>\n<p>Policia n\u00eb qytetin Uzic\u00eb ka paralajm\u00ebruar qytetar\u00ebt se do t\u00eb shp\u00ebrndaj\u00eb bllokimin e rrug\u00ebs kryesore. Pas k\u00ebsaj, protestuesit kan\u00eb vendosur t\u00eb kalojn\u00eb rrug\u00ebn n\u00eb vendkalimin p\u00ebr k\u00ebmb\u00ebsor\u00eb, duke bllokuar k\u00ebshtu qarkullimin pa shkelur ligjin.<\/p>\n<p>Para nd\u00ebrtes\u00ebs s\u00eb Arkivit t\u00eb Vojvodin\u00ebs jan\u00eb vizatuar dy zeb\u00ebr \u2013 kafsh\u00eb \u2013 si reagim ndaj nj\u00eb deklarate t\u00eb nj\u00eb drejtuesi institucional, i cili tha se \u201cduhet t\u00eb hiqen kalimet p\u00ebr k\u00ebmb\u00ebsor\u00eb p\u00ebr t\u00eb nd\u00ebshkuar m\u00eb leht\u00eb qytetar\u00ebt q\u00eb bllokojn\u00eb rrug\u00ebt\u201d.<\/p>\n<p>Tre protestues nga qyteti \u00c7a\u00e7ak jan\u00eb arrestuar n\u00ebn akuz\u00ebn p\u00ebr sulm ndaj policis\u00eb gjat\u00eb nj\u00eb proteste q\u00eb ishte mbajtur para zyrave t\u00eb nj\u00eb partie qeveritare.<\/p>\n<p>Policia njoftoi se t\u00eb arrestuarit jan\u00eb t\u00eb moshave 21, 28 dhe 38 vje\u00e7, dhe ndaj tyre r\u00ebndon akuza p\u00ebr sulm ndaj nj\u00eb zyrtari gjat\u00eb kryerjes s\u00eb detyr\u00ebs.<\/p>\n<p>N\u00eb qytetin Sremska Mitrovic\u00eb, protestuesit kan\u00eb fishk\u00ebllyer n\u00eb plazh si shenj\u00eb pak\u00ebnaq\u00ebsie. N\u00eb nj\u00eb vark\u00eb ishte shkruar \u201cMjaft me g\u00ebnjeshtra\u201d.<\/p>\n<p>Shoqata e punonj\u00ebsve sh\u00ebndet\u00ebsor\u00eb t\u00eb Serbis\u00eb ka paralajm\u00ebruar nj\u00eb tubim mb\u00ebshtetjeje sonte n\u00eb or\u00ebn 19:00 p\u00ebrpara burgut qendror n\u00eb Beograd, n\u00eb mb\u00ebshtetje t\u00eb mjekut anesteziolog q\u00eb u arrestua gjat\u00eb nj\u00eb proteste, nd\u00ebrsa po ofronte ndihm\u00eb mjek\u00ebsore.<\/p>\n<p>N\u00eb t\u00eb nj\u00ebjt\u00ebn koh\u00eb, protest\u00eb \u00ebsht\u00eb paralajm\u00ebruar edhe nga banor\u00ebt e qytetit Bor.<\/p>\n","protected":false},"excerpt":{"rendered":"<p>Beograd, 06 Korrik 2025 Protestat dhe bllokadat vazhdojn\u00eb n\u00eb disa qytete t\u00eb Serbis\u00eb Edhe sot n\u00eb disa qytete t\u00eb Serbis\u00eb po mbahen protesta, bllokime t\u00eb<\/p>\n","protected":false},"author":1,"featured_media":2703,"comment_status":"open","ping_status":"open","sticky":false,"template":"","format":"standard","meta":{"footnotes":""},"categories":[72],"tags":[],"class_list":["post-2702","post","type-post","status-publish","format-standard","has-post-thumbnail","hentry","category-bota"],"yoast_head":"<!-- This site is optimized with the Yoast SEO plugin v25.3.1 - https:\/\/yoast.com\/wordpress\/plugins\/seo\/ -->\n<title>Vazhdojn\u00eb bllokadat n\u00eb gjith\u00eb Serbin\u00eb -<\/title>\n<meta name=\"robots\" content=\"index, follow, max-snippet:-1, max-image-preview:large, max-video-preview:-1\" \/>\n<link rel=\"canonical\" href=\"https:\/\/veritasinfo.org\/?p=2702\" \/>\n<meta property=\"og:locale\" content=\"en_US\" \/>\n<meta property=\"og:type\" content=\"article\" \/>\n<meta property=\"og:title\" content=\"Vazhdojn\u00eb bllokadat n\u00eb gjith\u00eb Serbin\u00eb -\" \/>\n<meta property=\"og:description\" content=\"Beograd, 06 Korrik 2025 Protestat dhe bllokadat vazhdojn\u00eb n\u00eb disa qytete t\u00eb Serbis\u00eb Edhe sot n\u00eb disa qytete t\u00eb Serbis\u00eb po mbahen protesta, bllokime t\u00eb\" \/>\n<meta property=\"og:url\" content=\"https:\/\/veritasinfo.org\/?p=2702\" \/>\n<meta property=\"article:published_time\" content=\"2025-07-06T17:01:31+00:00\" \/>\n<meta property=\"og:image\" content=\"https:\/\/veritasinfo.org\/wp-content\/uploads\/2025\/07\/IMG_1743.webp\" \/>\n\t<meta property=\"og:image:width\" content=\"651\" \/>\n\t<meta property=\"og:image:height\" content=\"434\" \/>\n\t<meta property=\"og:image:type\" content=\"image\/webp\" \/>\n<meta name=\"author\" content=\"admin\" \/>\n<meta name=\"twitter:card\" content=\"summary_large_image\" \/>\n<meta name=\"twitter:label1\" content=\"Written by\" \/>\n\t<meta name=\"twitter:data1\" content=\"admin\" \/>\n\t<meta name=\"twitter:label2\" content=\"Est. reading time\" \/>\n\t<meta name=\"twitter:data2\" content=\"2 minutes\" \/>\n<script type=\"application\/ld+json\" class=\"yoast-schema-graph\">{\"@context\":\"https:\/\/schema.org\",\"@graph\":[{\"@type\":\"WebPage\",\"@id\":\"https:\/\/veritasinfo.org\/?p=2702\",\"url\":\"https:\/\/veritasinfo.org\/?p=2702\",\"name\":\"Vazhdojn\u00eb bllokadat n\u00eb gjith\u00eb Serbin\u00eb -\",\"isPartOf\":{\"@id\":\"https:\/\/veritasinfo.org\/#website\"},\"primaryImageOfPage\":{\"@id\":\"https:\/\/veritasinfo.org\/?p=2702#primaryimage\"},\"image\":{\"@id\":\"https:\/\/veritasinfo.org\/?p=2702#primaryimage\"},\"thumbnailUrl\":\"https:\/\/veritasinfo.org\/wp-content\/uploads\/2025\/07\/IMG_1743.webp\",\"datePublished\":\"2025-07-06T17:01:31+00:00\",\"author\":{\"@id\":\"https:\/\/veritasinfo.org\/#\/schema\/person\/7701f8c088bece422266b100a712374f\"},\"breadcrumb\":{\"@id\":\"https:\/\/veritasinfo.org\/?p=2702#breadcrumb\"},\"inLanguage\":\"en-US\",\"potentialAction\":[{\"@type\":\"ReadAction\",\"target\":[\"https:\/\/veritasinfo.org\/?p=2702\"]}]},{\"@type\":\"ImageObject\",\"inLanguage\":\"en-US\",\"@id\":\"https:\/\/veritasinfo.org\/?p=2702#primaryimage\",\"url\":\"https:\/\/veritasinfo.org\/wp-content\/uploads\/2025\/07\/IMG_1743.webp\",\"contentUrl\":\"https:\/\/veritasinfo.org\/wp-content\/uploads\/2025\/07\/IMG_1743.webp\",\"width\":651,\"height\":434},{\"@type\":\"BreadcrumbList\",\"@id\":\"https:\/\/veritasinfo.org\/?p=2702#breadcrumb\",\"itemListElement\":[{\"@type\":\"ListItem\",\"position\":1,\"name\":\"Home\",\"item\":\"https:\/\/veritasinfo.org\/\"},{\"@type\":\"ListItem\",\"position\":2,\"name\":\"Vazhdojn\u00eb bllokadat n\u00eb gjith\u00eb Serbin\u00eb\"}]},{\"@type\":\"WebSite\",\"@id\":\"https:\/\/veritasinfo.org\/#website\",\"url\":\"https:\/\/veritasinfo.org\/\",\"name\":\"\",\"description\":\"\",\"potentialAction\":[{\"@type\":\"SearchAction\",\"target\":{\"@type\":\"EntryPoint\",\"urlTemplate\":\"https:\/\/veritasinfo.org\/?s={search_term_string}\"},\"query-input\":{\"@type\":\"PropertyValueSpecification\",\"valueRequired\":true,\"valueName\":\"search_term_string\"}}],\"inLanguage\":\"en-US\"},{\"@type\":\"Person\",\"@id\":\"https:\/\/veritasinfo.org\/#\/schema\/person\/7701f8c088bece422266b100a712374f\",\"name\":\"admin\",\"image\":{\"@type\":\"ImageObject\",\"inLanguage\":\"en-US\",\"@id\":\"https:\/\/veritasinfo.org\/#\/schema\/person\/image\/\",\"url\":\"https:\/\/secure.gravatar.com\/avatar\/ea53aa3bf6c9a12d5fde8ce4deff43fef3885ae33cf60184161a50d6987cfd2f?s=96&d=mm&r=g\",\"contentUrl\":\"https:\/\/secure.gravatar.com\/avatar\/ea53aa3bf6c9a12d5fde8ce4deff43fef3885ae33cf60184161a50d6987cfd2f?s=96&d=mm&r=g\",\"caption\":\"admin\"},\"sameAs\":[\"https:\/\/veritasinfo.org\"],\"url\":\"https:\/\/veritasinfo.org\/?author=1\"}]}<\/script>\n<!-- \/ Yoast SEO plugin. -->","yoast_head_json":{"title":"Vazhdojn\u00eb bllokadat n\u00eb gjith\u00eb Serbin\u00eb -","robots":{"index":"index","follow":"follow","max-snippet":"max-snippet:-1","max-image-preview":"max-image-preview:large","max-video-preview":"max-video-preview:-1"},"canonical":"https:\/\/veritasinfo.org\/?p=2702","og_locale":"en_US","og_type":"article","og_title":"Vazhdojn\u00eb bllokadat n\u00eb gjith\u00eb Serbin\u00eb -","og_description":"Beograd, 06 Korrik 2025 Protestat dhe bllokadat vazhdojn\u00eb n\u00eb disa qytete t\u00eb Serbis\u00eb Edhe sot n\u00eb disa qytete t\u00eb Serbis\u00eb po mbahen protesta, bllokime t\u00eb","og_url":"https:\/\/veritasinfo.org\/?p=2702","article_published_time":"2025-07-06T17:01:31+00:00","og_image":[{"width":651,"height":434,"url":"https:\/\/veritasinfo.org\/wp-content\/uploads\/2025\/07\/IMG_1743.webp","type":"image\/webp"}],"author":"admin","twitter_card":"summary_large_image","twitter_misc":{"Written by":"admin","Est. reading time":"2 minutes"},"schema":{"@context":"https:\/\/schema.org","@graph":[{"@type":"WebPage","@id":"https:\/\/veritasinfo.org\/?p=2702","url":"https:\/\/veritasinfo.org\/?p=2702","name":"Vazhdojn\u00eb bllokadat n\u00eb gjith\u00eb Serbin\u00eb -","isPartOf":{"@id":"https:\/\/veritasinfo.org\/#website"},"primaryImageOfPage":{"@id":"https:\/\/veritasinfo.org\/?p=2702#primaryimage"},"image":{"@id":"https:\/\/veritasinfo.org\/?p=2702#primaryimage"},"thumbnailUrl":"https:\/\/veritasinfo.org\/wp-content\/uploads\/2025\/07\/IMG_1743.webp","datePublished":"2025-07-06T17:01:31+00:00","author":{"@id":"https:\/\/veritasinfo.org\/#\/schema\/person\/7701f8c088bece422266b100a712374f"},"breadcrumb":{"@id":"https:\/\/veritasinfo.org\/?p=2702#breadcrumb"},"inLanguage":"en-US","potentialAction":[{"@type":"ReadAction","target":["https:\/\/veritasinfo.org\/?p=2702"]}]},{"@type":"ImageObject","inLanguage":"en-US","@id":"https:\/\/veritasinfo.org\/?p=2702#primaryimage","url":"https:\/\/veritasinfo.org\/wp-content\/uploads\/2025\/07\/IMG_1743.webp","contentUrl":"https:\/\/veritasinfo.org\/wp-content\/uploads\/2025\/07\/IMG_1743.webp","width":651,"height":434},{"@type":"BreadcrumbList","@id":"https:\/\/veritasinfo.org\/?p=2702#breadcrumb","itemListElement":[{"@type":"ListItem","position":1,"name":"Home","item":"https:\/\/veritasinfo.org\/"},{"@type":"ListItem","position":2,"name":"Vazhdojn\u00eb bllokadat n\u00eb gjith\u00eb Serbin\u00eb"}]},{"@type":"WebSite","@id":"https:\/\/veritasinfo.org\/#website","url":"https:\/\/veritasinfo.org\/","name":"","description":"","potentialAction":[{"@type":"SearchAction","target":{"@type":"EntryPoint","urlTemplate":"https:\/\/veritasinfo.org\/?s={search_term_string}"},"query-input":{"@type":"PropertyValueSpecification","valueRequired":true,"valueName":"search_term_string"}}],"inLanguage":"en-US"},{"@type":"Person","@id":"https:\/\/veritasinfo.org\/#\/schema\/person\/7701f8c088bece422266b100a712374f","name":"admin","image":{"@type":"ImageObject","inLanguage":"en-US","@id":"https:\/\/veritasinfo.org\/#\/schema\/person\/image\/","url":"https:\/\/secure.gravatar.com\/avatar\/ea53aa3bf6c9a12d5fde8ce4deff43fef3885ae33cf60184161a50d6987cfd2f?s=96&d=mm&r=g","contentUrl":"https:\/\/secure.gravatar.com\/avatar\/ea53aa3bf6c9a12d5fde8ce4deff43fef3885ae33cf60184161a50d6987cfd2f?s=96&d=mm&r=g","caption":"admin"},"sameAs":["https:\/\/veritasinfo.org"],"url":"https:\/\/veritasinfo.org\/?author=1"}]}},"featured_image_urls":{"full":["https:\/\/veritasinfo.org\/wp-content\/uploads\/2025\/07\/IMG_1743.webp",651,434,false],"thumbnail":["https:\/\/veritasinfo.org\/wp-content\/uploads\/2025\/07\/IMG_1743-150x150.webp",150,150,true],"medium":["https:\/\/veritasinfo.org\/wp-content\/uploads\/2025\/07\/IMG_1743-300x200.webp",300,200,true],"medium_large":["https:\/\/veritasinfo.org\/wp-content\/uploads\/2025\/07\/IMG_1743.webp",640,427,false],"large":["https:\/\/veritasinfo.org\/wp-content\/uploads\/2025\/07\/IMG_1743.webp",640,427,false],"1536x1536":["https:\/\/veritasinfo.org\/wp-content\/uploads\/2025\/07\/IMG_1743.webp",651,434,false],"2048x2048":["https:\/\/veritasinfo.org\/wp-content\/uploads\/2025\/07\/IMG_1743.webp",651,434,false],"kreeti-slider-full":["https:\/\/veritasinfo.org\/wp-content\/uploads\/2025\/07\/IMG_1743.webp",651,434,false],"kreeti-featured":["https:\/\/veritasinfo.org\/wp-content\/uploads\/2025\/07\/IMG_1743.webp",651,434,false],"kreeti-medium":["https:\/\/veritasinfo.org\/wp-content\/uploads\/2025\/07\/IMG_1743.webp",651,434,false],"kreeti-medium-square":["https:\/\/veritasinfo.org\/wp-content\/uploads\/2025\/07\/IMG_1743.webp",350,233,false]},"author_info":{"info":["admin"]},"category_info":"<a href=\"https:\/\/veritasinfo.org\/?cat=72\" rel=\"category\">Bota<\/a>","tag_info":"Bota","comment_count":"0","_links":{"self":[{"href":"https:\/\/veritasinfo.org\/index.php?rest_route=\/wp\/v2\/posts\/2702","targetHints":{"allow":["GET"]}}],"collection":[{"href":"https:\/\/veritasinfo.org\/index.php?rest_route=\/wp\/v2\/posts"}],"about":[{"href":"https:\/\/veritasinfo.org\/index.php?rest_route=\/wp\/v2\/types\/post"}],"author":[{"embeddable":true,"href":"https:\/\/veritasinfo.org\/index.php?rest_route=\/wp\/v2\/users\/1"}],"replies":[{"embeddable":true,"href":"https:\/\/veritasinfo.org\/index.php?rest_route=%2Fwp%2Fv2%2Fcomments&post=2702"}],"version-history":[{"count":1,"href":"https:\/\/veritasinfo.org\/index.php?rest_route=\/wp\/v2\/posts\/2702\/revisions"}],"predecessor-version":[{"id":2704,"href":"https:\/\/veritasinfo.org\/index.php?rest_route=\/wp\/v2\/posts\/2702\/revisions\/2704"}],"wp:featuredmedia":[{"embeddable":true,"href":"https:\/\/veritasinfo.org\/index.php?rest_route=\/wp\/v2\/media\/2703"}],"wp:attachment":[{"href":"https:\/\/veritasinfo.org\/index.php?rest_route=%2Fwp%2Fv2%2Fmedia&parent=2702"}],"wp:term":[{"taxonomy":"category","embeddable":true,"href":"https:\/\/veritasinfo.org\/index.php?rest_route=%2Fwp%2Fv2%2Fcategories&post=2702"},{"taxonomy":"post_tag","embeddable":true,"href":"https:\/\/veritasinfo.org\/index.php?rest_route=%2Fwp%2Fv2%2Ftags&post=2702"}],"curies":[{"name":"wp","href":"https:\/\/api.w.org\/{rel}","templated":true}]}}